{"id":6754,"date":"2020-05-08T18:44:00","date_gmt":"2020-05-08T16:44:00","guid":{"rendered":"https:\/\/weisetech.dev\/fc-barcelona-noticias\/en\/uefa-also-prepares-calendar-for-champions-europa-league_257546_102\/"},"modified":"2020-05-11T09:18:00","modified_gmt":"2020-05-11T07:18:00","slug":"uefa-also-prepares-calendar-for-champions-europa-league_257546_102","status":"publish","type":"post","link":"https:\/\/www.fcbarcelonanoticias.com\/en\/champions-league\/uefa-also-prepares-calendar-for-champions-europa-league_257546_102.html","title":{"rendered":"UEFA also prepares the calendar for Champions and Europa League"},"content":{"rendered":"<h2 class=\"wp-block-heading\">Football has started working after several months of confinement, and the next few weeks will be decisive. If everything goes as planned, UEFA will also activate the new schedule for the Champions League and Europa League<\/h2>  \r\n<div class=\"article-addons\">\r\n    <a href=\"https:\/\/www.fcbarcelonanoticias.com\/en\/calendar-fc-barcelona.html\"\r\n       target=\"_self\"\r\n       title=\"Calendar of FC Barcelona\"\r\n       class=\"blue-gredient-btn\">\r\n       \r\n        Calendar of FC Barcelona    <\/a>\r\n<\/div>   <p><strong>The football has given another step forward in his battle against the <a data-external=\"0\" data-intl-links-en=\"https:\/\/www.fcbarcelonanoticias.com\/en\/tags\/coronavirus\" data-intl-links-es=\"https:\/\/www.fcbarcelonanoticias.com\/tags\/coronavirus\" href=\"https:\/\/www.fcbarcelonanoticias.com\/en\/tags\/coronavirus.html\" rel=\"follow\" target=\"_self\" title=\"Coronavirus\">coronavirus<\/a>, and this week has recovered the trainings<\/strong>. After several months of confinement, the clubs have made tests to his professionals and have received green light to restart his activity with some measures of prevention and limitations. The final aim is to be smart to restart the competitions and complete what remains of campaign 2019-20.<\/p>  <p>According to the newspaper &#8216;Mark&#8217;, <strong>the UEFA is very attentive to the movements that make in Europe, that will be keys for the turn of his tournaments<\/strong>. From the first moment, the maximum authority of the old continent separated his interests -so much regarding clubs as to selections- and announced that the priority were the domestic championships, that have to ensure the future of this sport in spite of the economic crisis.<\/p>  <p>The organism directed by Alexander Ceferin keeps his initial forecast, and<strong> wait that the return of <a data-external=\"0\" data-intl-links-en=\"https:\/\/www.fcbarcelonanoticias.com\/en\/champions-league\" data-intl-links-es=\"https:\/\/www.fcbarcelonanoticias.com\/champions-league\" href=\"https:\/\/www.fcbarcelonanoticias.com\/en\/football\/champions-league.html\" rel=\"follow\" target=\"_self\" title=\"Champions League\">the Champions<\/a> and the Europe League can carry out in August<\/strong>. The quoted half concrete that, in spite of that contemplate several stages and plans of performance, expects that there is free road so that the finals contest in the days that already reprogramaron, for the day 26 in Istanbul and the 29 in Gdansk respectively.<\/p>  <p><strong>The intention that celebrate the 17 corresponding meetings to the five pending days of the &#8216;orejona&#8217;<\/strong>, an account in which it is not included the definite party. The eliminatory of eighth, the first in appearing, would coincide with the ones of his &#8216;lower sister&#8217;, that has but work because it did not complete numerous commitments of gone. In total would be 27 duels for recovering of six days programmed -also without final-. Like suceder\u00e1 with the leagues, there would be calendar expr\u00e9s, that would contemplate <strong>clashes followed between week and in the weekend<\/strong>.<\/p>  <p><strong>To be able to carry out his new organisation, UEFA depends on three factors<\/strong>. To start with, it attends to an official resumption of the leagues to which has requested that they try to finish before the first week of August, that the health allow to follow advancing to the sport without more setbacks and that in the meeting of his Executive the next 27 May approve these measures and postpone the next phase of groups until 20 October, that would correspond already to a course 2020-21 still for structuring.<\/p>  <h3>LaLiga Already thinks in the end of the month of June<\/h3>  <p><strong>LaLiga Has underlined that the Government will have to give him definite permission, but <a data-external=\"0\" data-intl-links-en=\"https:\/\/www.fcbarcelonanoticias.com\/en\/laliga\/javier-aguirre-leaks-when-will-football-return-laliga-warns-it-is-not-official_257545_102.html\" data-intl-links-es=\"https:\/\/www.fcbarcelonanoticias.com\/laliga\/javier-aguirre-filtra-cuando-volvera-futbol-laliga-avisa-no-es-oficial_257545_102.html\" href=\"https:\/\/www.fcbarcelonanoticias.com\/en\/laliga\/javier-aguirre-leaks-when-will-football-return-laliga-warns-it-is-not-official_257545_102.html\" rel=\"follow\" target=\"_self\" title=\"Aguirre filtra cu\u00e1ndo volver\u00e1 el f\u00fatbol y LaLiga avisa que no es oficial\">already works thinking in going back to play on 20 June<\/a><\/strong>. In an interview for this same half, Javier Aguirre revealed that to the Legan\u00e9s have confirmed him that that is the official date to restart the championship of the regularity, that would have to be finishing for 26 July. Now it will be necessary to see if all advance as the planned and the pieces of the puzzle at last fit. With slow and firm step, the football begins to recover .<\/p> ","protected":false},"excerpt":{"rendered":"<p>Football has started working after several months of confinement, and the next few weeks will be decisive. If everything goes as planned, UEFA will also activate the new schedule for the Champions League and Europa League The football has given another step forward in his battle against the coronavirus, and this week has recovered the [&hellip;]<\/p>\n","protected":false},"author":392,"featured_media":6755,"comment_status":"closed","ping_status":"open","sticky":false,"template":"","format":"standard","meta":{"_acf_changed":false,"inline_featured_image":false,"_nextfly_llmd_date_locked":false,"footnotes":""},"categories":[112,447],"tags":[200,54],"class_list":["post-6754","post","type-post","status-publish","format-standard","has-post-thumbnail","hentry","category-champions-league","category-champions-league-2","tag-coronavirus","tag-uefa"],"acf":[],"yoast_head":"<!-- This site is optimized with the Yoast SEO plugin v27.3 - https:\/\/yoast.com\/product\/yoast-seo-wordpress\/ -->\n<title>UEFA also prepares the calendar for Champions and Europa League<\/title>\n<meta name=\"description\" content=\"The football has thrown to walk after several months of confinement, and the next weeks will be decisive. If all goes according to the planned, the UEFA also activate...\" \/>\n<meta name=\"robots\" content=\"index, follow, max-snippet:-1, max-image-preview:large, max-video-preview:-1\" \/>\n<link rel=\"canonical\" href=\"https:\/\/www.fcbarcelonanoticias.com\/en\/champions-league\/uefa-also-prepares-calendar-for-champions-europa-league_257546_102.html\" \/>\n<meta property=\"og:locale\" content=\"en_US\" \/>\n<meta property=\"og:type\" content=\"article\" \/>\n<meta property=\"og:title\" content=\"UEFA also prepares the calendar for Champions and Europa League\" \/>\n<meta property=\"og:description\" content=\"The football has thrown to walk after several months of confinement, and the next weeks will be decisive. If all goes according to the planned, the UEFA also activate...\" \/>\n<meta property=\"og:url\" content=\"https:\/\/www.fcbarcelonanoticias.com\/en\/champions-league\/uefa-also-prepares-calendar-for-champions-europa-league_257546_102.html\" \/>\n<meta property=\"og:site_name\" content=\"EN - FC Barcelona Noticias\" \/>\n<meta property=\"article:published_time\" content=\"2020-05-08T16:44:00+00:00\" \/>\n<meta property=\"article:modified_time\" content=\"2020-05-11T07:18:00+00:00\" \/>\n<meta property=\"og:image\" content=\"https:\/\/www.fcbarcelonanoticias.com\/en\/wp-content\/uploads\/sites\/2\/2020\/05\/uefa-ceferinchampions2.jpeg\" \/>\n\t<meta property=\"og:image:width\" content=\"1200\" \/>\n\t<meta property=\"og:image:height\" content=\"675\" \/>\n\t<meta property=\"og:image:type\" content=\"image\/jpeg\" \/>\n<meta name=\"author\" content=\"user_4048\" \/>\n<meta name=\"twitter:card\" content=\"summary_large_image\" \/>\n<meta name=\"twitter:label1\" content=\"Written by\" \/>\n\t<meta name=\"twitter:data1\" content=\"user_4048\" \/>\n\t<meta name=\"twitter:label2\" content=\"Est. reading time\" \/>\n\t<meta name=\"twitter:data2\" content=\"3 minutes\" \/>\n<script type=\"application\/ld+json\" class=\"yoast-schema-graph\">{\"@context\":\"https:\\\/\\\/schema.org\",\"@graph\":[{\"@type\":\"Article\",\"@id\":\"https:\\\/\\\/www.fcbarcelonanoticias.com\\\/en\\\/champions-league\\\/uefa-also-prepares-calendar-for-champions-europa-league_257546_102.html#article\",\"isPartOf\":{\"@id\":\"https:\\\/\\\/www.fcbarcelonanoticias.com\\\/en\\\/champions-league\\\/uefa-also-prepares-calendar-for-champions-europa-league_257546_102.html\"},\"author\":{\"name\":\"user_4048\",\"@id\":\"https:\\\/\\\/www.fcbarcelonanoticias.com\\\/en\\\/#\\\/schema\\\/person\\\/fcdad55cab72b8d0e106d75506783b6d\"},\"headline\":\"UEFA also prepares the calendar for Champions and Europa League\",\"datePublished\":\"2020-05-08T16:44:00+00:00\",\"dateModified\":\"2020-05-11T07:18:00+00:00\",\"mainEntityOfPage\":{\"@id\":\"https:\\\/\\\/www.fcbarcelonanoticias.com\\\/en\\\/champions-league\\\/uefa-also-prepares-calendar-for-champions-europa-league_257546_102.html\"},\"wordCount\":541,\"image\":{\"@id\":\"https:\\\/\\\/www.fcbarcelonanoticias.com\\\/en\\\/champions-league\\\/uefa-also-prepares-calendar-for-champions-europa-league_257546_102.html#primaryimage\"},\"thumbnailUrl\":\"https:\\\/\\\/www.fcbarcelonanoticias.com\\\/en\\\/wp-content\\\/uploads\\\/sites\\\/2\\\/2020\\\/05\\\/uefa-ceferinchampions2.jpeg\",\"keywords\":[\"Coronavirus\",\"UEFA\"],\"articleSection\":[\"Champions League\",\"Champions League\"],\"inLanguage\":\"en-US\"},{\"@type\":\"WebPage\",\"@id\":\"https:\\\/\\\/www.fcbarcelonanoticias.com\\\/en\\\/champions-league\\\/uefa-also-prepares-calendar-for-champions-europa-league_257546_102.html\",\"url\":\"https:\\\/\\\/www.fcbarcelonanoticias.com\\\/en\\\/champions-league\\\/uefa-also-prepares-calendar-for-champions-europa-league_257546_102.html\",\"name\":\"UEFA also prepares the calendar for Champions and Europa League\",\"isPartOf\":{\"@id\":\"https:\\\/\\\/www.fcbarcelonanoticias.com\\\/en\\\/#website\"},\"primaryImageOfPage\":{\"@id\":\"https:\\\/\\\/www.fcbarcelonanoticias.com\\\/en\\\/champions-league\\\/uefa-also-prepares-calendar-for-champions-europa-league_257546_102.html#primaryimage\"},\"image\":{\"@id\":\"https:\\\/\\\/www.fcbarcelonanoticias.com\\\/en\\\/champions-league\\\/uefa-also-prepares-calendar-for-champions-europa-league_257546_102.html#primaryimage\"},\"thumbnailUrl\":\"https:\\\/\\\/www.fcbarcelonanoticias.com\\\/en\\\/wp-content\\\/uploads\\\/sites\\\/2\\\/2020\\\/05\\\/uefa-ceferinchampions2.jpeg\",\"datePublished\":\"2020-05-08T16:44:00+00:00\",\"dateModified\":\"2020-05-11T07:18:00+00:00\",\"author\":{\"@id\":\"https:\\\/\\\/www.fcbarcelonanoticias.com\\\/en\\\/#\\\/schema\\\/person\\\/fcdad55cab72b8d0e106d75506783b6d\"},\"description\":\"The football has thrown to walk after several months of confinement, and the next weeks will be decisive. If all goes according to the planned, the UEFA also activate...\",\"breadcrumb\":{\"@id\":\"https:\\\/\\\/www.fcbarcelonanoticias.com\\\/en\\\/champions-league\\\/uefa-also-prepares-calendar-for-champions-europa-league_257546_102.html#breadcrumb\"},\"inLanguage\":\"en-US\",\"potentialAction\":[{\"@type\":\"ReadAction\",\"target\":[\"https:\\\/\\\/www.fcbarcelonanoticias.com\\\/en\\\/champions-league\\\/uefa-also-prepares-calendar-for-champions-europa-league_257546_102.html\"]}]},{\"@type\":\"ImageObject\",\"inLanguage\":\"en-US\",\"@id\":\"https:\\\/\\\/www.fcbarcelonanoticias.com\\\/en\\\/champions-league\\\/uefa-also-prepares-calendar-for-champions-europa-league_257546_102.html#primaryimage\",\"url\":\"https:\\\/\\\/www.fcbarcelonanoticias.com\\\/en\\\/wp-content\\\/uploads\\\/sites\\\/2\\\/2020\\\/05\\\/uefa-ceferinchampions2.jpeg\",\"contentUrl\":\"https:\\\/\\\/www.fcbarcelonanoticias.com\\\/en\\\/wp-content\\\/uploads\\\/sites\\\/2\\\/2020\\\/05\\\/uefa-ceferinchampions2.jpeg\",\"width\":1200,\"height\":675},{\"@type\":\"BreadcrumbList\",\"@id\":\"https:\\\/\\\/www.fcbarcelonanoticias.com\\\/en\\\/champions-league\\\/uefa-also-prepares-calendar-for-champions-europa-league_257546_102.html#breadcrumb\",\"itemListElement\":[{\"@type\":\"ListItem\",\"position\":1,\"name\":\"Portada\",\"item\":\"https:\\\/\\\/www.fcbarcelonanoticias.com\\\/en\\\/\"},{\"@type\":\"ListItem\",\"position\":2,\"name\":\"UEFA also prepares the calendar for Champions and Europa League\"}]},{\"@type\":\"WebSite\",\"@id\":\"https:\\\/\\\/www.fcbarcelonanoticias.com\\\/en\\\/#website\",\"url\":\"https:\\\/\\\/www.fcbarcelonanoticias.com\\\/en\\\/\",\"name\":\"EN - FC Barcelona Noticias\",\"description\":\"\",\"potentialAction\":[{\"@type\":\"SearchAction\",\"target\":{\"@type\":\"EntryPoint\",\"urlTemplate\":\"https:\\\/\\\/www.fcbarcelonanoticias.com\\\/en\\\/?s={search_term_string}\"},\"query-input\":{\"@type\":\"PropertyValueSpecification\",\"valueRequired\":true,\"valueName\":\"search_term_string\"}}],\"inLanguage\":\"en-US\"},{\"@type\":\"Person\",\"@id\":\"https:\\\/\\\/www.fcbarcelonanoticias.com\\\/en\\\/#\\\/schema\\\/person\\\/fcdad55cab72b8d0e106d75506783b6d\",\"name\":\"user_4048\",\"image\":{\"@type\":\"ImageObject\",\"inLanguage\":\"en-US\",\"@id\":\"https:\\\/\\\/secure.gravatar.com\\\/avatar\\\/?s=96&d=mm&r=g\",\"url\":\"https:\\\/\\\/secure.gravatar.com\\\/avatar\\\/?s=96&d=mm&r=g\",\"contentUrl\":\"https:\\\/\\\/secure.gravatar.com\\\/avatar\\\/?s=96&d=mm&r=g\",\"caption\":\"user_4048\"},\"url\":\"https:\\\/\\\/www.fcbarcelonanoticias.com\\\/en\\\/user_4048.html\"}]}<\/script>\n<!-- \/ Yoast SEO plugin. -->","yoast_head_json":{"title":"UEFA also prepares the calendar for Champions and Europa League","description":"The football has thrown to walk after several months of confinement, and the next weeks will be decisive. If all goes according to the planned, the UEFA also activate...","robots":{"index":"index","follow":"follow","max-snippet":"max-snippet:-1","max-image-preview":"max-image-preview:large","max-video-preview":"max-video-preview:-1"},"canonical":"https:\/\/www.fcbarcelonanoticias.com\/en\/champions-league\/uefa-also-prepares-calendar-for-champions-europa-league_257546_102.html","og_locale":"en_US","og_type":"article","og_title":"UEFA also prepares the calendar for Champions and Europa League","og_description":"The football has thrown to walk after several months of confinement, and the next weeks will be decisive. If all goes according to the planned, the UEFA also activate...","og_url":"https:\/\/www.fcbarcelonanoticias.com\/en\/champions-league\/uefa-also-prepares-calendar-for-champions-europa-league_257546_102.html","og_site_name":"EN - FC Barcelona Noticias","article_published_time":"2020-05-08T16:44:00+00:00","article_modified_time":"2020-05-11T07:18:00+00:00","og_image":[{"width":1200,"height":675,"url":"https:\/\/www.fcbarcelonanoticias.com\/en\/wp-content\/uploads\/sites\/2\/2020\/05\/uefa-ceferinchampions2.jpeg","type":"image\/jpeg"}],"author":"user_4048","twitter_card":"summary_large_image","twitter_misc":{"Written by":"user_4048","Est. reading time":"3 minutes"},"schema":{"@context":"https:\/\/schema.org","@graph":[{"@type":"Article","@id":"https:\/\/www.fcbarcelonanoticias.com\/en\/champions-league\/uefa-also-prepares-calendar-for-champions-europa-league_257546_102.html#article","isPartOf":{"@id":"https:\/\/www.fcbarcelonanoticias.com\/en\/champions-league\/uefa-also-prepares-calendar-for-champions-europa-league_257546_102.html"},"author":{"name":"user_4048","@id":"https:\/\/www.fcbarcelonanoticias.com\/en\/#\/schema\/person\/fcdad55cab72b8d0e106d75506783b6d"},"headline":"UEFA also prepares the calendar for Champions and Europa League","datePublished":"2020-05-08T16:44:00+00:00","dateModified":"2020-05-11T07:18:00+00:00","mainEntityOfPage":{"@id":"https:\/\/www.fcbarcelonanoticias.com\/en\/champions-league\/uefa-also-prepares-calendar-for-champions-europa-league_257546_102.html"},"wordCount":541,"image":{"@id":"https:\/\/www.fcbarcelonanoticias.com\/en\/champions-league\/uefa-also-prepares-calendar-for-champions-europa-league_257546_102.html#primaryimage"},"thumbnailUrl":"https:\/\/www.fcbarcelonanoticias.com\/en\/wp-content\/uploads\/sites\/2\/2020\/05\/uefa-ceferinchampions2.jpeg","keywords":["Coronavirus","UEFA"],"articleSection":["Champions League","Champions League"],"inLanguage":"en-US"},{"@type":"WebPage","@id":"https:\/\/www.fcbarcelonanoticias.com\/en\/champions-league\/uefa-also-prepares-calendar-for-champions-europa-league_257546_102.html","url":"https:\/\/www.fcbarcelonanoticias.com\/en\/champions-league\/uefa-also-prepares-calendar-for-champions-europa-league_257546_102.html","name":"UEFA also prepares the calendar for Champions and Europa League","isPartOf":{"@id":"https:\/\/www.fcbarcelonanoticias.com\/en\/#website"},"primaryImageOfPage":{"@id":"https:\/\/www.fcbarcelonanoticias.com\/en\/champions-league\/uefa-also-prepares-calendar-for-champions-europa-league_257546_102.html#primaryimage"},"image":{"@id":"https:\/\/www.fcbarcelonanoticias.com\/en\/champions-league\/uefa-also-prepares-calendar-for-champions-europa-league_257546_102.html#primaryimage"},"thumbnailUrl":"https:\/\/www.fcbarcelonanoticias.com\/en\/wp-content\/uploads\/sites\/2\/2020\/05\/uefa-ceferinchampions2.jpeg","datePublished":"2020-05-08T16:44:00+00:00","dateModified":"2020-05-11T07:18:00+00:00","author":{"@id":"https:\/\/www.fcbarcelonanoticias.com\/en\/#\/schema\/person\/fcdad55cab72b8d0e106d75506783b6d"},"description":"The football has thrown to walk after several months of confinement, and the next weeks will be decisive. If all goes according to the planned, the UEFA also activate...","breadcrumb":{"@id":"https:\/\/www.fcbarcelonanoticias.com\/en\/champions-league\/uefa-also-prepares-calendar-for-champions-europa-league_257546_102.html#breadcrumb"},"inLanguage":"en-US","potentialAction":[{"@type":"ReadAction","target":["https:\/\/www.fcbarcelonanoticias.com\/en\/champions-league\/uefa-also-prepares-calendar-for-champions-europa-league_257546_102.html"]}]},{"@type":"ImageObject","inLanguage":"en-US","@id":"https:\/\/www.fcbarcelonanoticias.com\/en\/champions-league\/uefa-also-prepares-calendar-for-champions-europa-league_257546_102.html#primaryimage","url":"https:\/\/www.fcbarcelonanoticias.com\/en\/wp-content\/uploads\/sites\/2\/2020\/05\/uefa-ceferinchampions2.jpeg","contentUrl":"https:\/\/www.fcbarcelonanoticias.com\/en\/wp-content\/uploads\/sites\/2\/2020\/05\/uefa-ceferinchampions2.jpeg","width":1200,"height":675},{"@type":"BreadcrumbList","@id":"https:\/\/www.fcbarcelonanoticias.com\/en\/champions-league\/uefa-also-prepares-calendar-for-champions-europa-league_257546_102.html#breadcrumb","itemListElement":[{"@type":"ListItem","position":1,"name":"Portada","item":"https:\/\/www.fcbarcelonanoticias.com\/en\/"},{"@type":"ListItem","position":2,"name":"UEFA also prepares the calendar for Champions and Europa League"}]},{"@type":"WebSite","@id":"https:\/\/www.fcbarcelonanoticias.com\/en\/#website","url":"https:\/\/www.fcbarcelonanoticias.com\/en\/","name":"EN - FC Barcelona Noticias","description":"","potentialAction":[{"@type":"SearchAction","target":{"@type":"EntryPoint","urlTemplate":"https:\/\/www.fcbarcelonanoticias.com\/en\/?s={search_term_string}"},"query-input":{"@type":"PropertyValueSpecification","valueRequired":true,"valueName":"search_term_string"}}],"inLanguage":"en-US"},{"@type":"Person","@id":"https:\/\/www.fcbarcelonanoticias.com\/en\/#\/schema\/person\/fcdad55cab72b8d0e106d75506783b6d","name":"user_4048","image":{"@type":"ImageObject","inLanguage":"en-US","@id":"https:\/\/secure.gravatar.com\/avatar\/?s=96&d=mm&r=g","url":"https:\/\/secure.gravatar.com\/avatar\/?s=96&d=mm&r=g","contentUrl":"https:\/\/secure.gravatar.com\/avatar\/?s=96&d=mm&r=g","caption":"user_4048"},"url":"https:\/\/www.fcbarcelonanoticias.com\/en\/user_4048.html"}]}},"_links":{"self":[{"href":"https:\/\/www.fcbarcelonanoticias.com\/en\/wp-json\/wp\/v2\/posts\/6754","targetHints":{"allow":["GET"]}}],"collection":[{"href":"https:\/\/www.fcbarcelonanoticias.com\/en\/wp-json\/wp\/v2\/posts"}],"about":[{"href":"https:\/\/www.fcbarcelonanoticias.com\/en\/wp-json\/wp\/v2\/types\/post"}],"author":[{"embeddable":true,"href":"https:\/\/www.fcbarcelonanoticias.com\/en\/wp-json\/wp\/v2\/users\/392"}],"replies":[{"embeddable":true,"href":"https:\/\/www.fcbarcelonanoticias.com\/en\/wp-json\/wp\/v2\/comments?post=6754"}],"version-history":[{"count":1,"href":"https:\/\/www.fcbarcelonanoticias.com\/en\/wp-json\/wp\/v2\/posts\/6754\/revisions"}],"predecessor-version":[{"id":101888,"href":"https:\/\/www.fcbarcelonanoticias.com\/en\/wp-json\/wp\/v2\/posts\/6754\/revisions\/101888"}],"wp:featuredmedia":[{"embeddable":true,"href":"https:\/\/www.fcbarcelonanoticias.com\/en\/wp-json\/wp\/v2\/media\/6755"}],"wp:attachment":[{"href":"https:\/\/www.fcbarcelonanoticias.com\/en\/wp-json\/wp\/v2\/media?parent=6754"}],"wp:term":[{"taxonomy":"category","embeddable":true,"href":"https:\/\/www.fcbarcelonanoticias.com\/en\/wp-json\/wp\/v2\/categories?post=6754"},{"taxonomy":"post_tag","embeddable":true,"href":"https:\/\/www.fcbarcelonanoticias.com\/en\/wp-json\/wp\/v2\/tags?post=6754"}],"curies":[{"name":"wp","href":"https:\/\/api.w.org\/{rel}","templated":true}]}}