{"id":67541,"date":"2020-07-11T15:58:00","date_gmt":"2020-07-11T13:58:00","guid":{"rendered":"https:\/\/weisetech.dev\/fc-barcelona-noticias\/en\/ansu-fati-signing-star-barcelona-b-preparinf-promotion-second_259126_102\/"},"modified":"2020-07-11T15:58:00","modified_gmt":"2020-07-11T13:58:00","slug":"ansu-fati-signing-star-barcelona-b-preparinf-promotion-second_259126_102","status":"publish","type":"post","link":"https:\/\/www.fcbarcelonanoticias.com\/en\/players\/ansu-fati-signing-star-barcelona-b-preparinf-promotion-second_259126_102.html","title":{"rendered":"Ansu Fati, &#8216;signing&#8217; star of a Bar\u00e7a B who is preparing the promotion to Second"},"content":{"rendered":"<h2 class=\"wp-block-heading\">Ansu Fati Could not go in in the list of summoned to play against the Valladolid by his red in front of the Espanyol and has remained  in Barcelona with the filial. The forward participated in a friendly of the B to prepare the &#8216;playoff&#8217; of promotion to Second<\/h2>  \r\n<div class=\"article-addons\">\r\n    <a href=\"https:\/\/www.fcbarcelonanoticias.com\/en\/calendar-fc-barcelona.html\"\r\n       target=\"_self\"\r\n       title=\"Calendar of FC Barcelona\"\r\n       class=\"blue-gredient-btn\">\r\n       \r\n        Calendar of FC Barcelona    <\/a>\r\n<\/div>   <p><strong><a data-external=\"0\" data-intl-links-en=\"https:\/\/www.fcbarcelonanoticias.com\/en\/tags\/ansu-fati\" data-intl-links-es=\"https:\/\/www.fcbarcelonanoticias.com\/tags\/ansu-fati\" href=\"https:\/\/www.fcbarcelonanoticias.com\/en\/tags\/ansu-fati.html\" rel=\"follow\" target=\"_self\" title=\"Ansu Fati\">Ansu Fati<\/a> Lived this past Wednesday the one who went surely his worst day since it went up to the first team<\/strong>. <strong><a data-external=\"0\" data-intl-links-en=\"https:\/\/www.fcbarcelonanoticias.com\/en\/tags\/quique-setien\" data-intl-links-es=\"https:\/\/www.fcbarcelonanoticias.com\/tags\/quique-setien\" href=\"https:\/\/www.fcbarcelonanoticias.com\/en\/tags\/quique-setien.html\" rel=\"follow\" target=\"_self\" title=\"Quique Seti\u00e9n\">Quique Seti\u00e9n<\/a>\u200b<\/strong> threw of him in the rest against the RCD Espanyol to change the dynamics of a derbi in which the parakeets were having more options of victory. The extreme was the solution of the technician to revolutionise the crash and give him more dynamism and speed to the Barcelona attack. But the idea of the m\u00edster hardly lasted five minutes on the terrain of game by an imprudencia of the juvenile.<\/p>  <p>The impetus and win them to show things could with Ansu, that <strong>committed an entrad\u00f3n imprudent and dangerous that cost him the red card<\/strong>. The referee had taken him out the yellow in direct, but the VAR warned him to the little that it saw the played in the screen and only seeing a fotograma decided that the entrance of the canterano deserved a greater punishment. The Hispanic-guinean went to the street without hardly touch the balloon and left to his team with a problem\u00f3n that Pol Lozano, midfield player of the Espanyol, solved to the autoexpulsarse instants afterwards and leave to the pericos also with ten.<\/p>  <p>At the end, a goal of Luis Su\u00e1rez gave him the victory to the cul\u00e9s, and sank to the Espanyol in Second Division. The espanyolistas will play in the category of silver of the Spanish football the course that comes and there will be derbi in first the course that comes. Nevertheless, in the City Condal expect that yes there is derbi in Second, since this would mean that the filial has fulfilled the aim of the promotion. <strong>The Bar\u00e7a B will play the &#8216;playoffs&#8217; to go up from the next 19 July and already works with this dream<\/strong> in mind.<\/p>  <p>For this, taking advantage of the sanction of Ansu, Javier Garc\u00eda Pepper has called to rows to the international Sub-21 Spanish. The attacker youngster of so alone 17 years could not go in in the list to play against the Valladolid and therefore it has remained in Barcelona to the orders of the technician of the B. <strong>The filial has contested a partidillo in the training against the Europe and the one of Guinea-Biss\u00e1u has been present<\/strong> to settle in a team that goes to need him in M\u00e1laga when they begin the &#8216;playoffs&#8217;.<\/p>  <p>The Barcelona B won to the Barcelonan group in this pachanga by 3-0 with a doublet of Monchu, that also has been in dynamics of the first team in a lot of occasions, and another so much of Konrad de la Fuente. In addition to Fati and of the own Monchu, also have been other footballers that have explained for Seti\u00e9n lately. <strong>I\u00f1aki Crag, third usual goalkeeper of the Bar\u00e7a; Jorge Cuenca; Morer and \u00c1lex Collando participated in this crash<\/strong>. Crag, by the way, has been with the B because in this occasion the Cantabrian trainer decided to call for Pucela to Arnau Tenas.<\/p>  <h3>Riqui And Ara\u00fajo travelled to Valladolid with the Bar\u00e7a<\/h3>  <p>In addition to the Catalan archer, <strong>Riqui Puig and Ronald Ara\u00fajo neither have been in this training because they travelled to Valladolid<\/strong>. The one of Matadepera is being indisputable for Seti\u00e9n from does several weeks and even has been headline in several occasions. The charr\u00faa, by his part, has played less, but still like this has gone in in some occasion to win experience. Without Samuel Umtiti, lesionado, he is the third head office and will be a fixed in the announcements until the French recover . They two and Ansu, in principle, will be to the 100 % with the B in what it finalise LaLiga for the Bar\u00e7a, that will be some days before it begin this &#8216;playoff&#8217; in M\u00e1laga.<\/p> ","protected":false},"excerpt":{"rendered":"<p>Ansu Fati Could not go in in the list of summoned to play against the Valladolid by his red in front of the Espanyol and has remained in Barcelona with the filial. The forward participated in a friendly of the B to prepare the &#8216;playoff&#8217; of promotion to Second Ansu Fati Lived this past Wednesday [&hellip;]<\/p>\n","protected":false},"author":392,"featured_media":67545,"comment_status":"closed","ping_status":"open","sticky":false,"template":"","format":"standard","meta":{"_acf_changed":false,"inline_featured_image":false,"_nextfly_llmd_date_locked":false,"footnotes":""},"categories":[107,453],"tags":[],"class_list":["post-67541","post","type-post","status-publish","format-standard","has-post-thumbnail","hentry","category-players","category-players-2"],"acf":[],"yoast_head":"<!-- This site is optimized with the Yoast SEO plugin v27.3 - https:\/\/yoast.com\/product\/yoast-seo-wordpress\/ -->\n<title>Ansu Fati, &#039;signing&#039; star of a Bar\u00e7a B that already prepar...<\/title>\n<meta name=\"description\" content=\"Ansu Fati Could not go in in the list of summoned to play against the Valladolid by his red in front of the Espanyol and has remained in Barcelona with the filial. And...\" \/>\n<meta name=\"robots\" content=\"index, follow, max-snippet:-1, max-image-preview:large, max-video-preview:-1\" \/>\n<link rel=\"canonical\" href=\"https:\/\/www.fcbarcelonanoticias.com\/en\/players\/ansu-fati-signing-star-barcelona-b-preparinf-promotion-second_259126_102.html\" \/>\n<meta property=\"og:locale\" content=\"en_US\" \/>\n<meta property=\"og:type\" content=\"article\" \/>\n<meta property=\"og:title\" content=\"Ansu Fati, &#039;signing&#039; star of a Bar\u00e7a B that already prepar...\" \/>\n<meta property=\"og:description\" content=\"Ansu Fati Could not go in in the list of summoned to play against the Valladolid by his red in front of the Espanyol and has remained in Barcelona with the filial. And...\" \/>\n<meta property=\"og:url\" content=\"https:\/\/www.fcbarcelonanoticias.com\/en\/players\/ansu-fati-signing-star-barcelona-b-preparinf-promotion-second_259126_102.html\" \/>\n<meta property=\"og:site_name\" content=\"EN - FC Barcelona Noticias\" \/>\n<meta property=\"article:published_time\" content=\"2020-07-11T13:58:00+00:00\" \/>\n<meta property=\"og:image\" content=\"https:\/\/www.fcbarcelonanoticias.com\/en\/wp-content\/uploads\/sites\/2\/2020\/07\/ansufati-barcelona28-1.jpeg\" \/>\n\t<meta property=\"og:image:width\" content=\"1200\" \/>\n\t<meta property=\"og:image:height\" content=\"675\" \/>\n\t<meta property=\"og:image:type\" content=\"image\/jpeg\" \/>\n<meta name=\"author\" content=\"user_4048\" \/>\n<meta name=\"twitter:card\" content=\"summary_large_image\" \/>\n<meta name=\"twitter:label1\" content=\"Written by\" \/>\n\t<meta name=\"twitter:data1\" content=\"user_4048\" \/>\n\t<meta name=\"twitter:label2\" content=\"Est. reading time\" \/>\n\t<meta name=\"twitter:data2\" content=\"3 minutes\" \/>\n<script type=\"application\/ld+json\" class=\"yoast-schema-graph\">{\"@context\":\"https:\\\/\\\/schema.org\",\"@graph\":[{\"@type\":\"Article\",\"@id\":\"https:\\\/\\\/www.fcbarcelonanoticias.com\\\/en\\\/players\\\/ansu-fati-signing-star-barcelona-b-preparinf-promotion-second_259126_102.html#article\",\"isPartOf\":{\"@id\":\"https:\\\/\\\/www.fcbarcelonanoticias.com\\\/en\\\/players\\\/ansu-fati-signing-star-barcelona-b-preparinf-promotion-second_259126_102.html\"},\"author\":{\"name\":\"user_4048\",\"@id\":\"https:\\\/\\\/www.fcbarcelonanoticias.com\\\/en\\\/#\\\/schema\\\/person\\\/fcdad55cab72b8d0e106d75506783b6d\"},\"headline\":\"Ansu Fati, &#8216;signing&#8217; star of a Bar\u00e7a B who is preparing the promotion to Second\",\"datePublished\":\"2020-07-11T13:58:00+00:00\",\"mainEntityOfPage\":{\"@id\":\"https:\\\/\\\/www.fcbarcelonanoticias.com\\\/en\\\/players\\\/ansu-fati-signing-star-barcelona-b-preparinf-promotion-second_259126_102.html\"},\"wordCount\":712,\"image\":{\"@id\":\"https:\\\/\\\/www.fcbarcelonanoticias.com\\\/en\\\/players\\\/ansu-fati-signing-star-barcelona-b-preparinf-promotion-second_259126_102.html#primaryimage\"},\"thumbnailUrl\":\"https:\\\/\\\/www.fcbarcelonanoticias.com\\\/en\\\/wp-content\\\/uploads\\\/sites\\\/2\\\/2020\\\/07\\\/ansufati-barcelona28-1.jpeg\",\"articleSection\":[\"Players\",\"Players\"],\"inLanguage\":\"en-US\"},{\"@type\":\"WebPage\",\"@id\":\"https:\\\/\\\/www.fcbarcelonanoticias.com\\\/en\\\/players\\\/ansu-fati-signing-star-barcelona-b-preparinf-promotion-second_259126_102.html\",\"url\":\"https:\\\/\\\/www.fcbarcelonanoticias.com\\\/en\\\/players\\\/ansu-fati-signing-star-barcelona-b-preparinf-promotion-second_259126_102.html\",\"name\":\"Ansu Fati, 'signing' star of a Bar\u00e7a B that already prepar...\",\"isPartOf\":{\"@id\":\"https:\\\/\\\/www.fcbarcelonanoticias.com\\\/en\\\/#website\"},\"primaryImageOfPage\":{\"@id\":\"https:\\\/\\\/www.fcbarcelonanoticias.com\\\/en\\\/players\\\/ansu-fati-signing-star-barcelona-b-preparinf-promotion-second_259126_102.html#primaryimage\"},\"image\":{\"@id\":\"https:\\\/\\\/www.fcbarcelonanoticias.com\\\/en\\\/players\\\/ansu-fati-signing-star-barcelona-b-preparinf-promotion-second_259126_102.html#primaryimage\"},\"thumbnailUrl\":\"https:\\\/\\\/www.fcbarcelonanoticias.com\\\/en\\\/wp-content\\\/uploads\\\/sites\\\/2\\\/2020\\\/07\\\/ansufati-barcelona28-1.jpeg\",\"datePublished\":\"2020-07-11T13:58:00+00:00\",\"author\":{\"@id\":\"https:\\\/\\\/www.fcbarcelonanoticias.com\\\/en\\\/#\\\/schema\\\/person\\\/fcdad55cab72b8d0e106d75506783b6d\"},\"description\":\"Ansu Fati Could not go in in the list of summoned to play against the Valladolid by his red in front of the Espanyol and has remained in Barcelona with the filial. And...\",\"breadcrumb\":{\"@id\":\"https:\\\/\\\/www.fcbarcelonanoticias.com\\\/en\\\/players\\\/ansu-fati-signing-star-barcelona-b-preparinf-promotion-second_259126_102.html#breadcrumb\"},\"inLanguage\":\"en-US\",\"potentialAction\":[{\"@type\":\"ReadAction\",\"target\":[\"https:\\\/\\\/www.fcbarcelonanoticias.com\\\/en\\\/players\\\/ansu-fati-signing-star-barcelona-b-preparinf-promotion-second_259126_102.html\"]}]},{\"@type\":\"ImageObject\",\"inLanguage\":\"en-US\",\"@id\":\"https:\\\/\\\/www.fcbarcelonanoticias.com\\\/en\\\/players\\\/ansu-fati-signing-star-barcelona-b-preparinf-promotion-second_259126_102.html#primaryimage\",\"url\":\"https:\\\/\\\/www.fcbarcelonanoticias.com\\\/en\\\/wp-content\\\/uploads\\\/sites\\\/2\\\/2020\\\/07\\\/ansufati-barcelona28-1.jpeg\",\"contentUrl\":\"https:\\\/\\\/www.fcbarcelonanoticias.com\\\/en\\\/wp-content\\\/uploads\\\/sites\\\/2\\\/2020\\\/07\\\/ansufati-barcelona28-1.jpeg\",\"width\":1200,\"height\":675},{\"@type\":\"BreadcrumbList\",\"@id\":\"https:\\\/\\\/www.fcbarcelonanoticias.com\\\/en\\\/players\\\/ansu-fati-signing-star-barcelona-b-preparinf-promotion-second_259126_102.html#breadcrumb\",\"itemListElement\":[{\"@type\":\"ListItem\",\"position\":1,\"name\":\"Portada\",\"item\":\"https:\\\/\\\/www.fcbarcelonanoticias.com\\\/en\\\/\"},{\"@type\":\"ListItem\",\"position\":2,\"name\":\"Ansu Fati, &#8216;signing&#8217; star of a Bar\u00e7a B who is preparing the promotion to Second\"}]},{\"@type\":\"WebSite\",\"@id\":\"https:\\\/\\\/www.fcbarcelonanoticias.com\\\/en\\\/#website\",\"url\":\"https:\\\/\\\/www.fcbarcelonanoticias.com\\\/en\\\/\",\"name\":\"EN - FC Barcelona Noticias\",\"description\":\"\",\"potentialAction\":[{\"@type\":\"SearchAction\",\"target\":{\"@type\":\"EntryPoint\",\"urlTemplate\":\"https:\\\/\\\/www.fcbarcelonanoticias.com\\\/en\\\/?s={search_term_string}\"},\"query-input\":{\"@type\":\"PropertyValueSpecification\",\"valueRequired\":true,\"valueName\":\"search_term_string\"}}],\"inLanguage\":\"en-US\"},{\"@type\":\"Person\",\"@id\":\"https:\\\/\\\/www.fcbarcelonanoticias.com\\\/en\\\/#\\\/schema\\\/person\\\/fcdad55cab72b8d0e106d75506783b6d\",\"name\":\"user_4048\",\"image\":{\"@type\":\"ImageObject\",\"inLanguage\":\"en-US\",\"@id\":\"https:\\\/\\\/secure.gravatar.com\\\/avatar\\\/?s=96&d=mm&r=g\",\"url\":\"https:\\\/\\\/secure.gravatar.com\\\/avatar\\\/?s=96&d=mm&r=g\",\"contentUrl\":\"https:\\\/\\\/secure.gravatar.com\\\/avatar\\\/?s=96&d=mm&r=g\",\"caption\":\"user_4048\"},\"url\":\"https:\\\/\\\/www.fcbarcelonanoticias.com\\\/en\\\/user_4048.html\"}]}<\/script>\n<!-- \/ Yoast SEO plugin. -->","yoast_head_json":{"title":"Ansu Fati, 'signing' star of a Bar\u00e7a B that already prepar...","description":"Ansu Fati Could not go in in the list of summoned to play against the Valladolid by his red in front of the Espanyol and has remained in Barcelona with the filial. And...","robots":{"index":"index","follow":"follow","max-snippet":"max-snippet:-1","max-image-preview":"max-image-preview:large","max-video-preview":"max-video-preview:-1"},"canonical":"https:\/\/www.fcbarcelonanoticias.com\/en\/players\/ansu-fati-signing-star-barcelona-b-preparinf-promotion-second_259126_102.html","og_locale":"en_US","og_type":"article","og_title":"Ansu Fati, 'signing' star of a Bar\u00e7a B that already prepar...","og_description":"Ansu Fati Could not go in in the list of summoned to play against the Valladolid by his red in front of the Espanyol and has remained in Barcelona with the filial. And...","og_url":"https:\/\/www.fcbarcelonanoticias.com\/en\/players\/ansu-fati-signing-star-barcelona-b-preparinf-promotion-second_259126_102.html","og_site_name":"EN - FC Barcelona Noticias","article_published_time":"2020-07-11T13:58:00+00:00","og_image":[{"width":1200,"height":675,"url":"https:\/\/www.fcbarcelonanoticias.com\/en\/wp-content\/uploads\/sites\/2\/2020\/07\/ansufati-barcelona28-1.jpeg","type":"image\/jpeg"}],"author":"user_4048","twitter_card":"summary_large_image","twitter_misc":{"Written by":"user_4048","Est. reading time":"3 minutes"},"schema":{"@context":"https:\/\/schema.org","@graph":[{"@type":"Article","@id":"https:\/\/www.fcbarcelonanoticias.com\/en\/players\/ansu-fati-signing-star-barcelona-b-preparinf-promotion-second_259126_102.html#article","isPartOf":{"@id":"https:\/\/www.fcbarcelonanoticias.com\/en\/players\/ansu-fati-signing-star-barcelona-b-preparinf-promotion-second_259126_102.html"},"author":{"name":"user_4048","@id":"https:\/\/www.fcbarcelonanoticias.com\/en\/#\/schema\/person\/fcdad55cab72b8d0e106d75506783b6d"},"headline":"Ansu Fati, &#8216;signing&#8217; star of a Bar\u00e7a B who is preparing the promotion to Second","datePublished":"2020-07-11T13:58:00+00:00","mainEntityOfPage":{"@id":"https:\/\/www.fcbarcelonanoticias.com\/en\/players\/ansu-fati-signing-star-barcelona-b-preparinf-promotion-second_259126_102.html"},"wordCount":712,"image":{"@id":"https:\/\/www.fcbarcelonanoticias.com\/en\/players\/ansu-fati-signing-star-barcelona-b-preparinf-promotion-second_259126_102.html#primaryimage"},"thumbnailUrl":"https:\/\/www.fcbarcelonanoticias.com\/en\/wp-content\/uploads\/sites\/2\/2020\/07\/ansufati-barcelona28-1.jpeg","articleSection":["Players","Players"],"inLanguage":"en-US"},{"@type":"WebPage","@id":"https:\/\/www.fcbarcelonanoticias.com\/en\/players\/ansu-fati-signing-star-barcelona-b-preparinf-promotion-second_259126_102.html","url":"https:\/\/www.fcbarcelonanoticias.com\/en\/players\/ansu-fati-signing-star-barcelona-b-preparinf-promotion-second_259126_102.html","name":"Ansu Fati, 'signing' star of a Bar\u00e7a B that already prepar...","isPartOf":{"@id":"https:\/\/www.fcbarcelonanoticias.com\/en\/#website"},"primaryImageOfPage":{"@id":"https:\/\/www.fcbarcelonanoticias.com\/en\/players\/ansu-fati-signing-star-barcelona-b-preparinf-promotion-second_259126_102.html#primaryimage"},"image":{"@id":"https:\/\/www.fcbarcelonanoticias.com\/en\/players\/ansu-fati-signing-star-barcelona-b-preparinf-promotion-second_259126_102.html#primaryimage"},"thumbnailUrl":"https:\/\/www.fcbarcelonanoticias.com\/en\/wp-content\/uploads\/sites\/2\/2020\/07\/ansufati-barcelona28-1.jpeg","datePublished":"2020-07-11T13:58:00+00:00","author":{"@id":"https:\/\/www.fcbarcelonanoticias.com\/en\/#\/schema\/person\/fcdad55cab72b8d0e106d75506783b6d"},"description":"Ansu Fati Could not go in in the list of summoned to play against the Valladolid by his red in front of the Espanyol and has remained in Barcelona with the filial. And...","breadcrumb":{"@id":"https:\/\/www.fcbarcelonanoticias.com\/en\/players\/ansu-fati-signing-star-barcelona-b-preparinf-promotion-second_259126_102.html#breadcrumb"},"inLanguage":"en-US","potentialAction":[{"@type":"ReadAction","target":["https:\/\/www.fcbarcelonanoticias.com\/en\/players\/ansu-fati-signing-star-barcelona-b-preparinf-promotion-second_259126_102.html"]}]},{"@type":"ImageObject","inLanguage":"en-US","@id":"https:\/\/www.fcbarcelonanoticias.com\/en\/players\/ansu-fati-signing-star-barcelona-b-preparinf-promotion-second_259126_102.html#primaryimage","url":"https:\/\/www.fcbarcelonanoticias.com\/en\/wp-content\/uploads\/sites\/2\/2020\/07\/ansufati-barcelona28-1.jpeg","contentUrl":"https:\/\/www.fcbarcelonanoticias.com\/en\/wp-content\/uploads\/sites\/2\/2020\/07\/ansufati-barcelona28-1.jpeg","width":1200,"height":675},{"@type":"BreadcrumbList","@id":"https:\/\/www.fcbarcelonanoticias.com\/en\/players\/ansu-fati-signing-star-barcelona-b-preparinf-promotion-second_259126_102.html#breadcrumb","itemListElement":[{"@type":"ListItem","position":1,"name":"Portada","item":"https:\/\/www.fcbarcelonanoticias.com\/en\/"},{"@type":"ListItem","position":2,"name":"Ansu Fati, &#8216;signing&#8217; star of a Bar\u00e7a B who is preparing the promotion to Second"}]},{"@type":"WebSite","@id":"https:\/\/www.fcbarcelonanoticias.com\/en\/#website","url":"https:\/\/www.fcbarcelonanoticias.com\/en\/","name":"EN - FC Barcelona Noticias","description":"","potentialAction":[{"@type":"SearchAction","target":{"@type":"EntryPoint","urlTemplate":"https:\/\/www.fcbarcelonanoticias.com\/en\/?s={search_term_string}"},"query-input":{"@type":"PropertyValueSpecification","valueRequired":true,"valueName":"search_term_string"}}],"inLanguage":"en-US"},{"@type":"Person","@id":"https:\/\/www.fcbarcelonanoticias.com\/en\/#\/schema\/person\/fcdad55cab72b8d0e106d75506783b6d","name":"user_4048","image":{"@type":"ImageObject","inLanguage":"en-US","@id":"https:\/\/secure.gravatar.com\/avatar\/?s=96&d=mm&r=g","url":"https:\/\/secure.gravatar.com\/avatar\/?s=96&d=mm&r=g","contentUrl":"https:\/\/secure.gravatar.com\/avatar\/?s=96&d=mm&r=g","caption":"user_4048"},"url":"https:\/\/www.fcbarcelonanoticias.com\/en\/user_4048.html"}]}},"_links":{"self":[{"href":"https:\/\/www.fcbarcelonanoticias.com\/en\/wp-json\/wp\/v2\/posts\/67541","targetHints":{"allow":["GET"]}}],"collection":[{"href":"https:\/\/www.fcbarcelonanoticias.com\/en\/wp-json\/wp\/v2\/posts"}],"about":[{"href":"https:\/\/www.fcbarcelonanoticias.com\/en\/wp-json\/wp\/v2\/types\/post"}],"author":[{"embeddable":true,"href":"https:\/\/www.fcbarcelonanoticias.com\/en\/wp-json\/wp\/v2\/users\/392"}],"replies":[{"embeddable":true,"href":"https:\/\/www.fcbarcelonanoticias.com\/en\/wp-json\/wp\/v2\/comments?post=67541"}],"version-history":[{"count":1,"href":"https:\/\/www.fcbarcelonanoticias.com\/en\/wp-json\/wp\/v2\/posts\/67541\/revisions"}],"predecessor-version":[{"id":119412,"href":"https:\/\/www.fcbarcelonanoticias.com\/en\/wp-json\/wp\/v2\/posts\/67541\/revisions\/119412"}],"wp:featuredmedia":[{"embeddable":true,"href":"https:\/\/www.fcbarcelonanoticias.com\/en\/wp-json\/wp\/v2\/media\/67545"}],"wp:attachment":[{"href":"https:\/\/www.fcbarcelonanoticias.com\/en\/wp-json\/wp\/v2\/media?parent=67541"}],"wp:term":[{"taxonomy":"category","embeddable":true,"href":"https:\/\/www.fcbarcelonanoticias.com\/en\/wp-json\/wp\/v2\/categories?post=67541"},{"taxonomy":"post_tag","embeddable":true,"href":"https:\/\/www.fcbarcelonanoticias.com\/en\/wp-json\/wp\/v2\/tags?post=67541"}],"curies":[{"name":"wp","href":"https:\/\/api.w.org\/{rel}","templated":true}]}}