{"id":67561,"date":"2023-04-24T16:08:00","date_gmt":"2023-04-24T14:08:00","guid":{"rendered":"https:\/\/weisetech.dev\/fc-barcelona-noticias\/en\/another-signing-barca-christensen-already-trains-normally_291804_102\/"},"modified":"2023-04-24T16:37:00","modified_gmt":"2023-04-24T14:37:00","slug":"another-signing-barca-christensen-already-trains-normally_291804_102","status":"publish","type":"post","link":"https:\/\/www.fcbarcelonanoticias.com\/en\/players\/another-signing-barca-christensen-already-trains-normally_291804_102.html","title":{"rendered":"Another &#8216;signing&#8217; for Bar\u00e7a! Christensen is already training normally"},"content":{"rendered":"<h2 class=\"wp-block-heading\">Andreas Christensen could play again this week after a month injured. The Danish central defender completed part of the training session with the rest of the group as normal and is expected to be released in the coming days<\/h2>  \r\n<div class=\"article-addons\">\r\n    <a href=\"https:\/\/www.fcbarcelonanoticias.com\/en\/calendar-fc-barcelona.html\"\r\n       target=\"_self\"\r\n       title=\"Calendar of FC Barcelona\"\r\n       class=\"blue-gredient-btn\">\r\n       \r\n        Calendar of FC Barcelona    <\/a>\r\n<\/div>   <p>Little by little the FC Barcelona is recovering to the headlines with which has not been able to explain these last months. <strong><a data-external=\"0\" data-intl-links-en=\"https:\/\/www.fcbarcelonanoticias.com\/en\/laliga\/pedri-volvio-por-fin-dejo-mini-masterclass-en-media-hora_291790_102.html\" data-intl-links-es=\"https:\/\/www.fcbarcelonanoticias.com\/laliga\/pedri-volvio-por-fin-dejo-mini-masterclass-en-media-hora_291790_102.html\" href=\"https:\/\/www.fcbarcelonanoticias.com\/en\/laliga\/pedri-volvio-por-fin-dejo-mini-masterclass-en-media-hora_291790_102.html\" rel=\"follow\" target=\"_self\" title=\"Pedri volvi\u00f3 por fin y dej\u00f3 una mini 'masterclass' en media hora\">Pedri And Frenkie of Jong have been the first in returning<\/a> and both had minutes against the Athletic of Madrid<\/strong>. The Dutch, that had been a month of drop, was headline and contested almost 80 minutes, whereas the Canarian, that did not play from February, was acting and was on the field little more than half hour.<\/p>  <h2>Christensen will go back this same week<\/h2>  <p><strong>The following in returning could be Andreas Christensen, that this Monday trained with normality beside the rest of his mates<\/strong>. The Danish completed a part of the session to the orders of Xavi Hern\u00e1ndez and everything aims that it could go back this Wednesday in front of the Ray Vallecano or to more take the Saturday in front of the Real Betis. A glorious news for the cul\u00e9s, that have thrown in fault his elegance and forcefulness in the centre of the defence.<\/p>  <p>The defender of Denmark lesion\u00f3 with his selection in a duel against France of the last international stop. <strong>His problems in the s\u00f3leo have forced him to stop during a month<\/strong>, that is more or less the time that diagnosed him of drop after the medical proofs. Luckily, there has not been any complication in his recovery and goes to go back in the marked terms by the doctors.<\/p>  <p><strong>It can that it was something precipitated have he for the duel in Vallecas of this 26 April<\/strong>, since in the best of the cases will carry a partial training and one complete beside the group. Thus, the natural would be to see him go in in the list of summoned for the weekend. If all goes well can that even it was headline in Benito Villamar\u00edn, the same that it went it Of Jong this past Sunday in front of the Athletic.<\/p>  <h2>Eric Garc\u00eda will lose leadership in defence<\/h2>  <p>In his absence, Xavi has recovered for the cause to <strong><a data-external=\"0\" data-intl-links-en=\"https:\/\/www.fcbarcelonanoticias.com\/en\/transfers\/xavi-does-not-want-to-part-with-eric-garcia-in-this-summer-market_291714_102.html\" data-intl-links-es=\"https:\/\/www.fcbarcelonanoticias.com\/fichajes\/xavi-no-quiere-desprenderse-eric-garcia-en-este-mercado-veraniego_291714_102.html\" href=\"https:\/\/www.fcbarcelonanoticias.com\/en\/transfers\/xavi-does-not-want-to-part-with-eric-garcia-in-this-summer-market_291714_102.html\" rel=\"follow\" target=\"_self\" title=\"Xavi no quiere desprenderse de Eric Garc\u00eda en este mercado veraniego\">Eric Garc\u00eda, that has had minutes of quality so much of mediocentro as of head office<\/a><\/strong>. With the return of Christensen, the Catalan will lose leadership with security in the centre of the defence, but his new role in the midfield will give him opportunities sure. The ex of Chelsea will return backwards beside Ronald Ara\u00fajo so that the Bar\u00e7a recover his defence of &#8216;gala&#8217;, with both of defenders, Jules Kound\u00e9 of right side and Alejandro Balde in the left.<\/p> ","protected":false},"excerpt":{"rendered":"<p>Andreas Christensen could play again this week after a month injured. The Danish central defender completed part of the training session with the rest of the group as normal and is expected to be released in the coming days Little by little the FC Barcelona is recovering to the headlines with which has not been [&hellip;]<\/p>\n","protected":false},"author":359,"featured_media":48530,"comment_status":"closed","ping_status":"open","sticky":false,"template":"","format":"standard","meta":{"_acf_changed":false,"inline_featured_image":false,"_nextfly_llmd_date_locked":false,"footnotes":""},"categories":[107,453],"tags":[136],"class_list":["post-67561","post","type-post","status-publish","format-standard","has-post-thumbnail","hentry","category-players","category-players-2","tag-injured"],"acf":[],"yoast_head":"<!-- This site is optimized with the Yoast SEO plugin v27.3 - https:\/\/yoast.com\/product\/yoast-seo-wordpress\/ -->\n<title>Another &#039;signing&#039; for Bar\u00e7a! Christensen is already training normally<\/title>\n<meta name=\"description\" content=\"Andreas Christensen could go back to play this same week after a month lesionado. The central Danish completed a part of the training beside the rest of the group with total normality and expects that it receive the high in the next days\" \/>\n<meta name=\"robots\" content=\"index, follow, max-snippet:-1, max-image-preview:large, max-video-preview:-1\" \/>\n<link rel=\"canonical\" href=\"https:\/\/www.fcbarcelonanoticias.com\/en\/players\/another-signing-barca-christensen-already-trains-normally_291804_102.html\" \/>\n<meta property=\"og:locale\" content=\"en_US\" \/>\n<meta property=\"og:type\" content=\"article\" \/>\n<meta property=\"og:title\" content=\"Another &#039;signing&#039; for Bar\u00e7a! Christensen is already training normally\" \/>\n<meta property=\"og:description\" content=\"Andreas Christensen could go back to play this same week after a month lesionado. The central Danish completed a part of the training beside the rest of the group with total normality and expects that it receive the high in the next days\" \/>\n<meta property=\"og:url\" content=\"https:\/\/www.fcbarcelonanoticias.com\/en\/players\/another-signing-barca-christensen-already-trains-normally_291804_102.html\" \/>\n<meta property=\"og:site_name\" content=\"EN - FC Barcelona Noticias\" \/>\n<meta property=\"article:published_time\" content=\"2023-04-24T14:08:00+00:00\" \/>\n<meta property=\"article:modified_time\" content=\"2023-04-24T14:37:00+00:00\" \/>\n<meta property=\"og:image\" content=\"https:\/\/www.fcbarcelonanoticias.com\/en\/wp-content\/uploads\/sites\/2\/2023\/08\/christensen-vuelta-lesion.jpeg\" \/>\n\t<meta property=\"og:image:width\" content=\"1300\" \/>\n\t<meta property=\"og:image:height\" content=\"732\" \/>\n\t<meta property=\"og:image:type\" content=\"image\/jpeg\" \/>\n<meta name=\"author\" content=\"Eduardo Mart\u00edn Santos\" \/>\n<meta name=\"twitter:card\" content=\"summary_large_image\" \/>\n<meta name=\"twitter:label1\" content=\"Written by\" \/>\n\t<meta name=\"twitter:data1\" content=\"Eduardo Mart\u00edn Santos\" \/>\n\t<meta name=\"twitter:label2\" content=\"Est. reading time\" \/>\n\t<meta name=\"twitter:data2\" content=\"2 minutes\" \/>\n<script type=\"application\/ld+json\" class=\"yoast-schema-graph\">{\"@context\":\"https:\\\/\\\/schema.org\",\"@graph\":[{\"@type\":\"Article\",\"@id\":\"https:\\\/\\\/www.fcbarcelonanoticias.com\\\/en\\\/players\\\/another-signing-barca-christensen-already-trains-normally_291804_102.html#article\",\"isPartOf\":{\"@id\":\"https:\\\/\\\/www.fcbarcelonanoticias.com\\\/en\\\/players\\\/another-signing-barca-christensen-already-trains-normally_291804_102.html\"},\"author\":{\"name\":\"Eduardo Mart\u00edn Santos\",\"@id\":\"https:\\\/\\\/www.fcbarcelonanoticias.com\\\/en\\\/#\\\/schema\\\/person\\\/4bdbc782ba6060d3f7005b61e97fb753\"},\"headline\":\"Another &#8216;signing&#8217; for Bar\u00e7a! Christensen is already training normally\",\"datePublished\":\"2023-04-24T14:08:00+00:00\",\"dateModified\":\"2023-04-24T14:37:00+00:00\",\"mainEntityOfPage\":{\"@id\":\"https:\\\/\\\/www.fcbarcelonanoticias.com\\\/en\\\/players\\\/another-signing-barca-christensen-already-trains-normally_291804_102.html\"},\"wordCount\":473,\"image\":{\"@id\":\"https:\\\/\\\/www.fcbarcelonanoticias.com\\\/en\\\/players\\\/another-signing-barca-christensen-already-trains-normally_291804_102.html#primaryimage\"},\"thumbnailUrl\":\"https:\\\/\\\/www.fcbarcelonanoticias.com\\\/en\\\/wp-content\\\/uploads\\\/sites\\\/2\\\/2023\\\/08\\\/christensen-vuelta-lesion.jpeg\",\"keywords\":[\"injured\"],\"articleSection\":[\"Players\",\"Players\"],\"inLanguage\":\"en-US\"},{\"@type\":\"WebPage\",\"@id\":\"https:\\\/\\\/www.fcbarcelonanoticias.com\\\/en\\\/players\\\/another-signing-barca-christensen-already-trains-normally_291804_102.html\",\"url\":\"https:\\\/\\\/www.fcbarcelonanoticias.com\\\/en\\\/players\\\/another-signing-barca-christensen-already-trains-normally_291804_102.html\",\"name\":\"Another 'signing' for Bar\u00e7a! Christensen is already training normally\",\"isPartOf\":{\"@id\":\"https:\\\/\\\/www.fcbarcelonanoticias.com\\\/en\\\/#website\"},\"primaryImageOfPage\":{\"@id\":\"https:\\\/\\\/www.fcbarcelonanoticias.com\\\/en\\\/players\\\/another-signing-barca-christensen-already-trains-normally_291804_102.html#primaryimage\"},\"image\":{\"@id\":\"https:\\\/\\\/www.fcbarcelonanoticias.com\\\/en\\\/players\\\/another-signing-barca-christensen-already-trains-normally_291804_102.html#primaryimage\"},\"thumbnailUrl\":\"https:\\\/\\\/www.fcbarcelonanoticias.com\\\/en\\\/wp-content\\\/uploads\\\/sites\\\/2\\\/2023\\\/08\\\/christensen-vuelta-lesion.jpeg\",\"datePublished\":\"2023-04-24T14:08:00+00:00\",\"dateModified\":\"2023-04-24T14:37:00+00:00\",\"author\":{\"@id\":\"https:\\\/\\\/www.fcbarcelonanoticias.com\\\/en\\\/#\\\/schema\\\/person\\\/4bdbc782ba6060d3f7005b61e97fb753\"},\"description\":\"Andreas Christensen could go back to play this same week after a month lesionado. The central Danish completed a part of the training beside the rest of the group with total normality and expects that it receive the high in the next days\",\"breadcrumb\":{\"@id\":\"https:\\\/\\\/www.fcbarcelonanoticias.com\\\/en\\\/players\\\/another-signing-barca-christensen-already-trains-normally_291804_102.html#breadcrumb\"},\"inLanguage\":\"en-US\",\"potentialAction\":[{\"@type\":\"ReadAction\",\"target\":[\"https:\\\/\\\/www.fcbarcelonanoticias.com\\\/en\\\/players\\\/another-signing-barca-christensen-already-trains-normally_291804_102.html\"]}]},{\"@type\":\"ImageObject\",\"inLanguage\":\"en-US\",\"@id\":\"https:\\\/\\\/www.fcbarcelonanoticias.com\\\/en\\\/players\\\/another-signing-barca-christensen-already-trains-normally_291804_102.html#primaryimage\",\"url\":\"https:\\\/\\\/www.fcbarcelonanoticias.com\\\/en\\\/wp-content\\\/uploads\\\/sites\\\/2\\\/2023\\\/08\\\/christensen-vuelta-lesion.jpeg\",\"contentUrl\":\"https:\\\/\\\/www.fcbarcelonanoticias.com\\\/en\\\/wp-content\\\/uploads\\\/sites\\\/2\\\/2023\\\/08\\\/christensen-vuelta-lesion.jpeg\",\"width\":1300,\"height\":732},{\"@type\":\"BreadcrumbList\",\"@id\":\"https:\\\/\\\/www.fcbarcelonanoticias.com\\\/en\\\/players\\\/another-signing-barca-christensen-already-trains-normally_291804_102.html#breadcrumb\",\"itemListElement\":[{\"@type\":\"ListItem\",\"position\":1,\"name\":\"Portada\",\"item\":\"https:\\\/\\\/www.fcbarcelonanoticias.com\\\/en\\\/\"},{\"@type\":\"ListItem\",\"position\":2,\"name\":\"Another &#8216;signing&#8217; for Bar\u00e7a! Christensen is already training normally\"}]},{\"@type\":\"WebSite\",\"@id\":\"https:\\\/\\\/www.fcbarcelonanoticias.com\\\/en\\\/#website\",\"url\":\"https:\\\/\\\/www.fcbarcelonanoticias.com\\\/en\\\/\",\"name\":\"EN - FC Barcelona Noticias\",\"description\":\"\",\"potentialAction\":[{\"@type\":\"SearchAction\",\"target\":{\"@type\":\"EntryPoint\",\"urlTemplate\":\"https:\\\/\\\/www.fcbarcelonanoticias.com\\\/en\\\/?s={search_term_string}\"},\"query-input\":{\"@type\":\"PropertyValueSpecification\",\"valueRequired\":true,\"valueName\":\"search_term_string\"}}],\"inLanguage\":\"en-US\"},{\"@type\":\"Person\",\"@id\":\"https:\\\/\\\/www.fcbarcelonanoticias.com\\\/en\\\/#\\\/schema\\\/person\\\/4bdbc782ba6060d3f7005b61e97fb753\",\"name\":\"Eduardo Mart\u00edn Santos\",\"image\":{\"@type\":\"ImageObject\",\"inLanguage\":\"en-US\",\"@id\":\"https:\\\/\\\/secure.gravatar.com\\\/avatar\\\/?s=96&d=mm&r=g\",\"url\":\"https:\\\/\\\/secure.gravatar.com\\\/avatar\\\/?s=96&d=mm&r=g\",\"contentUrl\":\"https:\\\/\\\/secure.gravatar.com\\\/avatar\\\/?s=96&d=mm&r=g\",\"caption\":\"Eduardo Mart\u00edn Santos\"},\"url\":\"https:\\\/\\\/www.fcbarcelonanoticias.com\\\/en\\\/eduardo-martin_3_115.html\"}]}<\/script>\n<!-- \/ Yoast SEO plugin. -->","yoast_head_json":{"title":"Another 'signing' for Bar\u00e7a! Christensen is already training normally","description":"Andreas Christensen could go back to play this same week after a month lesionado. The central Danish completed a part of the training beside the rest of the group with total normality and expects that it receive the high in the next days","robots":{"index":"index","follow":"follow","max-snippet":"max-snippet:-1","max-image-preview":"max-image-preview:large","max-video-preview":"max-video-preview:-1"},"canonical":"https:\/\/www.fcbarcelonanoticias.com\/en\/players\/another-signing-barca-christensen-already-trains-normally_291804_102.html","og_locale":"en_US","og_type":"article","og_title":"Another 'signing' for Bar\u00e7a! Christensen is already training normally","og_description":"Andreas Christensen could go back to play this same week after a month lesionado. The central Danish completed a part of the training beside the rest of the group with total normality and expects that it receive the high in the next days","og_url":"https:\/\/www.fcbarcelonanoticias.com\/en\/players\/another-signing-barca-christensen-already-trains-normally_291804_102.html","og_site_name":"EN - FC Barcelona Noticias","article_published_time":"2023-04-24T14:08:00+00:00","article_modified_time":"2023-04-24T14:37:00+00:00","og_image":[{"width":1300,"height":732,"url":"https:\/\/www.fcbarcelonanoticias.com\/en\/wp-content\/uploads\/sites\/2\/2023\/08\/christensen-vuelta-lesion.jpeg","type":"image\/jpeg"}],"author":"Eduardo Mart\u00edn Santos","twitter_card":"summary_large_image","twitter_misc":{"Written by":"Eduardo Mart\u00edn Santos","Est. reading time":"2 minutes"},"schema":{"@context":"https:\/\/schema.org","@graph":[{"@type":"Article","@id":"https:\/\/www.fcbarcelonanoticias.com\/en\/players\/another-signing-barca-christensen-already-trains-normally_291804_102.html#article","isPartOf":{"@id":"https:\/\/www.fcbarcelonanoticias.com\/en\/players\/another-signing-barca-christensen-already-trains-normally_291804_102.html"},"author":{"name":"Eduardo Mart\u00edn Santos","@id":"https:\/\/www.fcbarcelonanoticias.com\/en\/#\/schema\/person\/4bdbc782ba6060d3f7005b61e97fb753"},"headline":"Another &#8216;signing&#8217; for Bar\u00e7a! Christensen is already training normally","datePublished":"2023-04-24T14:08:00+00:00","dateModified":"2023-04-24T14:37:00+00:00","mainEntityOfPage":{"@id":"https:\/\/www.fcbarcelonanoticias.com\/en\/players\/another-signing-barca-christensen-already-trains-normally_291804_102.html"},"wordCount":473,"image":{"@id":"https:\/\/www.fcbarcelonanoticias.com\/en\/players\/another-signing-barca-christensen-already-trains-normally_291804_102.html#primaryimage"},"thumbnailUrl":"https:\/\/www.fcbarcelonanoticias.com\/en\/wp-content\/uploads\/sites\/2\/2023\/08\/christensen-vuelta-lesion.jpeg","keywords":["injured"],"articleSection":["Players","Players"],"inLanguage":"en-US"},{"@type":"WebPage","@id":"https:\/\/www.fcbarcelonanoticias.com\/en\/players\/another-signing-barca-christensen-already-trains-normally_291804_102.html","url":"https:\/\/www.fcbarcelonanoticias.com\/en\/players\/another-signing-barca-christensen-already-trains-normally_291804_102.html","name":"Another 'signing' for Bar\u00e7a! Christensen is already training normally","isPartOf":{"@id":"https:\/\/www.fcbarcelonanoticias.com\/en\/#website"},"primaryImageOfPage":{"@id":"https:\/\/www.fcbarcelonanoticias.com\/en\/players\/another-signing-barca-christensen-already-trains-normally_291804_102.html#primaryimage"},"image":{"@id":"https:\/\/www.fcbarcelonanoticias.com\/en\/players\/another-signing-barca-christensen-already-trains-normally_291804_102.html#primaryimage"},"thumbnailUrl":"https:\/\/www.fcbarcelonanoticias.com\/en\/wp-content\/uploads\/sites\/2\/2023\/08\/christensen-vuelta-lesion.jpeg","datePublished":"2023-04-24T14:08:00+00:00","dateModified":"2023-04-24T14:37:00+00:00","author":{"@id":"https:\/\/www.fcbarcelonanoticias.com\/en\/#\/schema\/person\/4bdbc782ba6060d3f7005b61e97fb753"},"description":"Andreas Christensen could go back to play this same week after a month lesionado. The central Danish completed a part of the training beside the rest of the group with total normality and expects that it receive the high in the next days","breadcrumb":{"@id":"https:\/\/www.fcbarcelonanoticias.com\/en\/players\/another-signing-barca-christensen-already-trains-normally_291804_102.html#breadcrumb"},"inLanguage":"en-US","potentialAction":[{"@type":"ReadAction","target":["https:\/\/www.fcbarcelonanoticias.com\/en\/players\/another-signing-barca-christensen-already-trains-normally_291804_102.html"]}]},{"@type":"ImageObject","inLanguage":"en-US","@id":"https:\/\/www.fcbarcelonanoticias.com\/en\/players\/another-signing-barca-christensen-already-trains-normally_291804_102.html#primaryimage","url":"https:\/\/www.fcbarcelonanoticias.com\/en\/wp-content\/uploads\/sites\/2\/2023\/08\/christensen-vuelta-lesion.jpeg","contentUrl":"https:\/\/www.fcbarcelonanoticias.com\/en\/wp-content\/uploads\/sites\/2\/2023\/08\/christensen-vuelta-lesion.jpeg","width":1300,"height":732},{"@type":"BreadcrumbList","@id":"https:\/\/www.fcbarcelonanoticias.com\/en\/players\/another-signing-barca-christensen-already-trains-normally_291804_102.html#breadcrumb","itemListElement":[{"@type":"ListItem","position":1,"name":"Portada","item":"https:\/\/www.fcbarcelonanoticias.com\/en\/"},{"@type":"ListItem","position":2,"name":"Another &#8216;signing&#8217; for Bar\u00e7a! Christensen is already training normally"}]},{"@type":"WebSite","@id":"https:\/\/www.fcbarcelonanoticias.com\/en\/#website","url":"https:\/\/www.fcbarcelonanoticias.com\/en\/","name":"EN - FC Barcelona Noticias","description":"","potentialAction":[{"@type":"SearchAction","target":{"@type":"EntryPoint","urlTemplate":"https:\/\/www.fcbarcelonanoticias.com\/en\/?s={search_term_string}"},"query-input":{"@type":"PropertyValueSpecification","valueRequired":true,"valueName":"search_term_string"}}],"inLanguage":"en-US"},{"@type":"Person","@id":"https:\/\/www.fcbarcelonanoticias.com\/en\/#\/schema\/person\/4bdbc782ba6060d3f7005b61e97fb753","name":"Eduardo Mart\u00edn Santos","image":{"@type":"ImageObject","inLanguage":"en-US","@id":"https:\/\/secure.gravatar.com\/avatar\/?s=96&d=mm&r=g","url":"https:\/\/secure.gravatar.com\/avatar\/?s=96&d=mm&r=g","contentUrl":"https:\/\/secure.gravatar.com\/avatar\/?s=96&d=mm&r=g","caption":"Eduardo Mart\u00edn Santos"},"url":"https:\/\/www.fcbarcelonanoticias.com\/en\/eduardo-martin_3_115.html"}]}},"_links":{"self":[{"href":"https:\/\/www.fcbarcelonanoticias.com\/en\/wp-json\/wp\/v2\/posts\/67561","targetHints":{"allow":["GET"]}}],"collection":[{"href":"https:\/\/www.fcbarcelonanoticias.com\/en\/wp-json\/wp\/v2\/posts"}],"about":[{"href":"https:\/\/www.fcbarcelonanoticias.com\/en\/wp-json\/wp\/v2\/types\/post"}],"author":[{"embeddable":true,"href":"https:\/\/www.fcbarcelonanoticias.com\/en\/wp-json\/wp\/v2\/users\/359"}],"replies":[{"embeddable":true,"href":"https:\/\/www.fcbarcelonanoticias.com\/en\/wp-json\/wp\/v2\/comments?post=67561"}],"version-history":[{"count":1,"href":"https:\/\/www.fcbarcelonanoticias.com\/en\/wp-json\/wp\/v2\/posts\/67561\/revisions"}],"predecessor-version":[{"id":119394,"href":"https:\/\/www.fcbarcelonanoticias.com\/en\/wp-json\/wp\/v2\/posts\/67561\/revisions\/119394"}],"wp:featuredmedia":[{"embeddable":true,"href":"https:\/\/www.fcbarcelonanoticias.com\/en\/wp-json\/wp\/v2\/media\/48530"}],"wp:attachment":[{"href":"https:\/\/www.fcbarcelonanoticias.com\/en\/wp-json\/wp\/v2\/media?parent=67561"}],"wp:term":[{"taxonomy":"category","embeddable":true,"href":"https:\/\/www.fcbarcelonanoticias.com\/en\/wp-json\/wp\/v2\/categories?post=67561"},{"taxonomy":"post_tag","embeddable":true,"href":"https:\/\/www.fcbarcelonanoticias.com\/en\/wp-json\/wp\/v2\/tags?post=67561"}],"curies":[{"name":"wp","href":"https:\/\/api.w.org\/{rel}","templated":true}]}}