{"id":67563,"date":"2019-08-26T00:04:00","date_gmt":"2019-08-25T22:04:00","guid":{"rendered":"https:\/\/weisetech.dev\/fc-barcelona-noticias\/en\/ansu-fati-second-younger-debut-laliga-in-history-barcelona_251054_102\/"},"modified":"2026-04-07T09:53:44","modified_gmt":"2026-04-07T07:53:44","slug":"ansu-fati-second-younger-debut-laliga-in-history-barcelona_251054_102","status":"publish","type":"post","link":"https:\/\/www.fcbarcelonanoticias.com\/en\/players\/ansu-fati-second-younger-debut-laliga-in-history-barcelona_251054_102.html","title":{"rendered":"Ansu Fati, the second younger debut in LaLiga in the history of Bar\u00e7a"},"content":{"rendered":"<h2 class=\"wp-block-heading\">Bar\u00e7a got its first victory in LaLiga against Real Betis, in a match with a lot to celebrate. Ansu Fati became the second younger player in the history of the club in debuting in the competition<\/h2>  \r\n<div class=\"article-addons\">\r\n    <a href=\"https:\/\/www.fcbarcelonanoticias.com\/en\/calendar-fc-barcelona.html\"\r\n       target=\"_self\"\r\n       title=\"Calendar of FC Barcelona\"\r\n       class=\"blue-gredient-btn\">\r\n       \r\n        Calendar of FC Barcelona    <\/a>\r\n<\/div>   <p><strong>It touched to regret a trip in the first day, but <a data-external=\"0\" data-intl-links-en=\"https:\/\/www.fcbarcelonanoticias.com\/en\/laliga\/fc-barcelona-real-betis-5-2-laliga-2019-20_251044_102.html\" data-intl-links-es=\"https:\/\/www.fcbarcelonanoticias.com\/laliga\/fc-barcelona-real-betis-5-2-laliga-2019-20_251044_102.html\" href=\"https:\/\/www.fcbarcelonanoticias.com\/en\/laliga\/fc-barcelona-real-betis-5-2-laliga-2019-20_251044_102.html\" rel=\"follow\" target=\"_self\" title=\"El Bar\u00e7a golea al Betis sin Messi pero con sus talentos zurdos (5-2)\">the FC Barcelona already knows to win in LaLiga 2019-20<\/a><\/strong>. The Catalans carried a fright against the Real Betis and touched to trace back, but with an authentic partidazo lit the pigeonhole of victories and tieed up the three first points of the campaign. The triumph, further of the big feelings, left conclusions very positive.<\/p>  <p><strong>One of the more ilusionados by the return to the Camp Nou was Ansu Fati, that with 16 years debuted with the first team<\/strong>. The one of Guinea-Bissau had trained with the &#8216;greater&#8217; in the last days, and in front of the plague of drops that azota the forward, Ernesto Valverde opted for putting him in the list of summoned for the clash against the verdiblancos.<\/p>  <p><strong>The extreme is already the second younger player in the history of the club in debuting in the championship of the regularity<\/strong>, with exactly 16 years and 298 days. In precocity only surpasses him Vicente Mart\u00ednez, that in 1941 contested a Classical with 16 years and 278 days. In this list also appears the greater legend barcelonista, Leo Messi that it remains , in this case, with the sixth square.<\/p>  <p><strong>The juvenile did case of <a data-external=\"0\" data-intl-links-en=\"https:\/\/www.fcbarcelonanoticias.com\/en\/players\/affectionate-message-victor-valdes-for-ansu-fati-being-called-first-team_251039_102.html\" data-intl-links-es=\"https:\/\/www.fcbarcelonanoticias.com\/jugadores\/carinoso-mensaje-victor-valdes-para-ansu-fati-llamado-primer-equipo_251039_102.html\" href=\"https:\/\/www.fcbarcelonanoticias.com\/en\/players\/affectionate-message-victor-valdes-for-ansu-fati-being-called-first-team_251039_102.html\" rel=\"follow\" target=\"_self\" title=\"El cari\u00f1oso mensaje de V\u00edctor Vald\u00e9s para Ansu Fati tras ser llamado al primer equipo\">the councils that had given him his trainer, V\u00edctor Vald\u00e9s<\/a>, and in hardly some minutes won to the fans<\/strong>. In the 78 jumped to the terrain of game substituting to Carles P\u00e9rez, and with the impudence that awards him his youth and the tranquility of a veteran conquered to the cul\u00e9s with verticality, atrevimiento and a finish that ready it was to seal an unforgettable day, but that left licking the stick.<\/p>  <p>After the pitido final, the African remained some instants saboreando the moment, and afterwards, with the nerves still on the surface attended to the media: &#8220;<strong>The truth is that it was very nervous, but only have words of gratitude to all, to the club, to the m\u00edster and to the fans, that have received me very well<\/strong>. It looked to my parents, to my family, that are those that have accompanied me until arriving here. I have remained me there in the field because no believed it to me and now touches to enjoy the moment&#8221;.<\/p>  <h3>Valverde Begins to trust more in the Masia<\/h3>  <p>Although since it arrived it has criticised him by his approaches something conservative, <strong>Valverde has begun to give prominence to the Masia, that is being key in <a data-external=\"0\" data-intl-links-en=\"https:\/\/www.fcbarcelonanoticias.com\/en\/calendar\" data-intl-links-es=\"https:\/\/www.fcbarcelonanoticias.com\/calendario\" href=\"https:\/\/www.fcbarcelonanoticias.com\/en\/fc-barcelona\/calendar.html\" rel=\"follow\" target=\"_self\" title=\"Calendario\">the start of course<\/a><\/strong>. Footballers like Moussa Wagu\u00e9 have won a place in the staff, and others like Carles P\u00e9rez are taking advantage of the opportunity that suppose the injuries of Leo Messi, Luis Su\u00e1rez and Ousmane Demb\u00e9l\u00e9. Ansu Fati Is the last in writing his name in the selection of debutantes of the Txingurri, and expects that this was hardly the start of a brilliant path.<\/p> ","protected":false},"excerpt":{"rendered":"<p>Bar\u00e7a got its first victory in LaLiga against Real Betis, in a match with a lot to celebrate. Ansu Fati became the second younger player in the history of the club in debuting in the competition It touched to regret a trip in the first day, but the FC Barcelona already knows to win in [&hellip;]<\/p>\n","protected":false},"author":371,"featured_media":67568,"comment_status":"closed","ping_status":"open","sticky":false,"template":"","format":"standard","meta":{"_acf_changed":false,"inline_featured_image":false,"_nextfly_llmd_date_locked":false,"footnotes":""},"categories":[107,453],"tags":[157,181],"class_list":["post-67563","post","type-post","status-publish","format-standard","has-post-thumbnail","hentry","category-players","category-players-2","tag-statistics","tag-the-masia"],"acf":[],"yoast_head":"<!-- This site is optimized with the Yoast SEO plugin v27.3 - https:\/\/yoast.com\/product\/yoast-seo-wordpress\/ -->\n<title>Ansu Fati, the second younger debut in LaLiga in the history of Bar\u00e7a<\/title>\n<meta name=\"description\" content=\"The Bar\u00e7a attained his first victory in LaLiga against the Real Betis, in a party with a lot that celebrate. Ansu Fati Turned into the second player more jov...\" \/>\n<meta name=\"robots\" content=\"index, follow, max-snippet:-1, max-image-preview:large, max-video-preview:-1\" \/>\n<link rel=\"canonical\" href=\"https:\/\/www.fcbarcelonanoticias.com\/en\/players\/ansu-fati-second-younger-debut-laliga-in-history-barcelona_251054_102.html\" \/>\n<meta property=\"og:locale\" content=\"en_US\" \/>\n<meta property=\"og:type\" content=\"article\" \/>\n<meta property=\"og:title\" content=\"Ansu Fati, the second younger debut in LaLiga in the history of Bar\u00e7a\" \/>\n<meta property=\"og:description\" content=\"The Bar\u00e7a attained his first victory in LaLiga against the Real Betis, in a party with a lot that celebrate. Ansu Fati Turned into the second player more jov...\" \/>\n<meta property=\"og:url\" content=\"https:\/\/www.fcbarcelonanoticias.com\/en\/players\/ansu-fati-second-younger-debut-laliga-in-history-barcelona_251054_102.html\" \/>\n<meta property=\"og:site_name\" content=\"EN - FC Barcelona Noticias\" \/>\n<meta property=\"article:published_time\" content=\"2019-08-25T22:04:00+00:00\" \/>\n<meta property=\"article:modified_time\" content=\"2026-04-07T07:53:44+00:00\" \/>\n<meta property=\"og:image\" content=\"https:\/\/www.fcbarcelonanoticias.com\/en\/wp-content\/uploads\/sites\/2\/2019\/08\/ansufati-barcelona.jpeg\" \/>\n\t<meta property=\"og:image:width\" content=\"1200\" \/>\n\t<meta property=\"og:image:height\" content=\"675\" \/>\n\t<meta property=\"og:image:type\" content=\"image\/jpeg\" \/>\n<meta name=\"author\" content=\"Javier De Gea\" \/>\n<meta name=\"twitter:card\" content=\"summary_large_image\" \/>\n<meta name=\"twitter:label1\" content=\"Written by\" \/>\n\t<meta name=\"twitter:data1\" content=\"Javier De Gea\" \/>\n\t<meta name=\"twitter:label2\" content=\"Est. reading time\" \/>\n\t<meta name=\"twitter:data2\" content=\"3 minutes\" \/>\n<script type=\"application\/ld+json\" class=\"yoast-schema-graph\">{\"@context\":\"https:\\\/\\\/schema.org\",\"@graph\":[{\"@type\":\"Article\",\"@id\":\"https:\\\/\\\/www.fcbarcelonanoticias.com\\\/en\\\/players\\\/ansu-fati-second-younger-debut-laliga-in-history-barcelona_251054_102.html#article\",\"isPartOf\":{\"@id\":\"https:\\\/\\\/www.fcbarcelonanoticias.com\\\/en\\\/players\\\/ansu-fati-second-younger-debut-laliga-in-history-barcelona_251054_102.html\"},\"author\":{\"name\":\"Javier De Gea\",\"@id\":\"https:\\\/\\\/www.fcbarcelonanoticias.com\\\/en\\\/#\\\/schema\\\/person\\\/5b6c197c1a6ac109f0f4331ae71f3528\"},\"headline\":\"Ansu Fati, the second younger debut in LaLiga in the history of Bar\u00e7a\",\"datePublished\":\"2019-08-25T22:04:00+00:00\",\"dateModified\":\"2026-04-07T07:53:44+00:00\",\"mainEntityOfPage\":{\"@id\":\"https:\\\/\\\/www.fcbarcelonanoticias.com\\\/en\\\/players\\\/ansu-fati-second-younger-debut-laliga-in-history-barcelona_251054_102.html\"},\"wordCount\":529,\"image\":{\"@id\":\"https:\\\/\\\/www.fcbarcelonanoticias.com\\\/en\\\/players\\\/ansu-fati-second-younger-debut-laliga-in-history-barcelona_251054_102.html#primaryimage\"},\"thumbnailUrl\":\"https:\\\/\\\/www.fcbarcelonanoticias.com\\\/en\\\/wp-content\\\/uploads\\\/sites\\\/2\\\/2019\\\/08\\\/ansufati-barcelona.jpeg\",\"keywords\":[\"Statistics\",\"The Masia\"],\"articleSection\":[\"Players\",\"Players\"],\"inLanguage\":\"en-US\"},{\"@type\":\"WebPage\",\"@id\":\"https:\\\/\\\/www.fcbarcelonanoticias.com\\\/en\\\/players\\\/ansu-fati-second-younger-debut-laliga-in-history-barcelona_251054_102.html\",\"url\":\"https:\\\/\\\/www.fcbarcelonanoticias.com\\\/en\\\/players\\\/ansu-fati-second-younger-debut-laliga-in-history-barcelona_251054_102.html\",\"name\":\"Ansu Fati, the second younger debut in LaLiga in the history of Bar\u00e7a\",\"isPartOf\":{\"@id\":\"https:\\\/\\\/www.fcbarcelonanoticias.com\\\/en\\\/#website\"},\"primaryImageOfPage\":{\"@id\":\"https:\\\/\\\/www.fcbarcelonanoticias.com\\\/en\\\/players\\\/ansu-fati-second-younger-debut-laliga-in-history-barcelona_251054_102.html#primaryimage\"},\"image\":{\"@id\":\"https:\\\/\\\/www.fcbarcelonanoticias.com\\\/en\\\/players\\\/ansu-fati-second-younger-debut-laliga-in-history-barcelona_251054_102.html#primaryimage\"},\"thumbnailUrl\":\"https:\\\/\\\/www.fcbarcelonanoticias.com\\\/en\\\/wp-content\\\/uploads\\\/sites\\\/2\\\/2019\\\/08\\\/ansufati-barcelona.jpeg\",\"datePublished\":\"2019-08-25T22:04:00+00:00\",\"dateModified\":\"2026-04-07T07:53:44+00:00\",\"author\":{\"@id\":\"https:\\\/\\\/www.fcbarcelonanoticias.com\\\/en\\\/#\\\/schema\\\/person\\\/5b6c197c1a6ac109f0f4331ae71f3528\"},\"description\":\"The Bar\u00e7a attained his first victory in LaLiga against the Real Betis, in a party with a lot that celebrate. Ansu Fati Turned into the second player more jov...\",\"breadcrumb\":{\"@id\":\"https:\\\/\\\/www.fcbarcelonanoticias.com\\\/en\\\/players\\\/ansu-fati-second-younger-debut-laliga-in-history-barcelona_251054_102.html#breadcrumb\"},\"inLanguage\":\"en-US\",\"potentialAction\":[{\"@type\":\"ReadAction\",\"target\":[\"https:\\\/\\\/www.fcbarcelonanoticias.com\\\/en\\\/players\\\/ansu-fati-second-younger-debut-laliga-in-history-barcelona_251054_102.html\"]}]},{\"@type\":\"ImageObject\",\"inLanguage\":\"en-US\",\"@id\":\"https:\\\/\\\/www.fcbarcelonanoticias.com\\\/en\\\/players\\\/ansu-fati-second-younger-debut-laliga-in-history-barcelona_251054_102.html#primaryimage\",\"url\":\"https:\\\/\\\/www.fcbarcelonanoticias.com\\\/en\\\/wp-content\\\/uploads\\\/sites\\\/2\\\/2019\\\/08\\\/ansufati-barcelona.jpeg\",\"contentUrl\":\"https:\\\/\\\/www.fcbarcelonanoticias.com\\\/en\\\/wp-content\\\/uploads\\\/sites\\\/2\\\/2019\\\/08\\\/ansufati-barcelona.jpeg\",\"width\":1200,\"height\":675},{\"@type\":\"BreadcrumbList\",\"@id\":\"https:\\\/\\\/www.fcbarcelonanoticias.com\\\/en\\\/players\\\/ansu-fati-second-younger-debut-laliga-in-history-barcelona_251054_102.html#breadcrumb\",\"itemListElement\":[{\"@type\":\"ListItem\",\"position\":1,\"name\":\"Portada\",\"item\":\"https:\\\/\\\/www.fcbarcelonanoticias.com\\\/en\\\/\"},{\"@type\":\"ListItem\",\"position\":2,\"name\":\"Ansu Fati, the second younger debut in LaLiga in the history of Bar\u00e7a\"}]},{\"@type\":\"WebSite\",\"@id\":\"https:\\\/\\\/www.fcbarcelonanoticias.com\\\/en\\\/#website\",\"url\":\"https:\\\/\\\/www.fcbarcelonanoticias.com\\\/en\\\/\",\"name\":\"EN - FC Barcelona Noticias\",\"description\":\"\",\"potentialAction\":[{\"@type\":\"SearchAction\",\"target\":{\"@type\":\"EntryPoint\",\"urlTemplate\":\"https:\\\/\\\/www.fcbarcelonanoticias.com\\\/en\\\/?s={search_term_string}\"},\"query-input\":{\"@type\":\"PropertyValueSpecification\",\"valueRequired\":true,\"valueName\":\"search_term_string\"}}],\"inLanguage\":\"en-US\"},{\"@type\":\"Person\",\"@id\":\"https:\\\/\\\/www.fcbarcelonanoticias.com\\\/en\\\/#\\\/schema\\\/person\\\/5b6c197c1a6ac109f0f4331ae71f3528\",\"name\":\"Javier De Gea\",\"image\":{\"@type\":\"ImageObject\",\"inLanguage\":\"en-US\",\"@id\":\"https:\\\/\\\/secure.gravatar.com\\\/avatar\\\/8f3cc93e8dc14c2e2cf6f487ae1603bc78b95ec71130b4dbe516a96ea8a22160?s=96&d=mm&r=g\",\"url\":\"https:\\\/\\\/secure.gravatar.com\\\/avatar\\\/8f3cc93e8dc14c2e2cf6f487ae1603bc78b95ec71130b4dbe516a96ea8a22160?s=96&d=mm&r=g\",\"contentUrl\":\"https:\\\/\\\/secure.gravatar.com\\\/avatar\\\/8f3cc93e8dc14c2e2cf6f487ae1603bc78b95ec71130b4dbe516a96ea8a22160?s=96&d=mm&r=g\",\"caption\":\"Javier De Gea\"},\"url\":\"https:\\\/\\\/www.fcbarcelonanoticias.com\\\/en\\\/javier-de-gea_4_115.html\"}]}<\/script>\n<!-- \/ Yoast SEO plugin. -->","yoast_head_json":{"title":"Ansu Fati, the second younger debut in LaLiga in the history of Bar\u00e7a","description":"The Bar\u00e7a attained his first victory in LaLiga against the Real Betis, in a party with a lot that celebrate. Ansu Fati Turned into the second player more jov...","robots":{"index":"index","follow":"follow","max-snippet":"max-snippet:-1","max-image-preview":"max-image-preview:large","max-video-preview":"max-video-preview:-1"},"canonical":"https:\/\/www.fcbarcelonanoticias.com\/en\/players\/ansu-fati-second-younger-debut-laliga-in-history-barcelona_251054_102.html","og_locale":"en_US","og_type":"article","og_title":"Ansu Fati, the second younger debut in LaLiga in the history of Bar\u00e7a","og_description":"The Bar\u00e7a attained his first victory in LaLiga against the Real Betis, in a party with a lot that celebrate. Ansu Fati Turned into the second player more jov...","og_url":"https:\/\/www.fcbarcelonanoticias.com\/en\/players\/ansu-fati-second-younger-debut-laliga-in-history-barcelona_251054_102.html","og_site_name":"EN - FC Barcelona Noticias","article_published_time":"2019-08-25T22:04:00+00:00","article_modified_time":"2026-04-07T07:53:44+00:00","og_image":[{"width":1200,"height":675,"url":"https:\/\/www.fcbarcelonanoticias.com\/en\/wp-content\/uploads\/sites\/2\/2019\/08\/ansufati-barcelona.jpeg","type":"image\/jpeg"}],"author":"Javier De Gea","twitter_card":"summary_large_image","twitter_misc":{"Written by":"Javier De Gea","Est. reading time":"3 minutes"},"schema":{"@context":"https:\/\/schema.org","@graph":[{"@type":"Article","@id":"https:\/\/www.fcbarcelonanoticias.com\/en\/players\/ansu-fati-second-younger-debut-laliga-in-history-barcelona_251054_102.html#article","isPartOf":{"@id":"https:\/\/www.fcbarcelonanoticias.com\/en\/players\/ansu-fati-second-younger-debut-laliga-in-history-barcelona_251054_102.html"},"author":{"name":"Javier De Gea","@id":"https:\/\/www.fcbarcelonanoticias.com\/en\/#\/schema\/person\/5b6c197c1a6ac109f0f4331ae71f3528"},"headline":"Ansu Fati, the second younger debut in LaLiga in the history of Bar\u00e7a","datePublished":"2019-08-25T22:04:00+00:00","dateModified":"2026-04-07T07:53:44+00:00","mainEntityOfPage":{"@id":"https:\/\/www.fcbarcelonanoticias.com\/en\/players\/ansu-fati-second-younger-debut-laliga-in-history-barcelona_251054_102.html"},"wordCount":529,"image":{"@id":"https:\/\/www.fcbarcelonanoticias.com\/en\/players\/ansu-fati-second-younger-debut-laliga-in-history-barcelona_251054_102.html#primaryimage"},"thumbnailUrl":"https:\/\/www.fcbarcelonanoticias.com\/en\/wp-content\/uploads\/sites\/2\/2019\/08\/ansufati-barcelona.jpeg","keywords":["Statistics","The Masia"],"articleSection":["Players","Players"],"inLanguage":"en-US"},{"@type":"WebPage","@id":"https:\/\/www.fcbarcelonanoticias.com\/en\/players\/ansu-fati-second-younger-debut-laliga-in-history-barcelona_251054_102.html","url":"https:\/\/www.fcbarcelonanoticias.com\/en\/players\/ansu-fati-second-younger-debut-laliga-in-history-barcelona_251054_102.html","name":"Ansu Fati, the second younger debut in LaLiga in the history of Bar\u00e7a","isPartOf":{"@id":"https:\/\/www.fcbarcelonanoticias.com\/en\/#website"},"primaryImageOfPage":{"@id":"https:\/\/www.fcbarcelonanoticias.com\/en\/players\/ansu-fati-second-younger-debut-laliga-in-history-barcelona_251054_102.html#primaryimage"},"image":{"@id":"https:\/\/www.fcbarcelonanoticias.com\/en\/players\/ansu-fati-second-younger-debut-laliga-in-history-barcelona_251054_102.html#primaryimage"},"thumbnailUrl":"https:\/\/www.fcbarcelonanoticias.com\/en\/wp-content\/uploads\/sites\/2\/2019\/08\/ansufati-barcelona.jpeg","datePublished":"2019-08-25T22:04:00+00:00","dateModified":"2026-04-07T07:53:44+00:00","author":{"@id":"https:\/\/www.fcbarcelonanoticias.com\/en\/#\/schema\/person\/5b6c197c1a6ac109f0f4331ae71f3528"},"description":"The Bar\u00e7a attained his first victory in LaLiga against the Real Betis, in a party with a lot that celebrate. Ansu Fati Turned into the second player more jov...","breadcrumb":{"@id":"https:\/\/www.fcbarcelonanoticias.com\/en\/players\/ansu-fati-second-younger-debut-laliga-in-history-barcelona_251054_102.html#breadcrumb"},"inLanguage":"en-US","potentialAction":[{"@type":"ReadAction","target":["https:\/\/www.fcbarcelonanoticias.com\/en\/players\/ansu-fati-second-younger-debut-laliga-in-history-barcelona_251054_102.html"]}]},{"@type":"ImageObject","inLanguage":"en-US","@id":"https:\/\/www.fcbarcelonanoticias.com\/en\/players\/ansu-fati-second-younger-debut-laliga-in-history-barcelona_251054_102.html#primaryimage","url":"https:\/\/www.fcbarcelonanoticias.com\/en\/wp-content\/uploads\/sites\/2\/2019\/08\/ansufati-barcelona.jpeg","contentUrl":"https:\/\/www.fcbarcelonanoticias.com\/en\/wp-content\/uploads\/sites\/2\/2019\/08\/ansufati-barcelona.jpeg","width":1200,"height":675},{"@type":"BreadcrumbList","@id":"https:\/\/www.fcbarcelonanoticias.com\/en\/players\/ansu-fati-second-younger-debut-laliga-in-history-barcelona_251054_102.html#breadcrumb","itemListElement":[{"@type":"ListItem","position":1,"name":"Portada","item":"https:\/\/www.fcbarcelonanoticias.com\/en\/"},{"@type":"ListItem","position":2,"name":"Ansu Fati, the second younger debut in LaLiga in the history of Bar\u00e7a"}]},{"@type":"WebSite","@id":"https:\/\/www.fcbarcelonanoticias.com\/en\/#website","url":"https:\/\/www.fcbarcelonanoticias.com\/en\/","name":"EN - FC Barcelona Noticias","description":"","potentialAction":[{"@type":"SearchAction","target":{"@type":"EntryPoint","urlTemplate":"https:\/\/www.fcbarcelonanoticias.com\/en\/?s={search_term_string}"},"query-input":{"@type":"PropertyValueSpecification","valueRequired":true,"valueName":"search_term_string"}}],"inLanguage":"en-US"},{"@type":"Person","@id":"https:\/\/www.fcbarcelonanoticias.com\/en\/#\/schema\/person\/5b6c197c1a6ac109f0f4331ae71f3528","name":"Javier De Gea","image":{"@type":"ImageObject","inLanguage":"en-US","@id":"https:\/\/secure.gravatar.com\/avatar\/8f3cc93e8dc14c2e2cf6f487ae1603bc78b95ec71130b4dbe516a96ea8a22160?s=96&d=mm&r=g","url":"https:\/\/secure.gravatar.com\/avatar\/8f3cc93e8dc14c2e2cf6f487ae1603bc78b95ec71130b4dbe516a96ea8a22160?s=96&d=mm&r=g","contentUrl":"https:\/\/secure.gravatar.com\/avatar\/8f3cc93e8dc14c2e2cf6f487ae1603bc78b95ec71130b4dbe516a96ea8a22160?s=96&d=mm&r=g","caption":"Javier De Gea"},"url":"https:\/\/www.fcbarcelonanoticias.com\/en\/javier-de-gea_4_115.html"}]}},"_links":{"self":[{"href":"https:\/\/www.fcbarcelonanoticias.com\/en\/wp-json\/wp\/v2\/posts\/67563","targetHints":{"allow":["GET"]}}],"collection":[{"href":"https:\/\/www.fcbarcelonanoticias.com\/en\/wp-json\/wp\/v2\/posts"}],"about":[{"href":"https:\/\/www.fcbarcelonanoticias.com\/en\/wp-json\/wp\/v2\/types\/post"}],"author":[{"embeddable":true,"href":"https:\/\/www.fcbarcelonanoticias.com\/en\/wp-json\/wp\/v2\/users\/371"}],"replies":[{"embeddable":true,"href":"https:\/\/www.fcbarcelonanoticias.com\/en\/wp-json\/wp\/v2\/comments?post=67563"}],"version-history":[{"count":1,"href":"https:\/\/www.fcbarcelonanoticias.com\/en\/wp-json\/wp\/v2\/posts\/67563\/revisions"}],"predecessor-version":[{"id":119408,"href":"https:\/\/www.fcbarcelonanoticias.com\/en\/wp-json\/wp\/v2\/posts\/67563\/revisions\/119408"}],"wp:featuredmedia":[{"embeddable":true,"href":"https:\/\/www.fcbarcelonanoticias.com\/en\/wp-json\/wp\/v2\/media\/67568"}],"wp:attachment":[{"href":"https:\/\/www.fcbarcelonanoticias.com\/en\/wp-json\/wp\/v2\/media?parent=67563"}],"wp:term":[{"taxonomy":"category","embeddable":true,"href":"https:\/\/www.fcbarcelonanoticias.com\/en\/wp-json\/wp\/v2\/categories?post=67563"},{"taxonomy":"post_tag","embeddable":true,"href":"https:\/\/www.fcbarcelonanoticias.com\/en\/wp-json\/wp\/v2\/tags?post=67563"}],"curies":[{"name":"wp","href":"https:\/\/api.w.org\/{rel}","templated":true}]}}