{"id":67721,"date":"2023-09-11T23:48:00","date_gmt":"2023-09-11T21:48:00","guid":{"rendered":"https:\/\/weisetech.dev\/fc-barcelona-noticias\/en\/didier-deschamps-could-do-him-favour-to-the-barca-with-jules-kounde_296044_102\/"},"modified":"2023-09-11T23:49:00","modified_gmt":"2023-09-11T21:49:00","slug":"didier-deschamps-could-do-him-favour-to-the-barca-with-jules-kounde_296044_102","status":"publish","type":"post","link":"https:\/\/www.fcbarcelonanoticias.com\/en\/national-teams\/didier-deschamps-could-do-him-favour-to-the-barca-with-jules-kounde_296044_102.html","title":{"rendered":"Didier Deschamps could do Bar\u00e7a a &#8216;favor&#8217; with Jules Kound\u00e9"},"content":{"rendered":"<h2 class=\"wp-block-heading\">According to recent information from the newspaper &#8216;L&#8217;Equipe&#8217;, Jules Kound\u00e9 would not be part of France&#8217;s starting lineup for their friendly match against Germany, this Tuesday starting at 9:00 p.m.<\/h2>  \r\n<div class=\"article-addons\">\r\n    <a href=\"https:\/\/www.fcbarcelonanoticias.com\/en\/calendar-fc-barcelona.html\"\r\n       target=\"_self\"\r\n       title=\"Calendar of FC Barcelona\"\r\n       class=\"blue-gredient-btn\">\r\n       \r\n        Calendar of FC Barcelona    <\/a>\r\n<\/div>   <p>The <a data-external=\"0\" data-intl-links-en=\"https:\/\/www.fcbarcelonanoticias.com\/en\/fc-barcelona\" data-intl-links-es=\"https:\/\/www.fcbarcelonanoticias.com\/fc-barcelona\" href=\"https:\/\/www.fcbarcelonanoticias.com\/en\/football-soccer\/fc-barcelona.html\" rel=\"follow\" target=\"_self\" title=\"FC Barcelona\">FC Barcelona<\/a> follows with a lot of detenimiento to the thirteen players that were summoned with his selections in the first stop of the FIFA of this season. With the &#8216;loaded&#8217; of the calendar, <strong>Xavi Hern\u00e1ndez can not lose to key players..<\/strong>. Especially when the Champions League will begin in question of days.<\/p>  <p>For the moment, five players of the Barcelona group have finished his commitments with his selections without physical consequences. Robert Lewandowski, Frenkie of Jong, Andreas Christensen, Joao Cancel and Joao F\u00e9lix have given by finalised his stop of selections without any setback&#8230; And <strong>Jules Kound\u00e9 could be the following in going back healthy and save to the City Condal. <\/strong><\/p>  <h2>Kound\u00e9 Would remain in the banquilo against Germany<\/h2>  <p>The central been born in Paris could remain in the bench in the friendly that will contest France against Germany this Wednesday from the 21:00 hours (9:00 PM CEST).<strong> It comes to contest ninety minutes in the victory of the French in front of Ireland (2-0). <\/strong>The Barcelona was not especially comfortable in the right side, but in spite of this was correct and there was not any setback.<\/p>  <p>The true is that, of agreement to an information of &#8216;L&#8217;Instrument&#8217;, Didier Deschamps will take advantage of to give rest to the majority of his players and bet by an alignment more &#8216;alternative&#8217; in which they would appear Maignan in the goal,<strong> backed by the defence formed by Pavard (in replacement of Kound\u00e9), <\/strong>Saliba with Todibo\/Upamecano in the axis, whereas Theo would go back in the left side.<\/p>  <p>In the centre of the field would be Eduardo Camavinga and Aureli\u00e9n Tchouameni with Antoine Griezmann more advanced so that the references in attack are Mbapp\u00e9, Kinsley Eat and Kolo Muani. In case that it confirm and Kound\u00e9 remain in the bench, would be one very good news for the Bar\u00e7a so that the central arrive more rested and<strong> smart to keep on being indisputable headline in the XI of Xavi Hern\u00e1ndez. <\/strong><\/p> ","protected":false},"excerpt":{"rendered":"<p>According to recent information from the newspaper &#8216;L&#8217;Equipe&#8217;, Jules Kound\u00e9 would not be part of France&#8217;s starting lineup for their friendly match against Germany, this Tuesday starting at 9:00 p.m. The FC Barcelona follows with a lot of detenimiento to the thirteen players that were summoned with his selections in the first stop of the [&hellip;]<\/p>\n","protected":false},"author":0,"featured_media":67727,"comment_status":"closed","ping_status":"open","sticky":false,"template":"","format":"standard","meta":{"_acf_changed":false,"inline_featured_image":false,"_nextfly_llmd_date_locked":false,"footnotes":""},"categories":[111],"tags":[],"class_list":["post-67721","post","type-post","status-publish","format-standard","has-post-thumbnail","hentry","category-fc-barcelona"],"acf":[],"yoast_head":"<!-- This site is optimized with the Yoast SEO plugin v27.3 - https:\/\/yoast.com\/product\/yoast-seo-wordpress\/ -->\n<title>Didier Deschamps could do him a &#039;favour&#039; to the Bar\u00e7a with Jules Kound\u00e9<\/title>\n<meta name=\"description\" content=\"According to a recent information of the newspaper &#039;L&#039;Instrument&#039;, Jules Kound\u00e9 would not form part of the initial alignment of France for his friendly party against Germany, this Tuesday from the 21:00 hours\" \/>\n<meta name=\"robots\" content=\"index, follow, max-snippet:-1, max-image-preview:large, max-video-preview:-1\" \/>\n<link rel=\"canonical\" href=\"https:\/\/www.fcbarcelonanoticias.com\/en\/national-teams\/didier-deschamps-could-do-him-favour-to-the-barca-with-jules-kounde_296044_102.html\" \/>\n<meta property=\"og:locale\" content=\"en_US\" \/>\n<meta property=\"og:type\" content=\"article\" \/>\n<meta property=\"og:title\" content=\"Didier Deschamps could do him a &#039;favour&#039; to the Bar\u00e7a with Jules Kound\u00e9\" \/>\n<meta property=\"og:description\" content=\"According to a recent information of the newspaper &#039;L&#039;Instrument&#039;, Jules Kound\u00e9 would not form part of the initial alignment of France for his friendly party against Germany, this Tuesday from the 21:00 hours\" \/>\n<meta property=\"og:url\" content=\"https:\/\/www.fcbarcelonanoticias.com\/en\/national-teams\/didier-deschamps-could-do-him-favour-to-the-barca-with-jules-kounde_296044_102.html\" \/>\n<meta property=\"og:site_name\" content=\"EN - FC Barcelona Noticias\" \/>\n<meta property=\"article:published_time\" content=\"2023-09-11T21:48:00+00:00\" \/>\n<meta property=\"article:modified_time\" content=\"2023-09-11T21:49:00+00:00\" \/>\n<meta property=\"og:image\" content=\"https:\/\/www.fcbarcelonanoticias.com\/en\/wp-content\/uploads\/sites\/2\/2023\/09\/jules-kounde-con-la-seleccion-de-francia-1.jpeg\" \/>\n\t<meta property=\"og:image:width\" content=\"1200\" \/>\n\t<meta property=\"og:image:height\" content=\"675\" \/>\n\t<meta property=\"og:image:type\" content=\"image\/jpeg\" \/>\n<meta name=\"twitter:card\" content=\"summary_large_image\" \/>\n<meta name=\"twitter:label1\" content=\"Est. reading time\" \/>\n\t<meta name=\"twitter:data1\" content=\"2 minutes\" \/>\n<script type=\"application\/ld+json\" class=\"yoast-schema-graph\">{\"@context\":\"https:\\\/\\\/schema.org\",\"@graph\":[{\"@type\":\"Article\",\"@id\":\"https:\\\/\\\/www.fcbarcelonanoticias.com\\\/en\\\/national-teams\\\/didier-deschamps-could-do-him-favour-to-the-barca-with-jules-kounde_296044_102.html#article\",\"isPartOf\":{\"@id\":\"https:\\\/\\\/www.fcbarcelonanoticias.com\\\/en\\\/national-teams\\\/didier-deschamps-could-do-him-favour-to-the-barca-with-jules-kounde_296044_102.html\"},\"author\":{\"name\":\"\",\"@id\":\"\"},\"headline\":\"Didier Deschamps could do Bar\u00e7a a &#8216;favor&#8217; with Jules Kound\u00e9\",\"datePublished\":\"2023-09-11T21:48:00+00:00\",\"dateModified\":\"2023-09-11T21:49:00+00:00\",\"mainEntityOfPage\":{\"@id\":\"https:\\\/\\\/www.fcbarcelonanoticias.com\\\/en\\\/national-teams\\\/didier-deschamps-could-do-him-favour-to-the-barca-with-jules-kounde_296044_102.html\"},\"wordCount\":378,\"image\":{\"@id\":\"https:\\\/\\\/www.fcbarcelonanoticias.com\\\/en\\\/national-teams\\\/didier-deschamps-could-do-him-favour-to-the-barca-with-jules-kounde_296044_102.html#primaryimage\"},\"thumbnailUrl\":\"https:\\\/\\\/www.fcbarcelonanoticias.com\\\/en\\\/wp-content\\\/uploads\\\/sites\\\/2\\\/2023\\\/09\\\/jules-kounde-con-la-seleccion-de-francia-1.jpeg\",\"articleSection\":[\"FC Barcelona\"],\"inLanguage\":\"en-US\"},{\"@type\":\"WebPage\",\"@id\":\"https:\\\/\\\/www.fcbarcelonanoticias.com\\\/en\\\/national-teams\\\/didier-deschamps-could-do-him-favour-to-the-barca-with-jules-kounde_296044_102.html\",\"url\":\"https:\\\/\\\/www.fcbarcelonanoticias.com\\\/en\\\/national-teams\\\/didier-deschamps-could-do-him-favour-to-the-barca-with-jules-kounde_296044_102.html\",\"name\":\"Didier Deschamps could do him a 'favour' to the Bar\u00e7a with Jules Kound\u00e9\",\"isPartOf\":{\"@id\":\"https:\\\/\\\/www.fcbarcelonanoticias.com\\\/en\\\/#website\"},\"primaryImageOfPage\":{\"@id\":\"https:\\\/\\\/www.fcbarcelonanoticias.com\\\/en\\\/national-teams\\\/didier-deschamps-could-do-him-favour-to-the-barca-with-jules-kounde_296044_102.html#primaryimage\"},\"image\":{\"@id\":\"https:\\\/\\\/www.fcbarcelonanoticias.com\\\/en\\\/national-teams\\\/didier-deschamps-could-do-him-favour-to-the-barca-with-jules-kounde_296044_102.html#primaryimage\"},\"thumbnailUrl\":\"https:\\\/\\\/www.fcbarcelonanoticias.com\\\/en\\\/wp-content\\\/uploads\\\/sites\\\/2\\\/2023\\\/09\\\/jules-kounde-con-la-seleccion-de-francia-1.jpeg\",\"datePublished\":\"2023-09-11T21:48:00+00:00\",\"dateModified\":\"2023-09-11T21:49:00+00:00\",\"author\":{\"@id\":\"\"},\"description\":\"According to a recent information of the newspaper 'L'Instrument', Jules Kound\u00e9 would not form part of the initial alignment of France for his friendly party against Germany, this Tuesday from the 21:00 hours\",\"breadcrumb\":{\"@id\":\"https:\\\/\\\/www.fcbarcelonanoticias.com\\\/en\\\/national-teams\\\/didier-deschamps-could-do-him-favour-to-the-barca-with-jules-kounde_296044_102.html#breadcrumb\"},\"inLanguage\":\"en-US\",\"potentialAction\":[{\"@type\":\"ReadAction\",\"target\":[\"https:\\\/\\\/www.fcbarcelonanoticias.com\\\/en\\\/national-teams\\\/didier-deschamps-could-do-him-favour-to-the-barca-with-jules-kounde_296044_102.html\"]}]},{\"@type\":\"ImageObject\",\"inLanguage\":\"en-US\",\"@id\":\"https:\\\/\\\/www.fcbarcelonanoticias.com\\\/en\\\/national-teams\\\/didier-deschamps-could-do-him-favour-to-the-barca-with-jules-kounde_296044_102.html#primaryimage\",\"url\":\"https:\\\/\\\/www.fcbarcelonanoticias.com\\\/en\\\/wp-content\\\/uploads\\\/sites\\\/2\\\/2023\\\/09\\\/jules-kounde-con-la-seleccion-de-francia-1.jpeg\",\"contentUrl\":\"https:\\\/\\\/www.fcbarcelonanoticias.com\\\/en\\\/wp-content\\\/uploads\\\/sites\\\/2\\\/2023\\\/09\\\/jules-kounde-con-la-seleccion-de-francia-1.jpeg\",\"width\":1200,\"height\":675},{\"@type\":\"BreadcrumbList\",\"@id\":\"https:\\\/\\\/www.fcbarcelonanoticias.com\\\/en\\\/national-teams\\\/didier-deschamps-could-do-him-favour-to-the-barca-with-jules-kounde_296044_102.html#breadcrumb\",\"itemListElement\":[{\"@type\":\"ListItem\",\"position\":1,\"name\":\"Portada\",\"item\":\"https:\\\/\\\/www.fcbarcelonanoticias.com\\\/en\\\/\"},{\"@type\":\"ListItem\",\"position\":2,\"name\":\"Didier Deschamps could do Bar\u00e7a a &#8216;favor&#8217; with Jules Kound\u00e9\"}]},{\"@type\":\"WebSite\",\"@id\":\"https:\\\/\\\/www.fcbarcelonanoticias.com\\\/en\\\/#website\",\"url\":\"https:\\\/\\\/www.fcbarcelonanoticias.com\\\/en\\\/\",\"name\":\"EN - FC Barcelona Noticias\",\"description\":\"\",\"potentialAction\":[{\"@type\":\"SearchAction\",\"target\":{\"@type\":\"EntryPoint\",\"urlTemplate\":\"https:\\\/\\\/www.fcbarcelonanoticias.com\\\/en\\\/?s={search_term_string}\"},\"query-input\":{\"@type\":\"PropertyValueSpecification\",\"valueRequired\":true,\"valueName\":\"search_term_string\"}}],\"inLanguage\":\"en-US\"}]}<\/script>\n<!-- \/ Yoast SEO plugin. -->","yoast_head_json":{"title":"Didier Deschamps could do him a 'favour' to the Bar\u00e7a with Jules Kound\u00e9","description":"According to a recent information of the newspaper 'L'Instrument', Jules Kound\u00e9 would not form part of the initial alignment of France for his friendly party against Germany, this Tuesday from the 21:00 hours","robots":{"index":"index","follow":"follow","max-snippet":"max-snippet:-1","max-image-preview":"max-image-preview:large","max-video-preview":"max-video-preview:-1"},"canonical":"https:\/\/www.fcbarcelonanoticias.com\/en\/national-teams\/didier-deschamps-could-do-him-favour-to-the-barca-with-jules-kounde_296044_102.html","og_locale":"en_US","og_type":"article","og_title":"Didier Deschamps could do him a 'favour' to the Bar\u00e7a with Jules Kound\u00e9","og_description":"According to a recent information of the newspaper 'L'Instrument', Jules Kound\u00e9 would not form part of the initial alignment of France for his friendly party against Germany, this Tuesday from the 21:00 hours","og_url":"https:\/\/www.fcbarcelonanoticias.com\/en\/national-teams\/didier-deschamps-could-do-him-favour-to-the-barca-with-jules-kounde_296044_102.html","og_site_name":"EN - FC Barcelona Noticias","article_published_time":"2023-09-11T21:48:00+00:00","article_modified_time":"2023-09-11T21:49:00+00:00","og_image":[{"width":1200,"height":675,"url":"https:\/\/www.fcbarcelonanoticias.com\/en\/wp-content\/uploads\/sites\/2\/2023\/09\/jules-kounde-con-la-seleccion-de-francia-1.jpeg","type":"image\/jpeg"}],"twitter_card":"summary_large_image","twitter_misc":{"Est. reading time":"2 minutes"},"schema":{"@context":"https:\/\/schema.org","@graph":[{"@type":"Article","@id":"https:\/\/www.fcbarcelonanoticias.com\/en\/national-teams\/didier-deschamps-could-do-him-favour-to-the-barca-with-jules-kounde_296044_102.html#article","isPartOf":{"@id":"https:\/\/www.fcbarcelonanoticias.com\/en\/national-teams\/didier-deschamps-could-do-him-favour-to-the-barca-with-jules-kounde_296044_102.html"},"author":{"name":"","@id":""},"headline":"Didier Deschamps could do Bar\u00e7a a &#8216;favor&#8217; with Jules Kound\u00e9","datePublished":"2023-09-11T21:48:00+00:00","dateModified":"2023-09-11T21:49:00+00:00","mainEntityOfPage":{"@id":"https:\/\/www.fcbarcelonanoticias.com\/en\/national-teams\/didier-deschamps-could-do-him-favour-to-the-barca-with-jules-kounde_296044_102.html"},"wordCount":378,"image":{"@id":"https:\/\/www.fcbarcelonanoticias.com\/en\/national-teams\/didier-deschamps-could-do-him-favour-to-the-barca-with-jules-kounde_296044_102.html#primaryimage"},"thumbnailUrl":"https:\/\/www.fcbarcelonanoticias.com\/en\/wp-content\/uploads\/sites\/2\/2023\/09\/jules-kounde-con-la-seleccion-de-francia-1.jpeg","articleSection":["FC Barcelona"],"inLanguage":"en-US"},{"@type":"WebPage","@id":"https:\/\/www.fcbarcelonanoticias.com\/en\/national-teams\/didier-deschamps-could-do-him-favour-to-the-barca-with-jules-kounde_296044_102.html","url":"https:\/\/www.fcbarcelonanoticias.com\/en\/national-teams\/didier-deschamps-could-do-him-favour-to-the-barca-with-jules-kounde_296044_102.html","name":"Didier Deschamps could do him a 'favour' to the Bar\u00e7a with Jules Kound\u00e9","isPartOf":{"@id":"https:\/\/www.fcbarcelonanoticias.com\/en\/#website"},"primaryImageOfPage":{"@id":"https:\/\/www.fcbarcelonanoticias.com\/en\/national-teams\/didier-deschamps-could-do-him-favour-to-the-barca-with-jules-kounde_296044_102.html#primaryimage"},"image":{"@id":"https:\/\/www.fcbarcelonanoticias.com\/en\/national-teams\/didier-deschamps-could-do-him-favour-to-the-barca-with-jules-kounde_296044_102.html#primaryimage"},"thumbnailUrl":"https:\/\/www.fcbarcelonanoticias.com\/en\/wp-content\/uploads\/sites\/2\/2023\/09\/jules-kounde-con-la-seleccion-de-francia-1.jpeg","datePublished":"2023-09-11T21:48:00+00:00","dateModified":"2023-09-11T21:49:00+00:00","author":{"@id":""},"description":"According to a recent information of the newspaper 'L'Instrument', Jules Kound\u00e9 would not form part of the initial alignment of France for his friendly party against Germany, this Tuesday from the 21:00 hours","breadcrumb":{"@id":"https:\/\/www.fcbarcelonanoticias.com\/en\/national-teams\/didier-deschamps-could-do-him-favour-to-the-barca-with-jules-kounde_296044_102.html#breadcrumb"},"inLanguage":"en-US","potentialAction":[{"@type":"ReadAction","target":["https:\/\/www.fcbarcelonanoticias.com\/en\/national-teams\/didier-deschamps-could-do-him-favour-to-the-barca-with-jules-kounde_296044_102.html"]}]},{"@type":"ImageObject","inLanguage":"en-US","@id":"https:\/\/www.fcbarcelonanoticias.com\/en\/national-teams\/didier-deschamps-could-do-him-favour-to-the-barca-with-jules-kounde_296044_102.html#primaryimage","url":"https:\/\/www.fcbarcelonanoticias.com\/en\/wp-content\/uploads\/sites\/2\/2023\/09\/jules-kounde-con-la-seleccion-de-francia-1.jpeg","contentUrl":"https:\/\/www.fcbarcelonanoticias.com\/en\/wp-content\/uploads\/sites\/2\/2023\/09\/jules-kounde-con-la-seleccion-de-francia-1.jpeg","width":1200,"height":675},{"@type":"BreadcrumbList","@id":"https:\/\/www.fcbarcelonanoticias.com\/en\/national-teams\/didier-deschamps-could-do-him-favour-to-the-barca-with-jules-kounde_296044_102.html#breadcrumb","itemListElement":[{"@type":"ListItem","position":1,"name":"Portada","item":"https:\/\/www.fcbarcelonanoticias.com\/en\/"},{"@type":"ListItem","position":2,"name":"Didier Deschamps could do Bar\u00e7a a &#8216;favor&#8217; with Jules Kound\u00e9"}]},{"@type":"WebSite","@id":"https:\/\/www.fcbarcelonanoticias.com\/en\/#website","url":"https:\/\/www.fcbarcelonanoticias.com\/en\/","name":"EN - FC Barcelona Noticias","description":"","potentialAction":[{"@type":"SearchAction","target":{"@type":"EntryPoint","urlTemplate":"https:\/\/www.fcbarcelonanoticias.com\/en\/?s={search_term_string}"},"query-input":{"@type":"PropertyValueSpecification","valueRequired":true,"valueName":"search_term_string"}}],"inLanguage":"en-US"}]}},"_links":{"self":[{"href":"https:\/\/www.fcbarcelonanoticias.com\/en\/wp-json\/wp\/v2\/posts\/67721","targetHints":{"allow":["GET"]}}],"collection":[{"href":"https:\/\/www.fcbarcelonanoticias.com\/en\/wp-json\/wp\/v2\/posts"}],"about":[{"href":"https:\/\/www.fcbarcelonanoticias.com\/en\/wp-json\/wp\/v2\/types\/post"}],"replies":[{"embeddable":true,"href":"https:\/\/www.fcbarcelonanoticias.com\/en\/wp-json\/wp\/v2\/comments?post=67721"}],"version-history":[{"count":2,"href":"https:\/\/www.fcbarcelonanoticias.com\/en\/wp-json\/wp\/v2\/posts\/67721\/revisions"}],"predecessor-version":[{"id":67723,"href":"https:\/\/www.fcbarcelonanoticias.com\/en\/wp-json\/wp\/v2\/posts\/67721\/revisions\/67723"}],"wp:featuredmedia":[{"embeddable":true,"href":"https:\/\/www.fcbarcelonanoticias.com\/en\/wp-json\/wp\/v2\/media\/67727"}],"wp:attachment":[{"href":"https:\/\/www.fcbarcelonanoticias.com\/en\/wp-json\/wp\/v2\/media?parent=67721"}],"wp:term":[{"taxonomy":"category","embeddable":true,"href":"https:\/\/www.fcbarcelonanoticias.com\/en\/wp-json\/wp\/v2\/categories?post=67721"},{"taxonomy":"post_tag","embeddable":true,"href":"https:\/\/www.fcbarcelonanoticias.com\/en\/wp-json\/wp\/v2\/tags?post=67721"}],"curies":[{"name":"wp","href":"https:\/\/api.w.org\/{rel}","templated":true}]}}