{"id":67761,"date":"2021-10-11T10:37:00","date_gmt":"2021-10-11T08:37:00","guid":{"rendered":"https:\/\/weisetech.dev\/fc-barcelona-noticias\/en\/eric-garcia-incredulo-after-the-decision-of-taylor-in-the-second-goal-of-france_273645_102\/"},"modified":"2021-10-11T10:37:00","modified_gmt":"2021-10-11T08:37:00","slug":"eric-garcia-incredulo-after-the-decision-of-taylor-in-the-second-goal-of-france_273645_102","status":"publish","type":"post","link":"https:\/\/www.fcbarcelonanoticias.com\/en\/national-teams\/eric-garcia-incredulo-after-the-decision-of-taylor-in-the-second-goal-of-france_273645_102.html","title":{"rendered":"Eric Garc\u00eda, incredulous after Taylor&#8217;s decision in France&#8217;s second goal"},"content":{"rendered":"<h2 class=\"wp-block-heading\">Mbapp\u00e9&#8217;s goal in Spain-France ignited the controversy, due to the Frenchman&#8217;s offside and one of the protagonists, Eric Garc\u00eda, spoke about it<\/h2>  \r\n<div class=\"article-addons\">\r\n    <a href=\"https:\/\/www.fcbarcelonanoticias.com\/en\/calendar-fc-barcelona.html\"\r\n       target=\"_self\"\r\n       title=\"Calendar of FC Barcelona\"\r\n       class=\"blue-gredient-btn\">\r\n       \r\n        Calendar of FC Barcelona    <\/a>\r\n<\/div>   <p><strong>Eric Garc\u00eda<\/strong> went back to the titularity with the selection of Spain in the final of <a data-external=\"0\" data-intl-links-en=\"https:\/\/www.fcbarcelonanoticias.com\/en\/tags\/uefa-nations-league\" data-intl-links-es=\"https:\/\/www.fcbarcelonanoticias.com\/tags\/uefa-nations-league\" href=\"https:\/\/www.fcbarcelonanoticias.com\/en\/tags\/uefa-nations-league.html\" rel=\"follow\" target=\"_self\" title=\"UEFA Nations League\">the UEFA Nations League<\/a> and was &#8216;protagonist&#8217; in the controversial goal of France that gave the victory to &#8216;them bleus&#8217;. <strong>Kylian Mbapp\u00e9 Beat to Unai Sim\u00f3n, but had split in a position irreglamentaria<\/strong> of almost half metre, &#8216;endorsed&#8217; by the Regulation, but that anybody finishes to comprise completely and that caused the indignation of all &#8216;The Red&#8217;.<\/p>  <p>The central of the <a data-external=\"0\" data-intl-links-en=\"https:\/\/www.fcbarcelonanoticias.com\/en\/fc-barcelona\" data-intl-links-es=\"https:\/\/www.fcbarcelonanoticias.com\/fc-barcelona\" href=\"https:\/\/www.fcbarcelonanoticias.com\/en\/football-soccer\/fc-barcelona.html\" rel=\"follow\" target=\"_self\" title=\"FC Barcelona\">FC Barcelona <\/a>touched the balloon after the pass of Theo Hern\u00e1ndez, in an attempt to cut it, and Anthony Taylor understands that it is enabling to Mbapp\u00e9, reason by which concedes the so much. Eric Garc\u00eda explained, after the party, the played and what commented him the referee: &#8220;I throw me, touch it with the swearword and Mbapp\u00e9 is offside.<strong> The referee says that have intention to play the balloon, says me that it would have to separate me and that Mbapp\u00e9 control it,<\/strong> that that is the rule&#8221;.<\/p>  <p>The defender showed more than incr\u00e9dulo with the referee&#8217;s decision and understands that it is a rule that, of some way, prejudices too much to the defenders, whose work, cost the redundancy, is to defend and try cut those that happen are possible: &#8220;I think that therefore it hurts more, or<strong>n defence never in the life can separate <\/strong>. Ojal\u00e1 Can change it&#8221;, stood out the footballer of 20 years.<\/p>  <p>On the other hand, <a data-external=\"0\" data-intl-links-en=\"https:\/\/www.fcbarcelonanoticias.com\/en\/tags\/eric-garcia\" data-intl-links-es=\"https:\/\/www.fcbarcelonanoticias.com\/tags\/eric-garcia\" href=\"https:\/\/www.fcbarcelonanoticias.com\/en\/player\/eric-garcia.html\" rel=\"follow\" target=\"_self\" title=\"Eric Garc\u00eda\">Eric Garc\u00eda<\/a> stood out the performance of Spain in the final of the League of Nations, that was very upper that a France that cost of the individualities of two of his big stars, Karim Benzema and Kylian Mbapp\u00e9: &#8220;<strong>The team has done a partidazo<\/strong>. The first 10 minutes have not been fine, but afterwards well. The team has showed a lot of personality. A penalty that empaten so fast&#8221;.<\/p>  <h3>Eric Garc\u00eda, with a lot of confidence<\/h3>  <p>The Barcelona head office has been very criticised in this beginning of season, because it has committed errors &#8216;childish&#8217; that have cost goals for the Bar\u00e7a, as well as two expulsions, one in League and another in <strong>Champions League<\/strong>, but has ensured that has a lot of confidence: &#8220;I try to give back the confidence to the seleccionador. The confidence have it always, here or in the Bar\u00e7a, <strong>know what have to improve and the errors that commit<\/strong>. I find me every time better, listening to which help me to improve&#8221;.<\/p> ","protected":false},"excerpt":{"rendered":"<p>Mbapp\u00e9&#8217;s goal in Spain-France ignited the controversy, due to the Frenchman&#8217;s offside and one of the protagonists, Eric Garc\u00eda, spoke about it Eric Garc\u00eda went back to the titularity with the selection of Spain in the final of the UEFA Nations League and was &#8216;protagonist&#8217; in the controversial goal of France that gave the victory [&hellip;]<\/p>\n","protected":false},"author":352,"featured_media":17477,"comment_status":"closed","ping_status":"open","sticky":false,"template":"","format":"standard","meta":{"_acf_changed":false,"inline_featured_image":false,"_nextfly_llmd_date_locked":false,"footnotes":""},"categories":[453,107],"tags":[190,140],"class_list":["post-67761","post","type-post","status-publish","format-standard","has-post-thumbnail","hentry","category-players-2","category-players","tag-referees","tag-uefa-nations-league"],"acf":[],"yoast_head":"<!-- This site is optimized with the Yoast SEO plugin v27.3 - https:\/\/yoast.com\/product\/yoast-seo-wordpress\/ -->\n<title>Eric Garc\u00eda, incredulous after Taylor&#039;s decision in France&#039;s second goal<\/title>\n<meta name=\"description\" content=\"The goal of Mbapp\u00e9 in the Spain-France lit the controversy, by the offside of the French and one of the protagonists, Eric Garc\u00eda, spoke in this regard\" \/>\n<meta name=\"robots\" content=\"index, follow, max-snippet:-1, max-image-preview:large, max-video-preview:-1\" \/>\n<link rel=\"canonical\" href=\"https:\/\/www.fcbarcelonanoticias.com\/en\/national-teams\/eric-garcia-incredulo-after-the-decision-of-taylor-in-the-second-goal-of-france_273645_102.html\" \/>\n<meta property=\"og:locale\" content=\"en_US\" \/>\n<meta property=\"og:type\" content=\"article\" \/>\n<meta property=\"og:title\" content=\"Eric Garc\u00eda, incredulous after Taylor&#039;s decision in France&#039;s second goal\" \/>\n<meta property=\"og:description\" content=\"The goal of Mbapp\u00e9 in the Spain-France lit the controversy, by the offside of the French and one of the protagonists, Eric Garc\u00eda, spoke in this regard\" \/>\n<meta property=\"og:url\" content=\"https:\/\/www.fcbarcelonanoticias.com\/en\/national-teams\/eric-garcia-incredulo-after-the-decision-of-taylor-in-the-second-goal-of-france_273645_102.html\" \/>\n<meta property=\"og:site_name\" content=\"EN - FC Barcelona Noticias\" \/>\n<meta property=\"article:published_time\" content=\"2021-10-11T08:37:00+00:00\" \/>\n<meta property=\"og:image\" content=\"https:\/\/www.fcbarcelonanoticias.com\/en\/wp-content\/uploads\/sites\/2\/2021\/12\/eric.jpeg\" \/>\n\t<meta property=\"og:image:width\" content=\"641\" \/>\n\t<meta property=\"og:image:height\" content=\"361\" \/>\n\t<meta property=\"og:image:type\" content=\"image\/jpeg\" \/>\n<meta name=\"author\" content=\"Paola Guevara\" \/>\n<meta name=\"twitter:card\" content=\"summary_large_image\" \/>\n<meta name=\"twitter:label1\" content=\"Written by\" \/>\n\t<meta name=\"twitter:data1\" content=\"Paola Guevara\" \/>\n\t<meta name=\"twitter:label2\" content=\"Est. reading time\" \/>\n\t<meta name=\"twitter:data2\" content=\"2 minutes\" \/>\n<script type=\"application\/ld+json\" class=\"yoast-schema-graph\">{\"@context\":\"https:\\\/\\\/schema.org\",\"@graph\":[{\"@type\":\"Article\",\"@id\":\"https:\\\/\\\/www.fcbarcelonanoticias.com\\\/en\\\/national-teams\\\/eric-garcia-incredulo-after-the-decision-of-taylor-in-the-second-goal-of-france_273645_102.html#article\",\"isPartOf\":{\"@id\":\"https:\\\/\\\/www.fcbarcelonanoticias.com\\\/en\\\/national-teams\\\/eric-garcia-incredulo-after-the-decision-of-taylor-in-the-second-goal-of-france_273645_102.html\"},\"author\":{\"name\":\"Paola Guevara\",\"@id\":\"https:\\\/\\\/www.fcbarcelonanoticias.com\\\/en\\\/#\\\/schema\\\/person\\\/3b408513ee236e64c3043ec901f019ee\"},\"headline\":\"Eric Garc\u00eda, incredulous after Taylor&#8217;s decision in France&#8217;s second goal\",\"datePublished\":\"2021-10-11T08:37:00+00:00\",\"mainEntityOfPage\":{\"@id\":\"https:\\\/\\\/www.fcbarcelonanoticias.com\\\/en\\\/national-teams\\\/eric-garcia-incredulo-after-the-decision-of-taylor-in-the-second-goal-of-france_273645_102.html\"},\"wordCount\":453,\"image\":{\"@id\":\"https:\\\/\\\/www.fcbarcelonanoticias.com\\\/en\\\/national-teams\\\/eric-garcia-incredulo-after-the-decision-of-taylor-in-the-second-goal-of-france_273645_102.html#primaryimage\"},\"thumbnailUrl\":\"https:\\\/\\\/www.fcbarcelonanoticias.com\\\/en\\\/wp-content\\\/uploads\\\/sites\\\/2\\\/2021\\\/12\\\/eric.jpeg\",\"keywords\":[\"Referees\",\"UEFA Nations League\"],\"articleSection\":[\"Players\",\"Players\"],\"inLanguage\":\"en-US\"},{\"@type\":\"WebPage\",\"@id\":\"https:\\\/\\\/www.fcbarcelonanoticias.com\\\/en\\\/national-teams\\\/eric-garcia-incredulo-after-the-decision-of-taylor-in-the-second-goal-of-france_273645_102.html\",\"url\":\"https:\\\/\\\/www.fcbarcelonanoticias.com\\\/en\\\/national-teams\\\/eric-garcia-incredulo-after-the-decision-of-taylor-in-the-second-goal-of-france_273645_102.html\",\"name\":\"Eric Garc\u00eda, incredulous after Taylor's decision in France's second goal\",\"isPartOf\":{\"@id\":\"https:\\\/\\\/www.fcbarcelonanoticias.com\\\/en\\\/#website\"},\"primaryImageOfPage\":{\"@id\":\"https:\\\/\\\/www.fcbarcelonanoticias.com\\\/en\\\/national-teams\\\/eric-garcia-incredulo-after-the-decision-of-taylor-in-the-second-goal-of-france_273645_102.html#primaryimage\"},\"image\":{\"@id\":\"https:\\\/\\\/www.fcbarcelonanoticias.com\\\/en\\\/national-teams\\\/eric-garcia-incredulo-after-the-decision-of-taylor-in-the-second-goal-of-france_273645_102.html#primaryimage\"},\"thumbnailUrl\":\"https:\\\/\\\/www.fcbarcelonanoticias.com\\\/en\\\/wp-content\\\/uploads\\\/sites\\\/2\\\/2021\\\/12\\\/eric.jpeg\",\"datePublished\":\"2021-10-11T08:37:00+00:00\",\"author\":{\"@id\":\"https:\\\/\\\/www.fcbarcelonanoticias.com\\\/en\\\/#\\\/schema\\\/person\\\/3b408513ee236e64c3043ec901f019ee\"},\"description\":\"The goal of Mbapp\u00e9 in the Spain-France lit the controversy, by the offside of the French and one of the protagonists, Eric Garc\u00eda, spoke in this regard\",\"breadcrumb\":{\"@id\":\"https:\\\/\\\/www.fcbarcelonanoticias.com\\\/en\\\/national-teams\\\/eric-garcia-incredulo-after-the-decision-of-taylor-in-the-second-goal-of-france_273645_102.html#breadcrumb\"},\"inLanguage\":\"en-US\",\"potentialAction\":[{\"@type\":\"ReadAction\",\"target\":[\"https:\\\/\\\/www.fcbarcelonanoticias.com\\\/en\\\/national-teams\\\/eric-garcia-incredulo-after-the-decision-of-taylor-in-the-second-goal-of-france_273645_102.html\"]}]},{\"@type\":\"ImageObject\",\"inLanguage\":\"en-US\",\"@id\":\"https:\\\/\\\/www.fcbarcelonanoticias.com\\\/en\\\/national-teams\\\/eric-garcia-incredulo-after-the-decision-of-taylor-in-the-second-goal-of-france_273645_102.html#primaryimage\",\"url\":\"https:\\\/\\\/www.fcbarcelonanoticias.com\\\/en\\\/wp-content\\\/uploads\\\/sites\\\/2\\\/2021\\\/12\\\/eric.jpeg\",\"contentUrl\":\"https:\\\/\\\/www.fcbarcelonanoticias.com\\\/en\\\/wp-content\\\/uploads\\\/sites\\\/2\\\/2021\\\/12\\\/eric.jpeg\",\"width\":641,\"height\":361},{\"@type\":\"BreadcrumbList\",\"@id\":\"https:\\\/\\\/www.fcbarcelonanoticias.com\\\/en\\\/national-teams\\\/eric-garcia-incredulo-after-the-decision-of-taylor-in-the-second-goal-of-france_273645_102.html#breadcrumb\",\"itemListElement\":[{\"@type\":\"ListItem\",\"position\":1,\"name\":\"Portada\",\"item\":\"https:\\\/\\\/www.fcbarcelonanoticias.com\\\/en\\\/\"},{\"@type\":\"ListItem\",\"position\":2,\"name\":\"Eric Garc\u00eda, incredulous after Taylor&#8217;s decision in France&#8217;s second goal\"}]},{\"@type\":\"WebSite\",\"@id\":\"https:\\\/\\\/www.fcbarcelonanoticias.com\\\/en\\\/#website\",\"url\":\"https:\\\/\\\/www.fcbarcelonanoticias.com\\\/en\\\/\",\"name\":\"EN - FC Barcelona Noticias\",\"description\":\"\",\"potentialAction\":[{\"@type\":\"SearchAction\",\"target\":{\"@type\":\"EntryPoint\",\"urlTemplate\":\"https:\\\/\\\/www.fcbarcelonanoticias.com\\\/en\\\/?s={search_term_string}\"},\"query-input\":{\"@type\":\"PropertyValueSpecification\",\"valueRequired\":true,\"valueName\":\"search_term_string\"}}],\"inLanguage\":\"en-US\"},{\"@type\":\"Person\",\"@id\":\"https:\\\/\\\/www.fcbarcelonanoticias.com\\\/en\\\/#\\\/schema\\\/person\\\/3b408513ee236e64c3043ec901f019ee\",\"name\":\"Paola Guevara\",\"image\":{\"@type\":\"ImageObject\",\"inLanguage\":\"en-US\",\"@id\":\"https:\\\/\\\/secure.gravatar.com\\\/avatar\\\/?s=96&d=mm&r=g\",\"url\":\"https:\\\/\\\/secure.gravatar.com\\\/avatar\\\/?s=96&d=mm&r=g\",\"contentUrl\":\"https:\\\/\\\/secure.gravatar.com\\\/avatar\\\/?s=96&d=mm&r=g\",\"caption\":\"Paola Guevara\"},\"url\":\"https:\\\/\\\/www.fcbarcelonanoticias.com\\\/en\\\/fc-barcelona\\\/paola-guevara_9_115.html\"}]}<\/script>\n<!-- \/ Yoast SEO plugin. -->","yoast_head_json":{"title":"Eric Garc\u00eda, incredulous after Taylor's decision in France's second goal","description":"The goal of Mbapp\u00e9 in the Spain-France lit the controversy, by the offside of the French and one of the protagonists, Eric Garc\u00eda, spoke in this regard","robots":{"index":"index","follow":"follow","max-snippet":"max-snippet:-1","max-image-preview":"max-image-preview:large","max-video-preview":"max-video-preview:-1"},"canonical":"https:\/\/www.fcbarcelonanoticias.com\/en\/national-teams\/eric-garcia-incredulo-after-the-decision-of-taylor-in-the-second-goal-of-france_273645_102.html","og_locale":"en_US","og_type":"article","og_title":"Eric Garc\u00eda, incredulous after Taylor's decision in France's second goal","og_description":"The goal of Mbapp\u00e9 in the Spain-France lit the controversy, by the offside of the French and one of the protagonists, Eric Garc\u00eda, spoke in this regard","og_url":"https:\/\/www.fcbarcelonanoticias.com\/en\/national-teams\/eric-garcia-incredulo-after-the-decision-of-taylor-in-the-second-goal-of-france_273645_102.html","og_site_name":"EN - FC Barcelona Noticias","article_published_time":"2021-10-11T08:37:00+00:00","og_image":[{"width":641,"height":361,"url":"https:\/\/www.fcbarcelonanoticias.com\/en\/wp-content\/uploads\/sites\/2\/2021\/12\/eric.jpeg","type":"image\/jpeg"}],"author":"Paola Guevara","twitter_card":"summary_large_image","twitter_misc":{"Written by":"Paola Guevara","Est. reading time":"2 minutes"},"schema":{"@context":"https:\/\/schema.org","@graph":[{"@type":"Article","@id":"https:\/\/www.fcbarcelonanoticias.com\/en\/national-teams\/eric-garcia-incredulo-after-the-decision-of-taylor-in-the-second-goal-of-france_273645_102.html#article","isPartOf":{"@id":"https:\/\/www.fcbarcelonanoticias.com\/en\/national-teams\/eric-garcia-incredulo-after-the-decision-of-taylor-in-the-second-goal-of-france_273645_102.html"},"author":{"name":"Paola Guevara","@id":"https:\/\/www.fcbarcelonanoticias.com\/en\/#\/schema\/person\/3b408513ee236e64c3043ec901f019ee"},"headline":"Eric Garc\u00eda, incredulous after Taylor&#8217;s decision in France&#8217;s second goal","datePublished":"2021-10-11T08:37:00+00:00","mainEntityOfPage":{"@id":"https:\/\/www.fcbarcelonanoticias.com\/en\/national-teams\/eric-garcia-incredulo-after-the-decision-of-taylor-in-the-second-goal-of-france_273645_102.html"},"wordCount":453,"image":{"@id":"https:\/\/www.fcbarcelonanoticias.com\/en\/national-teams\/eric-garcia-incredulo-after-the-decision-of-taylor-in-the-second-goal-of-france_273645_102.html#primaryimage"},"thumbnailUrl":"https:\/\/www.fcbarcelonanoticias.com\/en\/wp-content\/uploads\/sites\/2\/2021\/12\/eric.jpeg","keywords":["Referees","UEFA Nations League"],"articleSection":["Players","Players"],"inLanguage":"en-US"},{"@type":"WebPage","@id":"https:\/\/www.fcbarcelonanoticias.com\/en\/national-teams\/eric-garcia-incredulo-after-the-decision-of-taylor-in-the-second-goal-of-france_273645_102.html","url":"https:\/\/www.fcbarcelonanoticias.com\/en\/national-teams\/eric-garcia-incredulo-after-the-decision-of-taylor-in-the-second-goal-of-france_273645_102.html","name":"Eric Garc\u00eda, incredulous after Taylor's decision in France's second goal","isPartOf":{"@id":"https:\/\/www.fcbarcelonanoticias.com\/en\/#website"},"primaryImageOfPage":{"@id":"https:\/\/www.fcbarcelonanoticias.com\/en\/national-teams\/eric-garcia-incredulo-after-the-decision-of-taylor-in-the-second-goal-of-france_273645_102.html#primaryimage"},"image":{"@id":"https:\/\/www.fcbarcelonanoticias.com\/en\/national-teams\/eric-garcia-incredulo-after-the-decision-of-taylor-in-the-second-goal-of-france_273645_102.html#primaryimage"},"thumbnailUrl":"https:\/\/www.fcbarcelonanoticias.com\/en\/wp-content\/uploads\/sites\/2\/2021\/12\/eric.jpeg","datePublished":"2021-10-11T08:37:00+00:00","author":{"@id":"https:\/\/www.fcbarcelonanoticias.com\/en\/#\/schema\/person\/3b408513ee236e64c3043ec901f019ee"},"description":"The goal of Mbapp\u00e9 in the Spain-France lit the controversy, by the offside of the French and one of the protagonists, Eric Garc\u00eda, spoke in this regard","breadcrumb":{"@id":"https:\/\/www.fcbarcelonanoticias.com\/en\/national-teams\/eric-garcia-incredulo-after-the-decision-of-taylor-in-the-second-goal-of-france_273645_102.html#breadcrumb"},"inLanguage":"en-US","potentialAction":[{"@type":"ReadAction","target":["https:\/\/www.fcbarcelonanoticias.com\/en\/national-teams\/eric-garcia-incredulo-after-the-decision-of-taylor-in-the-second-goal-of-france_273645_102.html"]}]},{"@type":"ImageObject","inLanguage":"en-US","@id":"https:\/\/www.fcbarcelonanoticias.com\/en\/national-teams\/eric-garcia-incredulo-after-the-decision-of-taylor-in-the-second-goal-of-france_273645_102.html#primaryimage","url":"https:\/\/www.fcbarcelonanoticias.com\/en\/wp-content\/uploads\/sites\/2\/2021\/12\/eric.jpeg","contentUrl":"https:\/\/www.fcbarcelonanoticias.com\/en\/wp-content\/uploads\/sites\/2\/2021\/12\/eric.jpeg","width":641,"height":361},{"@type":"BreadcrumbList","@id":"https:\/\/www.fcbarcelonanoticias.com\/en\/national-teams\/eric-garcia-incredulo-after-the-decision-of-taylor-in-the-second-goal-of-france_273645_102.html#breadcrumb","itemListElement":[{"@type":"ListItem","position":1,"name":"Portada","item":"https:\/\/www.fcbarcelonanoticias.com\/en\/"},{"@type":"ListItem","position":2,"name":"Eric Garc\u00eda, incredulous after Taylor&#8217;s decision in France&#8217;s second goal"}]},{"@type":"WebSite","@id":"https:\/\/www.fcbarcelonanoticias.com\/en\/#website","url":"https:\/\/www.fcbarcelonanoticias.com\/en\/","name":"EN - FC Barcelona Noticias","description":"","potentialAction":[{"@type":"SearchAction","target":{"@type":"EntryPoint","urlTemplate":"https:\/\/www.fcbarcelonanoticias.com\/en\/?s={search_term_string}"},"query-input":{"@type":"PropertyValueSpecification","valueRequired":true,"valueName":"search_term_string"}}],"inLanguage":"en-US"},{"@type":"Person","@id":"https:\/\/www.fcbarcelonanoticias.com\/en\/#\/schema\/person\/3b408513ee236e64c3043ec901f019ee","name":"Paola Guevara","image":{"@type":"ImageObject","inLanguage":"en-US","@id":"https:\/\/secure.gravatar.com\/avatar\/?s=96&d=mm&r=g","url":"https:\/\/secure.gravatar.com\/avatar\/?s=96&d=mm&r=g","contentUrl":"https:\/\/secure.gravatar.com\/avatar\/?s=96&d=mm&r=g","caption":"Paola Guevara"},"url":"https:\/\/www.fcbarcelonanoticias.com\/en\/fc-barcelona\/paola-guevara_9_115.html"}]}},"_links":{"self":[{"href":"https:\/\/www.fcbarcelonanoticias.com\/en\/wp-json\/wp\/v2\/posts\/67761","targetHints":{"allow":["GET"]}}],"collection":[{"href":"https:\/\/www.fcbarcelonanoticias.com\/en\/wp-json\/wp\/v2\/posts"}],"about":[{"href":"https:\/\/www.fcbarcelonanoticias.com\/en\/wp-json\/wp\/v2\/types\/post"}],"author":[{"embeddable":true,"href":"https:\/\/www.fcbarcelonanoticias.com\/en\/wp-json\/wp\/v2\/users\/352"}],"replies":[{"embeddable":true,"href":"https:\/\/www.fcbarcelonanoticias.com\/en\/wp-json\/wp\/v2\/comments?post=67761"}],"version-history":[{"count":2,"href":"https:\/\/www.fcbarcelonanoticias.com\/en\/wp-json\/wp\/v2\/posts\/67761\/revisions"}],"predecessor-version":[{"id":67763,"href":"https:\/\/www.fcbarcelonanoticias.com\/en\/wp-json\/wp\/v2\/posts\/67761\/revisions\/67763"}],"wp:featuredmedia":[{"embeddable":true,"href":"https:\/\/www.fcbarcelonanoticias.com\/en\/wp-json\/wp\/v2\/media\/17477"}],"wp:attachment":[{"href":"https:\/\/www.fcbarcelonanoticias.com\/en\/wp-json\/wp\/v2\/media?parent=67761"}],"wp:term":[{"taxonomy":"category","embeddable":true,"href":"https:\/\/www.fcbarcelonanoticias.com\/en\/wp-json\/wp\/v2\/categories?post=67761"},{"taxonomy":"post_tag","embeddable":true,"href":"https:\/\/www.fcbarcelonanoticias.com\/en\/wp-json\/wp\/v2\/tags?post=67761"}],"curies":[{"name":"wp","href":"https:\/\/api.w.org\/{rel}","templated":true}]}}