{"id":6782,"date":"2025-12-08T01:20:00","date_gmt":"2025-12-08T00:20:00","guid":{"rendered":"https:\/\/weisetech.dev\/fc-barcelona-noticias\/en\/davide-massa-will-referee-barcelona-eintracht-in-champions-league_315453_102\/"},"modified":"2025-12-08T01:20:00","modified_gmt":"2025-12-08T00:20:00","slug":"davide-massa-will-referee-barcelona-eintracht-in-champions-league_315453_102","status":"publish","type":"post","link":"https:\/\/www.fcbarcelonanoticias.com\/en\/champions-league\/davide-massa-will-referee-barcelona-eintracht-in-champions-league_315453_102.html","title":{"rendered":"UEFA appoints Davide Massa as referee for Barcelona-Eintracht"},"content":{"rendered":"<h2 class=\"wp-block-heading\">Italian Davide Massa will be the referee for the Champions League J6 match between Bar\u00e7a and Eintracht. Marco Di Bello will be in charge of VAR at Spotify Camp Nou<\/h2>  \r\n<div class=\"article-addons\">\r\n    <a href=\"https:\/\/www.fcbarcelonanoticias.com\/en\/calendar-fc-barcelona.html\"\r\n       target=\"_self\"\r\n       title=\"Calendar of FC Barcelona\"\r\n       class=\"blue-gredient-btn\">\r\n       \r\n        Calendar of FC Barcelona    <\/a>\r\n<\/div>   <p>The <strong>UEFA Champions League<\/strong> returns this Tuesday to the <strong>Spotify Camp Nou<\/strong> 1,140 days after FC Barcelona&#8217;s last home match in Europe&#8217;s premier club competition. For matchday 6 of the 2025\/26 league phase, Italian referee <strong>Davide Massa<\/strong> will be the main official for the encounter against Eintracht Frankfurt.<\/p>  <p>The 44-year-old referee, an international since 2014, will officiate his third match in the current Champions League edition. Massa was the main official in **Arsenal&#8217;s thrashing of Atl\u00e9tico (4-0)** and also in **Borussia Dortmund&#8217;s rout of Villarreal** by the identical scoreline.<\/p>  <p>In the duel between the &#8216;Gunners&#8217; and the &#8216;Colchoneros&#8217;, Massa issued three yellow cards, two of them to Atleti. In the &#8216;Yellow Submarine&#8217;s&#8217; match, he sent off Juan Foyth in the 52nd minute with a straight red. He also cautioned a German player in a match that completely opened up after the Villarreal defender&#8217;s expulsion.<\/p>  <h2>Davide Massa will referee Barcelona in Europe for the first time<\/h2>  <p>Despite his extensive experience in Europe, <strong>Davide Massa never refereed Bar\u00e7a in Champions League or Europa League matches<\/strong>. Eintracht, on the other hand, did play a couple of games with the Italian as the main referee, both ending in defeat for the Germans.<\/p>  <p>In the 2024\/25 season, **Massa refereed Eintracht&#8217;s elimination in the Europa League quarterfinals** against Tottenham (0-1). A penalty by Domini Sloanke in the 43rd minute sealed the &#8216;Spurs&#8217; qualification with a 2-1 aggregate. The English team would eventually win the title after defeating <a data-external=\"0\" data-intl-links-en=\"https:\/\/www.fcbarcelonanoticias.com\/en\/europa-league\/tottenham-defeats-united-and-wins-europa-league-1-0_312734_102.html\" data-intl-links-es=\"https:\/\/www.fcbarcelonanoticias.com\/europa-league\/tottenham-1-0-manchester-united-spurs-se-quedan-con-europa-league-en-san-mames_312734_102.html\" href=\"https:\/\/www.fcbarcelonanoticias.com\/en\/football\/europa-league\/tottenham-defeats-united-and-wins-europa-league-1-0_312734_102.html\" rel=\"follow\" target=\"_self\" title=\"Tottenham 1-0 Manchester United: los 'Spurs' se quedan con la Europa League en San Mam\u00e9s\">Manchester United in the final (1-0)<\/a>.<\/p>  <p>Previously, the Frankfurt team also lost in the group stage of the 2019\/20 Europa League **against Arsenal (0-3)** with the Italian refereeing. That season, the Germans were eliminated in the round of 16 by Basel.<\/p>  <h2>Bar\u00e7a goes for their third win in the Champions League group stage<\/h2>  <p>For matchday 6 of the Champions League, Barcelona and Eintracht arrive at contrasting moments of the season. The Blaugrana squad comes off the back of <strong>six consecutive victories in LaLiga<\/strong> that have allowed them to regain the lead and <a data-external=\"0\" data-intl-links-en=\"https:\/\/www.fcbarcelonanoticias.com\/en\/laliga\/laliga-standings-25-26-md15-barcelona-extends-lead_315450_102.html\" data-intl-links-es=\"https:\/\/www.fcbarcelonanoticias.com\/laliga\/clasificacion-laliga-25-26-j15-barcelona-aleja-4-puntos-real-madrid_315450_102.html\" href=\"https:\/\/www.fcbarcelonanoticias.com\/en\/laliga\/laliga-standings-25-26-md15-barcelona-extends-lead_315450_102.html\" rel=\"follow\" target=\"_self\" title=\"LaLiga 25\/26 J15: As\u00ed queda la clasificaci\u00f3n tras la derrota del Madrid ante el Celta\">pull away at the top with a 4-point lead<\/a> over Real Madrid.<\/p>  <p>The Catalans, however, are obliged to secure all three points on Tuesday to get closer to the TOP-8 of the league stage, which grants direct access to the round of 16. For now, <a data-external=\"0\" data-intl-links-en=\"https:\/\/www.fcbarcelonanoticias.com\/en\/champions-league\/champions-league-standings-25-26-barcelona-finishes-matchday-5-in-18th-place_315344_102.html\" data-intl-links-es=\"https:\/\/www.fcbarcelonanoticias.com\/champions-league\/clasificacion-champions-league-25-26-barcelona-cierra-j5-puesto-18_315344_102.html\" href=\"https:\/\/www.fcbarcelonanoticias.com\/en\/champions-league\/champions-league-standings-25-26-barcelona-finishes-matchday-5-in-18th-place_315344_102.html\" rel=\"follow\" target=\"_self\" title=\"Clasificaci\u00f3n Champions League 25\/26: el Bar\u00e7a cierra la J5 en el puesto 18\">Bar\u00e7a is in 18th place with 7 points<\/a>, only 3 points behind eighth place, currently held by Sporting CP<\/p>  <p>Facing them will be an Eintracht Frankfurt that <strong>is coming off a resounding defeat on Saturday in the Bundesliga (6-0 against Leipzig)<\/strong> and has only managed 1 point out of the last 12 in the Champions League. Dino Toppm\u00f6ller&#8217;s team lost at home in the previous matchday against Atalanta (0-3) and has dropped to 28th place in the general standings, in an elimination zone.<\/p>  <ul> <li>\ud83d\udccc&nbsp;<strong>YOU MAY BE INTERESTED IN:<\/strong>&nbsp;<strong><a data-external=\"0\" data-intl-links-en=\"https:\/\/www.fcbarcelonanoticias.com\/en\/champions-league\" data-intl-links-es=\"https:\/\/www.fcbarcelonanoticias.com\/champions-league\" href=\"https:\/\/www.fcbarcelonanoticias.com\/en\/football-soccer\/champions-league.html\" rel=\"follow\" target=\"_self\" title=\"UEFA Champions League 25\/26 - Latest news\">All the information&nbsp;about the 25\/26 Champions League<\/a>&nbsp;<\/strong> <\/li> <\/ul> ","protected":false},"excerpt":{"rendered":"<p>Italian Davide Massa will be the referee for the Champions League J6 match between Bar\u00e7a and Eintracht. Marco Di Bello will be in charge of VAR at Spotify Camp Nou The UEFA Champions League returns this Tuesday to the Spotify Camp Nou 1,140 days after FC Barcelona&#8217;s last home match in Europe&#8217;s premier club competition. [&hellip;]<\/p>\n","protected":false},"author":347,"featured_media":6783,"comment_status":"closed","ping_status":"open","sticky":false,"template":"","format":"standard","meta":{"_acf_changed":false,"inline_featured_image":false,"_nextfly_llmd_date_locked":false,"footnotes":""},"categories":[447,112],"tags":[202,190,54,194],"class_list":["post-6782","post","type-post","status-publish","format-standard","has-post-thumbnail","hentry","category-champions-league-2","category-champions-league","tag-eintracht-frankfurt","tag-referees","tag-uefa","tag-var"],"acf":[],"yoast_head":"<!-- This site is optimized with the Yoast SEO plugin v27.3 - https:\/\/yoast.com\/product\/yoast-seo-wordpress\/ -->\n<title>Davide Massa will referee Barcelona-Eintracht in Champions<\/title>\n<meta name=\"description\" content=\"Italian Davide Massa will be the referee for the Champions League Matchday 6 game between Bar\u00e7a and Eintracht. Marco Di Bello will be in charge of VAR\" \/>\n<meta name=\"robots\" content=\"index, follow, max-snippet:-1, max-image-preview:large, max-video-preview:-1\" \/>\n<link rel=\"canonical\" href=\"https:\/\/www.fcbarcelonanoticias.com\/en\/champions-league\/davide-massa-will-referee-barcelona-eintracht-in-champions-league_315453_102.html\" \/>\n<meta property=\"og:locale\" content=\"en_US\" \/>\n<meta property=\"og:type\" content=\"article\" \/>\n<meta property=\"og:title\" content=\"Davide Massa will referee Barcelona-Eintracht in Champions\" \/>\n<meta property=\"og:description\" content=\"Italian Davide Massa will be the referee for the Champions League Matchday 6 game between Bar\u00e7a and Eintracht. Marco Di Bello will be in charge of VAR\" \/>\n<meta property=\"og:url\" content=\"https:\/\/www.fcbarcelonanoticias.com\/en\/champions-league\/davide-massa-will-referee-barcelona-eintracht-in-champions-league_315453_102.html\" \/>\n<meta property=\"og:site_name\" content=\"EN - FC Barcelona Noticias\" \/>\n<meta property=\"article:published_time\" content=\"2025-12-08T00:20:00+00:00\" \/>\n<meta property=\"og:image\" content=\"https:\/\/www.fcbarcelonanoticias.com\/en\/wp-content\/uploads\/sites\/2\/2025\/12\/davide-massa-uefa-europa-league-25-26.jpeg\" \/>\n\t<meta property=\"og:image:width\" content=\"1200\" \/>\n\t<meta property=\"og:image:height\" content=\"675\" \/>\n\t<meta property=\"og:image:type\" content=\"image\/jpeg\" \/>\n<meta name=\"author\" content=\"Andr\u00e9s Quiroz\" \/>\n<meta name=\"twitter:card\" content=\"summary_large_image\" \/>\n<meta name=\"twitter:label1\" content=\"Written by\" \/>\n\t<meta name=\"twitter:data1\" content=\"Andr\u00e9s Quiroz\" \/>\n\t<meta name=\"twitter:label2\" content=\"Est. reading time\" \/>\n\t<meta name=\"twitter:data2\" content=\"3 minutes\" \/>\n<script type=\"application\/ld+json\" class=\"yoast-schema-graph\">{\"@context\":\"https:\\\/\\\/schema.org\",\"@graph\":[{\"@type\":\"Article\",\"@id\":\"https:\\\/\\\/www.fcbarcelonanoticias.com\\\/en\\\/champions-league\\\/davide-massa-will-referee-barcelona-eintracht-in-champions-league_315453_102.html#article\",\"isPartOf\":{\"@id\":\"https:\\\/\\\/www.fcbarcelonanoticias.com\\\/en\\\/champions-league\\\/davide-massa-will-referee-barcelona-eintracht-in-champions-league_315453_102.html\"},\"author\":{\"name\":\"Andr\u00e9s Quiroz\",\"@id\":\"https:\\\/\\\/www.fcbarcelonanoticias.com\\\/en\\\/#\\\/schema\\\/person\\\/c2cd9f6fa1af5c0d0eccd0fefa575c88\"},\"headline\":\"UEFA appoints Davide Massa as referee for Barcelona-Eintracht\",\"datePublished\":\"2025-12-08T00:20:00+00:00\",\"mainEntityOfPage\":{\"@id\":\"https:\\\/\\\/www.fcbarcelonanoticias.com\\\/en\\\/champions-league\\\/davide-massa-will-referee-barcelona-eintracht-in-champions-league_315453_102.html\"},\"wordCount\":516,\"image\":{\"@id\":\"https:\\\/\\\/www.fcbarcelonanoticias.com\\\/en\\\/champions-league\\\/davide-massa-will-referee-barcelona-eintracht-in-champions-league_315453_102.html#primaryimage\"},\"thumbnailUrl\":\"https:\\\/\\\/www.fcbarcelonanoticias.com\\\/en\\\/wp-content\\\/uploads\\\/sites\\\/2\\\/2025\\\/12\\\/davide-massa-uefa-europa-league-25-26.jpeg\",\"keywords\":[\"Eintracht Frankfurt\",\"Referees\",\"UEFA\",\"VAR\"],\"articleSection\":[\"Champions League\",\"Champions League\"],\"inLanguage\":\"en-US\"},{\"@type\":\"WebPage\",\"@id\":\"https:\\\/\\\/www.fcbarcelonanoticias.com\\\/en\\\/champions-league\\\/davide-massa-will-referee-barcelona-eintracht-in-champions-league_315453_102.html\",\"url\":\"https:\\\/\\\/www.fcbarcelonanoticias.com\\\/en\\\/champions-league\\\/davide-massa-will-referee-barcelona-eintracht-in-champions-league_315453_102.html\",\"name\":\"Davide Massa will referee Barcelona-Eintracht in Champions\",\"isPartOf\":{\"@id\":\"https:\\\/\\\/www.fcbarcelonanoticias.com\\\/en\\\/#website\"},\"primaryImageOfPage\":{\"@id\":\"https:\\\/\\\/www.fcbarcelonanoticias.com\\\/en\\\/champions-league\\\/davide-massa-will-referee-barcelona-eintracht-in-champions-league_315453_102.html#primaryimage\"},\"image\":{\"@id\":\"https:\\\/\\\/www.fcbarcelonanoticias.com\\\/en\\\/champions-league\\\/davide-massa-will-referee-barcelona-eintracht-in-champions-league_315453_102.html#primaryimage\"},\"thumbnailUrl\":\"https:\\\/\\\/www.fcbarcelonanoticias.com\\\/en\\\/wp-content\\\/uploads\\\/sites\\\/2\\\/2025\\\/12\\\/davide-massa-uefa-europa-league-25-26.jpeg\",\"datePublished\":\"2025-12-08T00:20:00+00:00\",\"author\":{\"@id\":\"https:\\\/\\\/www.fcbarcelonanoticias.com\\\/en\\\/#\\\/schema\\\/person\\\/c2cd9f6fa1af5c0d0eccd0fefa575c88\"},\"description\":\"Italian Davide Massa will be the referee for the Champions League Matchday 6 game between Bar\u00e7a and Eintracht. Marco Di Bello will be in charge of VAR\",\"breadcrumb\":{\"@id\":\"https:\\\/\\\/www.fcbarcelonanoticias.com\\\/en\\\/champions-league\\\/davide-massa-will-referee-barcelona-eintracht-in-champions-league_315453_102.html#breadcrumb\"},\"inLanguage\":\"en-US\",\"potentialAction\":[{\"@type\":\"ReadAction\",\"target\":[\"https:\\\/\\\/www.fcbarcelonanoticias.com\\\/en\\\/champions-league\\\/davide-massa-will-referee-barcelona-eintracht-in-champions-league_315453_102.html\"]}]},{\"@type\":\"ImageObject\",\"inLanguage\":\"en-US\",\"@id\":\"https:\\\/\\\/www.fcbarcelonanoticias.com\\\/en\\\/champions-league\\\/davide-massa-will-referee-barcelona-eintracht-in-champions-league_315453_102.html#primaryimage\",\"url\":\"https:\\\/\\\/www.fcbarcelonanoticias.com\\\/en\\\/wp-content\\\/uploads\\\/sites\\\/2\\\/2025\\\/12\\\/davide-massa-uefa-europa-league-25-26.jpeg\",\"contentUrl\":\"https:\\\/\\\/www.fcbarcelonanoticias.com\\\/en\\\/wp-content\\\/uploads\\\/sites\\\/2\\\/2025\\\/12\\\/davide-massa-uefa-europa-league-25-26.jpeg\",\"width\":1200,\"height\":675},{\"@type\":\"BreadcrumbList\",\"@id\":\"https:\\\/\\\/www.fcbarcelonanoticias.com\\\/en\\\/champions-league\\\/davide-massa-will-referee-barcelona-eintracht-in-champions-league_315453_102.html#breadcrumb\",\"itemListElement\":[{\"@type\":\"ListItem\",\"position\":1,\"name\":\"Portada\",\"item\":\"https:\\\/\\\/www.fcbarcelonanoticias.com\\\/en\\\/\"},{\"@type\":\"ListItem\",\"position\":2,\"name\":\"UEFA appoints Davide Massa as referee for Barcelona-Eintracht\"}]},{\"@type\":\"WebSite\",\"@id\":\"https:\\\/\\\/www.fcbarcelonanoticias.com\\\/en\\\/#website\",\"url\":\"https:\\\/\\\/www.fcbarcelonanoticias.com\\\/en\\\/\",\"name\":\"EN - FC Barcelona Noticias\",\"description\":\"\",\"potentialAction\":[{\"@type\":\"SearchAction\",\"target\":{\"@type\":\"EntryPoint\",\"urlTemplate\":\"https:\\\/\\\/www.fcbarcelonanoticias.com\\\/en\\\/?s={search_term_string}\"},\"query-input\":{\"@type\":\"PropertyValueSpecification\",\"valueRequired\":true,\"valueName\":\"search_term_string\"}}],\"inLanguage\":\"en-US\"},{\"@type\":\"Person\",\"@id\":\"https:\\\/\\\/www.fcbarcelonanoticias.com\\\/en\\\/#\\\/schema\\\/person\\\/c2cd9f6fa1af5c0d0eccd0fefa575c88\",\"name\":\"Andr\u00e9s Quiroz\",\"image\":{\"@type\":\"ImageObject\",\"inLanguage\":\"en-US\",\"@id\":\"https:\\\/\\\/secure.gravatar.com\\\/avatar\\\/?s=96&d=mm&r=g\",\"url\":\"https:\\\/\\\/secure.gravatar.com\\\/avatar\\\/?s=96&d=mm&r=g\",\"contentUrl\":\"https:\\\/\\\/secure.gravatar.com\\\/avatar\\\/?s=96&d=mm&r=g\",\"caption\":\"Andr\u00e9s Quiroz\"},\"description\":\"Licenciado en Periodismo por la Universidad de los Andes. Me encargo de analizar y compartir los contenidos m\u00e1s destacados de la\u00a0actualidad del F\u00fatbol Club Barcelona, Mercado de Fichajes y F\u00fatbol Internacional en FCBN. La informaci\u00f3n es poder, pero tambi\u00e9n conocimiento.\",\"url\":\"https:\\\/\\\/www.fcbarcelonanoticias.com\\\/en\\\/fc-barcelona\\\/andres-quiroz_17_115.html\"}]}<\/script>\n<!-- \/ Yoast SEO plugin. -->","yoast_head_json":{"title":"Davide Massa will referee Barcelona-Eintracht in Champions","description":"Italian Davide Massa will be the referee for the Champions League Matchday 6 game between Bar\u00e7a and Eintracht. Marco Di Bello will be in charge of VAR","robots":{"index":"index","follow":"follow","max-snippet":"max-snippet:-1","max-image-preview":"max-image-preview:large","max-video-preview":"max-video-preview:-1"},"canonical":"https:\/\/www.fcbarcelonanoticias.com\/en\/champions-league\/davide-massa-will-referee-barcelona-eintracht-in-champions-league_315453_102.html","og_locale":"en_US","og_type":"article","og_title":"Davide Massa will referee Barcelona-Eintracht in Champions","og_description":"Italian Davide Massa will be the referee for the Champions League Matchday 6 game between Bar\u00e7a and Eintracht. Marco Di Bello will be in charge of VAR","og_url":"https:\/\/www.fcbarcelonanoticias.com\/en\/champions-league\/davide-massa-will-referee-barcelona-eintracht-in-champions-league_315453_102.html","og_site_name":"EN - FC Barcelona Noticias","article_published_time":"2025-12-08T00:20:00+00:00","og_image":[{"width":1200,"height":675,"url":"https:\/\/www.fcbarcelonanoticias.com\/en\/wp-content\/uploads\/sites\/2\/2025\/12\/davide-massa-uefa-europa-league-25-26.jpeg","type":"image\/jpeg"}],"author":"Andr\u00e9s Quiroz","twitter_card":"summary_large_image","twitter_misc":{"Written by":"Andr\u00e9s Quiroz","Est. reading time":"3 minutes"},"schema":{"@context":"https:\/\/schema.org","@graph":[{"@type":"Article","@id":"https:\/\/www.fcbarcelonanoticias.com\/en\/champions-league\/davide-massa-will-referee-barcelona-eintracht-in-champions-league_315453_102.html#article","isPartOf":{"@id":"https:\/\/www.fcbarcelonanoticias.com\/en\/champions-league\/davide-massa-will-referee-barcelona-eintracht-in-champions-league_315453_102.html"},"author":{"name":"Andr\u00e9s Quiroz","@id":"https:\/\/www.fcbarcelonanoticias.com\/en\/#\/schema\/person\/c2cd9f6fa1af5c0d0eccd0fefa575c88"},"headline":"UEFA appoints Davide Massa as referee for Barcelona-Eintracht","datePublished":"2025-12-08T00:20:00+00:00","mainEntityOfPage":{"@id":"https:\/\/www.fcbarcelonanoticias.com\/en\/champions-league\/davide-massa-will-referee-barcelona-eintracht-in-champions-league_315453_102.html"},"wordCount":516,"image":{"@id":"https:\/\/www.fcbarcelonanoticias.com\/en\/champions-league\/davide-massa-will-referee-barcelona-eintracht-in-champions-league_315453_102.html#primaryimage"},"thumbnailUrl":"https:\/\/www.fcbarcelonanoticias.com\/en\/wp-content\/uploads\/sites\/2\/2025\/12\/davide-massa-uefa-europa-league-25-26.jpeg","keywords":["Eintracht Frankfurt","Referees","UEFA","VAR"],"articleSection":["Champions League","Champions League"],"inLanguage":"en-US"},{"@type":"WebPage","@id":"https:\/\/www.fcbarcelonanoticias.com\/en\/champions-league\/davide-massa-will-referee-barcelona-eintracht-in-champions-league_315453_102.html","url":"https:\/\/www.fcbarcelonanoticias.com\/en\/champions-league\/davide-massa-will-referee-barcelona-eintracht-in-champions-league_315453_102.html","name":"Davide Massa will referee Barcelona-Eintracht in Champions","isPartOf":{"@id":"https:\/\/www.fcbarcelonanoticias.com\/en\/#website"},"primaryImageOfPage":{"@id":"https:\/\/www.fcbarcelonanoticias.com\/en\/champions-league\/davide-massa-will-referee-barcelona-eintracht-in-champions-league_315453_102.html#primaryimage"},"image":{"@id":"https:\/\/www.fcbarcelonanoticias.com\/en\/champions-league\/davide-massa-will-referee-barcelona-eintracht-in-champions-league_315453_102.html#primaryimage"},"thumbnailUrl":"https:\/\/www.fcbarcelonanoticias.com\/en\/wp-content\/uploads\/sites\/2\/2025\/12\/davide-massa-uefa-europa-league-25-26.jpeg","datePublished":"2025-12-08T00:20:00+00:00","author":{"@id":"https:\/\/www.fcbarcelonanoticias.com\/en\/#\/schema\/person\/c2cd9f6fa1af5c0d0eccd0fefa575c88"},"description":"Italian Davide Massa will be the referee for the Champions League Matchday 6 game between Bar\u00e7a and Eintracht. Marco Di Bello will be in charge of VAR","breadcrumb":{"@id":"https:\/\/www.fcbarcelonanoticias.com\/en\/champions-league\/davide-massa-will-referee-barcelona-eintracht-in-champions-league_315453_102.html#breadcrumb"},"inLanguage":"en-US","potentialAction":[{"@type":"ReadAction","target":["https:\/\/www.fcbarcelonanoticias.com\/en\/champions-league\/davide-massa-will-referee-barcelona-eintracht-in-champions-league_315453_102.html"]}]},{"@type":"ImageObject","inLanguage":"en-US","@id":"https:\/\/www.fcbarcelonanoticias.com\/en\/champions-league\/davide-massa-will-referee-barcelona-eintracht-in-champions-league_315453_102.html#primaryimage","url":"https:\/\/www.fcbarcelonanoticias.com\/en\/wp-content\/uploads\/sites\/2\/2025\/12\/davide-massa-uefa-europa-league-25-26.jpeg","contentUrl":"https:\/\/www.fcbarcelonanoticias.com\/en\/wp-content\/uploads\/sites\/2\/2025\/12\/davide-massa-uefa-europa-league-25-26.jpeg","width":1200,"height":675},{"@type":"BreadcrumbList","@id":"https:\/\/www.fcbarcelonanoticias.com\/en\/champions-league\/davide-massa-will-referee-barcelona-eintracht-in-champions-league_315453_102.html#breadcrumb","itemListElement":[{"@type":"ListItem","position":1,"name":"Portada","item":"https:\/\/www.fcbarcelonanoticias.com\/en\/"},{"@type":"ListItem","position":2,"name":"UEFA appoints Davide Massa as referee for Barcelona-Eintracht"}]},{"@type":"WebSite","@id":"https:\/\/www.fcbarcelonanoticias.com\/en\/#website","url":"https:\/\/www.fcbarcelonanoticias.com\/en\/","name":"EN - FC Barcelona Noticias","description":"","potentialAction":[{"@type":"SearchAction","target":{"@type":"EntryPoint","urlTemplate":"https:\/\/www.fcbarcelonanoticias.com\/en\/?s={search_term_string}"},"query-input":{"@type":"PropertyValueSpecification","valueRequired":true,"valueName":"search_term_string"}}],"inLanguage":"en-US"},{"@type":"Person","@id":"https:\/\/www.fcbarcelonanoticias.com\/en\/#\/schema\/person\/c2cd9f6fa1af5c0d0eccd0fefa575c88","name":"Andr\u00e9s Quiroz","image":{"@type":"ImageObject","inLanguage":"en-US","@id":"https:\/\/secure.gravatar.com\/avatar\/?s=96&d=mm&r=g","url":"https:\/\/secure.gravatar.com\/avatar\/?s=96&d=mm&r=g","contentUrl":"https:\/\/secure.gravatar.com\/avatar\/?s=96&d=mm&r=g","caption":"Andr\u00e9s Quiroz"},"description":"Licenciado en Periodismo por la Universidad de los Andes. Me encargo de analizar y compartir los contenidos m\u00e1s destacados de la\u00a0actualidad del F\u00fatbol Club Barcelona, Mercado de Fichajes y F\u00fatbol Internacional en FCBN. La informaci\u00f3n es poder, pero tambi\u00e9n conocimiento.","url":"https:\/\/www.fcbarcelonanoticias.com\/en\/fc-barcelona\/andres-quiroz_17_115.html"}]}},"_links":{"self":[{"href":"https:\/\/www.fcbarcelonanoticias.com\/en\/wp-json\/wp\/v2\/posts\/6782","targetHints":{"allow":["GET"]}}],"collection":[{"href":"https:\/\/www.fcbarcelonanoticias.com\/en\/wp-json\/wp\/v2\/posts"}],"about":[{"href":"https:\/\/www.fcbarcelonanoticias.com\/en\/wp-json\/wp\/v2\/types\/post"}],"author":[{"embeddable":true,"href":"https:\/\/www.fcbarcelonanoticias.com\/en\/wp-json\/wp\/v2\/users\/347"}],"replies":[{"embeddable":true,"href":"https:\/\/www.fcbarcelonanoticias.com\/en\/wp-json\/wp\/v2\/comments?post=6782"}],"version-history":[{"count":1,"href":"https:\/\/www.fcbarcelonanoticias.com\/en\/wp-json\/wp\/v2\/posts\/6782\/revisions"}],"predecessor-version":[{"id":101870,"href":"https:\/\/www.fcbarcelonanoticias.com\/en\/wp-json\/wp\/v2\/posts\/6782\/revisions\/101870"}],"wp:featuredmedia":[{"embeddable":true,"href":"https:\/\/www.fcbarcelonanoticias.com\/en\/wp-json\/wp\/v2\/media\/6783"}],"wp:attachment":[{"href":"https:\/\/www.fcbarcelonanoticias.com\/en\/wp-json\/wp\/v2\/media?parent=6782"}],"wp:term":[{"taxonomy":"category","embeddable":true,"href":"https:\/\/www.fcbarcelonanoticias.com\/en\/wp-json\/wp\/v2\/categories?post=6782"},{"taxonomy":"post_tag","embeddable":true,"href":"https:\/\/www.fcbarcelonanoticias.com\/en\/wp-json\/wp\/v2\/tags?post=6782"}],"curies":[{"name":"wp","href":"https:\/\/api.w.org\/{rel}","templated":true}]}}