{"id":67931,"date":"2021-10-11T10:07:00","date_gmt":"2021-10-11T08:07:00","guid":{"rendered":"https:\/\/weisetech.dev\/fc-barcelona-noticias\/en\/even-mbappe-knew-that-it-was-advanced-in-his-goal-against-spain_273644_102\/"},"modified":"2021-10-11T10:07:00","modified_gmt":"2021-10-11T08:07:00","slug":"even-mbappe-knew-that-it-was-advanced-in-his-goal-against-spain_273644_102","status":"publish","type":"post","link":"https:\/\/www.fcbarcelonanoticias.com\/en\/national-teams\/even-mbappe-knew-that-it-was-advanced-in-his-goal-against-spain_273644_102.html","title":{"rendered":"Even Mbapp\u00e9 knew that he was offside in his goal against Spain"},"content":{"rendered":"<h2 class=\"wp-block-heading\">Kylian Mbapp\u00e9 &#8216;gave himself away&#8217; before beating Unai Sim\u00f3n and left a more than clear image: even he doubted in front of the goal, because he knew he was in an irregular position<\/h2>  \r\n<div class=\"article-addons\">\r\n    <a href=\"https:\/\/www.fcbarcelonanoticias.com\/en\/calendar-fc-barcelona.html\"\r\n       target=\"_self\"\r\n       title=\"Calendar of FC Barcelona\"\r\n       class=\"blue-gredient-btn\">\r\n       \r\n        Calendar of FC Barcelona    <\/a>\r\n<\/div>   <p>In the final stretch of the party between Spain and France, by <strong>the final of <a data-external=\"0\" data-intl-links-en=\"https:\/\/www.fcbarcelonanoticias.com\/en\/tags\/uefa-nations-league\" data-intl-links-es=\"https:\/\/www.fcbarcelonanoticias.com\/tags\/uefa-nations-league\" href=\"https:\/\/www.fcbarcelonanoticias.com\/en\/tags\/uefa-nations-league.html\" rel=\"follow\" target=\"_self\" title=\"UEFA Nations League\">the UEFA Nations League<\/a><\/strong>, lit the controversy after Kylian Mbapp\u00e9 annotated the decisive goal in <strong>an evident position irreglamentaria<\/strong>, but that it is &#8216;validated&#8217; by the regulation. In the action of the so much of &#8216;Donatello&#8217;, Theo Hern\u00e1ndez sent a balloon to the space and the forward split to define, after Eric Garc\u00eda tried to cut the pass. Finally, <strong>Mbapp\u00e9 beat to Unai Sim\u00f3n<\/strong> to give him to &#8216;them bleus&#8217; a new title, after the so much of Karim Benzema that equalised the marker.<\/p>  <p>The true is that the player of the Paris Saint-Germain left a &#8216;gesture&#8217; that evidenci\u00f3 that even he was conscious that it split of a position irreglamentaria and that his so much could be perfectly cancelled. In the repetition of the short plane, observes as<strong>, before and after his definition, <a data-external=\"0\" data-intl-links-en=\"https:\/\/www.fcbarcelonanoticias.com\/en\/tags\/mbappe\" data-intl-links-es=\"https:\/\/www.fcbarcelonanoticias.com\/tags\/mbappe\" href=\"https:\/\/www.fcbarcelonanoticias.com\/en\/tags\/mbappe.html\" rel=\"follow\" target=\"_self\" title=\"Mbapp\u00e9\">Mbapp\u00e9<\/a> looked to the assistant to confirm if it was offside<\/strong>. As it did not raise the flag (because Taylor warned him), the French &#8216;relaxed&#8217;, but the tranquility arrived completely when Anthony Taylor validated the so much.<\/p>  <p>It is a played that, in any case, has desatado the controversy, because few comprise it, but that &#8216;explain&#8217; with that it is an interpretation of the main referee, the one who entiendi\u00f3 that the balloon touched in Eric Garc\u00eda that,<strong> in an attempt to cut the pass to Mbapp\u00e9, was enabling to the French forward, <\/strong>independently that this split or no from a position irreglamentaria.<\/p>  <p>In &#8216;The Rules of the Game&#8217; establishes that &#8220;it will consider that a player in position of offside <strong>has not taken out advantage of said position when it receive the balloon of an opponent that plays voluntarily the balloon,<\/strong> included the voluntary hand, unless it treat of a &#8216;saved&#8217; by part of an opponent&#8221;.<\/p>  <p>Of there that it consider a played that it require the referee&#8217;s interpretation and the touch of Eric finishes being key for the decision of Taylor, because it interprets if Mbapp\u00e9 interfere in the defence,<strong> &#8220;preventing that it play or can play the balloon, when obstructing clearly the visual field of the opponent<\/strong>, contesting him the balloon, trying play clearly a near balloon by means of an action that have an impact in an opponent or make an action that affect clearly to the possibility of an opponent to play the balloon&#8221;.<\/p>  <h3>The conclusion of Anthony Taylor<\/h3>  <p>In this sense, <strong>Taylor did not consider that Mbapp\u00e9 influenced in the Spanish <\/strong>in any appearance and that, when being to some distance, no him dispua the balloon neither interferes in his visual field, without considering the touch like a &#8216;saved&#8217;, because the balloon did not go to goal and the central of the Bar\u00e7a had had the control of his body and of the space that occupied when it goes to by the spherical. In definite, the touch of Eric was voluntary and thus, does not cancel the so much.<\/p> ","protected":false},"excerpt":{"rendered":"<p>Kylian Mbapp\u00e9 &#8216;gave himself away&#8217; before beating Unai Sim\u00f3n and left a more than clear image: even he doubted in front of the goal, because he knew he was in an irregular position In the final stretch of the party between Spain and France, by the final of the UEFA Nations League, lit the controversy [&hellip;]<\/p>\n","protected":false},"author":352,"featured_media":67936,"comment_status":"closed","ping_status":"open","sticky":false,"template":"","format":"standard","meta":{"_acf_changed":false,"inline_featured_image":false,"_nextfly_llmd_date_locked":false,"footnotes":""},"categories":[1],"tags":[171,190,140,194],"class_list":["post-67931","post","type-post","status-publish","format-standard","has-post-thumbnail","hentry","category-sin-categoria","tag-mbappe","tag-referees","tag-uefa-nations-league","tag-var"],"acf":[],"yoast_head":"<!-- This site is optimized with the Yoast SEO plugin v27.3 - https:\/\/yoast.com\/product\/yoast-seo-wordpress\/ -->\n<title>Even Mbapp\u00e9 knew that he was offside in his goal against Spain<\/title>\n<meta name=\"description\" content=\"Kylian Mbapp\u00e9 &#039;delat\u00f3&#039; Before beating to Unai Sim\u00f3n and left an image more than clear: even he doubted of face to the goal, because it knew that it was in position go...\" \/>\n<meta name=\"robots\" content=\"index, follow, max-snippet:-1, max-image-preview:large, max-video-preview:-1\" \/>\n<link rel=\"canonical\" href=\"https:\/\/www.fcbarcelonanoticias.com\/en\/national-teams\/even-mbappe-knew-that-it-was-advanced-in-his-goal-against-spain_273644_102.html\" \/>\n<meta property=\"og:locale\" content=\"en_US\" \/>\n<meta property=\"og:type\" content=\"article\" \/>\n<meta property=\"og:title\" content=\"Even Mbapp\u00e9 knew that he was offside in his goal against Spain\" \/>\n<meta property=\"og:description\" content=\"Kylian Mbapp\u00e9 &#039;delat\u00f3&#039; Before beating to Unai Sim\u00f3n and left an image more than clear: even he doubted of face to the goal, because it knew that it was in position go...\" \/>\n<meta property=\"og:url\" content=\"https:\/\/www.fcbarcelonanoticias.com\/en\/national-teams\/even-mbappe-knew-that-it-was-advanced-in-his-goal-against-spain_273644_102.html\" \/>\n<meta property=\"og:site_name\" content=\"EN - FC Barcelona Noticias\" \/>\n<meta property=\"article:published_time\" content=\"2021-10-11T08:07:00+00:00\" \/>\n<meta property=\"og:image\" content=\"https:\/\/www.fcbarcelonanoticias.com\/en\/wp-content\/uploads\/sites\/2\/2021\/10\/mbappe-francia.jpeg\" \/>\n\t<meta property=\"og:image:width\" content=\"1200\" \/>\n\t<meta property=\"og:image:height\" content=\"675\" \/>\n\t<meta property=\"og:image:type\" content=\"image\/jpeg\" \/>\n<meta name=\"author\" content=\"Paola Guevara\" \/>\n<meta name=\"twitter:card\" content=\"summary_large_image\" \/>\n<meta name=\"twitter:label1\" content=\"Written by\" \/>\n\t<meta name=\"twitter:data1\" content=\"Paola Guevara\" \/>\n\t<meta name=\"twitter:label2\" content=\"Est. reading time\" \/>\n\t<meta name=\"twitter:data2\" content=\"3 minutes\" \/>\n<script type=\"application\/ld+json\" class=\"yoast-schema-graph\">{\"@context\":\"https:\\\/\\\/schema.org\",\"@graph\":[{\"@type\":\"Article\",\"@id\":\"https:\\\/\\\/www.fcbarcelonanoticias.com\\\/en\\\/national-teams\\\/even-mbappe-knew-that-it-was-advanced-in-his-goal-against-spain_273644_102.html#article\",\"isPartOf\":{\"@id\":\"https:\\\/\\\/www.fcbarcelonanoticias.com\\\/en\\\/national-teams\\\/even-mbappe-knew-that-it-was-advanced-in-his-goal-against-spain_273644_102.html\"},\"author\":{\"name\":\"Paola Guevara\",\"@id\":\"https:\\\/\\\/www.fcbarcelonanoticias.com\\\/en\\\/#\\\/schema\\\/person\\\/3b408513ee236e64c3043ec901f019ee\"},\"headline\":\"Even Mbapp\u00e9 knew that he was offside in his goal against Spain\",\"datePublished\":\"2021-10-11T08:07:00+00:00\",\"mainEntityOfPage\":{\"@id\":\"https:\\\/\\\/www.fcbarcelonanoticias.com\\\/en\\\/national-teams\\\/even-mbappe-knew-that-it-was-advanced-in-his-goal-against-spain_273644_102.html\"},\"wordCount\":546,\"image\":{\"@id\":\"https:\\\/\\\/www.fcbarcelonanoticias.com\\\/en\\\/national-teams\\\/even-mbappe-knew-that-it-was-advanced-in-his-goal-against-spain_273644_102.html#primaryimage\"},\"thumbnailUrl\":\"https:\\\/\\\/www.fcbarcelonanoticias.com\\\/en\\\/wp-content\\\/uploads\\\/sites\\\/2\\\/2021\\\/10\\\/mbappe-francia.jpeg\",\"keywords\":[\"Mbapp\u00e9\",\"Referees\",\"UEFA Nations League\",\"VAR\"],\"articleSection\":[\"Sin categor\u00eda\"],\"inLanguage\":\"en-US\"},{\"@type\":\"WebPage\",\"@id\":\"https:\\\/\\\/www.fcbarcelonanoticias.com\\\/en\\\/national-teams\\\/even-mbappe-knew-that-it-was-advanced-in-his-goal-against-spain_273644_102.html\",\"url\":\"https:\\\/\\\/www.fcbarcelonanoticias.com\\\/en\\\/national-teams\\\/even-mbappe-knew-that-it-was-advanced-in-his-goal-against-spain_273644_102.html\",\"name\":\"Even Mbapp\u00e9 knew that he was offside in his goal against Spain\",\"isPartOf\":{\"@id\":\"https:\\\/\\\/www.fcbarcelonanoticias.com\\\/en\\\/#website\"},\"primaryImageOfPage\":{\"@id\":\"https:\\\/\\\/www.fcbarcelonanoticias.com\\\/en\\\/national-teams\\\/even-mbappe-knew-that-it-was-advanced-in-his-goal-against-spain_273644_102.html#primaryimage\"},\"image\":{\"@id\":\"https:\\\/\\\/www.fcbarcelonanoticias.com\\\/en\\\/national-teams\\\/even-mbappe-knew-that-it-was-advanced-in-his-goal-against-spain_273644_102.html#primaryimage\"},\"thumbnailUrl\":\"https:\\\/\\\/www.fcbarcelonanoticias.com\\\/en\\\/wp-content\\\/uploads\\\/sites\\\/2\\\/2021\\\/10\\\/mbappe-francia.jpeg\",\"datePublished\":\"2021-10-11T08:07:00+00:00\",\"author\":{\"@id\":\"https:\\\/\\\/www.fcbarcelonanoticias.com\\\/en\\\/#\\\/schema\\\/person\\\/3b408513ee236e64c3043ec901f019ee\"},\"description\":\"Kylian Mbapp\u00e9 'delat\u00f3' Before beating to Unai Sim\u00f3n and left an image more than clear: even he doubted of face to the goal, because it knew that it was in position go...\",\"breadcrumb\":{\"@id\":\"https:\\\/\\\/www.fcbarcelonanoticias.com\\\/en\\\/national-teams\\\/even-mbappe-knew-that-it-was-advanced-in-his-goal-against-spain_273644_102.html#breadcrumb\"},\"inLanguage\":\"en-US\",\"potentialAction\":[{\"@type\":\"ReadAction\",\"target\":[\"https:\\\/\\\/www.fcbarcelonanoticias.com\\\/en\\\/national-teams\\\/even-mbappe-knew-that-it-was-advanced-in-his-goal-against-spain_273644_102.html\"]}]},{\"@type\":\"ImageObject\",\"inLanguage\":\"en-US\",\"@id\":\"https:\\\/\\\/www.fcbarcelonanoticias.com\\\/en\\\/national-teams\\\/even-mbappe-knew-that-it-was-advanced-in-his-goal-against-spain_273644_102.html#primaryimage\",\"url\":\"https:\\\/\\\/www.fcbarcelonanoticias.com\\\/en\\\/wp-content\\\/uploads\\\/sites\\\/2\\\/2021\\\/10\\\/mbappe-francia.jpeg\",\"contentUrl\":\"https:\\\/\\\/www.fcbarcelonanoticias.com\\\/en\\\/wp-content\\\/uploads\\\/sites\\\/2\\\/2021\\\/10\\\/mbappe-francia.jpeg\",\"width\":1200,\"height\":675},{\"@type\":\"BreadcrumbList\",\"@id\":\"https:\\\/\\\/www.fcbarcelonanoticias.com\\\/en\\\/national-teams\\\/even-mbappe-knew-that-it-was-advanced-in-his-goal-against-spain_273644_102.html#breadcrumb\",\"itemListElement\":[{\"@type\":\"ListItem\",\"position\":1,\"name\":\"Portada\",\"item\":\"https:\\\/\\\/www.fcbarcelonanoticias.com\\\/en\\\/\"},{\"@type\":\"ListItem\",\"position\":2,\"name\":\"Even Mbapp\u00e9 knew that he was offside in his goal against Spain\"}]},{\"@type\":\"WebSite\",\"@id\":\"https:\\\/\\\/www.fcbarcelonanoticias.com\\\/en\\\/#website\",\"url\":\"https:\\\/\\\/www.fcbarcelonanoticias.com\\\/en\\\/\",\"name\":\"EN - FC Barcelona Noticias\",\"description\":\"\",\"potentialAction\":[{\"@type\":\"SearchAction\",\"target\":{\"@type\":\"EntryPoint\",\"urlTemplate\":\"https:\\\/\\\/www.fcbarcelonanoticias.com\\\/en\\\/?s={search_term_string}\"},\"query-input\":{\"@type\":\"PropertyValueSpecification\",\"valueRequired\":true,\"valueName\":\"search_term_string\"}}],\"inLanguage\":\"en-US\"},{\"@type\":\"Person\",\"@id\":\"https:\\\/\\\/www.fcbarcelonanoticias.com\\\/en\\\/#\\\/schema\\\/person\\\/3b408513ee236e64c3043ec901f019ee\",\"name\":\"Paola Guevara\",\"image\":{\"@type\":\"ImageObject\",\"inLanguage\":\"en-US\",\"@id\":\"https:\\\/\\\/secure.gravatar.com\\\/avatar\\\/?s=96&d=mm&r=g\",\"url\":\"https:\\\/\\\/secure.gravatar.com\\\/avatar\\\/?s=96&d=mm&r=g\",\"contentUrl\":\"https:\\\/\\\/secure.gravatar.com\\\/avatar\\\/?s=96&d=mm&r=g\",\"caption\":\"Paola Guevara\"},\"url\":\"https:\\\/\\\/www.fcbarcelonanoticias.com\\\/en\\\/fc-barcelona\\\/paola-guevara_9_115.html\"}]}<\/script>\n<!-- \/ Yoast SEO plugin. -->","yoast_head_json":{"title":"Even Mbapp\u00e9 knew that he was offside in his goal against Spain","description":"Kylian Mbapp\u00e9 'delat\u00f3' Before beating to Unai Sim\u00f3n and left an image more than clear: even he doubted of face to the goal, because it knew that it was in position go...","robots":{"index":"index","follow":"follow","max-snippet":"max-snippet:-1","max-image-preview":"max-image-preview:large","max-video-preview":"max-video-preview:-1"},"canonical":"https:\/\/www.fcbarcelonanoticias.com\/en\/national-teams\/even-mbappe-knew-that-it-was-advanced-in-his-goal-against-spain_273644_102.html","og_locale":"en_US","og_type":"article","og_title":"Even Mbapp\u00e9 knew that he was offside in his goal against Spain","og_description":"Kylian Mbapp\u00e9 'delat\u00f3' Before beating to Unai Sim\u00f3n and left an image more than clear: even he doubted of face to the goal, because it knew that it was in position go...","og_url":"https:\/\/www.fcbarcelonanoticias.com\/en\/national-teams\/even-mbappe-knew-that-it-was-advanced-in-his-goal-against-spain_273644_102.html","og_site_name":"EN - FC Barcelona Noticias","article_published_time":"2021-10-11T08:07:00+00:00","og_image":[{"width":1200,"height":675,"url":"https:\/\/www.fcbarcelonanoticias.com\/en\/wp-content\/uploads\/sites\/2\/2021\/10\/mbappe-francia.jpeg","type":"image\/jpeg"}],"author":"Paola Guevara","twitter_card":"summary_large_image","twitter_misc":{"Written by":"Paola Guevara","Est. reading time":"3 minutes"},"schema":{"@context":"https:\/\/schema.org","@graph":[{"@type":"Article","@id":"https:\/\/www.fcbarcelonanoticias.com\/en\/national-teams\/even-mbappe-knew-that-it-was-advanced-in-his-goal-against-spain_273644_102.html#article","isPartOf":{"@id":"https:\/\/www.fcbarcelonanoticias.com\/en\/national-teams\/even-mbappe-knew-that-it-was-advanced-in-his-goal-against-spain_273644_102.html"},"author":{"name":"Paola Guevara","@id":"https:\/\/www.fcbarcelonanoticias.com\/en\/#\/schema\/person\/3b408513ee236e64c3043ec901f019ee"},"headline":"Even Mbapp\u00e9 knew that he was offside in his goal against Spain","datePublished":"2021-10-11T08:07:00+00:00","mainEntityOfPage":{"@id":"https:\/\/www.fcbarcelonanoticias.com\/en\/national-teams\/even-mbappe-knew-that-it-was-advanced-in-his-goal-against-spain_273644_102.html"},"wordCount":546,"image":{"@id":"https:\/\/www.fcbarcelonanoticias.com\/en\/national-teams\/even-mbappe-knew-that-it-was-advanced-in-his-goal-against-spain_273644_102.html#primaryimage"},"thumbnailUrl":"https:\/\/www.fcbarcelonanoticias.com\/en\/wp-content\/uploads\/sites\/2\/2021\/10\/mbappe-francia.jpeg","keywords":["Mbapp\u00e9","Referees","UEFA Nations League","VAR"],"articleSection":["Sin categor\u00eda"],"inLanguage":"en-US"},{"@type":"WebPage","@id":"https:\/\/www.fcbarcelonanoticias.com\/en\/national-teams\/even-mbappe-knew-that-it-was-advanced-in-his-goal-against-spain_273644_102.html","url":"https:\/\/www.fcbarcelonanoticias.com\/en\/national-teams\/even-mbappe-knew-that-it-was-advanced-in-his-goal-against-spain_273644_102.html","name":"Even Mbapp\u00e9 knew that he was offside in his goal against Spain","isPartOf":{"@id":"https:\/\/www.fcbarcelonanoticias.com\/en\/#website"},"primaryImageOfPage":{"@id":"https:\/\/www.fcbarcelonanoticias.com\/en\/national-teams\/even-mbappe-knew-that-it-was-advanced-in-his-goal-against-spain_273644_102.html#primaryimage"},"image":{"@id":"https:\/\/www.fcbarcelonanoticias.com\/en\/national-teams\/even-mbappe-knew-that-it-was-advanced-in-his-goal-against-spain_273644_102.html#primaryimage"},"thumbnailUrl":"https:\/\/www.fcbarcelonanoticias.com\/en\/wp-content\/uploads\/sites\/2\/2021\/10\/mbappe-francia.jpeg","datePublished":"2021-10-11T08:07:00+00:00","author":{"@id":"https:\/\/www.fcbarcelonanoticias.com\/en\/#\/schema\/person\/3b408513ee236e64c3043ec901f019ee"},"description":"Kylian Mbapp\u00e9 'delat\u00f3' Before beating to Unai Sim\u00f3n and left an image more than clear: even he doubted of face to the goal, because it knew that it was in position go...","breadcrumb":{"@id":"https:\/\/www.fcbarcelonanoticias.com\/en\/national-teams\/even-mbappe-knew-that-it-was-advanced-in-his-goal-against-spain_273644_102.html#breadcrumb"},"inLanguage":"en-US","potentialAction":[{"@type":"ReadAction","target":["https:\/\/www.fcbarcelonanoticias.com\/en\/national-teams\/even-mbappe-knew-that-it-was-advanced-in-his-goal-against-spain_273644_102.html"]}]},{"@type":"ImageObject","inLanguage":"en-US","@id":"https:\/\/www.fcbarcelonanoticias.com\/en\/national-teams\/even-mbappe-knew-that-it-was-advanced-in-his-goal-against-spain_273644_102.html#primaryimage","url":"https:\/\/www.fcbarcelonanoticias.com\/en\/wp-content\/uploads\/sites\/2\/2021\/10\/mbappe-francia.jpeg","contentUrl":"https:\/\/www.fcbarcelonanoticias.com\/en\/wp-content\/uploads\/sites\/2\/2021\/10\/mbappe-francia.jpeg","width":1200,"height":675},{"@type":"BreadcrumbList","@id":"https:\/\/www.fcbarcelonanoticias.com\/en\/national-teams\/even-mbappe-knew-that-it-was-advanced-in-his-goal-against-spain_273644_102.html#breadcrumb","itemListElement":[{"@type":"ListItem","position":1,"name":"Portada","item":"https:\/\/www.fcbarcelonanoticias.com\/en\/"},{"@type":"ListItem","position":2,"name":"Even Mbapp\u00e9 knew that he was offside in his goal against Spain"}]},{"@type":"WebSite","@id":"https:\/\/www.fcbarcelonanoticias.com\/en\/#website","url":"https:\/\/www.fcbarcelonanoticias.com\/en\/","name":"EN - FC Barcelona Noticias","description":"","potentialAction":[{"@type":"SearchAction","target":{"@type":"EntryPoint","urlTemplate":"https:\/\/www.fcbarcelonanoticias.com\/en\/?s={search_term_string}"},"query-input":{"@type":"PropertyValueSpecification","valueRequired":true,"valueName":"search_term_string"}}],"inLanguage":"en-US"},{"@type":"Person","@id":"https:\/\/www.fcbarcelonanoticias.com\/en\/#\/schema\/person\/3b408513ee236e64c3043ec901f019ee","name":"Paola Guevara","image":{"@type":"ImageObject","inLanguage":"en-US","@id":"https:\/\/secure.gravatar.com\/avatar\/?s=96&d=mm&r=g","url":"https:\/\/secure.gravatar.com\/avatar\/?s=96&d=mm&r=g","contentUrl":"https:\/\/secure.gravatar.com\/avatar\/?s=96&d=mm&r=g","caption":"Paola Guevara"},"url":"https:\/\/www.fcbarcelonanoticias.com\/en\/fc-barcelona\/paola-guevara_9_115.html"}]}},"_links":{"self":[{"href":"https:\/\/www.fcbarcelonanoticias.com\/en\/wp-json\/wp\/v2\/posts\/67931","targetHints":{"allow":["GET"]}}],"collection":[{"href":"https:\/\/www.fcbarcelonanoticias.com\/en\/wp-json\/wp\/v2\/posts"}],"about":[{"href":"https:\/\/www.fcbarcelonanoticias.com\/en\/wp-json\/wp\/v2\/types\/post"}],"author":[{"embeddable":true,"href":"https:\/\/www.fcbarcelonanoticias.com\/en\/wp-json\/wp\/v2\/users\/352"}],"replies":[{"embeddable":true,"href":"https:\/\/www.fcbarcelonanoticias.com\/en\/wp-json\/wp\/v2\/comments?post=67931"}],"version-history":[{"count":1,"href":"https:\/\/www.fcbarcelonanoticias.com\/en\/wp-json\/wp\/v2\/posts\/67931\/revisions"}],"predecessor-version":[{"id":119775,"href":"https:\/\/www.fcbarcelonanoticias.com\/en\/wp-json\/wp\/v2\/posts\/67931\/revisions\/119775"}],"wp:featuredmedia":[{"embeddable":true,"href":"https:\/\/www.fcbarcelonanoticias.com\/en\/wp-json\/wp\/v2\/media\/67936"}],"wp:attachment":[{"href":"https:\/\/www.fcbarcelonanoticias.com\/en\/wp-json\/wp\/v2\/media?parent=67931"}],"wp:term":[{"taxonomy":"category","embeddable":true,"href":"https:\/\/www.fcbarcelonanoticias.com\/en\/wp-json\/wp\/v2\/categories?post=67931"},{"taxonomy":"post_tag","embeddable":true,"href":"https:\/\/www.fcbarcelonanoticias.com\/en\/wp-json\/wp\/v2\/tags?post=67931"}],"curies":[{"name":"wp","href":"https:\/\/api.w.org\/{rel}","templated":true}]}}