{"id":67972,"date":"2020-03-02T22:15:00","date_gmt":"2020-03-02T21:15:00","guid":{"rendered":"https:\/\/weisetech.dev\/fc-barcelona-noticias\/en\/arturo-vidal-angry-again-replaced-braithwaite_255890_102\/"},"modified":"2020-03-02T22:16:00","modified_gmt":"2020-03-02T21:16:00","slug":"arturo-vidal-angry-again-replaced-braithwaite_255890_102","status":"publish","type":"post","link":"https:\/\/www.fcbarcelonanoticias.com\/en\/players\/arturo-vidal-angry-again-replaced-braithwaite_255890_102.html","title":{"rendered":"Arturo Vidal got angry again after being replaced by Braithwaite"},"content":{"rendered":"<h2 class=\"wp-block-heading\">Arturo Vidal was one of the surprises in Seti\u00e9n&#8217;s eleven in the Classic. The Chilean was not bad, but in the second part the coach decided to replace him with Braithwaite. The change felt bad to the environment, which went against the bench<\/h2>  \r\n<div class=\"article-addons\">\r\n    <a href=\"https:\/\/www.fcbarcelonanoticias.com\/en\/calendar-fc-barcelona.html\"\r\n       target=\"_self\"\r\n       title=\"Calendar of FC Barcelona\"\r\n       class=\"blue-gredient-btn\">\r\n       \r\n        Calendar of FC Barcelona    <\/a>\r\n<\/div>   <p><strong><a data-external=\"0\" data-intl-links-en=\"https:\/\/www.fcbarcelonanoticias.com\/en\/tags\/quique-setien\" data-intl-links-es=\"https:\/\/www.fcbarcelonanoticias.com\/tags\/quique-setien\" href=\"https:\/\/www.fcbarcelonanoticias.com\/en\/tags\/quique-setien.html\" rel=\"follow\" target=\"_self\" title=\"Quique Seti\u00e9n\">Quique Seti\u00e9n<\/a> decided to put in the Classical an eleven very seemed to the that put in front of the Naples <\/strong>in the gone of the eighth of final of the Champions League. Jordi Alba, recovered for the cause just in time, went in by Junior Firpo, whereas in the centre of the field played Arthur Melo by Ivan Rakitic. The rest were the same that in Saint Paolo, but equal that sucedi\u00f3 in Italy with the napolitanos, the Madrid also went out with life in front of them.<\/p>  <p>In fact, the whites won by 2-0 and recovered the leadership of LaLiga. It was a meeting of contrasts in which the Barcelona dominated in the first part, but saw quite surpassed in the second. The so high pressure posed by Zinedine Zidane surti\u00f3 effect and the Bar\u00e7a lost a lot of balls going out from backwards. <strong>The Catalans were bottled in his own field and Seti\u00e9n decided to change the system putting to Martin Braithwaite<\/strong>.<\/p>  <p>The Danish went in by <strong><a data-external=\"0\" data-intl-links-en=\"https:\/\/www.fcbarcelonanoticias.com\/en\/tags\/arturo-vidal\" data-intl-links-es=\"https:\/\/www.fcbarcelonanoticias.com\/tags\/arturo-vidal\" href=\"https:\/\/www.fcbarcelonanoticias.com\/en\/tags\/arturo-vidal.html\" rel=\"follow\" target=\"_self\" title=\"Arturo Vidal\">Arturo Vidal<\/a>\u200b<\/strong>, that was to title once again and also once again went to the bench with face of few friends. The Chilean, that was not playing badly, <strong>left of the field contrariado and denying with the head the change of his trainer<\/strong> in the minute 69 of the second time. The result then was still of 0-0, but the feeling was that the Madrid was much more near of the goal of the victory that the Barcelona.<\/p>  <p>The <strong>exit of the of Saint Joaqu\u00edn allowed to the barcelonistas pull more, also did that the whites felt more comfortable<\/strong> after the 1-0. All could change if the recently gone in Braithwaite marks after going with ease of Marcelo, but Courtois avoided it with a big stopped in the one against one. Practically in the played following, Vinicius received a big pass to the gap of Toni Kroos, won background line and almost in the small area hit him so that I Hammered diverted and beat to Ter Stegen.<\/p>  <p>If Vidal had been in the field, perhaps the Brazilian forward had not received so comfortable as it did it with the labeling of Braithwaite, that followed with its eyes him. The Chilean saw this played from the bench, more calmed after the get angry that had after the replacement. Already it does some weeks, <strong>the one of Saint Joaqu\u00edn bothered after jumping to the field in the minute 85 against the Getafe in the Camp Nou<\/strong>. With Valverde also starred several episodes of this style and the normal is that it go back to suceder in the future.<\/p>  <h3>Vidal is accustomed to play it everything<\/h3>  <p>The midfield player carries all his career being indisputable in all the teams in which it has been. In the Bayer Leverkusen, in the Juventus of Tur\u00edn and in the Bayern of Munich was a fixed and turned into one of the big means of Europe. <strong>In the Camp Nou never has had this role of titular\u00edsimo and always has asked more. He wants to be key and would like him play it all<\/strong>, but in the Bar\u00e7a this is not possible. Seti\u00e9n Goes to have to convince him that it will be important, but no as much as came it being in previous clubs. For the moment, his enfados have not gone to greater, but gestures like this could be hurtful for the group if they follow giving with some assiduity.<\/p> ","protected":false},"excerpt":{"rendered":"<p>Arturo Vidal was one of the surprises in Seti\u00e9n&#8217;s eleven in the Classic. The Chilean was not bad, but in the second part the coach decided to replace him with Braithwaite. The change felt bad to the environment, which went against the bench Quique Seti\u00e9n decided to put in the Classical an eleven very seemed [&hellip;]<\/p>\n","protected":false},"author":392,"featured_media":67977,"comment_status":"closed","ping_status":"open","sticky":false,"template":"","format":"standard","meta":{"_acf_changed":false,"inline_featured_image":false,"_nextfly_llmd_date_locked":false,"footnotes":""},"categories":[453,107],"tags":[159,208],"class_list":["post-67972","post","type-post","status-publish","format-standard","has-post-thumbnail","hentry","category-players-2","category-players","tag-arturo-vidal","tag-quique-setien"],"acf":[],"yoast_head":"<!-- This site is optimized with the Yoast SEO plugin v27.3 - https:\/\/yoast.com\/product\/yoast-seo-wordpress\/ -->\n<title>Arturo Vidal got angry again after being replaced by Braithwaite<\/title>\n<meta name=\"description\" content=\"Arturo Vidal was one of the surprises in the eleven of Seti\u00e9n in the Classical. The Chilean was not badly, but in the second part the technician decided to substitute him p...\" \/>\n<meta name=\"robots\" content=\"index, follow, max-snippet:-1, max-image-preview:large, max-video-preview:-1\" \/>\n<link rel=\"canonical\" href=\"https:\/\/www.fcbarcelonanoticias.com\/en\/players\/arturo-vidal-angry-again-replaced-braithwaite_255890_102.html\" \/>\n<meta property=\"og:locale\" content=\"en_US\" \/>\n<meta property=\"og:type\" content=\"article\" \/>\n<meta property=\"og:title\" content=\"Arturo Vidal got angry again after being replaced by Braithwaite\" \/>\n<meta property=\"og:description\" content=\"Arturo Vidal was one of the surprises in the eleven of Seti\u00e9n in the Classical. The Chilean was not badly, but in the second part the technician decided to substitute him p...\" \/>\n<meta property=\"og:url\" content=\"https:\/\/www.fcbarcelonanoticias.com\/en\/players\/arturo-vidal-angry-again-replaced-braithwaite_255890_102.html\" \/>\n<meta property=\"og:site_name\" content=\"EN - FC Barcelona Noticias\" \/>\n<meta property=\"article:published_time\" content=\"2020-03-02T21:15:00+00:00\" \/>\n<meta property=\"article:modified_time\" content=\"2020-03-02T21:16:00+00:00\" \/>\n<meta property=\"og:image\" content=\"https:\/\/www.fcbarcelonanoticias.com\/en\/wp-content\/uploads\/sites\/2\/2020\/03\/arturo-vidal-cambio.jpeg\" \/>\n\t<meta property=\"og:image:width\" content=\"1200\" \/>\n\t<meta property=\"og:image:height\" content=\"750\" \/>\n\t<meta property=\"og:image:type\" content=\"image\/jpeg\" \/>\n<meta name=\"author\" content=\"user_4048\" \/>\n<meta name=\"twitter:card\" content=\"summary_large_image\" \/>\n<meta name=\"twitter:label1\" content=\"Written by\" \/>\n\t<meta name=\"twitter:data1\" content=\"user_4048\" \/>\n\t<meta name=\"twitter:label2\" content=\"Est. reading time\" \/>\n\t<meta name=\"twitter:data2\" content=\"3 minutes\" \/>\n<script type=\"application\/ld+json\" class=\"yoast-schema-graph\">{\"@context\":\"https:\\\/\\\/schema.org\",\"@graph\":[{\"@type\":\"Article\",\"@id\":\"https:\\\/\\\/www.fcbarcelonanoticias.com\\\/en\\\/players\\\/arturo-vidal-angry-again-replaced-braithwaite_255890_102.html#article\",\"isPartOf\":{\"@id\":\"https:\\\/\\\/www.fcbarcelonanoticias.com\\\/en\\\/players\\\/arturo-vidal-angry-again-replaced-braithwaite_255890_102.html\"},\"author\":{\"name\":\"user_4048\",\"@id\":\"https:\\\/\\\/www.fcbarcelonanoticias.com\\\/en\\\/#\\\/schema\\\/person\\\/fcdad55cab72b8d0e106d75506783b6d\"},\"headline\":\"Arturo Vidal got angry again after being replaced by Braithwaite\",\"datePublished\":\"2020-03-02T21:15:00+00:00\",\"dateModified\":\"2020-03-02T21:16:00+00:00\",\"mainEntityOfPage\":{\"@id\":\"https:\\\/\\\/www.fcbarcelonanoticias.com\\\/en\\\/players\\\/arturo-vidal-angry-again-replaced-braithwaite_255890_102.html\"},\"wordCount\":638,\"image\":{\"@id\":\"https:\\\/\\\/www.fcbarcelonanoticias.com\\\/en\\\/players\\\/arturo-vidal-angry-again-replaced-braithwaite_255890_102.html#primaryimage\"},\"thumbnailUrl\":\"https:\\\/\\\/www.fcbarcelonanoticias.com\\\/en\\\/wp-content\\\/uploads\\\/sites\\\/2\\\/2020\\\/03\\\/arturo-vidal-cambio.jpeg\",\"keywords\":[\"Arturo Vidal\",\"Quique Seti\u00e9n\"],\"articleSection\":[\"Players\",\"Players\"],\"inLanguage\":\"en-US\"},{\"@type\":\"WebPage\",\"@id\":\"https:\\\/\\\/www.fcbarcelonanoticias.com\\\/en\\\/players\\\/arturo-vidal-angry-again-replaced-braithwaite_255890_102.html\",\"url\":\"https:\\\/\\\/www.fcbarcelonanoticias.com\\\/en\\\/players\\\/arturo-vidal-angry-again-replaced-braithwaite_255890_102.html\",\"name\":\"Arturo Vidal got angry again after being replaced by Braithwaite\",\"isPartOf\":{\"@id\":\"https:\\\/\\\/www.fcbarcelonanoticias.com\\\/en\\\/#website\"},\"primaryImageOfPage\":{\"@id\":\"https:\\\/\\\/www.fcbarcelonanoticias.com\\\/en\\\/players\\\/arturo-vidal-angry-again-replaced-braithwaite_255890_102.html#primaryimage\"},\"image\":{\"@id\":\"https:\\\/\\\/www.fcbarcelonanoticias.com\\\/en\\\/players\\\/arturo-vidal-angry-again-replaced-braithwaite_255890_102.html#primaryimage\"},\"thumbnailUrl\":\"https:\\\/\\\/www.fcbarcelonanoticias.com\\\/en\\\/wp-content\\\/uploads\\\/sites\\\/2\\\/2020\\\/03\\\/arturo-vidal-cambio.jpeg\",\"datePublished\":\"2020-03-02T21:15:00+00:00\",\"dateModified\":\"2020-03-02T21:16:00+00:00\",\"author\":{\"@id\":\"https:\\\/\\\/www.fcbarcelonanoticias.com\\\/en\\\/#\\\/schema\\\/person\\\/fcdad55cab72b8d0e106d75506783b6d\"},\"description\":\"Arturo Vidal was one of the surprises in the eleven of Seti\u00e9n in the Classical. The Chilean was not badly, but in the second part the technician decided to substitute him p...\",\"breadcrumb\":{\"@id\":\"https:\\\/\\\/www.fcbarcelonanoticias.com\\\/en\\\/players\\\/arturo-vidal-angry-again-replaced-braithwaite_255890_102.html#breadcrumb\"},\"inLanguage\":\"en-US\",\"potentialAction\":[{\"@type\":\"ReadAction\",\"target\":[\"https:\\\/\\\/www.fcbarcelonanoticias.com\\\/en\\\/players\\\/arturo-vidal-angry-again-replaced-braithwaite_255890_102.html\"]}]},{\"@type\":\"ImageObject\",\"inLanguage\":\"en-US\",\"@id\":\"https:\\\/\\\/www.fcbarcelonanoticias.com\\\/en\\\/players\\\/arturo-vidal-angry-again-replaced-braithwaite_255890_102.html#primaryimage\",\"url\":\"https:\\\/\\\/www.fcbarcelonanoticias.com\\\/en\\\/wp-content\\\/uploads\\\/sites\\\/2\\\/2020\\\/03\\\/arturo-vidal-cambio.jpeg\",\"contentUrl\":\"https:\\\/\\\/www.fcbarcelonanoticias.com\\\/en\\\/wp-content\\\/uploads\\\/sites\\\/2\\\/2020\\\/03\\\/arturo-vidal-cambio.jpeg\",\"width\":1200,\"height\":750},{\"@type\":\"BreadcrumbList\",\"@id\":\"https:\\\/\\\/www.fcbarcelonanoticias.com\\\/en\\\/players\\\/arturo-vidal-angry-again-replaced-braithwaite_255890_102.html#breadcrumb\",\"itemListElement\":[{\"@type\":\"ListItem\",\"position\":1,\"name\":\"Portada\",\"item\":\"https:\\\/\\\/www.fcbarcelonanoticias.com\\\/en\\\/\"},{\"@type\":\"ListItem\",\"position\":2,\"name\":\"Arturo Vidal got angry again after being replaced by Braithwaite\"}]},{\"@type\":\"WebSite\",\"@id\":\"https:\\\/\\\/www.fcbarcelonanoticias.com\\\/en\\\/#website\",\"url\":\"https:\\\/\\\/www.fcbarcelonanoticias.com\\\/en\\\/\",\"name\":\"EN - FC Barcelona Noticias\",\"description\":\"\",\"potentialAction\":[{\"@type\":\"SearchAction\",\"target\":{\"@type\":\"EntryPoint\",\"urlTemplate\":\"https:\\\/\\\/www.fcbarcelonanoticias.com\\\/en\\\/?s={search_term_string}\"},\"query-input\":{\"@type\":\"PropertyValueSpecification\",\"valueRequired\":true,\"valueName\":\"search_term_string\"}}],\"inLanguage\":\"en-US\"},{\"@type\":\"Person\",\"@id\":\"https:\\\/\\\/www.fcbarcelonanoticias.com\\\/en\\\/#\\\/schema\\\/person\\\/fcdad55cab72b8d0e106d75506783b6d\",\"name\":\"user_4048\",\"image\":{\"@type\":\"ImageObject\",\"inLanguage\":\"en-US\",\"@id\":\"https:\\\/\\\/secure.gravatar.com\\\/avatar\\\/?s=96&d=mm&r=g\",\"url\":\"https:\\\/\\\/secure.gravatar.com\\\/avatar\\\/?s=96&d=mm&r=g\",\"contentUrl\":\"https:\\\/\\\/secure.gravatar.com\\\/avatar\\\/?s=96&d=mm&r=g\",\"caption\":\"user_4048\"},\"url\":\"https:\\\/\\\/www.fcbarcelonanoticias.com\\\/en\\\/user_4048.html\"}]}<\/script>\n<!-- \/ Yoast SEO plugin. -->","yoast_head_json":{"title":"Arturo Vidal got angry again after being replaced by Braithwaite","description":"Arturo Vidal was one of the surprises in the eleven of Seti\u00e9n in the Classical. The Chilean was not badly, but in the second part the technician decided to substitute him p...","robots":{"index":"index","follow":"follow","max-snippet":"max-snippet:-1","max-image-preview":"max-image-preview:large","max-video-preview":"max-video-preview:-1"},"canonical":"https:\/\/www.fcbarcelonanoticias.com\/en\/players\/arturo-vidal-angry-again-replaced-braithwaite_255890_102.html","og_locale":"en_US","og_type":"article","og_title":"Arturo Vidal got angry again after being replaced by Braithwaite","og_description":"Arturo Vidal was one of the surprises in the eleven of Seti\u00e9n in the Classical. The Chilean was not badly, but in the second part the technician decided to substitute him p...","og_url":"https:\/\/www.fcbarcelonanoticias.com\/en\/players\/arturo-vidal-angry-again-replaced-braithwaite_255890_102.html","og_site_name":"EN - FC Barcelona Noticias","article_published_time":"2020-03-02T21:15:00+00:00","article_modified_time":"2020-03-02T21:16:00+00:00","og_image":[{"width":1200,"height":750,"url":"https:\/\/www.fcbarcelonanoticias.com\/en\/wp-content\/uploads\/sites\/2\/2020\/03\/arturo-vidal-cambio.jpeg","type":"image\/jpeg"}],"author":"user_4048","twitter_card":"summary_large_image","twitter_misc":{"Written by":"user_4048","Est. reading time":"3 minutes"},"schema":{"@context":"https:\/\/schema.org","@graph":[{"@type":"Article","@id":"https:\/\/www.fcbarcelonanoticias.com\/en\/players\/arturo-vidal-angry-again-replaced-braithwaite_255890_102.html#article","isPartOf":{"@id":"https:\/\/www.fcbarcelonanoticias.com\/en\/players\/arturo-vidal-angry-again-replaced-braithwaite_255890_102.html"},"author":{"name":"user_4048","@id":"https:\/\/www.fcbarcelonanoticias.com\/en\/#\/schema\/person\/fcdad55cab72b8d0e106d75506783b6d"},"headline":"Arturo Vidal got angry again after being replaced by Braithwaite","datePublished":"2020-03-02T21:15:00+00:00","dateModified":"2020-03-02T21:16:00+00:00","mainEntityOfPage":{"@id":"https:\/\/www.fcbarcelonanoticias.com\/en\/players\/arturo-vidal-angry-again-replaced-braithwaite_255890_102.html"},"wordCount":638,"image":{"@id":"https:\/\/www.fcbarcelonanoticias.com\/en\/players\/arturo-vidal-angry-again-replaced-braithwaite_255890_102.html#primaryimage"},"thumbnailUrl":"https:\/\/www.fcbarcelonanoticias.com\/en\/wp-content\/uploads\/sites\/2\/2020\/03\/arturo-vidal-cambio.jpeg","keywords":["Arturo Vidal","Quique Seti\u00e9n"],"articleSection":["Players","Players"],"inLanguage":"en-US"},{"@type":"WebPage","@id":"https:\/\/www.fcbarcelonanoticias.com\/en\/players\/arturo-vidal-angry-again-replaced-braithwaite_255890_102.html","url":"https:\/\/www.fcbarcelonanoticias.com\/en\/players\/arturo-vidal-angry-again-replaced-braithwaite_255890_102.html","name":"Arturo Vidal got angry again after being replaced by Braithwaite","isPartOf":{"@id":"https:\/\/www.fcbarcelonanoticias.com\/en\/#website"},"primaryImageOfPage":{"@id":"https:\/\/www.fcbarcelonanoticias.com\/en\/players\/arturo-vidal-angry-again-replaced-braithwaite_255890_102.html#primaryimage"},"image":{"@id":"https:\/\/www.fcbarcelonanoticias.com\/en\/players\/arturo-vidal-angry-again-replaced-braithwaite_255890_102.html#primaryimage"},"thumbnailUrl":"https:\/\/www.fcbarcelonanoticias.com\/en\/wp-content\/uploads\/sites\/2\/2020\/03\/arturo-vidal-cambio.jpeg","datePublished":"2020-03-02T21:15:00+00:00","dateModified":"2020-03-02T21:16:00+00:00","author":{"@id":"https:\/\/www.fcbarcelonanoticias.com\/en\/#\/schema\/person\/fcdad55cab72b8d0e106d75506783b6d"},"description":"Arturo Vidal was one of the surprises in the eleven of Seti\u00e9n in the Classical. The Chilean was not badly, but in the second part the technician decided to substitute him p...","breadcrumb":{"@id":"https:\/\/www.fcbarcelonanoticias.com\/en\/players\/arturo-vidal-angry-again-replaced-braithwaite_255890_102.html#breadcrumb"},"inLanguage":"en-US","potentialAction":[{"@type":"ReadAction","target":["https:\/\/www.fcbarcelonanoticias.com\/en\/players\/arturo-vidal-angry-again-replaced-braithwaite_255890_102.html"]}]},{"@type":"ImageObject","inLanguage":"en-US","@id":"https:\/\/www.fcbarcelonanoticias.com\/en\/players\/arturo-vidal-angry-again-replaced-braithwaite_255890_102.html#primaryimage","url":"https:\/\/www.fcbarcelonanoticias.com\/en\/wp-content\/uploads\/sites\/2\/2020\/03\/arturo-vidal-cambio.jpeg","contentUrl":"https:\/\/www.fcbarcelonanoticias.com\/en\/wp-content\/uploads\/sites\/2\/2020\/03\/arturo-vidal-cambio.jpeg","width":1200,"height":750},{"@type":"BreadcrumbList","@id":"https:\/\/www.fcbarcelonanoticias.com\/en\/players\/arturo-vidal-angry-again-replaced-braithwaite_255890_102.html#breadcrumb","itemListElement":[{"@type":"ListItem","position":1,"name":"Portada","item":"https:\/\/www.fcbarcelonanoticias.com\/en\/"},{"@type":"ListItem","position":2,"name":"Arturo Vidal got angry again after being replaced by Braithwaite"}]},{"@type":"WebSite","@id":"https:\/\/www.fcbarcelonanoticias.com\/en\/#website","url":"https:\/\/www.fcbarcelonanoticias.com\/en\/","name":"EN - FC Barcelona Noticias","description":"","potentialAction":[{"@type":"SearchAction","target":{"@type":"EntryPoint","urlTemplate":"https:\/\/www.fcbarcelonanoticias.com\/en\/?s={search_term_string}"},"query-input":{"@type":"PropertyValueSpecification","valueRequired":true,"valueName":"search_term_string"}}],"inLanguage":"en-US"},{"@type":"Person","@id":"https:\/\/www.fcbarcelonanoticias.com\/en\/#\/schema\/person\/fcdad55cab72b8d0e106d75506783b6d","name":"user_4048","image":{"@type":"ImageObject","inLanguage":"en-US","@id":"https:\/\/secure.gravatar.com\/avatar\/?s=96&d=mm&r=g","url":"https:\/\/secure.gravatar.com\/avatar\/?s=96&d=mm&r=g","contentUrl":"https:\/\/secure.gravatar.com\/avatar\/?s=96&d=mm&r=g","caption":"user_4048"},"url":"https:\/\/www.fcbarcelonanoticias.com\/en\/user_4048.html"}]}},"_links":{"self":[{"href":"https:\/\/www.fcbarcelonanoticias.com\/en\/wp-json\/wp\/v2\/posts\/67972","targetHints":{"allow":["GET"]}}],"collection":[{"href":"https:\/\/www.fcbarcelonanoticias.com\/en\/wp-json\/wp\/v2\/posts"}],"about":[{"href":"https:\/\/www.fcbarcelonanoticias.com\/en\/wp-json\/wp\/v2\/types\/post"}],"author":[{"embeddable":true,"href":"https:\/\/www.fcbarcelonanoticias.com\/en\/wp-json\/wp\/v2\/users\/392"}],"replies":[{"embeddable":true,"href":"https:\/\/www.fcbarcelonanoticias.com\/en\/wp-json\/wp\/v2\/comments?post=67972"}],"version-history":[{"count":1,"href":"https:\/\/www.fcbarcelonanoticias.com\/en\/wp-json\/wp\/v2\/posts\/67972\/revisions"}],"predecessor-version":[{"id":119615,"href":"https:\/\/www.fcbarcelonanoticias.com\/en\/wp-json\/wp\/v2\/posts\/67972\/revisions\/119615"}],"wp:featuredmedia":[{"embeddable":true,"href":"https:\/\/www.fcbarcelonanoticias.com\/en\/wp-json\/wp\/v2\/media\/67977"}],"wp:attachment":[{"href":"https:\/\/www.fcbarcelonanoticias.com\/en\/wp-json\/wp\/v2\/media?parent=67972"}],"wp:term":[{"taxonomy":"category","embeddable":true,"href":"https:\/\/www.fcbarcelonanoticias.com\/en\/wp-json\/wp\/v2\/categories?post=67972"},{"taxonomy":"post_tag","embeddable":true,"href":"https:\/\/www.fcbarcelonanoticias.com\/en\/wp-json\/wp\/v2\/tags?post=67972"}],"curies":[{"name":"wp","href":"https:\/\/api.w.org\/{rel}","templated":true}]}}