{"id":67993,"date":"2022-10-21T19:14:00","date_gmt":"2022-10-21T17:14:00","guid":{"rendered":"https:\/\/weisetech.dev\/fc-barcelona-noticias\/en\/esperanza-with-ronald-araujo-it-is-in-the-prelista-of-uruguay-for-the-world-wide_285704_102\/"},"modified":"2022-10-21T19:14:00","modified_gmt":"2022-10-21T17:14:00","slug":"esperanza-with-ronald-araujo-it-is-in-the-prelista-of-uruguay-for-the-world-wide_285704_102","status":"publish","type":"post","link":"https:\/\/www.fcbarcelonanoticias.com\/en\/national-teams\/esperanza-with-ronald-araujo-it-is-in-the-prelista-of-uruguay-for-the-world-wide_285704_102.html","title":{"rendered":"Hope with Ronald Ara\u00fajo: He is on Uruguay&#8217;s pre-list for the World Cup!"},"content":{"rendered":"<h2 class=\"wp-block-heading\">There is optimism regarding the injury of Ronald Ara\u00fajo and his recovery. The charr\u00faa has gone in in the first list of Uruguay of face to the World-wide of this winter, beside 55 players more<\/h2>  \r\n<div class=\"article-addons\">\r\n    <a href=\"https:\/\/www.fcbarcelonanoticias.com\/en\/calendar-fc-barcelona.html\"\r\n       target=\"_self\"\r\n       title=\"Calendar of FC Barcelona\"\r\n       class=\"blue-gredient-btn\">\r\n       \r\n        Calendar of FC Barcelona    <\/a>\r\n<\/div>   <p><strong>The <a data-external=\"0\" data-intl-links-en=\"https:\/\/www.fcbarcelonanoticias.com\/en\/players\/official-barcelona-confirms-intervention-araujo-has-been-satisfactory_284839_102.html\" data-intl-links-es=\"https:\/\/www.fcbarcelonanoticias.com\/jugadores\/oficial-barcelona-confirma-intervencion-araujo-ha-sido-satisfactoria_284839_102.html\" href=\"https:\/\/www.fcbarcelonanoticias.com\/en\/players\/official-barcelona-confirms-intervention-araujo-has-been-satisfactory_284839_102.html\" rel=\"follow\" target=\"_self\" title=\"OFICIAL: El Bar\u00e7a confirma que la intervenci\u00f3n a Ara\u00fajo ha sido satisfactoria\">injury of Ronald Ara\u00fajo<\/a> has been one of the worst news for the FC Barcelona in what it goes of season 2022-2023.<\/strong> The charr\u00faa is a fundamental piece in the approach of Xavi Hern\u00e1ndez and his drop has noticed more than the account, because it was a player that could position like head office, but also of side. His absence, by an avulsi\u00f3n of the sinew of the aductor long of the right thigh, left bad prognoses regarding his time of drop.<\/p>  <p>And it is that the player of 23 went through the operating theatre to finals of the month of September (the 28) and the Bar\u00e7a did not give time estimated of recovery, but some sources aimed that it would be smart around the middle of November, but others signalled that it would not be until finals of December until it could return to the trainings grupales. <strong>The uncertainty is absolute and, to little more than two weeks since it was operated, the selection of Uruguay gave a &#8216;light&#8217; regarding Ara\u00fajo. <\/strong><\/p>  <p>This Friday desvel\u00f3 the list of 56 footballers that have been preseleccionados for the World-wide of Qatar of this winter, in <strong>which it appears Ronald Ara\u00fajo<\/strong>. Although it will see reduced in November, is one very good news that the charr\u00faas consider that the footballer of the Bar\u00e7a will be able to arrive to the appointment mundialista.<\/p>  <h3>His recovery, priority<\/h3>  <p>It is not a secret for anybody that the big aim of the Uruguayan defender is to achieve represent to his country in the World-wide, place would be his first opportunity and would arrive like one of the most important players for the selection. However, at all times it has left clear that<strong> his health and recovery are by in front and that will do the possible to recover to 100%<\/strong> before deciding if has opportunity or no to travel to Qatar.<\/p>  <p>It is thus that preferred to opt for happening to the operating theatre before following a conservative treatment, that had allowed him be maximum six or seven weeks in the infirmary. Instead, Ara\u00fajo decided for removing the problem from the root with the operation. <strong>The time of wait, is the of less. The important is that it go back to be in his best level. <\/strong><\/p> ","protected":false},"excerpt":{"rendered":"<p>There is optimism regarding the injury of Ronald Ara\u00fajo and his recovery. The charr\u00faa has gone in in the first list of Uruguay of face to the World-wide of this winter, beside 55 players more The injury of Ronald Ara\u00fajo has been one of the worst news for the FC Barcelona in what it goes [&hellip;]<\/p>\n","protected":false},"author":352,"featured_media":24743,"comment_status":"closed","ping_status":"open","sticky":false,"template":"","format":"standard","meta":{"_acf_changed":false,"inline_featured_image":false,"_nextfly_llmd_date_locked":false,"footnotes":""},"categories":[453,107],"tags":[136],"class_list":["post-67993","post","type-post","status-publish","format-standard","has-post-thumbnail","hentry","category-players-2","category-players","tag-injured"],"acf":[],"yoast_head":"<!-- This site is optimized with the Yoast SEO plugin v27.3 - https:\/\/yoast.com\/product\/yoast-seo-wordpress\/ -->\n<title>Esperanza with Ronald Ara\u00fajo: it Is in the prelista of Uruguay for the World-wide!<\/title>\n<meta name=\"description\" content=\"There is optimism regarding the injury of Ronald Ara\u00fajo and his recovery. The charr\u00faa has gone in in the first list of Uruguay of face to the World-wide of this in...\" \/>\n<meta name=\"robots\" content=\"index, follow, max-snippet:-1, max-image-preview:large, max-video-preview:-1\" \/>\n<link rel=\"canonical\" href=\"https:\/\/www.fcbarcelonanoticias.com\/en\/national-teams\/esperanza-with-ronald-araujo-it-is-in-the-prelista-of-uruguay-for-the-world-wide_285704_102.html\" \/>\n<meta property=\"og:locale\" content=\"en_US\" \/>\n<meta property=\"og:type\" content=\"article\" \/>\n<meta property=\"og:title\" content=\"Esperanza with Ronald Ara\u00fajo: it Is in the prelista of Uruguay for the World-wide!\" \/>\n<meta property=\"og:description\" content=\"There is optimism regarding the injury of Ronald Ara\u00fajo and his recovery. The charr\u00faa has gone in in the first list of Uruguay of face to the World-wide of this in...\" \/>\n<meta property=\"og:url\" content=\"https:\/\/www.fcbarcelonanoticias.com\/en\/national-teams\/esperanza-with-ronald-araujo-it-is-in-the-prelista-of-uruguay-for-the-world-wide_285704_102.html\" \/>\n<meta property=\"og:site_name\" content=\"EN - FC Barcelona Noticias\" \/>\n<meta property=\"article:published_time\" content=\"2022-10-21T17:14:00+00:00\" \/>\n<meta property=\"og:image\" content=\"https:\/\/www.fcbarcelonanoticias.com\/en\/wp-content\/uploads\/sites\/2\/2022\/10\/fc-barcelona-v-fc-internazionale-group-c-uefa-champions-league-3-1.jpeg\" \/>\n\t<meta property=\"og:image:width\" content=\"1200\" \/>\n\t<meta property=\"og:image:height\" content=\"719\" \/>\n\t<meta property=\"og:image:type\" content=\"image\/jpeg\" \/>\n<meta name=\"author\" content=\"Paola Guevara\" \/>\n<meta name=\"twitter:card\" content=\"summary_large_image\" \/>\n<meta name=\"twitter:label1\" content=\"Written by\" \/>\n\t<meta name=\"twitter:data1\" content=\"Paola Guevara\" \/>\n\t<meta name=\"twitter:label2\" content=\"Est. reading time\" \/>\n\t<meta name=\"twitter:data2\" content=\"2 minutes\" \/>\n<script type=\"application\/ld+json\" class=\"yoast-schema-graph\">{\"@context\":\"https:\\\/\\\/schema.org\",\"@graph\":[{\"@type\":\"Article\",\"@id\":\"https:\\\/\\\/www.fcbarcelonanoticias.com\\\/en\\\/national-teams\\\/esperanza-with-ronald-araujo-it-is-in-the-prelista-of-uruguay-for-the-world-wide_285704_102.html#article\",\"isPartOf\":{\"@id\":\"https:\\\/\\\/www.fcbarcelonanoticias.com\\\/en\\\/national-teams\\\/esperanza-with-ronald-araujo-it-is-in-the-prelista-of-uruguay-for-the-world-wide_285704_102.html\"},\"author\":{\"name\":\"Paola Guevara\",\"@id\":\"https:\\\/\\\/www.fcbarcelonanoticias.com\\\/en\\\/#\\\/schema\\\/person\\\/3b408513ee236e64c3043ec901f019ee\"},\"headline\":\"Hope with Ronald Ara\u00fajo: He is on Uruguay&#8217;s pre-list for the World Cup!\",\"datePublished\":\"2022-10-21T17:14:00+00:00\",\"mainEntityOfPage\":{\"@id\":\"https:\\\/\\\/www.fcbarcelonanoticias.com\\\/en\\\/national-teams\\\/esperanza-with-ronald-araujo-it-is-in-the-prelista-of-uruguay-for-the-world-wide_285704_102.html\"},\"wordCount\":437,\"image\":{\"@id\":\"https:\\\/\\\/www.fcbarcelonanoticias.com\\\/en\\\/national-teams\\\/esperanza-with-ronald-araujo-it-is-in-the-prelista-of-uruguay-for-the-world-wide_285704_102.html#primaryimage\"},\"thumbnailUrl\":\"https:\\\/\\\/www.fcbarcelonanoticias.com\\\/en\\\/wp-content\\\/uploads\\\/sites\\\/2\\\/2022\\\/10\\\/fc-barcelona-v-fc-internazionale-group-c-uefa-champions-league-3-1.jpeg\",\"keywords\":[\"injured\"],\"articleSection\":[\"Players\",\"Players\"],\"inLanguage\":\"en-US\"},{\"@type\":\"WebPage\",\"@id\":\"https:\\\/\\\/www.fcbarcelonanoticias.com\\\/en\\\/national-teams\\\/esperanza-with-ronald-araujo-it-is-in-the-prelista-of-uruguay-for-the-world-wide_285704_102.html\",\"url\":\"https:\\\/\\\/www.fcbarcelonanoticias.com\\\/en\\\/national-teams\\\/esperanza-with-ronald-araujo-it-is-in-the-prelista-of-uruguay-for-the-world-wide_285704_102.html\",\"name\":\"Esperanza with Ronald Ara\u00fajo: it Is in the prelista of Uruguay for the World-wide!\",\"isPartOf\":{\"@id\":\"https:\\\/\\\/www.fcbarcelonanoticias.com\\\/en\\\/#website\"},\"primaryImageOfPage\":{\"@id\":\"https:\\\/\\\/www.fcbarcelonanoticias.com\\\/en\\\/national-teams\\\/esperanza-with-ronald-araujo-it-is-in-the-prelista-of-uruguay-for-the-world-wide_285704_102.html#primaryimage\"},\"image\":{\"@id\":\"https:\\\/\\\/www.fcbarcelonanoticias.com\\\/en\\\/national-teams\\\/esperanza-with-ronald-araujo-it-is-in-the-prelista-of-uruguay-for-the-world-wide_285704_102.html#primaryimage\"},\"thumbnailUrl\":\"https:\\\/\\\/www.fcbarcelonanoticias.com\\\/en\\\/wp-content\\\/uploads\\\/sites\\\/2\\\/2022\\\/10\\\/fc-barcelona-v-fc-internazionale-group-c-uefa-champions-league-3-1.jpeg\",\"datePublished\":\"2022-10-21T17:14:00+00:00\",\"author\":{\"@id\":\"https:\\\/\\\/www.fcbarcelonanoticias.com\\\/en\\\/#\\\/schema\\\/person\\\/3b408513ee236e64c3043ec901f019ee\"},\"description\":\"There is optimism regarding the injury of Ronald Ara\u00fajo and his recovery. The charr\u00faa has gone in in the first list of Uruguay of face to the World-wide of this in...\",\"breadcrumb\":{\"@id\":\"https:\\\/\\\/www.fcbarcelonanoticias.com\\\/en\\\/national-teams\\\/esperanza-with-ronald-araujo-it-is-in-the-prelista-of-uruguay-for-the-world-wide_285704_102.html#breadcrumb\"},\"inLanguage\":\"en-US\",\"potentialAction\":[{\"@type\":\"ReadAction\",\"target\":[\"https:\\\/\\\/www.fcbarcelonanoticias.com\\\/en\\\/national-teams\\\/esperanza-with-ronald-araujo-it-is-in-the-prelista-of-uruguay-for-the-world-wide_285704_102.html\"]}]},{\"@type\":\"ImageObject\",\"inLanguage\":\"en-US\",\"@id\":\"https:\\\/\\\/www.fcbarcelonanoticias.com\\\/en\\\/national-teams\\\/esperanza-with-ronald-araujo-it-is-in-the-prelista-of-uruguay-for-the-world-wide_285704_102.html#primaryimage\",\"url\":\"https:\\\/\\\/www.fcbarcelonanoticias.com\\\/en\\\/wp-content\\\/uploads\\\/sites\\\/2\\\/2022\\\/10\\\/fc-barcelona-v-fc-internazionale-group-c-uefa-champions-league-3-1.jpeg\",\"contentUrl\":\"https:\\\/\\\/www.fcbarcelonanoticias.com\\\/en\\\/wp-content\\\/uploads\\\/sites\\\/2\\\/2022\\\/10\\\/fc-barcelona-v-fc-internazionale-group-c-uefa-champions-league-3-1.jpeg\",\"width\":1200,\"height\":719},{\"@type\":\"BreadcrumbList\",\"@id\":\"https:\\\/\\\/www.fcbarcelonanoticias.com\\\/en\\\/national-teams\\\/esperanza-with-ronald-araujo-it-is-in-the-prelista-of-uruguay-for-the-world-wide_285704_102.html#breadcrumb\",\"itemListElement\":[{\"@type\":\"ListItem\",\"position\":1,\"name\":\"Portada\",\"item\":\"https:\\\/\\\/www.fcbarcelonanoticias.com\\\/en\\\/\"},{\"@type\":\"ListItem\",\"position\":2,\"name\":\"Hope with Ronald Ara\u00fajo: He is on Uruguay&#8217;s pre-list for the World Cup!\"}]},{\"@type\":\"WebSite\",\"@id\":\"https:\\\/\\\/www.fcbarcelonanoticias.com\\\/en\\\/#website\",\"url\":\"https:\\\/\\\/www.fcbarcelonanoticias.com\\\/en\\\/\",\"name\":\"EN - FC Barcelona Noticias\",\"description\":\"\",\"potentialAction\":[{\"@type\":\"SearchAction\",\"target\":{\"@type\":\"EntryPoint\",\"urlTemplate\":\"https:\\\/\\\/www.fcbarcelonanoticias.com\\\/en\\\/?s={search_term_string}\"},\"query-input\":{\"@type\":\"PropertyValueSpecification\",\"valueRequired\":true,\"valueName\":\"search_term_string\"}}],\"inLanguage\":\"en-US\"},{\"@type\":\"Person\",\"@id\":\"https:\\\/\\\/www.fcbarcelonanoticias.com\\\/en\\\/#\\\/schema\\\/person\\\/3b408513ee236e64c3043ec901f019ee\",\"name\":\"Paola Guevara\",\"image\":{\"@type\":\"ImageObject\",\"inLanguage\":\"en-US\",\"@id\":\"https:\\\/\\\/secure.gravatar.com\\\/avatar\\\/?s=96&d=mm&r=g\",\"url\":\"https:\\\/\\\/secure.gravatar.com\\\/avatar\\\/?s=96&d=mm&r=g\",\"contentUrl\":\"https:\\\/\\\/secure.gravatar.com\\\/avatar\\\/?s=96&d=mm&r=g\",\"caption\":\"Paola Guevara\"},\"url\":\"https:\\\/\\\/www.fcbarcelonanoticias.com\\\/en\\\/fc-barcelona\\\/paola-guevara_9_115.html\"}]}<\/script>\n<!-- \/ Yoast SEO plugin. -->","yoast_head_json":{"title":"Esperanza with Ronald Ara\u00fajo: it Is in the prelista of Uruguay for the World-wide!","description":"There is optimism regarding the injury of Ronald Ara\u00fajo and his recovery. The charr\u00faa has gone in in the first list of Uruguay of face to the World-wide of this in...","robots":{"index":"index","follow":"follow","max-snippet":"max-snippet:-1","max-image-preview":"max-image-preview:large","max-video-preview":"max-video-preview:-1"},"canonical":"https:\/\/www.fcbarcelonanoticias.com\/en\/national-teams\/esperanza-with-ronald-araujo-it-is-in-the-prelista-of-uruguay-for-the-world-wide_285704_102.html","og_locale":"en_US","og_type":"article","og_title":"Esperanza with Ronald Ara\u00fajo: it Is in the prelista of Uruguay for the World-wide!","og_description":"There is optimism regarding the injury of Ronald Ara\u00fajo and his recovery. The charr\u00faa has gone in in the first list of Uruguay of face to the World-wide of this in...","og_url":"https:\/\/www.fcbarcelonanoticias.com\/en\/national-teams\/esperanza-with-ronald-araujo-it-is-in-the-prelista-of-uruguay-for-the-world-wide_285704_102.html","og_site_name":"EN - FC Barcelona Noticias","article_published_time":"2022-10-21T17:14:00+00:00","og_image":[{"width":1200,"height":719,"url":"https:\/\/www.fcbarcelonanoticias.com\/en\/wp-content\/uploads\/sites\/2\/2022\/10\/fc-barcelona-v-fc-internazionale-group-c-uefa-champions-league-3-1.jpeg","type":"image\/jpeg"}],"author":"Paola Guevara","twitter_card":"summary_large_image","twitter_misc":{"Written by":"Paola Guevara","Est. reading time":"2 minutes"},"schema":{"@context":"https:\/\/schema.org","@graph":[{"@type":"Article","@id":"https:\/\/www.fcbarcelonanoticias.com\/en\/national-teams\/esperanza-with-ronald-araujo-it-is-in-the-prelista-of-uruguay-for-the-world-wide_285704_102.html#article","isPartOf":{"@id":"https:\/\/www.fcbarcelonanoticias.com\/en\/national-teams\/esperanza-with-ronald-araujo-it-is-in-the-prelista-of-uruguay-for-the-world-wide_285704_102.html"},"author":{"name":"Paola Guevara","@id":"https:\/\/www.fcbarcelonanoticias.com\/en\/#\/schema\/person\/3b408513ee236e64c3043ec901f019ee"},"headline":"Hope with Ronald Ara\u00fajo: He is on Uruguay&#8217;s pre-list for the World Cup!","datePublished":"2022-10-21T17:14:00+00:00","mainEntityOfPage":{"@id":"https:\/\/www.fcbarcelonanoticias.com\/en\/national-teams\/esperanza-with-ronald-araujo-it-is-in-the-prelista-of-uruguay-for-the-world-wide_285704_102.html"},"wordCount":437,"image":{"@id":"https:\/\/www.fcbarcelonanoticias.com\/en\/national-teams\/esperanza-with-ronald-araujo-it-is-in-the-prelista-of-uruguay-for-the-world-wide_285704_102.html#primaryimage"},"thumbnailUrl":"https:\/\/www.fcbarcelonanoticias.com\/en\/wp-content\/uploads\/sites\/2\/2022\/10\/fc-barcelona-v-fc-internazionale-group-c-uefa-champions-league-3-1.jpeg","keywords":["injured"],"articleSection":["Players","Players"],"inLanguage":"en-US"},{"@type":"WebPage","@id":"https:\/\/www.fcbarcelonanoticias.com\/en\/national-teams\/esperanza-with-ronald-araujo-it-is-in-the-prelista-of-uruguay-for-the-world-wide_285704_102.html","url":"https:\/\/www.fcbarcelonanoticias.com\/en\/national-teams\/esperanza-with-ronald-araujo-it-is-in-the-prelista-of-uruguay-for-the-world-wide_285704_102.html","name":"Esperanza with Ronald Ara\u00fajo: it Is in the prelista of Uruguay for the World-wide!","isPartOf":{"@id":"https:\/\/www.fcbarcelonanoticias.com\/en\/#website"},"primaryImageOfPage":{"@id":"https:\/\/www.fcbarcelonanoticias.com\/en\/national-teams\/esperanza-with-ronald-araujo-it-is-in-the-prelista-of-uruguay-for-the-world-wide_285704_102.html#primaryimage"},"image":{"@id":"https:\/\/www.fcbarcelonanoticias.com\/en\/national-teams\/esperanza-with-ronald-araujo-it-is-in-the-prelista-of-uruguay-for-the-world-wide_285704_102.html#primaryimage"},"thumbnailUrl":"https:\/\/www.fcbarcelonanoticias.com\/en\/wp-content\/uploads\/sites\/2\/2022\/10\/fc-barcelona-v-fc-internazionale-group-c-uefa-champions-league-3-1.jpeg","datePublished":"2022-10-21T17:14:00+00:00","author":{"@id":"https:\/\/www.fcbarcelonanoticias.com\/en\/#\/schema\/person\/3b408513ee236e64c3043ec901f019ee"},"description":"There is optimism regarding the injury of Ronald Ara\u00fajo and his recovery. The charr\u00faa has gone in in the first list of Uruguay of face to the World-wide of this in...","breadcrumb":{"@id":"https:\/\/www.fcbarcelonanoticias.com\/en\/national-teams\/esperanza-with-ronald-araujo-it-is-in-the-prelista-of-uruguay-for-the-world-wide_285704_102.html#breadcrumb"},"inLanguage":"en-US","potentialAction":[{"@type":"ReadAction","target":["https:\/\/www.fcbarcelonanoticias.com\/en\/national-teams\/esperanza-with-ronald-araujo-it-is-in-the-prelista-of-uruguay-for-the-world-wide_285704_102.html"]}]},{"@type":"ImageObject","inLanguage":"en-US","@id":"https:\/\/www.fcbarcelonanoticias.com\/en\/national-teams\/esperanza-with-ronald-araujo-it-is-in-the-prelista-of-uruguay-for-the-world-wide_285704_102.html#primaryimage","url":"https:\/\/www.fcbarcelonanoticias.com\/en\/wp-content\/uploads\/sites\/2\/2022\/10\/fc-barcelona-v-fc-internazionale-group-c-uefa-champions-league-3-1.jpeg","contentUrl":"https:\/\/www.fcbarcelonanoticias.com\/en\/wp-content\/uploads\/sites\/2\/2022\/10\/fc-barcelona-v-fc-internazionale-group-c-uefa-champions-league-3-1.jpeg","width":1200,"height":719},{"@type":"BreadcrumbList","@id":"https:\/\/www.fcbarcelonanoticias.com\/en\/national-teams\/esperanza-with-ronald-araujo-it-is-in-the-prelista-of-uruguay-for-the-world-wide_285704_102.html#breadcrumb","itemListElement":[{"@type":"ListItem","position":1,"name":"Portada","item":"https:\/\/www.fcbarcelonanoticias.com\/en\/"},{"@type":"ListItem","position":2,"name":"Hope with Ronald Ara\u00fajo: He is on Uruguay&#8217;s pre-list for the World Cup!"}]},{"@type":"WebSite","@id":"https:\/\/www.fcbarcelonanoticias.com\/en\/#website","url":"https:\/\/www.fcbarcelonanoticias.com\/en\/","name":"EN - FC Barcelona Noticias","description":"","potentialAction":[{"@type":"SearchAction","target":{"@type":"EntryPoint","urlTemplate":"https:\/\/www.fcbarcelonanoticias.com\/en\/?s={search_term_string}"},"query-input":{"@type":"PropertyValueSpecification","valueRequired":true,"valueName":"search_term_string"}}],"inLanguage":"en-US"},{"@type":"Person","@id":"https:\/\/www.fcbarcelonanoticias.com\/en\/#\/schema\/person\/3b408513ee236e64c3043ec901f019ee","name":"Paola Guevara","image":{"@type":"ImageObject","inLanguage":"en-US","@id":"https:\/\/secure.gravatar.com\/avatar\/?s=96&d=mm&r=g","url":"https:\/\/secure.gravatar.com\/avatar\/?s=96&d=mm&r=g","contentUrl":"https:\/\/secure.gravatar.com\/avatar\/?s=96&d=mm&r=g","caption":"Paola Guevara"},"url":"https:\/\/www.fcbarcelonanoticias.com\/en\/fc-barcelona\/paola-guevara_9_115.html"}]}},"_links":{"self":[{"href":"https:\/\/www.fcbarcelonanoticias.com\/en\/wp-json\/wp\/v2\/posts\/67993","targetHints":{"allow":["GET"]}}],"collection":[{"href":"https:\/\/www.fcbarcelonanoticias.com\/en\/wp-json\/wp\/v2\/posts"}],"about":[{"href":"https:\/\/www.fcbarcelonanoticias.com\/en\/wp-json\/wp\/v2\/types\/post"}],"author":[{"embeddable":true,"href":"https:\/\/www.fcbarcelonanoticias.com\/en\/wp-json\/wp\/v2\/users\/352"}],"replies":[{"embeddable":true,"href":"https:\/\/www.fcbarcelonanoticias.com\/en\/wp-json\/wp\/v2\/comments?post=67993"}],"version-history":[{"count":1,"href":"https:\/\/www.fcbarcelonanoticias.com\/en\/wp-json\/wp\/v2\/posts\/67993\/revisions"}],"predecessor-version":[{"id":67996,"href":"https:\/\/www.fcbarcelonanoticias.com\/en\/wp-json\/wp\/v2\/posts\/67993\/revisions\/67996"}],"wp:featuredmedia":[{"embeddable":true,"href":"https:\/\/www.fcbarcelonanoticias.com\/en\/wp-json\/wp\/v2\/media\/24743"}],"wp:attachment":[{"href":"https:\/\/www.fcbarcelonanoticias.com\/en\/wp-json\/wp\/v2\/media?parent=67993"}],"wp:term":[{"taxonomy":"category","embeddable":true,"href":"https:\/\/www.fcbarcelonanoticias.com\/en\/wp-json\/wp\/v2\/categories?post=67993"},{"taxonomy":"post_tag","embeddable":true,"href":"https:\/\/www.fcbarcelonanoticias.com\/en\/wp-json\/wp\/v2\/tags?post=67993"}],"curies":[{"name":"wp","href":"https:\/\/api.w.org\/{rel}","templated":true}]}}