{"id":68001,"date":"2024-10-04T17:33:00","date_gmt":"2024-10-04T15:33:00","guid":{"rendered":"https:\/\/weisetech.dev\/fc-barcelona-noticias\/en\/germany-golea-to-mexico-and-will-play-the-final-of-the-confederations_201694_102\/"},"modified":"2024-10-04T17:33:00","modified_gmt":"2024-10-04T15:33:00","slug":"good-news-barca-frenkie-jong-will-not-travel-with-netherlands_307708_102","status":"publish","type":"post","link":"https:\/\/www.fcbarcelonanoticias.com\/en\/national-teams\/good-news-barca-frenkie-jong-will-not-travel-with-netherlands_307708_102.html","title":{"rendered":"Good news for Bar\u00e7a: Frenkie de Jong will not travel with the Netherlands"},"content":{"rendered":"<h2 class=\"wp-block-heading\">Ronald Koeman left Frenkie de Jong out of the Netherlands squad. Although he has already received a medical discharge from FC Barcelona, \u200b\u200bthe midfielder will stay in Catalonia<\/h2>  \r\n<div class=\"article-addons\">\r\n    <a href=\"https:\/\/www.fcbarcelonanoticias.com\/en\/calendar-fc-barcelona.html\"\r\n       target=\"_self\"\r\n       title=\"Calendar of FC Barcelona\"\r\n       class=\"blue-gredient-btn\">\r\n       \r\n        Calendar of FC Barcelona    <\/a>\r\n<\/div>   <p>Frenkie de Jong will not return to the Netherlands national team on the FIFA date in October. The man from Arkel missed the Eurocup due to injury and, beyond having received a medical discharge from FC Barcelona this week, <strong>he was left off the list of those called up by Ronald Koeman for matchdays 3 and 4 of the UEFA Nations League<\/strong>, where the &#8216;orange&#8217; will visit Hungary (Friday the 11th) and Germany (Monday the 14th).<\/p>  <blockquote class=\"twitter-tweet\"> <p dir=\"ltr\" lang=\"en\">Back in <a href=\"https:\/\/twitter.com\/en\/hashtag\/NationsLeague?src=hash&amp;ref_src=twsrc%5Etfw\">#NationsLeague<\/a> action! \ud83e\udd81<br><br> 11\/10 \u2023 \ud83c\udded\ud83c\uddfa\ud83c\uddf3\ud83c\uddf1 20:45h, Budapest<br> 14\/10 \u2023 \ud83c\udde9\ud83c\uddea\ud83c\uddf3\ud83c\uddf1 20:45h, Munich<a href=\"https:\/\/twitter.com\/en\/hashtag\/NothingLikeOranje?src=hash&amp;ref_src=twsrc%5Etfw\">#NothingLikeOranje<\/a> <a href=\"https:\/\/t.co\/en\/enmiztam6g\">pic.twitter.com\/enmiztam6g<\/a><\/p> \u2014 OnsOranje (@OnsOranje) <a href=\"https:\/\/twitter.com\/en\/OnsOranje\/status\/1842142846586896613?ref_src=twsrc%5Etfw\">October 4, 2024<\/a> <\/blockquote> <p>The Dutch coach and former cul\u00e9 coach has made a logical decision with the midfielder, since after five months injured he is still far from his best version. <strong>Koeman, at the time, criticized Bar\u00e7a for how they managed Frenkie&#8217;s physical problems last season<\/strong>. Now, the coach has given the club a hand, respecting the work plan established by the new Bar\u00e7a technical staff to avoid another relapse of the &#8217;21&#8217;.<\/p>  <h2>Frenkie will take advantage of the break to optimize his physical form<\/h2>  <p>In that sense, Koeman&#8217;s decision gives the midfielder the necessary margin to continue working on the physical part. The 27-year-old will be working hard during the week and a half of the break to get fit, something that always takes time after a long-term injury. <strong>De Jong was out for 163 days and only played 15 minutes on Tuesday against Young Boys<\/strong>. Hansi Flick hopes to give him a run, again, in the second half against Alav\u00e9s, in accordance with the plan set by the Bar\u00e7a coaching staff.<\/p>  <p><strong>If everything goes well, Arkel&#8217;s man would have a good chance of entering the XI against Sevilla<\/strong> right after the break, in what would be his first game as a starter. In principle, the tulip midfielder should take Marc Casad\u00f3&#8217;s place when he is physically at his best, although he can also accompany the Barca youth player in the midfield so that Pedri has more freedom in the center of the field, as an interior or playmaker.<\/p>  <p>With the return of Dani Olmo, <strong>Flick must rebuild his midfield, and that is where Casad\u00f3 can be sacrificed,<\/strong> simply as a matter of hierarchy. Bar\u00e7a also hopes to recover Gavi and Ferm\u00edn L\u00f3pez after the FIFA date, two fundamental pieces to give depth to a short squad for such a demanding schedule. The return of Andreas Christensen looks more distant, who together with Eric Garc\u00eda can lend a hand as pivots when necessary.<\/p> ","protected":false},"excerpt":{"rendered":"<p>Ronald Koeman left Frenkie de Jong out of the Netherlands squad. Although he has already received a medical discharge from FC Barcelona, \u200b\u200bthe midfielder will stay in Catalonia Frenkie de Jong will not return to the Netherlands national team on the FIFA date in October. The man from Arkel missed the Eurocup due to injury [&hellip;]<\/p>\n","protected":false},"author":347,"featured_media":68011,"comment_status":"closed","ping_status":"open","sticky":false,"template":"","format":"standard","meta":{"_acf_changed":false,"inline_featured_image":false,"_nextfly_llmd_date_locked":false,"footnotes":""},"categories":[111],"tags":[209],"class_list":["post-68001","post","type-post","status-publish","format-standard","has-post-thumbnail","hentry","category-fc-barcelona","tag-ronald-koeman"],"acf":[],"yoast_head":"<!-- This site is optimized with the Yoast SEO plugin v27.3 - https:\/\/yoast.com\/product\/yoast-seo-wordpress\/ -->\n<title>Good news for Bar\u00e7a: Frenkie de Jong will not travel with the Netherlands<\/title>\n<meta name=\"description\" content=\"Ronald Koeman left Frenkie de Jong out of the Netherlands squad. Although he has already received a medical discharge from FC Barcelona, \u200b\u200bthe midfielder will stay in Catalonia\" \/>\n<meta name=\"robots\" content=\"index, follow, max-snippet:-1, max-image-preview:large, max-video-preview:-1\" \/>\n<link rel=\"canonical\" href=\"https:\/\/www.fcbarcelonanoticias.com\/en\/national-teams\/good-news-barca-frenkie-jong-will-not-travel-with-netherlands_307708_102.html\" \/>\n<meta property=\"og:locale\" content=\"en_US\" \/>\n<meta property=\"og:type\" content=\"article\" \/>\n<meta property=\"og:title\" content=\"Good news for Bar\u00e7a: Frenkie de Jong will not travel with the Netherlands\" \/>\n<meta property=\"og:description\" content=\"Ronald Koeman left Frenkie de Jong out of the Netherlands squad. Although he has already received a medical discharge from FC Barcelona, \u200b\u200bthe midfielder will stay in Catalonia\" \/>\n<meta property=\"og:url\" content=\"https:\/\/www.fcbarcelonanoticias.com\/en\/national-teams\/good-news-barca-frenkie-jong-will-not-travel-with-netherlands_307708_102.html\" \/>\n<meta property=\"og:site_name\" content=\"EN - FC Barcelona Noticias\" \/>\n<meta property=\"article:published_time\" content=\"2024-10-04T15:33:00+00:00\" \/>\n<meta property=\"og:image\" content=\"https:\/\/www.fcbarcelonanoticias.com\/en\/wp-content\/uploads\/sites\/2\/2024\/10\/frenkie-de-jong-paises-bajos.jpeg\" \/>\n\t<meta property=\"og:image:width\" content=\"1250\" \/>\n\t<meta property=\"og:image:height\" content=\"730\" \/>\n\t<meta property=\"og:image:type\" content=\"image\/jpeg\" \/>\n<meta name=\"author\" content=\"Andr\u00e9s Quiroz\" \/>\n<meta name=\"twitter:card\" content=\"summary_large_image\" \/>\n<meta name=\"twitter:label1\" content=\"Written by\" \/>\n\t<meta name=\"twitter:data1\" content=\"Andr\u00e9s Quiroz\" \/>\n\t<meta name=\"twitter:label2\" content=\"Est. reading time\" \/>\n\t<meta name=\"twitter:data2\" content=\"2 minutes\" \/>\n<script type=\"application\/ld+json\" class=\"yoast-schema-graph\">{\"@context\":\"https:\\\/\\\/schema.org\",\"@graph\":[{\"@type\":\"Article\",\"@id\":\"https:\\\/\\\/www.fcbarcelonanoticias.com\\\/en\\\/national-teams\\\/good-news-barca-frenkie-jong-will-not-travel-with-netherlands_307708_102.html#article\",\"isPartOf\":{\"@id\":\"https:\\\/\\\/www.fcbarcelonanoticias.com\\\/en\\\/national-teams\\\/good-news-barca-frenkie-jong-will-not-travel-with-netherlands_307708_102.html\"},\"author\":{\"name\":\"Andr\u00e9s Quiroz\",\"@id\":\"https:\\\/\\\/www.fcbarcelonanoticias.com\\\/en\\\/#\\\/schema\\\/person\\\/c2cd9f6fa1af5c0d0eccd0fefa575c88\"},\"headline\":\"Good news for Bar\u00e7a: Frenkie de Jong will not travel with the Netherlands\",\"datePublished\":\"2024-10-04T15:33:00+00:00\",\"mainEntityOfPage\":{\"@id\":\"https:\\\/\\\/www.fcbarcelonanoticias.com\\\/en\\\/national-teams\\\/good-news-barca-frenkie-jong-will-not-travel-with-netherlands_307708_102.html\"},\"wordCount\":463,\"image\":{\"@id\":\"https:\\\/\\\/www.fcbarcelonanoticias.com\\\/en\\\/national-teams\\\/good-news-barca-frenkie-jong-will-not-travel-with-netherlands_307708_102.html#primaryimage\"},\"thumbnailUrl\":\"https:\\\/\\\/www.fcbarcelonanoticias.com\\\/en\\\/wp-content\\\/uploads\\\/sites\\\/2\\\/2024\\\/10\\\/frenkie-de-jong-paises-bajos.jpeg\",\"keywords\":[\"Ronald Koeman\"],\"articleSection\":[\"FC Barcelona\"],\"inLanguage\":\"en-US\"},{\"@type\":\"WebPage\",\"@id\":\"https:\\\/\\\/www.fcbarcelonanoticias.com\\\/en\\\/national-teams\\\/good-news-barca-frenkie-jong-will-not-travel-with-netherlands_307708_102.html\",\"url\":\"https:\\\/\\\/www.fcbarcelonanoticias.com\\\/en\\\/national-teams\\\/good-news-barca-frenkie-jong-will-not-travel-with-netherlands_307708_102.html\",\"name\":\"Good news for Bar\u00e7a: Frenkie de Jong will not travel with the Netherlands\",\"isPartOf\":{\"@id\":\"https:\\\/\\\/www.fcbarcelonanoticias.com\\\/en\\\/#website\"},\"primaryImageOfPage\":{\"@id\":\"https:\\\/\\\/www.fcbarcelonanoticias.com\\\/en\\\/national-teams\\\/good-news-barca-frenkie-jong-will-not-travel-with-netherlands_307708_102.html#primaryimage\"},\"image\":{\"@id\":\"https:\\\/\\\/www.fcbarcelonanoticias.com\\\/en\\\/national-teams\\\/good-news-barca-frenkie-jong-will-not-travel-with-netherlands_307708_102.html#primaryimage\"},\"thumbnailUrl\":\"https:\\\/\\\/www.fcbarcelonanoticias.com\\\/en\\\/wp-content\\\/uploads\\\/sites\\\/2\\\/2024\\\/10\\\/frenkie-de-jong-paises-bajos.jpeg\",\"datePublished\":\"2024-10-04T15:33:00+00:00\",\"author\":{\"@id\":\"https:\\\/\\\/www.fcbarcelonanoticias.com\\\/en\\\/#\\\/schema\\\/person\\\/c2cd9f6fa1af5c0d0eccd0fefa575c88\"},\"description\":\"Ronald Koeman left Frenkie de Jong out of the Netherlands squad. Although he has already received a medical discharge from FC Barcelona, \u200b\u200bthe midfielder will stay in Catalonia\",\"breadcrumb\":{\"@id\":\"https:\\\/\\\/www.fcbarcelonanoticias.com\\\/en\\\/national-teams\\\/good-news-barca-frenkie-jong-will-not-travel-with-netherlands_307708_102.html#breadcrumb\"},\"inLanguage\":\"en-US\",\"potentialAction\":[{\"@type\":\"ReadAction\",\"target\":[\"https:\\\/\\\/www.fcbarcelonanoticias.com\\\/en\\\/national-teams\\\/good-news-barca-frenkie-jong-will-not-travel-with-netherlands_307708_102.html\"]}]},{\"@type\":\"ImageObject\",\"inLanguage\":\"en-US\",\"@id\":\"https:\\\/\\\/www.fcbarcelonanoticias.com\\\/en\\\/national-teams\\\/good-news-barca-frenkie-jong-will-not-travel-with-netherlands_307708_102.html#primaryimage\",\"url\":\"https:\\\/\\\/www.fcbarcelonanoticias.com\\\/en\\\/wp-content\\\/uploads\\\/sites\\\/2\\\/2024\\\/10\\\/frenkie-de-jong-paises-bajos.jpeg\",\"contentUrl\":\"https:\\\/\\\/www.fcbarcelonanoticias.com\\\/en\\\/wp-content\\\/uploads\\\/sites\\\/2\\\/2024\\\/10\\\/frenkie-de-jong-paises-bajos.jpeg\",\"width\":1250,\"height\":730},{\"@type\":\"BreadcrumbList\",\"@id\":\"https:\\\/\\\/www.fcbarcelonanoticias.com\\\/en\\\/national-teams\\\/good-news-barca-frenkie-jong-will-not-travel-with-netherlands_307708_102.html#breadcrumb\",\"itemListElement\":[{\"@type\":\"ListItem\",\"position\":1,\"name\":\"Portada\",\"item\":\"https:\\\/\\\/www.fcbarcelonanoticias.com\\\/en\\\/\"},{\"@type\":\"ListItem\",\"position\":2,\"name\":\"Good news for Bar\u00e7a: Frenkie de Jong will not travel with the Netherlands\"}]},{\"@type\":\"WebSite\",\"@id\":\"https:\\\/\\\/www.fcbarcelonanoticias.com\\\/en\\\/#website\",\"url\":\"https:\\\/\\\/www.fcbarcelonanoticias.com\\\/en\\\/\",\"name\":\"EN - FC Barcelona Noticias\",\"description\":\"\",\"potentialAction\":[{\"@type\":\"SearchAction\",\"target\":{\"@type\":\"EntryPoint\",\"urlTemplate\":\"https:\\\/\\\/www.fcbarcelonanoticias.com\\\/en\\\/?s={search_term_string}\"},\"query-input\":{\"@type\":\"PropertyValueSpecification\",\"valueRequired\":true,\"valueName\":\"search_term_string\"}}],\"inLanguage\":\"en-US\"},{\"@type\":\"Person\",\"@id\":\"https:\\\/\\\/www.fcbarcelonanoticias.com\\\/en\\\/#\\\/schema\\\/person\\\/c2cd9f6fa1af5c0d0eccd0fefa575c88\",\"name\":\"Andr\u00e9s Quiroz\",\"image\":{\"@type\":\"ImageObject\",\"inLanguage\":\"en-US\",\"@id\":\"https:\\\/\\\/secure.gravatar.com\\\/avatar\\\/?s=96&d=mm&r=g\",\"url\":\"https:\\\/\\\/secure.gravatar.com\\\/avatar\\\/?s=96&d=mm&r=g\",\"contentUrl\":\"https:\\\/\\\/secure.gravatar.com\\\/avatar\\\/?s=96&d=mm&r=g\",\"caption\":\"Andr\u00e9s Quiroz\"},\"description\":\"Licenciado en Periodismo por la Universidad de los Andes. Me encargo de analizar y compartir los contenidos m\u00e1s destacados de la\u00a0actualidad del F\u00fatbol Club Barcelona, Mercado de Fichajes y F\u00fatbol Internacional en FCBN. La informaci\u00f3n es poder, pero tambi\u00e9n conocimiento.\",\"url\":\"https:\\\/\\\/www.fcbarcelonanoticias.com\\\/en\\\/fc-barcelona\\\/andres-quiroz_17_115.html\"}]}<\/script>\n<!-- \/ Yoast SEO plugin. -->","yoast_head_json":{"title":"Good news for Bar\u00e7a: Frenkie de Jong will not travel with the Netherlands","description":"Ronald Koeman left Frenkie de Jong out of the Netherlands squad. Although he has already received a medical discharge from FC Barcelona, \u200b\u200bthe midfielder will stay in Catalonia","robots":{"index":"index","follow":"follow","max-snippet":"max-snippet:-1","max-image-preview":"max-image-preview:large","max-video-preview":"max-video-preview:-1"},"canonical":"https:\/\/www.fcbarcelonanoticias.com\/en\/national-teams\/good-news-barca-frenkie-jong-will-not-travel-with-netherlands_307708_102.html","og_locale":"en_US","og_type":"article","og_title":"Good news for Bar\u00e7a: Frenkie de Jong will not travel with the Netherlands","og_description":"Ronald Koeman left Frenkie de Jong out of the Netherlands squad. Although he has already received a medical discharge from FC Barcelona, \u200b\u200bthe midfielder will stay in Catalonia","og_url":"https:\/\/www.fcbarcelonanoticias.com\/en\/national-teams\/good-news-barca-frenkie-jong-will-not-travel-with-netherlands_307708_102.html","og_site_name":"EN - FC Barcelona Noticias","article_published_time":"2024-10-04T15:33:00+00:00","og_image":[{"width":1250,"height":730,"url":"https:\/\/www.fcbarcelonanoticias.com\/en\/wp-content\/uploads\/sites\/2\/2024\/10\/frenkie-de-jong-paises-bajos.jpeg","type":"image\/jpeg"}],"author":"Andr\u00e9s Quiroz","twitter_card":"summary_large_image","twitter_misc":{"Written by":"Andr\u00e9s Quiroz","Est. reading time":"2 minutes"},"schema":{"@context":"https:\/\/schema.org","@graph":[{"@type":"Article","@id":"https:\/\/www.fcbarcelonanoticias.com\/en\/national-teams\/good-news-barca-frenkie-jong-will-not-travel-with-netherlands_307708_102.html#article","isPartOf":{"@id":"https:\/\/www.fcbarcelonanoticias.com\/en\/national-teams\/good-news-barca-frenkie-jong-will-not-travel-with-netherlands_307708_102.html"},"author":{"name":"Andr\u00e9s Quiroz","@id":"https:\/\/www.fcbarcelonanoticias.com\/en\/#\/schema\/person\/c2cd9f6fa1af5c0d0eccd0fefa575c88"},"headline":"Good news for Bar\u00e7a: Frenkie de Jong will not travel with the Netherlands","datePublished":"2024-10-04T15:33:00+00:00","mainEntityOfPage":{"@id":"https:\/\/www.fcbarcelonanoticias.com\/en\/national-teams\/good-news-barca-frenkie-jong-will-not-travel-with-netherlands_307708_102.html"},"wordCount":463,"image":{"@id":"https:\/\/www.fcbarcelonanoticias.com\/en\/national-teams\/good-news-barca-frenkie-jong-will-not-travel-with-netherlands_307708_102.html#primaryimage"},"thumbnailUrl":"https:\/\/www.fcbarcelonanoticias.com\/en\/wp-content\/uploads\/sites\/2\/2024\/10\/frenkie-de-jong-paises-bajos.jpeg","keywords":["Ronald Koeman"],"articleSection":["FC Barcelona"],"inLanguage":"en-US"},{"@type":"WebPage","@id":"https:\/\/www.fcbarcelonanoticias.com\/en\/national-teams\/good-news-barca-frenkie-jong-will-not-travel-with-netherlands_307708_102.html","url":"https:\/\/www.fcbarcelonanoticias.com\/en\/national-teams\/good-news-barca-frenkie-jong-will-not-travel-with-netherlands_307708_102.html","name":"Good news for Bar\u00e7a: Frenkie de Jong will not travel with the Netherlands","isPartOf":{"@id":"https:\/\/www.fcbarcelonanoticias.com\/en\/#website"},"primaryImageOfPage":{"@id":"https:\/\/www.fcbarcelonanoticias.com\/en\/national-teams\/good-news-barca-frenkie-jong-will-not-travel-with-netherlands_307708_102.html#primaryimage"},"image":{"@id":"https:\/\/www.fcbarcelonanoticias.com\/en\/national-teams\/good-news-barca-frenkie-jong-will-not-travel-with-netherlands_307708_102.html#primaryimage"},"thumbnailUrl":"https:\/\/www.fcbarcelonanoticias.com\/en\/wp-content\/uploads\/sites\/2\/2024\/10\/frenkie-de-jong-paises-bajos.jpeg","datePublished":"2024-10-04T15:33:00+00:00","author":{"@id":"https:\/\/www.fcbarcelonanoticias.com\/en\/#\/schema\/person\/c2cd9f6fa1af5c0d0eccd0fefa575c88"},"description":"Ronald Koeman left Frenkie de Jong out of the Netherlands squad. Although he has already received a medical discharge from FC Barcelona, \u200b\u200bthe midfielder will stay in Catalonia","breadcrumb":{"@id":"https:\/\/www.fcbarcelonanoticias.com\/en\/national-teams\/good-news-barca-frenkie-jong-will-not-travel-with-netherlands_307708_102.html#breadcrumb"},"inLanguage":"en-US","potentialAction":[{"@type":"ReadAction","target":["https:\/\/www.fcbarcelonanoticias.com\/en\/national-teams\/good-news-barca-frenkie-jong-will-not-travel-with-netherlands_307708_102.html"]}]},{"@type":"ImageObject","inLanguage":"en-US","@id":"https:\/\/www.fcbarcelonanoticias.com\/en\/national-teams\/good-news-barca-frenkie-jong-will-not-travel-with-netherlands_307708_102.html#primaryimage","url":"https:\/\/www.fcbarcelonanoticias.com\/en\/wp-content\/uploads\/sites\/2\/2024\/10\/frenkie-de-jong-paises-bajos.jpeg","contentUrl":"https:\/\/www.fcbarcelonanoticias.com\/en\/wp-content\/uploads\/sites\/2\/2024\/10\/frenkie-de-jong-paises-bajos.jpeg","width":1250,"height":730},{"@type":"BreadcrumbList","@id":"https:\/\/www.fcbarcelonanoticias.com\/en\/national-teams\/good-news-barca-frenkie-jong-will-not-travel-with-netherlands_307708_102.html#breadcrumb","itemListElement":[{"@type":"ListItem","position":1,"name":"Portada","item":"https:\/\/www.fcbarcelonanoticias.com\/en\/"},{"@type":"ListItem","position":2,"name":"Good news for Bar\u00e7a: Frenkie de Jong will not travel with the Netherlands"}]},{"@type":"WebSite","@id":"https:\/\/www.fcbarcelonanoticias.com\/en\/#website","url":"https:\/\/www.fcbarcelonanoticias.com\/en\/","name":"EN - FC Barcelona Noticias","description":"","potentialAction":[{"@type":"SearchAction","target":{"@type":"EntryPoint","urlTemplate":"https:\/\/www.fcbarcelonanoticias.com\/en\/?s={search_term_string}"},"query-input":{"@type":"PropertyValueSpecification","valueRequired":true,"valueName":"search_term_string"}}],"inLanguage":"en-US"},{"@type":"Person","@id":"https:\/\/www.fcbarcelonanoticias.com\/en\/#\/schema\/person\/c2cd9f6fa1af5c0d0eccd0fefa575c88","name":"Andr\u00e9s Quiroz","image":{"@type":"ImageObject","inLanguage":"en-US","@id":"https:\/\/secure.gravatar.com\/avatar\/?s=96&d=mm&r=g","url":"https:\/\/secure.gravatar.com\/avatar\/?s=96&d=mm&r=g","contentUrl":"https:\/\/secure.gravatar.com\/avatar\/?s=96&d=mm&r=g","caption":"Andr\u00e9s Quiroz"},"description":"Licenciado en Periodismo por la Universidad de los Andes. Me encargo de analizar y compartir los contenidos m\u00e1s destacados de la\u00a0actualidad del F\u00fatbol Club Barcelona, Mercado de Fichajes y F\u00fatbol Internacional en FCBN. La informaci\u00f3n es poder, pero tambi\u00e9n conocimiento.","url":"https:\/\/www.fcbarcelonanoticias.com\/en\/fc-barcelona\/andres-quiroz_17_115.html"}]}},"_links":{"self":[{"href":"https:\/\/www.fcbarcelonanoticias.com\/en\/wp-json\/wp\/v2\/posts\/68001","targetHints":{"allow":["GET"]}}],"collection":[{"href":"https:\/\/www.fcbarcelonanoticias.com\/en\/wp-json\/wp\/v2\/posts"}],"about":[{"href":"https:\/\/www.fcbarcelonanoticias.com\/en\/wp-json\/wp\/v2\/types\/post"}],"author":[{"embeddable":true,"href":"https:\/\/www.fcbarcelonanoticias.com\/en\/wp-json\/wp\/v2\/users\/347"}],"replies":[{"embeddable":true,"href":"https:\/\/www.fcbarcelonanoticias.com\/en\/wp-json\/wp\/v2\/comments?post=68001"}],"version-history":[{"count":2,"href":"https:\/\/www.fcbarcelonanoticias.com\/en\/wp-json\/wp\/v2\/posts\/68001\/revisions"}],"predecessor-version":[{"id":68003,"href":"https:\/\/www.fcbarcelonanoticias.com\/en\/wp-json\/wp\/v2\/posts\/68001\/revisions\/68003"}],"wp:featuredmedia":[{"embeddable":true,"href":"https:\/\/www.fcbarcelonanoticias.com\/en\/wp-json\/wp\/v2\/media\/68011"}],"wp:attachment":[{"href":"https:\/\/www.fcbarcelonanoticias.com\/en\/wp-json\/wp\/v2\/media?parent=68001"}],"wp:term":[{"taxonomy":"category","embeddable":true,"href":"https:\/\/www.fcbarcelonanoticias.com\/en\/wp-json\/wp\/v2\/categories?post=68001"},{"taxonomy":"post_tag","embeddable":true,"href":"https:\/\/www.fcbarcelonanoticias.com\/en\/wp-json\/wp\/v2\/tags?post=68001"}],"curies":[{"name":"wp","href":"https:\/\/api.w.org\/{rel}","templated":true}]}}