{"id":68005,"date":"2019-12-28T08:40:00","date_gmt":"2019-12-28T07:40:00","guid":{"rendered":"https:\/\/weisetech.dev\/fc-barcelona-noticias\/en\/arturo-vidal-demands-fc-barcelona-its-unfair-money-missing_254222_102\/"},"modified":"2019-12-28T09:47:00","modified_gmt":"2019-12-28T08:47:00","slug":"arturo-vidal-demands-fc-barcelona-its-unfair-money-missing_254222_102","status":"publish","type":"post","link":"https:\/\/www.fcbarcelonanoticias.com\/en\/players\/arturo-vidal-demands-fc-barcelona-its-unfair-money-missing_254222_102.html","title":{"rendered":"Arturo Vidal and the demand for Bar\u00e7a: &#8220;It seems unfair if the money is missing&#8221;"},"content":{"rendered":"<h2 class=\"wp-block-heading\">Arturo Vidal would have spoken after playing a match in homage to a former partner in Colo-Colo, Rodolfo Madrid, about the alleged lawsuit he has filed against the FC Barcelona<\/h2>  \r\n<div class=\"article-addons\">\r\n    <a href=\"https:\/\/www.fcbarcelonanoticias.com\/en\/calendar-fc-barcelona.html\"\r\n       target=\"_self\"\r\n       title=\"Calendar of FC Barcelona\"\r\n       class=\"blue-gredient-btn\">\r\n       \r\n        Calendar of FC Barcelona    <\/a>\r\n<\/div>   <p>The Chilean midfielder of FC Barcelona, \u200b\u200b<strong>Arturo Vidal<\/strong>, would have pronounced in the last hours on the <strong><a data-external=\"0\" data-intl-links-en=\"https:\/\/www.fcbarcelonanoticias.com\/en\/players\/abc-vidal-denounces-barcelona-non-payment_254220_102.html\" data-intl-links-es=\"https:\/\/www.fcbarcelonanoticias.com\/jugadores\/abc-vidal-tensa-cuerda-denuncia-barcelona-impago_254220_102.html\" href=\"https:\/\/www.fcbarcelonanoticias.com\/en\/players\/abc-vidal-denounces-barcelona-non-payment_254220_102.html\" rel=\"follow\" target=\"_self\" title=\"ABC: Vidal tightens the rope and denounces Bar\u00e7a for non-payment\">alleged complaint that he has filed against the Barca<\/a><\/strong> club for the non-payment of 2.4 million euros as a bonus for the past 2018-19 campaign. <strong>Bar\u00e7a&#8217;s &#8217;22&#8217; attended this Friday the farewell match <\/strong>of Rodolfo Madrid, coach of Rodelindo Rom\u00e1n and his former partner in Colo Colo.<\/p>  <p>From there, <strong>he would have referred to the controversy<\/strong> that has appeared in Spain, revealed by the newspaper &#8216;ABC&#8217;. In statements that have collected &#8216;DNA&#8217; and that have been echoed by other media such as the newspaper &#8216;AS&#8217;, Arturo Vidal has assured that he is not responsible for personally dealing with these issues. <strong>&#8220;The one in charge of that is not me, for that is my representative, my lawyer<\/strong>, who is in charge of the awards and stuff.&#8221;<\/p>  <p>They asked him if it seems unfair that he lacks that money for prizes last year, and the answer was as follows: <strong>&#8220;Of course it seems unfair if that money is missing&#8221;.<\/strong> Nor did he want to expand on the possibility of leaving FC Barcelona to go to some other great club in Europe during the winter market, something that is still in the air. <strong>&#8220;It&#8217;s a subject that I said I will talk about when I&#8217;m in Spain&#8221;,<\/strong> he said.<\/p>  <p>&#8220;Now I&#8217;m on vacation and I just want to talk about what&#8217;s going on here,&#8221; the Chilean midfielder settled, which seems to indicate that he is starting to tighten the rope to <strong>leave FC Barcelona as soon as possible in the next few days<\/strong>, when the &#8216; Mercatto &#8216;in the month of January 2020.<\/p>  <h3>Losing two midfielders, an unnecessary risk<\/h3>  <p>This week we learned that FC Barcelona had reached <strong><a data-external=\"0\" data-intl-links-en=\"https:\/\/www.fcbarcelonanoticias.com\/en\/players\/agreement-cession-carles-alena-real-betis_254194_102.html\" data-intl-links-es=\"https:\/\/www.fcbarcelonanoticias.com\/jugadores\/acuerdo-cesion-carles-alena-real-betis-sin-opcion-compra_254194_102.html\" href=\"https:\/\/www.fcbarcelonanoticias.com\/en\/players\/agreement-cession-carles-alena-real-betis_254194_102.html\" rel=\"follow\" target=\"_self\" title=\"Agreement for the cession of Carles Ale\u00f1\u00e1 to the Real Betis, without option of purchase\">an agreement for the transfer of Carles Ale\u00f1\u00e1<\/a><\/strong> to Real Betis, and that annulled &#8211; in theory &#8211; any possibility that the team would also leave another midfielder. Arturo Vidal, however, seems determined to <strong>leave the entity mid-season even though Ernesto Valverde<\/strong> has him.<\/p>  <p>The &#8216;Txingurri&#8217; does not want to part with two midfielders midway through the course, let alone knowing that FC Barcelona has no intention of making any incorporation until the summer of 2020. <strong>The perfect opportunity to give Riqui Puig minutes?<\/strong><\/p>  <p>Be that as it may, the reality is that Bar\u00e7a will take too many risks if it follows Ale\u00f1\u00e1 and Arturo Vidal with all the titles to be decided &#8230; and expecting that <strong>Arthur Melo has not yet recovered from his problems at the pubis<\/strong>. The next few days will be key to increase or reduce the controversy that has been created around <strong>Arturo Vidal <\/strong>in the last hours.<\/p> ","protected":false},"excerpt":{"rendered":"<p>Arturo Vidal would have spoken after playing a match in homage to a former partner in Colo-Colo, Rodolfo Madrid, about the alleged lawsuit he has filed against the FC Barcelona The Chilean midfielder of FC Barcelona, \u200b\u200bArturo Vidal, would have pronounced in the last hours on the alleged complaint that he has filed against the [&hellip;]<\/p>\n","protected":false},"author":392,"featured_media":31768,"comment_status":"closed","ping_status":"open","sticky":false,"template":"","format":"standard","meta":{"_acf_changed":false,"inline_featured_image":false,"_nextfly_llmd_date_locked":false,"footnotes":""},"categories":[107,453],"tags":[159],"class_list":["post-68005","post","type-post","status-publish","format-standard","has-post-thumbnail","hentry","category-players","category-players-2","tag-arturo-vidal"],"acf":[],"yoast_head":"<!-- This site is optimized with the Yoast SEO plugin v27.3 - https:\/\/yoast.com\/product\/yoast-seo-wordpress\/ -->\n<title>Arturo Vidal and the demand for Bar\u00e7a: &quot;It seems unfair if the money is missing&quot;<\/title>\n<meta name=\"description\" content=\"Arturo Vidal would have spoken after playing a match in homage to a former partner in Colo-Colo, Rodolfo Madrid, about the alleged lawsuit he has filed against the FC Barcelona\" \/>\n<meta name=\"robots\" content=\"index, follow, max-snippet:-1, max-image-preview:large, max-video-preview:-1\" \/>\n<link rel=\"canonical\" href=\"https:\/\/www.fcbarcelonanoticias.com\/en\/players\/arturo-vidal-demands-fc-barcelona-its-unfair-money-missing_254222_102.html\" \/>\n<meta property=\"og:locale\" content=\"en_US\" \/>\n<meta property=\"og:type\" content=\"article\" \/>\n<meta property=\"og:title\" content=\"Arturo Vidal and the demand for Bar\u00e7a: &quot;It seems unfair if the money is missing&quot;\" \/>\n<meta property=\"og:description\" content=\"Arturo Vidal would have spoken after playing a match in homage to a former partner in Colo-Colo, Rodolfo Madrid, about the alleged lawsuit he has filed against the FC Barcelona\" \/>\n<meta property=\"og:url\" content=\"https:\/\/www.fcbarcelonanoticias.com\/en\/players\/arturo-vidal-demands-fc-barcelona-its-unfair-money-missing_254222_102.html\" \/>\n<meta property=\"og:site_name\" content=\"EN - FC Barcelona Noticias\" \/>\n<meta property=\"article:published_time\" content=\"2019-12-28T07:40:00+00:00\" \/>\n<meta property=\"article:modified_time\" content=\"2019-12-28T08:47:00+00:00\" \/>\n<meta property=\"og:image\" content=\"https:\/\/www.fcbarcelonanoticias.com\/en\/wp-content\/uploads\/sites\/2\/2020\/10\/arturo-vidal-suarez.jpeg\" \/>\n\t<meta property=\"og:image:width\" content=\"1200\" \/>\n\t<meta property=\"og:image:height\" content=\"750\" \/>\n\t<meta property=\"og:image:type\" content=\"image\/jpeg\" \/>\n<meta name=\"author\" content=\"user_4048\" \/>\n<meta name=\"twitter:card\" content=\"summary_large_image\" \/>\n<meta name=\"twitter:label1\" content=\"Written by\" \/>\n\t<meta name=\"twitter:data1\" content=\"user_4048\" \/>\n\t<meta name=\"twitter:label2\" content=\"Est. reading time\" \/>\n\t<meta name=\"twitter:data2\" content=\"2 minutes\" \/>\n<script type=\"application\/ld+json\" class=\"yoast-schema-graph\">{\"@context\":\"https:\\\/\\\/schema.org\",\"@graph\":[{\"@type\":\"Article\",\"@id\":\"https:\\\/\\\/www.fcbarcelonanoticias.com\\\/en\\\/players\\\/arturo-vidal-demands-fc-barcelona-its-unfair-money-missing_254222_102.html#article\",\"isPartOf\":{\"@id\":\"https:\\\/\\\/www.fcbarcelonanoticias.com\\\/en\\\/players\\\/arturo-vidal-demands-fc-barcelona-its-unfair-money-missing_254222_102.html\"},\"author\":{\"name\":\"user_4048\",\"@id\":\"https:\\\/\\\/www.fcbarcelonanoticias.com\\\/en\\\/#\\\/schema\\\/person\\\/fcdad55cab72b8d0e106d75506783b6d\"},\"headline\":\"Arturo Vidal and the demand for Bar\u00e7a: &#8220;It seems unfair if the money is missing&#8221;\",\"datePublished\":\"2019-12-28T07:40:00+00:00\",\"dateModified\":\"2019-12-28T08:47:00+00:00\",\"mainEntityOfPage\":{\"@id\":\"https:\\\/\\\/www.fcbarcelonanoticias.com\\\/en\\\/players\\\/arturo-vidal-demands-fc-barcelona-its-unfair-money-missing_254222_102.html\"},\"wordCount\":493,\"image\":{\"@id\":\"https:\\\/\\\/www.fcbarcelonanoticias.com\\\/en\\\/players\\\/arturo-vidal-demands-fc-barcelona-its-unfair-money-missing_254222_102.html#primaryimage\"},\"thumbnailUrl\":\"https:\\\/\\\/www.fcbarcelonanoticias.com\\\/en\\\/wp-content\\\/uploads\\\/sites\\\/2\\\/2020\\\/10\\\/arturo-vidal-suarez.jpeg\",\"keywords\":[\"Arturo Vidal\"],\"articleSection\":[\"Players\",\"Players\"],\"inLanguage\":\"en-US\"},{\"@type\":\"WebPage\",\"@id\":\"https:\\\/\\\/www.fcbarcelonanoticias.com\\\/en\\\/players\\\/arturo-vidal-demands-fc-barcelona-its-unfair-money-missing_254222_102.html\",\"url\":\"https:\\\/\\\/www.fcbarcelonanoticias.com\\\/en\\\/players\\\/arturo-vidal-demands-fc-barcelona-its-unfair-money-missing_254222_102.html\",\"name\":\"Arturo Vidal and the demand for Bar\u00e7a: \\\"It seems unfair if the money is missing\\\"\",\"isPartOf\":{\"@id\":\"https:\\\/\\\/www.fcbarcelonanoticias.com\\\/en\\\/#website\"},\"primaryImageOfPage\":{\"@id\":\"https:\\\/\\\/www.fcbarcelonanoticias.com\\\/en\\\/players\\\/arturo-vidal-demands-fc-barcelona-its-unfair-money-missing_254222_102.html#primaryimage\"},\"image\":{\"@id\":\"https:\\\/\\\/www.fcbarcelonanoticias.com\\\/en\\\/players\\\/arturo-vidal-demands-fc-barcelona-its-unfair-money-missing_254222_102.html#primaryimage\"},\"thumbnailUrl\":\"https:\\\/\\\/www.fcbarcelonanoticias.com\\\/en\\\/wp-content\\\/uploads\\\/sites\\\/2\\\/2020\\\/10\\\/arturo-vidal-suarez.jpeg\",\"datePublished\":\"2019-12-28T07:40:00+00:00\",\"dateModified\":\"2019-12-28T08:47:00+00:00\",\"author\":{\"@id\":\"https:\\\/\\\/www.fcbarcelonanoticias.com\\\/en\\\/#\\\/schema\\\/person\\\/fcdad55cab72b8d0e106d75506783b6d\"},\"description\":\"Arturo Vidal would have spoken after playing a match in homage to a former partner in Colo-Colo, Rodolfo Madrid, about the alleged lawsuit he has filed against the FC Barcelona\",\"breadcrumb\":{\"@id\":\"https:\\\/\\\/www.fcbarcelonanoticias.com\\\/en\\\/players\\\/arturo-vidal-demands-fc-barcelona-its-unfair-money-missing_254222_102.html#breadcrumb\"},\"inLanguage\":\"en-US\",\"potentialAction\":[{\"@type\":\"ReadAction\",\"target\":[\"https:\\\/\\\/www.fcbarcelonanoticias.com\\\/en\\\/players\\\/arturo-vidal-demands-fc-barcelona-its-unfair-money-missing_254222_102.html\"]}]},{\"@type\":\"ImageObject\",\"inLanguage\":\"en-US\",\"@id\":\"https:\\\/\\\/www.fcbarcelonanoticias.com\\\/en\\\/players\\\/arturo-vidal-demands-fc-barcelona-its-unfair-money-missing_254222_102.html#primaryimage\",\"url\":\"https:\\\/\\\/www.fcbarcelonanoticias.com\\\/en\\\/wp-content\\\/uploads\\\/sites\\\/2\\\/2020\\\/10\\\/arturo-vidal-suarez.jpeg\",\"contentUrl\":\"https:\\\/\\\/www.fcbarcelonanoticias.com\\\/en\\\/wp-content\\\/uploads\\\/sites\\\/2\\\/2020\\\/10\\\/arturo-vidal-suarez.jpeg\",\"width\":1200,\"height\":750},{\"@type\":\"BreadcrumbList\",\"@id\":\"https:\\\/\\\/www.fcbarcelonanoticias.com\\\/en\\\/players\\\/arturo-vidal-demands-fc-barcelona-its-unfair-money-missing_254222_102.html#breadcrumb\",\"itemListElement\":[{\"@type\":\"ListItem\",\"position\":1,\"name\":\"Portada\",\"item\":\"https:\\\/\\\/www.fcbarcelonanoticias.com\\\/en\\\/\"},{\"@type\":\"ListItem\",\"position\":2,\"name\":\"Arturo Vidal and the demand for Bar\u00e7a: &#8220;It seems unfair if the money is missing&#8221;\"}]},{\"@type\":\"WebSite\",\"@id\":\"https:\\\/\\\/www.fcbarcelonanoticias.com\\\/en\\\/#website\",\"url\":\"https:\\\/\\\/www.fcbarcelonanoticias.com\\\/en\\\/\",\"name\":\"EN - FC Barcelona Noticias\",\"description\":\"\",\"potentialAction\":[{\"@type\":\"SearchAction\",\"target\":{\"@type\":\"EntryPoint\",\"urlTemplate\":\"https:\\\/\\\/www.fcbarcelonanoticias.com\\\/en\\\/?s={search_term_string}\"},\"query-input\":{\"@type\":\"PropertyValueSpecification\",\"valueRequired\":true,\"valueName\":\"search_term_string\"}}],\"inLanguage\":\"en-US\"},{\"@type\":\"Person\",\"@id\":\"https:\\\/\\\/www.fcbarcelonanoticias.com\\\/en\\\/#\\\/schema\\\/person\\\/fcdad55cab72b8d0e106d75506783b6d\",\"name\":\"user_4048\",\"image\":{\"@type\":\"ImageObject\",\"inLanguage\":\"en-US\",\"@id\":\"https:\\\/\\\/secure.gravatar.com\\\/avatar\\\/?s=96&d=mm&r=g\",\"url\":\"https:\\\/\\\/secure.gravatar.com\\\/avatar\\\/?s=96&d=mm&r=g\",\"contentUrl\":\"https:\\\/\\\/secure.gravatar.com\\\/avatar\\\/?s=96&d=mm&r=g\",\"caption\":\"user_4048\"},\"url\":\"https:\\\/\\\/www.fcbarcelonanoticias.com\\\/en\\\/user_4048.html\"}]}<\/script>\n<!-- \/ Yoast SEO plugin. -->","yoast_head_json":{"title":"Arturo Vidal and the demand for Bar\u00e7a: \"It seems unfair if the money is missing\"","description":"Arturo Vidal would have spoken after playing a match in homage to a former partner in Colo-Colo, Rodolfo Madrid, about the alleged lawsuit he has filed against the FC Barcelona","robots":{"index":"index","follow":"follow","max-snippet":"max-snippet:-1","max-image-preview":"max-image-preview:large","max-video-preview":"max-video-preview:-1"},"canonical":"https:\/\/www.fcbarcelonanoticias.com\/en\/players\/arturo-vidal-demands-fc-barcelona-its-unfair-money-missing_254222_102.html","og_locale":"en_US","og_type":"article","og_title":"Arturo Vidal and the demand for Bar\u00e7a: \"It seems unfair if the money is missing\"","og_description":"Arturo Vidal would have spoken after playing a match in homage to a former partner in Colo-Colo, Rodolfo Madrid, about the alleged lawsuit he has filed against the FC Barcelona","og_url":"https:\/\/www.fcbarcelonanoticias.com\/en\/players\/arturo-vidal-demands-fc-barcelona-its-unfair-money-missing_254222_102.html","og_site_name":"EN - FC Barcelona Noticias","article_published_time":"2019-12-28T07:40:00+00:00","article_modified_time":"2019-12-28T08:47:00+00:00","og_image":[{"width":1200,"height":750,"url":"https:\/\/www.fcbarcelonanoticias.com\/en\/wp-content\/uploads\/sites\/2\/2020\/10\/arturo-vidal-suarez.jpeg","type":"image\/jpeg"}],"author":"user_4048","twitter_card":"summary_large_image","twitter_misc":{"Written by":"user_4048","Est. reading time":"2 minutes"},"schema":{"@context":"https:\/\/schema.org","@graph":[{"@type":"Article","@id":"https:\/\/www.fcbarcelonanoticias.com\/en\/players\/arturo-vidal-demands-fc-barcelona-its-unfair-money-missing_254222_102.html#article","isPartOf":{"@id":"https:\/\/www.fcbarcelonanoticias.com\/en\/players\/arturo-vidal-demands-fc-barcelona-its-unfair-money-missing_254222_102.html"},"author":{"name":"user_4048","@id":"https:\/\/www.fcbarcelonanoticias.com\/en\/#\/schema\/person\/fcdad55cab72b8d0e106d75506783b6d"},"headline":"Arturo Vidal and the demand for Bar\u00e7a: &#8220;It seems unfair if the money is missing&#8221;","datePublished":"2019-12-28T07:40:00+00:00","dateModified":"2019-12-28T08:47:00+00:00","mainEntityOfPage":{"@id":"https:\/\/www.fcbarcelonanoticias.com\/en\/players\/arturo-vidal-demands-fc-barcelona-its-unfair-money-missing_254222_102.html"},"wordCount":493,"image":{"@id":"https:\/\/www.fcbarcelonanoticias.com\/en\/players\/arturo-vidal-demands-fc-barcelona-its-unfair-money-missing_254222_102.html#primaryimage"},"thumbnailUrl":"https:\/\/www.fcbarcelonanoticias.com\/en\/wp-content\/uploads\/sites\/2\/2020\/10\/arturo-vidal-suarez.jpeg","keywords":["Arturo Vidal"],"articleSection":["Players","Players"],"inLanguage":"en-US"},{"@type":"WebPage","@id":"https:\/\/www.fcbarcelonanoticias.com\/en\/players\/arturo-vidal-demands-fc-barcelona-its-unfair-money-missing_254222_102.html","url":"https:\/\/www.fcbarcelonanoticias.com\/en\/players\/arturo-vidal-demands-fc-barcelona-its-unfair-money-missing_254222_102.html","name":"Arturo Vidal and the demand for Bar\u00e7a: \"It seems unfair if the money is missing\"","isPartOf":{"@id":"https:\/\/www.fcbarcelonanoticias.com\/en\/#website"},"primaryImageOfPage":{"@id":"https:\/\/www.fcbarcelonanoticias.com\/en\/players\/arturo-vidal-demands-fc-barcelona-its-unfair-money-missing_254222_102.html#primaryimage"},"image":{"@id":"https:\/\/www.fcbarcelonanoticias.com\/en\/players\/arturo-vidal-demands-fc-barcelona-its-unfair-money-missing_254222_102.html#primaryimage"},"thumbnailUrl":"https:\/\/www.fcbarcelonanoticias.com\/en\/wp-content\/uploads\/sites\/2\/2020\/10\/arturo-vidal-suarez.jpeg","datePublished":"2019-12-28T07:40:00+00:00","dateModified":"2019-12-28T08:47:00+00:00","author":{"@id":"https:\/\/www.fcbarcelonanoticias.com\/en\/#\/schema\/person\/fcdad55cab72b8d0e106d75506783b6d"},"description":"Arturo Vidal would have spoken after playing a match in homage to a former partner in Colo-Colo, Rodolfo Madrid, about the alleged lawsuit he has filed against the FC Barcelona","breadcrumb":{"@id":"https:\/\/www.fcbarcelonanoticias.com\/en\/players\/arturo-vidal-demands-fc-barcelona-its-unfair-money-missing_254222_102.html#breadcrumb"},"inLanguage":"en-US","potentialAction":[{"@type":"ReadAction","target":["https:\/\/www.fcbarcelonanoticias.com\/en\/players\/arturo-vidal-demands-fc-barcelona-its-unfair-money-missing_254222_102.html"]}]},{"@type":"ImageObject","inLanguage":"en-US","@id":"https:\/\/www.fcbarcelonanoticias.com\/en\/players\/arturo-vidal-demands-fc-barcelona-its-unfair-money-missing_254222_102.html#primaryimage","url":"https:\/\/www.fcbarcelonanoticias.com\/en\/wp-content\/uploads\/sites\/2\/2020\/10\/arturo-vidal-suarez.jpeg","contentUrl":"https:\/\/www.fcbarcelonanoticias.com\/en\/wp-content\/uploads\/sites\/2\/2020\/10\/arturo-vidal-suarez.jpeg","width":1200,"height":750},{"@type":"BreadcrumbList","@id":"https:\/\/www.fcbarcelonanoticias.com\/en\/players\/arturo-vidal-demands-fc-barcelona-its-unfair-money-missing_254222_102.html#breadcrumb","itemListElement":[{"@type":"ListItem","position":1,"name":"Portada","item":"https:\/\/www.fcbarcelonanoticias.com\/en\/"},{"@type":"ListItem","position":2,"name":"Arturo Vidal and the demand for Bar\u00e7a: &#8220;It seems unfair if the money is missing&#8221;"}]},{"@type":"WebSite","@id":"https:\/\/www.fcbarcelonanoticias.com\/en\/#website","url":"https:\/\/www.fcbarcelonanoticias.com\/en\/","name":"EN - FC Barcelona Noticias","description":"","potentialAction":[{"@type":"SearchAction","target":{"@type":"EntryPoint","urlTemplate":"https:\/\/www.fcbarcelonanoticias.com\/en\/?s={search_term_string}"},"query-input":{"@type":"PropertyValueSpecification","valueRequired":true,"valueName":"search_term_string"}}],"inLanguage":"en-US"},{"@type":"Person","@id":"https:\/\/www.fcbarcelonanoticias.com\/en\/#\/schema\/person\/fcdad55cab72b8d0e106d75506783b6d","name":"user_4048","image":{"@type":"ImageObject","inLanguage":"en-US","@id":"https:\/\/secure.gravatar.com\/avatar\/?s=96&d=mm&r=g","url":"https:\/\/secure.gravatar.com\/avatar\/?s=96&d=mm&r=g","contentUrl":"https:\/\/secure.gravatar.com\/avatar\/?s=96&d=mm&r=g","caption":"user_4048"},"url":"https:\/\/www.fcbarcelonanoticias.com\/en\/user_4048.html"}]}},"_links":{"self":[{"href":"https:\/\/www.fcbarcelonanoticias.com\/en\/wp-json\/wp\/v2\/posts\/68005","targetHints":{"allow":["GET"]}}],"collection":[{"href":"https:\/\/www.fcbarcelonanoticias.com\/en\/wp-json\/wp\/v2\/posts"}],"about":[{"href":"https:\/\/www.fcbarcelonanoticias.com\/en\/wp-json\/wp\/v2\/types\/post"}],"author":[{"embeddable":true,"href":"https:\/\/www.fcbarcelonanoticias.com\/en\/wp-json\/wp\/v2\/users\/392"}],"replies":[{"embeddable":true,"href":"https:\/\/www.fcbarcelonanoticias.com\/en\/wp-json\/wp\/v2\/comments?post=68005"}],"version-history":[{"count":1,"href":"https:\/\/www.fcbarcelonanoticias.com\/en\/wp-json\/wp\/v2\/posts\/68005\/revisions"}],"predecessor-version":[{"id":119649,"href":"https:\/\/www.fcbarcelonanoticias.com\/en\/wp-json\/wp\/v2\/posts\/68005\/revisions\/119649"}],"wp:featuredmedia":[{"embeddable":true,"href":"https:\/\/www.fcbarcelonanoticias.com\/en\/wp-json\/wp\/v2\/media\/31768"}],"wp:attachment":[{"href":"https:\/\/www.fcbarcelonanoticias.com\/en\/wp-json\/wp\/v2\/media?parent=68005"}],"wp:term":[{"taxonomy":"category","embeddable":true,"href":"https:\/\/www.fcbarcelonanoticias.com\/en\/wp-json\/wp\/v2\/categories?post=68005"},{"taxonomy":"post_tag","embeddable":true,"href":"https:\/\/www.fcbarcelonanoticias.com\/en\/wp-json\/wp\/v2\/tags?post=68005"}],"curies":[{"name":"wp","href":"https:\/\/api.w.org\/{rel}","templated":true}]}}