{"id":68153,"date":"2022-04-06T09:49:00","date_gmt":"2022-04-06T07:49:00","guid":{"rendered":"https:\/\/weisetech.dev\/fc-barcelona-noticias\/en\/bad-news-for-barcelona-memphis-will-be-low-eintracht_279169_102\/"},"modified":"2022-04-06T11:24:00","modified_gmt":"2022-04-06T09:24:00","slug":"bad-news-for-barcelona-memphis-will-be-low-eintracht_279169_102","status":"publish","type":"post","link":"https:\/\/www.fcbarcelonanoticias.com\/en\/players\/bad-news-for-barcelona-memphis-will-be-low-eintracht_279169_102.html","title":{"rendered":"Bad news for Bar\u00e7a! Memphis will be low against Eintracht"},"content":{"rendered":"<h2 class=\"wp-block-heading\">Memphis Depay, player of the FC Barcelona first team, will be absent against Eintracht Frankfurt due to an overload in his left thigh. The Bar\u00e7a club has revealed it in a statement on its Twitter account<\/h2>  \r\n<div class=\"article-addons\">\r\n    <a href=\"https:\/\/www.fcbarcelonanoticias.com\/en\/calendar-fc-barcelona.html\"\r\n       target=\"_self\"\r\n       title=\"Calendar of FC Barcelona\"\r\n       class=\"blue-gredient-btn\">\r\n       \r\n        Calendar of FC Barcelona    <\/a>\r\n<\/div>   <p>Bad news for the Bar\u00e7a.<b> <a data-external=\"0\" data-intl-links-en=\"https:\/\/www.fcbarcelonanoticias.com\/en\/tags\/memphis-depay\" data-intl-links-es=\"https:\/\/www.fcbarcelonanoticias.com\/tags\/memphis-depay\" href=\"https:\/\/www.fcbarcelonanoticias.com\/en\/tags\/memphis-depay.html\" rel=\"follow\" target=\"_self\" title=\"Memphis Depay\">Memphis Depay<\/a><\/b>, one of the offensive options of Xavi Hern\u00e1ndez, <strong>has suffered one overloads in his left thigh<\/strong> as it affirms the official account of Twitter of the club. <strong>The Dutch will be drop<\/strong> for the party of this Thursday in front of the Eintracht Frankfurt by the gone of the quarter-finals of <a data-external=\"0\" data-intl-links-es=\"https:\/\/www.fcbarcelonanoticias.com\/europa-league\" href=\"https:\/\/www.fcbarcelonanoticias.com\/en\/europa-league.html\" rel=\"follow\" target=\"_self\" title=\"Europa League\">Europe League<\/a>.<\/p>  <p>The medical communiqu\u00e9 published by the social networks of the FC Barcelona signal that: <strong>&#8220;The player of the first team, Memphis Depay, has one overloads in the semimebranoso of the left thigh. It is drop and the evolution will mark his availability&#8221;<\/strong>, expresses the &#8216;tweet&#8217; of the institution. With this, the technician will have to do &#8216;manoeuvres&#8217; in his front of attack in case that Pierre-Emerick Aubameyang need to be substituted.<\/p>  <p>In addition to the unexpected absence of the &#8216;9&#8217;, <strong>Xavi neither will be able to have the services of Luuk of Jong <\/strong>for the &#8216;bump&#8217; in front of the group germano. The Dutch gave positive by COVID the Saturday and, in spite of that his state of health is stable, still is not available for the egarense. <strong>This situation could go back to put in the &#8216;radar&#8217; to Martin Braithwaite<\/strong>, the one who has been in the ostracism during almost all the 2022.<\/p> <blockquote class=\"twitter-tweet\"> <p dir=\"ltr\" lang=\"es\">[MEDICAL COMMUNIQU\u00c9]<br><br> The player of the first team Memphis has one overloads in the semimembranoso of the left thigh. It is drop and the evolution will mark his availability <a href=\"https:\/\/t.co\/en\/JTac6w9BfI\">pic.twitter.com\/jtac6w9bfi<\/a><\/p> \u2014 FC Barcelona (@FCBarcelona_is) <a href=\"https:\/\/twitter.com\/en\/FCBarcelona_es\/status\/1511607157988503553?ref_src=twsrc%5Etfw\">April 6, 2022<\/a> <\/blockquote>  <h3>Opportunity &#8216;of gold&#8217;<\/h3>  <p>Although in front of any irregularity the most likely is that Ferran Torres act like leading centre, <strong>the true is that Xavi could take in account to the Danish for the second part<\/strong>. The Bar\u00e7a wants to encarrilar the eliminatory in Germany and give him minutes to Nordic attacker could benefit to all the parts. <strong>Braithwaite Is &#8216;sediento&#8217; of opportunities<\/strong> and wants to restart the rhythm of game with the aim to arrive to Catar 2022.<\/p>  <p>It is thus that, to have the opportunity, will be crucial for him take advantage of each moment that have the balloon in his feet. Added to this, to the not having a date estimated for the return of Memphis and Of Jong, <strong>also could see action the Sunday in front of the Raise<\/strong>. The ones of Alessio Lisci are struggling by the permanence in First and east could be a party so that several players &#8216;rest&#8217; of face to the turn in the Camp Nou in front of the Eintracht.<\/p> ","protected":false},"excerpt":{"rendered":"<p>Memphis Depay, player of the FC Barcelona first team, will be absent against Eintracht Frankfurt due to an overload in his left thigh. The Bar\u00e7a club has revealed it in a statement on its Twitter account Bad news for the Bar\u00e7a. Memphis Depay, one of the offensive options of Xavi Hern\u00e1ndez, has suffered one overloads [&hellip;]<\/p>\n","protected":false},"author":373,"featured_media":68158,"comment_status":"closed","ping_status":"open","sticky":false,"template":"","format":"standard","meta":{"_acf_changed":false,"inline_featured_image":false,"_nextfly_llmd_date_locked":false,"footnotes":""},"categories":[453,107],"tags":[136,142],"class_list":["post-68153","post","type-post","status-publish","format-standard","has-post-thumbnail","hentry","category-players-2","category-players","tag-injured","tag-memphis-depay"],"acf":[],"yoast_head":"<!-- This site is optimized with the Yoast SEO plugin v27.3 - https:\/\/yoast.com\/product\/yoast-seo-wordpress\/ -->\n<title>Bad news for Bar\u00e7a! Memphis will be low against Eintracht<\/title>\n<meta name=\"description\" content=\"Memphis Depay, player of the FC Barcelona first team, will be absent against Eintracht Frankfurt due to an overload in his left thigh. The Bar\u00e7a club has revealed it in a statement on its Twitter account\" \/>\n<meta name=\"robots\" content=\"index, follow, max-snippet:-1, max-image-preview:large, max-video-preview:-1\" \/>\n<link rel=\"canonical\" href=\"https:\/\/www.fcbarcelonanoticias.com\/en\/players\/bad-news-for-barcelona-memphis-will-be-low-eintracht_279169_102.html\" \/>\n<meta property=\"og:locale\" content=\"en_US\" \/>\n<meta property=\"og:type\" content=\"article\" \/>\n<meta property=\"og:title\" content=\"Bad news for Bar\u00e7a! Memphis will be low against Eintracht\" \/>\n<meta property=\"og:description\" content=\"Memphis Depay, player of the FC Barcelona first team, will be absent against Eintracht Frankfurt due to an overload in his left thigh. The Bar\u00e7a club has revealed it in a statement on its Twitter account\" \/>\n<meta property=\"og:url\" content=\"https:\/\/www.fcbarcelonanoticias.com\/en\/players\/bad-news-for-barcelona-memphis-will-be-low-eintracht_279169_102.html\" \/>\n<meta property=\"og:site_name\" content=\"EN - FC Barcelona Noticias\" \/>\n<meta property=\"article:published_time\" content=\"2022-04-06T07:49:00+00:00\" \/>\n<meta property=\"article:modified_time\" content=\"2022-04-06T09:24:00+00:00\" \/>\n<meta property=\"og:image\" content=\"https:\/\/www.fcbarcelonanoticias.com\/en\/wp-content\/uploads\/sites\/2\/2022\/04\/memphis-depay-se-lamenta-ante-el-galatasaray.jpeg\" \/>\n\t<meta property=\"og:image:width\" content=\"1300\" \/>\n\t<meta property=\"og:image:height\" content=\"736\" \/>\n\t<meta property=\"og:image:type\" content=\"image\/jpeg\" \/>\n<meta name=\"author\" content=\"user_4029\" \/>\n<meta name=\"twitter:card\" content=\"summary_large_image\" \/>\n<meta name=\"twitter:label1\" content=\"Written by\" \/>\n\t<meta name=\"twitter:data1\" content=\"user_4029\" \/>\n\t<meta name=\"twitter:label2\" content=\"Est. reading time\" \/>\n\t<meta name=\"twitter:data2\" content=\"2 minutes\" \/>\n<script type=\"application\/ld+json\" class=\"yoast-schema-graph\">{\"@context\":\"https:\\\/\\\/schema.org\",\"@graph\":[{\"@type\":\"Article\",\"@id\":\"https:\\\/\\\/www.fcbarcelonanoticias.com\\\/en\\\/players\\\/bad-news-for-barcelona-memphis-will-be-low-eintracht_279169_102.html#article\",\"isPartOf\":{\"@id\":\"https:\\\/\\\/www.fcbarcelonanoticias.com\\\/en\\\/players\\\/bad-news-for-barcelona-memphis-will-be-low-eintracht_279169_102.html\"},\"author\":{\"name\":\"user_4029\",\"@id\":\"https:\\\/\\\/www.fcbarcelonanoticias.com\\\/en\\\/#\\\/schema\\\/person\\\/f97222962be11bcd88654b5590bd661d\"},\"headline\":\"Bad news for Bar\u00e7a! Memphis will be low against Eintracht\",\"datePublished\":\"2022-04-06T07:49:00+00:00\",\"dateModified\":\"2022-04-06T09:24:00+00:00\",\"mainEntityOfPage\":{\"@id\":\"https:\\\/\\\/www.fcbarcelonanoticias.com\\\/en\\\/players\\\/bad-news-for-barcelona-memphis-will-be-low-eintracht_279169_102.html\"},\"wordCount\":472,\"image\":{\"@id\":\"https:\\\/\\\/www.fcbarcelonanoticias.com\\\/en\\\/players\\\/bad-news-for-barcelona-memphis-will-be-low-eintracht_279169_102.html#primaryimage\"},\"thumbnailUrl\":\"https:\\\/\\\/www.fcbarcelonanoticias.com\\\/en\\\/wp-content\\\/uploads\\\/sites\\\/2\\\/2022\\\/04\\\/memphis-depay-se-lamenta-ante-el-galatasaray.jpeg\",\"keywords\":[\"injured\",\"Memphis Depay\"],\"articleSection\":[\"Players\",\"Players\"],\"inLanguage\":\"en-US\"},{\"@type\":\"WebPage\",\"@id\":\"https:\\\/\\\/www.fcbarcelonanoticias.com\\\/en\\\/players\\\/bad-news-for-barcelona-memphis-will-be-low-eintracht_279169_102.html\",\"url\":\"https:\\\/\\\/www.fcbarcelonanoticias.com\\\/en\\\/players\\\/bad-news-for-barcelona-memphis-will-be-low-eintracht_279169_102.html\",\"name\":\"Bad news for Bar\u00e7a! Memphis will be low against Eintracht\",\"isPartOf\":{\"@id\":\"https:\\\/\\\/www.fcbarcelonanoticias.com\\\/en\\\/#website\"},\"primaryImageOfPage\":{\"@id\":\"https:\\\/\\\/www.fcbarcelonanoticias.com\\\/en\\\/players\\\/bad-news-for-barcelona-memphis-will-be-low-eintracht_279169_102.html#primaryimage\"},\"image\":{\"@id\":\"https:\\\/\\\/www.fcbarcelonanoticias.com\\\/en\\\/players\\\/bad-news-for-barcelona-memphis-will-be-low-eintracht_279169_102.html#primaryimage\"},\"thumbnailUrl\":\"https:\\\/\\\/www.fcbarcelonanoticias.com\\\/en\\\/wp-content\\\/uploads\\\/sites\\\/2\\\/2022\\\/04\\\/memphis-depay-se-lamenta-ante-el-galatasaray.jpeg\",\"datePublished\":\"2022-04-06T07:49:00+00:00\",\"dateModified\":\"2022-04-06T09:24:00+00:00\",\"author\":{\"@id\":\"https:\\\/\\\/www.fcbarcelonanoticias.com\\\/en\\\/#\\\/schema\\\/person\\\/f97222962be11bcd88654b5590bd661d\"},\"description\":\"Memphis Depay, player of the FC Barcelona first team, will be absent against Eintracht Frankfurt due to an overload in his left thigh. The Bar\u00e7a club has revealed it in a statement on its Twitter account\",\"breadcrumb\":{\"@id\":\"https:\\\/\\\/www.fcbarcelonanoticias.com\\\/en\\\/players\\\/bad-news-for-barcelona-memphis-will-be-low-eintracht_279169_102.html#breadcrumb\"},\"inLanguage\":\"en-US\",\"potentialAction\":[{\"@type\":\"ReadAction\",\"target\":[\"https:\\\/\\\/www.fcbarcelonanoticias.com\\\/en\\\/players\\\/bad-news-for-barcelona-memphis-will-be-low-eintracht_279169_102.html\"]}]},{\"@type\":\"ImageObject\",\"inLanguage\":\"en-US\",\"@id\":\"https:\\\/\\\/www.fcbarcelonanoticias.com\\\/en\\\/players\\\/bad-news-for-barcelona-memphis-will-be-low-eintracht_279169_102.html#primaryimage\",\"url\":\"https:\\\/\\\/www.fcbarcelonanoticias.com\\\/en\\\/wp-content\\\/uploads\\\/sites\\\/2\\\/2022\\\/04\\\/memphis-depay-se-lamenta-ante-el-galatasaray.jpeg\",\"contentUrl\":\"https:\\\/\\\/www.fcbarcelonanoticias.com\\\/en\\\/wp-content\\\/uploads\\\/sites\\\/2\\\/2022\\\/04\\\/memphis-depay-se-lamenta-ante-el-galatasaray.jpeg\",\"width\":1300,\"height\":736},{\"@type\":\"BreadcrumbList\",\"@id\":\"https:\\\/\\\/www.fcbarcelonanoticias.com\\\/en\\\/players\\\/bad-news-for-barcelona-memphis-will-be-low-eintracht_279169_102.html#breadcrumb\",\"itemListElement\":[{\"@type\":\"ListItem\",\"position\":1,\"name\":\"Portada\",\"item\":\"https:\\\/\\\/www.fcbarcelonanoticias.com\\\/en\\\/\"},{\"@type\":\"ListItem\",\"position\":2,\"name\":\"Bad news for Bar\u00e7a! Memphis will be low against Eintracht\"}]},{\"@type\":\"WebSite\",\"@id\":\"https:\\\/\\\/www.fcbarcelonanoticias.com\\\/en\\\/#website\",\"url\":\"https:\\\/\\\/www.fcbarcelonanoticias.com\\\/en\\\/\",\"name\":\"EN - FC Barcelona Noticias\",\"description\":\"\",\"potentialAction\":[{\"@type\":\"SearchAction\",\"target\":{\"@type\":\"EntryPoint\",\"urlTemplate\":\"https:\\\/\\\/www.fcbarcelonanoticias.com\\\/en\\\/?s={search_term_string}\"},\"query-input\":{\"@type\":\"PropertyValueSpecification\",\"valueRequired\":true,\"valueName\":\"search_term_string\"}}],\"inLanguage\":\"en-US\"},{\"@type\":\"Person\",\"@id\":\"https:\\\/\\\/www.fcbarcelonanoticias.com\\\/en\\\/#\\\/schema\\\/person\\\/f97222962be11bcd88654b5590bd661d\",\"name\":\"user_4029\",\"image\":{\"@type\":\"ImageObject\",\"inLanguage\":\"en-US\",\"@id\":\"https:\\\/\\\/secure.gravatar.com\\\/avatar\\\/?s=96&d=mm&r=g\",\"url\":\"https:\\\/\\\/secure.gravatar.com\\\/avatar\\\/?s=96&d=mm&r=g\",\"contentUrl\":\"https:\\\/\\\/secure.gravatar.com\\\/avatar\\\/?s=96&d=mm&r=g\",\"caption\":\"user_4029\"},\"url\":\"https:\\\/\\\/www.fcbarcelonanoticias.com\\\/en\\\/user_4029.html\"}]}<\/script>\n<!-- \/ Yoast SEO plugin. -->","yoast_head_json":{"title":"Bad news for Bar\u00e7a! Memphis will be low against Eintracht","description":"Memphis Depay, player of the FC Barcelona first team, will be absent against Eintracht Frankfurt due to an overload in his left thigh. The Bar\u00e7a club has revealed it in a statement on its Twitter account","robots":{"index":"index","follow":"follow","max-snippet":"max-snippet:-1","max-image-preview":"max-image-preview:large","max-video-preview":"max-video-preview:-1"},"canonical":"https:\/\/www.fcbarcelonanoticias.com\/en\/players\/bad-news-for-barcelona-memphis-will-be-low-eintracht_279169_102.html","og_locale":"en_US","og_type":"article","og_title":"Bad news for Bar\u00e7a! Memphis will be low against Eintracht","og_description":"Memphis Depay, player of the FC Barcelona first team, will be absent against Eintracht Frankfurt due to an overload in his left thigh. The Bar\u00e7a club has revealed it in a statement on its Twitter account","og_url":"https:\/\/www.fcbarcelonanoticias.com\/en\/players\/bad-news-for-barcelona-memphis-will-be-low-eintracht_279169_102.html","og_site_name":"EN - FC Barcelona Noticias","article_published_time":"2022-04-06T07:49:00+00:00","article_modified_time":"2022-04-06T09:24:00+00:00","og_image":[{"width":1300,"height":736,"url":"https:\/\/www.fcbarcelonanoticias.com\/en\/wp-content\/uploads\/sites\/2\/2022\/04\/memphis-depay-se-lamenta-ante-el-galatasaray.jpeg","type":"image\/jpeg"}],"author":"user_4029","twitter_card":"summary_large_image","twitter_misc":{"Written by":"user_4029","Est. reading time":"2 minutes"},"schema":{"@context":"https:\/\/schema.org","@graph":[{"@type":"Article","@id":"https:\/\/www.fcbarcelonanoticias.com\/en\/players\/bad-news-for-barcelona-memphis-will-be-low-eintracht_279169_102.html#article","isPartOf":{"@id":"https:\/\/www.fcbarcelonanoticias.com\/en\/players\/bad-news-for-barcelona-memphis-will-be-low-eintracht_279169_102.html"},"author":{"name":"user_4029","@id":"https:\/\/www.fcbarcelonanoticias.com\/en\/#\/schema\/person\/f97222962be11bcd88654b5590bd661d"},"headline":"Bad news for Bar\u00e7a! Memphis will be low against Eintracht","datePublished":"2022-04-06T07:49:00+00:00","dateModified":"2022-04-06T09:24:00+00:00","mainEntityOfPage":{"@id":"https:\/\/www.fcbarcelonanoticias.com\/en\/players\/bad-news-for-barcelona-memphis-will-be-low-eintracht_279169_102.html"},"wordCount":472,"image":{"@id":"https:\/\/www.fcbarcelonanoticias.com\/en\/players\/bad-news-for-barcelona-memphis-will-be-low-eintracht_279169_102.html#primaryimage"},"thumbnailUrl":"https:\/\/www.fcbarcelonanoticias.com\/en\/wp-content\/uploads\/sites\/2\/2022\/04\/memphis-depay-se-lamenta-ante-el-galatasaray.jpeg","keywords":["injured","Memphis Depay"],"articleSection":["Players","Players"],"inLanguage":"en-US"},{"@type":"WebPage","@id":"https:\/\/www.fcbarcelonanoticias.com\/en\/players\/bad-news-for-barcelona-memphis-will-be-low-eintracht_279169_102.html","url":"https:\/\/www.fcbarcelonanoticias.com\/en\/players\/bad-news-for-barcelona-memphis-will-be-low-eintracht_279169_102.html","name":"Bad news for Bar\u00e7a! Memphis will be low against Eintracht","isPartOf":{"@id":"https:\/\/www.fcbarcelonanoticias.com\/en\/#website"},"primaryImageOfPage":{"@id":"https:\/\/www.fcbarcelonanoticias.com\/en\/players\/bad-news-for-barcelona-memphis-will-be-low-eintracht_279169_102.html#primaryimage"},"image":{"@id":"https:\/\/www.fcbarcelonanoticias.com\/en\/players\/bad-news-for-barcelona-memphis-will-be-low-eintracht_279169_102.html#primaryimage"},"thumbnailUrl":"https:\/\/www.fcbarcelonanoticias.com\/en\/wp-content\/uploads\/sites\/2\/2022\/04\/memphis-depay-se-lamenta-ante-el-galatasaray.jpeg","datePublished":"2022-04-06T07:49:00+00:00","dateModified":"2022-04-06T09:24:00+00:00","author":{"@id":"https:\/\/www.fcbarcelonanoticias.com\/en\/#\/schema\/person\/f97222962be11bcd88654b5590bd661d"},"description":"Memphis Depay, player of the FC Barcelona first team, will be absent against Eintracht Frankfurt due to an overload in his left thigh. The Bar\u00e7a club has revealed it in a statement on its Twitter account","breadcrumb":{"@id":"https:\/\/www.fcbarcelonanoticias.com\/en\/players\/bad-news-for-barcelona-memphis-will-be-low-eintracht_279169_102.html#breadcrumb"},"inLanguage":"en-US","potentialAction":[{"@type":"ReadAction","target":["https:\/\/www.fcbarcelonanoticias.com\/en\/players\/bad-news-for-barcelona-memphis-will-be-low-eintracht_279169_102.html"]}]},{"@type":"ImageObject","inLanguage":"en-US","@id":"https:\/\/www.fcbarcelonanoticias.com\/en\/players\/bad-news-for-barcelona-memphis-will-be-low-eintracht_279169_102.html#primaryimage","url":"https:\/\/www.fcbarcelonanoticias.com\/en\/wp-content\/uploads\/sites\/2\/2022\/04\/memphis-depay-se-lamenta-ante-el-galatasaray.jpeg","contentUrl":"https:\/\/www.fcbarcelonanoticias.com\/en\/wp-content\/uploads\/sites\/2\/2022\/04\/memphis-depay-se-lamenta-ante-el-galatasaray.jpeg","width":1300,"height":736},{"@type":"BreadcrumbList","@id":"https:\/\/www.fcbarcelonanoticias.com\/en\/players\/bad-news-for-barcelona-memphis-will-be-low-eintracht_279169_102.html#breadcrumb","itemListElement":[{"@type":"ListItem","position":1,"name":"Portada","item":"https:\/\/www.fcbarcelonanoticias.com\/en\/"},{"@type":"ListItem","position":2,"name":"Bad news for Bar\u00e7a! Memphis will be low against Eintracht"}]},{"@type":"WebSite","@id":"https:\/\/www.fcbarcelonanoticias.com\/en\/#website","url":"https:\/\/www.fcbarcelonanoticias.com\/en\/","name":"EN - FC Barcelona Noticias","description":"","potentialAction":[{"@type":"SearchAction","target":{"@type":"EntryPoint","urlTemplate":"https:\/\/www.fcbarcelonanoticias.com\/en\/?s={search_term_string}"},"query-input":{"@type":"PropertyValueSpecification","valueRequired":true,"valueName":"search_term_string"}}],"inLanguage":"en-US"},{"@type":"Person","@id":"https:\/\/www.fcbarcelonanoticias.com\/en\/#\/schema\/person\/f97222962be11bcd88654b5590bd661d","name":"user_4029","image":{"@type":"ImageObject","inLanguage":"en-US","@id":"https:\/\/secure.gravatar.com\/avatar\/?s=96&d=mm&r=g","url":"https:\/\/secure.gravatar.com\/avatar\/?s=96&d=mm&r=g","contentUrl":"https:\/\/secure.gravatar.com\/avatar\/?s=96&d=mm&r=g","caption":"user_4029"},"url":"https:\/\/www.fcbarcelonanoticias.com\/en\/user_4029.html"}]}},"_links":{"self":[{"href":"https:\/\/www.fcbarcelonanoticias.com\/en\/wp-json\/wp\/v2\/posts\/68153","targetHints":{"allow":["GET"]}}],"collection":[{"href":"https:\/\/www.fcbarcelonanoticias.com\/en\/wp-json\/wp\/v2\/posts"}],"about":[{"href":"https:\/\/www.fcbarcelonanoticias.com\/en\/wp-json\/wp\/v2\/types\/post"}],"author":[{"embeddable":true,"href":"https:\/\/www.fcbarcelonanoticias.com\/en\/wp-json\/wp\/v2\/users\/373"}],"replies":[{"embeddable":true,"href":"https:\/\/www.fcbarcelonanoticias.com\/en\/wp-json\/wp\/v2\/comments?post=68153"}],"version-history":[{"count":1,"href":"https:\/\/www.fcbarcelonanoticias.com\/en\/wp-json\/wp\/v2\/posts\/68153\/revisions"}],"predecessor-version":[{"id":119751,"href":"https:\/\/www.fcbarcelonanoticias.com\/en\/wp-json\/wp\/v2\/posts\/68153\/revisions\/119751"}],"wp:featuredmedia":[{"embeddable":true,"href":"https:\/\/www.fcbarcelonanoticias.com\/en\/wp-json\/wp\/v2\/media\/68158"}],"wp:attachment":[{"href":"https:\/\/www.fcbarcelonanoticias.com\/en\/wp-json\/wp\/v2\/media?parent=68153"}],"wp:term":[{"taxonomy":"category","embeddable":true,"href":"https:\/\/www.fcbarcelonanoticias.com\/en\/wp-json\/wp\/v2\/categories?post=68153"},{"taxonomy":"post_tag","embeddable":true,"href":"https:\/\/www.fcbarcelonanoticias.com\/en\/wp-json\/wp\/v2\/tags?post=68153"}],"curies":[{"name":"wp","href":"https:\/\/api.w.org\/{rel}","templated":true}]}}