{"id":68168,"date":"2021-10-10T23:56:00","date_gmt":"2021-10-10T21:56:00","guid":{"rendered":"https:\/\/weisetech.dev\/fc-barcelona-noticias\/en\/indignation-the-social-networks-explode-after-the-goal-of-kylian-mbappe_273639_102\/"},"modified":"2021-10-10T23:56:00","modified_gmt":"2021-10-10T21:56:00","slug":"indignation-the-social-networks-explode-after-the-goal-of-kylian-mbappe_273639_102","status":"publish","type":"post","link":"https:\/\/www.fcbarcelonanoticias.com\/en\/national-teams\/indignation-the-social-networks-explode-after-the-goal-of-kylian-mbappe_273639_102.html","title":{"rendered":"INDIGNATION: Social media explode after Kylian Mbapp\u00e9&#8217;s goal"},"content":{"rendered":"<h2 class=\"wp-block-heading\">France were crowned UEFA Nations League champions thanks to a controversial goal by Kylian Mbapp\u00e9 that has provoked the outrage of many social media users<\/h2>  \r\n<div class=\"article-addons\">\r\n    <a href=\"https:\/\/www.fcbarcelonanoticias.com\/en\/calendar-fc-barcelona.html\"\r\n       target=\"_self\"\r\n       title=\"Calendar of FC Barcelona\"\r\n       class=\"blue-gredient-btn\">\r\n       \r\n        Calendar of FC Barcelona    <\/a>\r\n<\/div>   <p>The final of <strong>the UEFA Nations League<\/strong> between Spain and France finish with capital controversy. Athony Taylor, main referee of the meeting, and the VAR, <a data-external=\"0\" data-intl-links-en=\"https:\/\/www.fcbarcelonanoticias.com\/en\/national-teams\/theft-to-spain-mbappe-defined-the-final-with-a-goal-in-position-irreglamentaria_273638_102.html\" data-intl-links-es=\"https:\/\/www.fcbarcelonanoticias.com\/selecciones-nacionales\/robo-espana-mbappe-definio-final-con-gol-en-posicion-irreglamentaria_273638_102.html\" href=\"https:\/\/www.fcbarcelonanoticias.com\/en\/national-teams\/theft-to-spain-mbappe-defined-the-final-with-a-goal-in-position-irreglamentaria_273638_102.html\" rel=\"follow\" target=\"_self\" title=\"\u00bfRobo a Espa\u00f1a? Mbapp\u00e9 defini\u00f3 la final con un gol en posici\u00f3n irreglamentaria\">gave valid the goal of Kylian Mbapp\u00e9<\/a> to fault of ten minutes for the end, although the French split of a clear position advanced after a pass of Theo Hern\u00e1ndez. The referee&#8217;s body &#8216;took refuge&#8217; in that <strong>Eric Garc\u00eda had touched the balloon in an attempt to cut the pass. <\/strong><\/p>  <p>Like this it desvel\u00f3 the same central of the <a data-external=\"0\" data-intl-links-en=\"https:\/\/www.fcbarcelonanoticias.com\/en\/fc-barcelona\" data-intl-links-es=\"https:\/\/www.fcbarcelonanoticias.com\/fc-barcelona\" href=\"https:\/\/www.fcbarcelonanoticias.com\/en\/football-soccer\/fc-barcelona.html\" rel=\"follow\" target=\"_self\" title=\"FC Barcelona\">FC Barcelona<\/a> after the party, aiming that <strong>&#8220;they throw the balloon to the back and I throw me, touch it with the swearword and Mbapp\u00e9 is offside.<\/strong> The referee says me that as I touch it with the swearword have intention to play the balloon. It says me that it would owe me to separate. That it is the rule&#8221;. This, however, has not removed that the social networks exploded, because all consider that these &#8216;rules&#8217; are loading the football.<\/p>  <p>Between the first reactions after it validated the so much of &#8216;Donatello&#8217;, was the one of the &#8216;streamer&#8217; Ibai Flat, the one who published a tweet with a &#8220;Hear what is this&#8221;, whereas the ex footballer Gary Lineker aimed that &#8220;the new law of the offside has gone in in action to <strong>replace to the absurd law of offside ancient.<\/strong> Never it was a good idea that the referees decided the rules of the game in place of simply oficiar&#8221;.<\/p>  <blockquote class=\"twitter-tweet\"> <p dir=\"ltr\" lang=\"es\">It hears what is this <a href=\"https:\/\/t.co\/en\/2DtQD3apFz\">pic.twitter.com\/2dtqd3apfz<\/a><\/p> \u2014 Ibai (@IbaiLlanos) <a href=\"https:\/\/twitter.com\/en\/IbaiLlanos\/status\/1447298039366967297?ref_src=twsrc%5Etfw\">October 10, 2021<\/a> <\/blockquote> <blockquote class=\"twitter-tweet\"> <p dir=\"ltr\" lang=\"en\">New Offside law incoming to replace absurd newish offside law. The lawmakers of our game really have over complicated things in recent years, both with offside and handball. Referees deciding on the laws of the game rather than just officiating was always To bad idea.<\/p> \u2014 Gary Lineker ? (@GaryLineker) <a href=\"https:\/\/twitter.com\/en\/GaryLineker\/status\/1447304282345193473?ref_src=twsrc%5Etfw\">October 10, 2021<\/a> <\/blockquote> <p>Manolo Lick, of the &#8216;Chain COPE&#8217;, exploded against Anthony Taylor directly: &#8220;According to the referee Taylor says that Eric Garc\u00eda treats of will play the balloon. <strong>Conclusion the referee does not have NEITHER PU\u00d1ETERA IDEA OF FOOTBALL&#8221;. <\/strong>All in the social networks concluded in the same: it was offside, but the referee decided the contrary.<\/p>  <blockquote class=\"twitter-tweet\"> <p dir=\"ltr\" lang=\"es\">According to the referee Taylor says that Eric Garc\u00eda treats of will play the balloon.<br> Conclusion the referee does not have NEITHER PU\u00d1ETERA IDEA OF FOOTBALL <a href=\"https:\/\/t.co\/en\/HfAHuBLib2\">pic.twitter.com\/hfahublib2<\/a><\/p> \u2014 Manolo Lick (@lamacope) <a href=\"https:\/\/twitter.com\/en\/lamacope\/status\/1447302646537261059?ref_src=twsrc%5Etfw\">October 10, 2021<\/a> <\/blockquote> <h3>Reactions of the protagonists<\/h3>  <p>Eric Garc\u00eda was not the only that pronounced in this regard after the goal of Mbapp\u00e9. The captain of &#8216;The Red&#8217;, Sergio Busquets, stood out that &#8220;the referee has said that Eric does for playing the balloon and that erases the offside. <strong>To us they do not explain us this, have to want to play the balloon and Eric only wants to cut. <\/strong>It does not fail in the control&#8221;.<\/p>  <p>On the other hand, Mikel Oyarzabal, author of the so much that opened the marker, said that &#8220;t<strong>odos those that play to the football know that it is offside. The one who has put this law is because it has not played to the football<\/strong> and does not know what there is. Eric does not want to play, wants to clear. The referee says that it wants to play. To me already it happened me the past cloth and does two, is something that it would be necessary to change&#8221;. Whereas <strong>Laporte <\/strong>explained that &#8220;there is new norms and each referee interprets it as it wants to, in this case in favour of them. I do not want to him give more turns&#8221;<\/p> ","protected":false},"excerpt":{"rendered":"<p>France were crowned UEFA Nations League champions thanks to a controversial goal by Kylian Mbapp\u00e9 that has provoked the outrage of many social media users The final of the UEFA Nations League between Spain and France finish with capital controversy. Athony Taylor, main referee of the meeting, and the VAR, gave valid the goal of [&hellip;]<\/p>\n","protected":false},"author":377,"featured_media":68173,"comment_status":"closed","ping_status":"open","sticky":false,"template":"","format":"standard","meta":{"_acf_changed":false,"inline_featured_image":false,"_nextfly_llmd_date_locked":false,"footnotes":""},"categories":[1],"tags":[171,140],"class_list":["post-68168","post","type-post","status-publish","format-standard","has-post-thumbnail","hentry","category-sin-categoria","tag-mbappe","tag-uefa-nations-league"],"acf":[],"yoast_head":"<!-- This site is optimized with the Yoast SEO plugin v27.3 - https:\/\/yoast.com\/product\/yoast-seo-wordpress\/ -->\n<title>INDIGNATION: Social media explode after Kylian Mbapp\u00e9&#039;s goal<\/title>\n<meta name=\"description\" content=\"France topped like champion of the UEFA Nations League thanks to a controversial goal of Kylian Mbapp\u00e9 that has caused the indignation of a lot of users of the...\" \/>\n<meta name=\"robots\" content=\"index, follow, max-snippet:-1, max-image-preview:large, max-video-preview:-1\" \/>\n<link rel=\"canonical\" href=\"https:\/\/www.fcbarcelonanoticias.com\/en\/national-teams\/indignation-the-social-networks-explode-after-the-goal-of-kylian-mbappe_273639_102.html\" \/>\n<meta property=\"og:locale\" content=\"en_US\" \/>\n<meta property=\"og:type\" content=\"article\" \/>\n<meta property=\"og:title\" content=\"INDIGNATION: Social media explode after Kylian Mbapp\u00e9&#039;s goal\" \/>\n<meta property=\"og:description\" content=\"France topped like champion of the UEFA Nations League thanks to a controversial goal of Kylian Mbapp\u00e9 that has caused the indignation of a lot of users of the...\" \/>\n<meta property=\"og:url\" content=\"https:\/\/www.fcbarcelonanoticias.com\/en\/national-teams\/indignation-the-social-networks-explode-after-the-goal-of-kylian-mbappe_273639_102.html\" \/>\n<meta property=\"og:site_name\" content=\"EN - FC Barcelona Noticias\" \/>\n<meta property=\"article:published_time\" content=\"2021-10-10T21:56:00+00:00\" \/>\n<meta property=\"og:image\" content=\"https:\/\/www.fcbarcelonanoticias.com\/en\/wp-content\/uploads\/sites\/2\/2021\/10\/mbappe-gol.jpeg\" \/>\n\t<meta property=\"og:image:width\" content=\"1200\" \/>\n\t<meta property=\"og:image:height\" content=\"675\" \/>\n\t<meta property=\"og:image:type\" content=\"image\/jpeg\" \/>\n<meta name=\"author\" content=\"user_4033\" \/>\n<meta name=\"twitter:card\" content=\"summary_large_image\" \/>\n<meta name=\"twitter:label1\" content=\"Written by\" \/>\n\t<meta name=\"twitter:data1\" content=\"user_4033\" \/>\n\t<meta name=\"twitter:label2\" content=\"Est. reading time\" \/>\n\t<meta name=\"twitter:data2\" content=\"3 minutes\" \/>\n<script type=\"application\/ld+json\" class=\"yoast-schema-graph\">{\"@context\":\"https:\\\/\\\/schema.org\",\"@graph\":[{\"@type\":\"Article\",\"@id\":\"https:\\\/\\\/www.fcbarcelonanoticias.com\\\/en\\\/national-teams\\\/indignation-the-social-networks-explode-after-the-goal-of-kylian-mbappe_273639_102.html#article\",\"isPartOf\":{\"@id\":\"https:\\\/\\\/www.fcbarcelonanoticias.com\\\/en\\\/national-teams\\\/indignation-the-social-networks-explode-after-the-goal-of-kylian-mbappe_273639_102.html\"},\"author\":{\"name\":\"user_4033\",\"@id\":\"https:\\\/\\\/www.fcbarcelonanoticias.com\\\/en\\\/#\\\/schema\\\/person\\\/ef17c1dea904b5d4464ec95dd322e667\"},\"headline\":\"INDIGNATION: Social media explode after Kylian Mbapp\u00e9&#8217;s goal\",\"datePublished\":\"2021-10-10T21:56:00+00:00\",\"mainEntityOfPage\":{\"@id\":\"https:\\\/\\\/www.fcbarcelonanoticias.com\\\/en\\\/national-teams\\\/indignation-the-social-networks-explode-after-the-goal-of-kylian-mbappe_273639_102.html\"},\"wordCount\":634,\"image\":{\"@id\":\"https:\\\/\\\/www.fcbarcelonanoticias.com\\\/en\\\/national-teams\\\/indignation-the-social-networks-explode-after-the-goal-of-kylian-mbappe_273639_102.html#primaryimage\"},\"thumbnailUrl\":\"https:\\\/\\\/www.fcbarcelonanoticias.com\\\/en\\\/wp-content\\\/uploads\\\/sites\\\/2\\\/2021\\\/10\\\/mbappe-gol.jpeg\",\"keywords\":[\"Mbapp\u00e9\",\"UEFA Nations League\"],\"articleSection\":[\"Sin categor\u00eda\"],\"inLanguage\":\"en-US\"},{\"@type\":\"WebPage\",\"@id\":\"https:\\\/\\\/www.fcbarcelonanoticias.com\\\/en\\\/national-teams\\\/indignation-the-social-networks-explode-after-the-goal-of-kylian-mbappe_273639_102.html\",\"url\":\"https:\\\/\\\/www.fcbarcelonanoticias.com\\\/en\\\/national-teams\\\/indignation-the-social-networks-explode-after-the-goal-of-kylian-mbappe_273639_102.html\",\"name\":\"INDIGNATION: Social media explode after Kylian Mbapp\u00e9's goal\",\"isPartOf\":{\"@id\":\"https:\\\/\\\/www.fcbarcelonanoticias.com\\\/en\\\/#website\"},\"primaryImageOfPage\":{\"@id\":\"https:\\\/\\\/www.fcbarcelonanoticias.com\\\/en\\\/national-teams\\\/indignation-the-social-networks-explode-after-the-goal-of-kylian-mbappe_273639_102.html#primaryimage\"},\"image\":{\"@id\":\"https:\\\/\\\/www.fcbarcelonanoticias.com\\\/en\\\/national-teams\\\/indignation-the-social-networks-explode-after-the-goal-of-kylian-mbappe_273639_102.html#primaryimage\"},\"thumbnailUrl\":\"https:\\\/\\\/www.fcbarcelonanoticias.com\\\/en\\\/wp-content\\\/uploads\\\/sites\\\/2\\\/2021\\\/10\\\/mbappe-gol.jpeg\",\"datePublished\":\"2021-10-10T21:56:00+00:00\",\"author\":{\"@id\":\"https:\\\/\\\/www.fcbarcelonanoticias.com\\\/en\\\/#\\\/schema\\\/person\\\/ef17c1dea904b5d4464ec95dd322e667\"},\"description\":\"France topped like champion of the UEFA Nations League thanks to a controversial goal of Kylian Mbapp\u00e9 that has caused the indignation of a lot of users of the...\",\"breadcrumb\":{\"@id\":\"https:\\\/\\\/www.fcbarcelonanoticias.com\\\/en\\\/national-teams\\\/indignation-the-social-networks-explode-after-the-goal-of-kylian-mbappe_273639_102.html#breadcrumb\"},\"inLanguage\":\"en-US\",\"potentialAction\":[{\"@type\":\"ReadAction\",\"target\":[\"https:\\\/\\\/www.fcbarcelonanoticias.com\\\/en\\\/national-teams\\\/indignation-the-social-networks-explode-after-the-goal-of-kylian-mbappe_273639_102.html\"]}]},{\"@type\":\"ImageObject\",\"inLanguage\":\"en-US\",\"@id\":\"https:\\\/\\\/www.fcbarcelonanoticias.com\\\/en\\\/national-teams\\\/indignation-the-social-networks-explode-after-the-goal-of-kylian-mbappe_273639_102.html#primaryimage\",\"url\":\"https:\\\/\\\/www.fcbarcelonanoticias.com\\\/en\\\/wp-content\\\/uploads\\\/sites\\\/2\\\/2021\\\/10\\\/mbappe-gol.jpeg\",\"contentUrl\":\"https:\\\/\\\/www.fcbarcelonanoticias.com\\\/en\\\/wp-content\\\/uploads\\\/sites\\\/2\\\/2021\\\/10\\\/mbappe-gol.jpeg\",\"width\":1200,\"height\":675},{\"@type\":\"BreadcrumbList\",\"@id\":\"https:\\\/\\\/www.fcbarcelonanoticias.com\\\/en\\\/national-teams\\\/indignation-the-social-networks-explode-after-the-goal-of-kylian-mbappe_273639_102.html#breadcrumb\",\"itemListElement\":[{\"@type\":\"ListItem\",\"position\":1,\"name\":\"Portada\",\"item\":\"https:\\\/\\\/www.fcbarcelonanoticias.com\\\/en\\\/\"},{\"@type\":\"ListItem\",\"position\":2,\"name\":\"INDIGNATION: Social media explode after Kylian Mbapp\u00e9&#8217;s goal\"}]},{\"@type\":\"WebSite\",\"@id\":\"https:\\\/\\\/www.fcbarcelonanoticias.com\\\/en\\\/#website\",\"url\":\"https:\\\/\\\/www.fcbarcelonanoticias.com\\\/en\\\/\",\"name\":\"EN - FC Barcelona Noticias\",\"description\":\"\",\"potentialAction\":[{\"@type\":\"SearchAction\",\"target\":{\"@type\":\"EntryPoint\",\"urlTemplate\":\"https:\\\/\\\/www.fcbarcelonanoticias.com\\\/en\\\/?s={search_term_string}\"},\"query-input\":{\"@type\":\"PropertyValueSpecification\",\"valueRequired\":true,\"valueName\":\"search_term_string\"}}],\"inLanguage\":\"en-US\"},{\"@type\":\"Person\",\"@id\":\"https:\\\/\\\/www.fcbarcelonanoticias.com\\\/en\\\/#\\\/schema\\\/person\\\/ef17c1dea904b5d4464ec95dd322e667\",\"name\":\"user_4033\",\"image\":{\"@type\":\"ImageObject\",\"inLanguage\":\"en-US\",\"@id\":\"https:\\\/\\\/secure.gravatar.com\\\/avatar\\\/?s=96&d=mm&r=g\",\"url\":\"https:\\\/\\\/secure.gravatar.com\\\/avatar\\\/?s=96&d=mm&r=g\",\"contentUrl\":\"https:\\\/\\\/secure.gravatar.com\\\/avatar\\\/?s=96&d=mm&r=g\",\"caption\":\"user_4033\"},\"url\":\"https:\\\/\\\/www.fcbarcelonanoticias.com\\\/en\\\/user_4033.html\"}]}<\/script>\n<!-- \/ Yoast SEO plugin. -->","yoast_head_json":{"title":"INDIGNATION: Social media explode after Kylian Mbapp\u00e9's goal","description":"France topped like champion of the UEFA Nations League thanks to a controversial goal of Kylian Mbapp\u00e9 that has caused the indignation of a lot of users of the...","robots":{"index":"index","follow":"follow","max-snippet":"max-snippet:-1","max-image-preview":"max-image-preview:large","max-video-preview":"max-video-preview:-1"},"canonical":"https:\/\/www.fcbarcelonanoticias.com\/en\/national-teams\/indignation-the-social-networks-explode-after-the-goal-of-kylian-mbappe_273639_102.html","og_locale":"en_US","og_type":"article","og_title":"INDIGNATION: Social media explode after Kylian Mbapp\u00e9's goal","og_description":"France topped like champion of the UEFA Nations League thanks to a controversial goal of Kylian Mbapp\u00e9 that has caused the indignation of a lot of users of the...","og_url":"https:\/\/www.fcbarcelonanoticias.com\/en\/national-teams\/indignation-the-social-networks-explode-after-the-goal-of-kylian-mbappe_273639_102.html","og_site_name":"EN - FC Barcelona Noticias","article_published_time":"2021-10-10T21:56:00+00:00","og_image":[{"width":1200,"height":675,"url":"https:\/\/www.fcbarcelonanoticias.com\/en\/wp-content\/uploads\/sites\/2\/2021\/10\/mbappe-gol.jpeg","type":"image\/jpeg"}],"author":"user_4033","twitter_card":"summary_large_image","twitter_misc":{"Written by":"user_4033","Est. reading time":"3 minutes"},"schema":{"@context":"https:\/\/schema.org","@graph":[{"@type":"Article","@id":"https:\/\/www.fcbarcelonanoticias.com\/en\/national-teams\/indignation-the-social-networks-explode-after-the-goal-of-kylian-mbappe_273639_102.html#article","isPartOf":{"@id":"https:\/\/www.fcbarcelonanoticias.com\/en\/national-teams\/indignation-the-social-networks-explode-after-the-goal-of-kylian-mbappe_273639_102.html"},"author":{"name":"user_4033","@id":"https:\/\/www.fcbarcelonanoticias.com\/en\/#\/schema\/person\/ef17c1dea904b5d4464ec95dd322e667"},"headline":"INDIGNATION: Social media explode after Kylian Mbapp\u00e9&#8217;s goal","datePublished":"2021-10-10T21:56:00+00:00","mainEntityOfPage":{"@id":"https:\/\/www.fcbarcelonanoticias.com\/en\/national-teams\/indignation-the-social-networks-explode-after-the-goal-of-kylian-mbappe_273639_102.html"},"wordCount":634,"image":{"@id":"https:\/\/www.fcbarcelonanoticias.com\/en\/national-teams\/indignation-the-social-networks-explode-after-the-goal-of-kylian-mbappe_273639_102.html#primaryimage"},"thumbnailUrl":"https:\/\/www.fcbarcelonanoticias.com\/en\/wp-content\/uploads\/sites\/2\/2021\/10\/mbappe-gol.jpeg","keywords":["Mbapp\u00e9","UEFA Nations League"],"articleSection":["Sin categor\u00eda"],"inLanguage":"en-US"},{"@type":"WebPage","@id":"https:\/\/www.fcbarcelonanoticias.com\/en\/national-teams\/indignation-the-social-networks-explode-after-the-goal-of-kylian-mbappe_273639_102.html","url":"https:\/\/www.fcbarcelonanoticias.com\/en\/national-teams\/indignation-the-social-networks-explode-after-the-goal-of-kylian-mbappe_273639_102.html","name":"INDIGNATION: Social media explode after Kylian Mbapp\u00e9's goal","isPartOf":{"@id":"https:\/\/www.fcbarcelonanoticias.com\/en\/#website"},"primaryImageOfPage":{"@id":"https:\/\/www.fcbarcelonanoticias.com\/en\/national-teams\/indignation-the-social-networks-explode-after-the-goal-of-kylian-mbappe_273639_102.html#primaryimage"},"image":{"@id":"https:\/\/www.fcbarcelonanoticias.com\/en\/national-teams\/indignation-the-social-networks-explode-after-the-goal-of-kylian-mbappe_273639_102.html#primaryimage"},"thumbnailUrl":"https:\/\/www.fcbarcelonanoticias.com\/en\/wp-content\/uploads\/sites\/2\/2021\/10\/mbappe-gol.jpeg","datePublished":"2021-10-10T21:56:00+00:00","author":{"@id":"https:\/\/www.fcbarcelonanoticias.com\/en\/#\/schema\/person\/ef17c1dea904b5d4464ec95dd322e667"},"description":"France topped like champion of the UEFA Nations League thanks to a controversial goal of Kylian Mbapp\u00e9 that has caused the indignation of a lot of users of the...","breadcrumb":{"@id":"https:\/\/www.fcbarcelonanoticias.com\/en\/national-teams\/indignation-the-social-networks-explode-after-the-goal-of-kylian-mbappe_273639_102.html#breadcrumb"},"inLanguage":"en-US","potentialAction":[{"@type":"ReadAction","target":["https:\/\/www.fcbarcelonanoticias.com\/en\/national-teams\/indignation-the-social-networks-explode-after-the-goal-of-kylian-mbappe_273639_102.html"]}]},{"@type":"ImageObject","inLanguage":"en-US","@id":"https:\/\/www.fcbarcelonanoticias.com\/en\/national-teams\/indignation-the-social-networks-explode-after-the-goal-of-kylian-mbappe_273639_102.html#primaryimage","url":"https:\/\/www.fcbarcelonanoticias.com\/en\/wp-content\/uploads\/sites\/2\/2021\/10\/mbappe-gol.jpeg","contentUrl":"https:\/\/www.fcbarcelonanoticias.com\/en\/wp-content\/uploads\/sites\/2\/2021\/10\/mbappe-gol.jpeg","width":1200,"height":675},{"@type":"BreadcrumbList","@id":"https:\/\/www.fcbarcelonanoticias.com\/en\/national-teams\/indignation-the-social-networks-explode-after-the-goal-of-kylian-mbappe_273639_102.html#breadcrumb","itemListElement":[{"@type":"ListItem","position":1,"name":"Portada","item":"https:\/\/www.fcbarcelonanoticias.com\/en\/"},{"@type":"ListItem","position":2,"name":"INDIGNATION: Social media explode after Kylian Mbapp\u00e9&#8217;s goal"}]},{"@type":"WebSite","@id":"https:\/\/www.fcbarcelonanoticias.com\/en\/#website","url":"https:\/\/www.fcbarcelonanoticias.com\/en\/","name":"EN - FC Barcelona Noticias","description":"","potentialAction":[{"@type":"SearchAction","target":{"@type":"EntryPoint","urlTemplate":"https:\/\/www.fcbarcelonanoticias.com\/en\/?s={search_term_string}"},"query-input":{"@type":"PropertyValueSpecification","valueRequired":true,"valueName":"search_term_string"}}],"inLanguage":"en-US"},{"@type":"Person","@id":"https:\/\/www.fcbarcelonanoticias.com\/en\/#\/schema\/person\/ef17c1dea904b5d4464ec95dd322e667","name":"user_4033","image":{"@type":"ImageObject","inLanguage":"en-US","@id":"https:\/\/secure.gravatar.com\/avatar\/?s=96&d=mm&r=g","url":"https:\/\/secure.gravatar.com\/avatar\/?s=96&d=mm&r=g","contentUrl":"https:\/\/secure.gravatar.com\/avatar\/?s=96&d=mm&r=g","caption":"user_4033"},"url":"https:\/\/www.fcbarcelonanoticias.com\/en\/user_4033.html"}]}},"_links":{"self":[{"href":"https:\/\/www.fcbarcelonanoticias.com\/en\/wp-json\/wp\/v2\/posts\/68168","targetHints":{"allow":["GET"]}}],"collection":[{"href":"https:\/\/www.fcbarcelonanoticias.com\/en\/wp-json\/wp\/v2\/posts"}],"about":[{"href":"https:\/\/www.fcbarcelonanoticias.com\/en\/wp-json\/wp\/v2\/types\/post"}],"author":[{"embeddable":true,"href":"https:\/\/www.fcbarcelonanoticias.com\/en\/wp-json\/wp\/v2\/users\/377"}],"replies":[{"embeddable":true,"href":"https:\/\/www.fcbarcelonanoticias.com\/en\/wp-json\/wp\/v2\/comments?post=68168"}],"version-history":[{"count":2,"href":"https:\/\/www.fcbarcelonanoticias.com\/en\/wp-json\/wp\/v2\/posts\/68168\/revisions"}],"predecessor-version":[{"id":68170,"href":"https:\/\/www.fcbarcelonanoticias.com\/en\/wp-json\/wp\/v2\/posts\/68168\/revisions\/68170"}],"wp:featuredmedia":[{"embeddable":true,"href":"https:\/\/www.fcbarcelonanoticias.com\/en\/wp-json\/wp\/v2\/media\/68173"}],"wp:attachment":[{"href":"https:\/\/www.fcbarcelonanoticias.com\/en\/wp-json\/wp\/v2\/media?parent=68168"}],"wp:term":[{"taxonomy":"category","embeddable":true,"href":"https:\/\/www.fcbarcelonanoticias.com\/en\/wp-json\/wp\/v2\/categories?post=68168"},{"taxonomy":"post_tag","embeddable":true,"href":"https:\/\/www.fcbarcelonanoticias.com\/en\/wp-json\/wp\/v2\/tags?post=68168"}],"curies":[{"name":"wp","href":"https:\/\/api.w.org\/{rel}","templated":true}]}}