{"id":68560,"date":"2023-09-21T20:27:00","date_gmt":"2023-09-21T18:27:00","guid":{"rendered":"https:\/\/weisetech.dev\/fc-barcelona-noticias\/en\/barca-works-facilitate-continuity-joao-felix-cancelo_296368_102\/"},"modified":"2023-09-21T23:22:00","modified_gmt":"2023-09-21T21:22:00","slug":"barca-works-facilitate-continuity-joao-felix-cancelo_296368_102","status":"publish","type":"post","link":"https:\/\/www.fcbarcelonanoticias.com\/en\/players\/barca-works-facilitate-continuity-joao-felix-cancelo_296368_102.html","title":{"rendered":"Bar\u00e7a works to &#8216;facilitate&#8217; the continuity of Joao F\u00e9lix and Cancelo"},"content":{"rendered":"<h2 class=\"wp-block-heading\">FC Barcelona, according to information from the newspaper &#8216;SPORT&#8217;, would already be devising formulas to keep Joao F\u00e9lix and Joao Cancelo beyond June 30, 2024, when their respective loans end. Deco hopes to start negotiating<\/h2>  \r\n<div class=\"article-addons\">\r\n    <a href=\"https:\/\/www.fcbarcelonanoticias.com\/en\/calendar-fc-barcelona.html\"\r\n       target=\"_self\"\r\n       title=\"Calendar of FC Barcelona\"\r\n       class=\"blue-gredient-btn\">\r\n       \r\n        Calendar of FC Barcelona    <\/a>\r\n<\/div>   <p><strong>The <a data-external=\"0\" data-intl-links-en=\"https:\/\/www.fcbarcelonanoticias.com\/en\/fc-barcelona\" data-intl-links-es=\"https:\/\/www.fcbarcelonanoticias.com\/fc-barcelona\" href=\"https:\/\/www.fcbarcelonanoticias.com\/en\/football-soccer\/fc-barcelona.html\" rel=\"follow\" target=\"_self\" title=\"FC Barcelona\">FC Barcelona<\/a> carries two parties imposing with a lot of solvency and without suffering any. <\/strong>The level of the team has seen very high and part of the responsibility have it so much Joao Cancel like Joao F\u00e9lix, those who have fallen of foot in the plans of Xavi Hern\u00e1ndez and have adapted immediately for, in question of days, turn into indisputable players for the team. They contribute the magic and spark that need the cul\u00e9s.<\/p>  <p>From the dispatches of the entity barcelonista bet, at least for now, by the continuity of both players. It does not be necessary to overlook that F\u00e9lix was a request expresses of the directive (specifically of Joan Laporta), whereas<strong> the trainer of Terrassa carried asking from January the incorporation of the right side for &#8216;sanear&#8217; the problems of his team by the band. Still it remains a lot so that it finish the season, <\/strong>but there is a lot of confidence that they will keep on being important.<\/p>  <p>The problem is that, between more important, effective and decisive, <strong>more will rub the pockets the leaders of the Athletic of Madrid and Manchester City, to those who belong him his rights<\/strong>. The Bar\u00e7a assumed a big risk doing with the cessions of both players without option of purchase and now will have to expect to the summer to concretise the continuity of both by a campaign more, at least. It will not be a simple task, because they are two clubs that do not give his arm to twist and that they will want to take out a good cut of his exits.<\/p>  <h2>Deco Begins to move index card in the Bar\u00e7a<\/h2>  <p>Already this summer gave a lot of eases so that they landed in the City Condal with a loan, but hardly will give more in 202, especially if they follow to the maximum level. It is thus that<strong> from &#8216;SPORT&#8217; have informed that Deco, Barcelona sportive director, already is beginning to contrive the formula to retain to both players, although it is conscious that it will depend on all the parts involved.<\/strong> The cul\u00e9s have in favour the will of the players (that they want to remain) and to Jorge Mendes that will help in all the process.<\/p>  <p>However, it is unlikely (or impossible, rather) that they are free operations for the Bar\u00e7a.<strong> The two have extensive agreements (2027 for the side and until 2029 in the case of F\u00e9lix) and revalorizar\u00e1n after this campaign, surely<\/strong>. So much City like Atleti are conscious that if they are still in ascending line, will receive more and better offers. The cul\u00e9s will be forced to do important outlays and it will be necessary to see if economically there is &#8216;strength&#8217; to assume them.<\/p>  <h2>The will of the Joaos will be the key<\/h2>  <p>In any case, it will be necessary to take in account the intention of the players. Precisely, F\u00e9lix aimed recently in an interview to &#8216;Sportive World&#8217; that &#8220;by me depends on how finish the season. Afterwards the Barcelona is the one who has to negotiate with the Atleti and this depends after the Atleti, if it wants to facilitate the things or no. But this already are things of businesses, of values, in what I do not put me. <strong>I do my work in the field, try to do the best so that they want to me fichar at the end and this of the values, of if I go or do not go or by how much, does not go with me&#8221;.<\/strong><\/p> ","protected":false},"excerpt":{"rendered":"<p>FC Barcelona, according to information from the newspaper &#8216;SPORT&#8217;, would already be devising formulas to keep Joao F\u00e9lix and Joao Cancelo beyond June 30, 2024, when their respective loans end. Deco hopes to start negotiating The FC Barcelona carries two parties imposing with a lot of solvency and without suffering any. The level of the [&hellip;]<\/p>\n","protected":false},"author":0,"featured_media":20341,"comment_status":"closed","ping_status":"open","sticky":false,"template":"","format":"standard","meta":{"_acf_changed":false,"inline_featured_image":false,"_nextfly_llmd_date_locked":false,"footnotes":""},"categories":[107,453],"tags":[196,239],"class_list":["post-68560","post","type-post","status-publish","format-standard","has-post-thumbnail","hentry","category-players","category-players-2","tag-joao-cancelo","tag-joao-felix"],"acf":[],"yoast_head":"<!-- This site is optimized with the Yoast SEO plugin v27.3 - https:\/\/yoast.com\/product\/yoast-seo-wordpress\/ -->\n<title>Bar\u00e7a works to &#039;facilitate&#039; the continuity of Joao F\u00e9lix and Cancelo<\/title>\n<meta name=\"description\" content=\"The FC Barcelona, according to an information of the newspaper &#039;SPORT&#039;, already would be contriving formulas to conserve to Joao F\u00e9lix and Joao Cancel further of 30 June 2024, when they finalise his respective loans. Deco Expects to begin to negotiate\" \/>\n<meta name=\"robots\" content=\"index, follow, max-snippet:-1, max-image-preview:large, max-video-preview:-1\" \/>\n<link rel=\"canonical\" href=\"https:\/\/www.fcbarcelonanoticias.com\/en\/players\/barca-works-facilitate-continuity-joao-felix-cancelo_296368_102.html\" \/>\n<meta property=\"og:locale\" content=\"en_US\" \/>\n<meta property=\"og:type\" content=\"article\" \/>\n<meta property=\"og:title\" content=\"Bar\u00e7a works to &#039;facilitate&#039; the continuity of Joao F\u00e9lix and Cancelo\" \/>\n<meta property=\"og:description\" content=\"The FC Barcelona, according to an information of the newspaper &#039;SPORT&#039;, already would be contriving formulas to conserve to Joao F\u00e9lix and Joao Cancel further of 30 June 2024, when they finalise his respective loans. Deco Expects to begin to negotiate\" \/>\n<meta property=\"og:url\" content=\"https:\/\/www.fcbarcelonanoticias.com\/en\/players\/barca-works-facilitate-continuity-joao-felix-cancelo_296368_102.html\" \/>\n<meta property=\"og:site_name\" content=\"EN - FC Barcelona Noticias\" \/>\n<meta property=\"article:published_time\" content=\"2023-09-21T18:27:00+00:00\" \/>\n<meta property=\"article:modified_time\" content=\"2023-09-21T21:22:00+00:00\" \/>\n<meta property=\"og:image\" content=\"https:\/\/www.fcbarcelonanoticias.com\/en\/wp-content\/uploads\/sites\/2\/2023\/09\/de-izquierda-a-derecha-rafa-yuste-joan-laporta-joao-felix-cancelo-y-deco.jpeg\" \/>\n\t<meta property=\"og:image:width\" content=\"1200\" \/>\n\t<meta property=\"og:image:height\" content=\"675\" \/>\n\t<meta property=\"og:image:type\" content=\"image\/jpeg\" \/>\n<meta name=\"twitter:card\" content=\"summary_large_image\" \/>\n<meta name=\"twitter:label1\" content=\"Est. reading time\" \/>\n\t<meta name=\"twitter:data1\" content=\"3 minutes\" \/>\n<script type=\"application\/ld+json\" class=\"yoast-schema-graph\">{\"@context\":\"https:\\\/\\\/schema.org\",\"@graph\":[{\"@type\":\"Article\",\"@id\":\"https:\\\/\\\/www.fcbarcelonanoticias.com\\\/en\\\/players\\\/barca-works-facilitate-continuity-joao-felix-cancelo_296368_102.html#article\",\"isPartOf\":{\"@id\":\"https:\\\/\\\/www.fcbarcelonanoticias.com\\\/en\\\/players\\\/barca-works-facilitate-continuity-joao-felix-cancelo_296368_102.html\"},\"author\":{\"name\":\"\",\"@id\":\"\"},\"headline\":\"Bar\u00e7a works to &#8216;facilitate&#8217; the continuity of Joao F\u00e9lix and Cancelo\",\"datePublished\":\"2023-09-21T18:27:00+00:00\",\"dateModified\":\"2023-09-21T21:22:00+00:00\",\"mainEntityOfPage\":{\"@id\":\"https:\\\/\\\/www.fcbarcelonanoticias.com\\\/en\\\/players\\\/barca-works-facilitate-continuity-joao-felix-cancelo_296368_102.html\"},\"wordCount\":647,\"image\":{\"@id\":\"https:\\\/\\\/www.fcbarcelonanoticias.com\\\/en\\\/players\\\/barca-works-facilitate-continuity-joao-felix-cancelo_296368_102.html#primaryimage\"},\"thumbnailUrl\":\"https:\\\/\\\/www.fcbarcelonanoticias.com\\\/en\\\/wp-content\\\/uploads\\\/sites\\\/2\\\/2023\\\/09\\\/de-izquierda-a-derecha-rafa-yuste-joan-laporta-joao-felix-cancelo-y-deco.jpeg\",\"keywords\":[\"Joao Cancelo\",\"Joao F\u00e9lix\"],\"articleSection\":[\"Players\",\"Players\"],\"inLanguage\":\"en-US\"},{\"@type\":\"WebPage\",\"@id\":\"https:\\\/\\\/www.fcbarcelonanoticias.com\\\/en\\\/players\\\/barca-works-facilitate-continuity-joao-felix-cancelo_296368_102.html\",\"url\":\"https:\\\/\\\/www.fcbarcelonanoticias.com\\\/en\\\/players\\\/barca-works-facilitate-continuity-joao-felix-cancelo_296368_102.html\",\"name\":\"Bar\u00e7a works to 'facilitate' the continuity of Joao F\u00e9lix and Cancelo\",\"isPartOf\":{\"@id\":\"https:\\\/\\\/www.fcbarcelonanoticias.com\\\/en\\\/#website\"},\"primaryImageOfPage\":{\"@id\":\"https:\\\/\\\/www.fcbarcelonanoticias.com\\\/en\\\/players\\\/barca-works-facilitate-continuity-joao-felix-cancelo_296368_102.html#primaryimage\"},\"image\":{\"@id\":\"https:\\\/\\\/www.fcbarcelonanoticias.com\\\/en\\\/players\\\/barca-works-facilitate-continuity-joao-felix-cancelo_296368_102.html#primaryimage\"},\"thumbnailUrl\":\"https:\\\/\\\/www.fcbarcelonanoticias.com\\\/en\\\/wp-content\\\/uploads\\\/sites\\\/2\\\/2023\\\/09\\\/de-izquierda-a-derecha-rafa-yuste-joan-laporta-joao-felix-cancelo-y-deco.jpeg\",\"datePublished\":\"2023-09-21T18:27:00+00:00\",\"dateModified\":\"2023-09-21T21:22:00+00:00\",\"author\":{\"@id\":\"\"},\"description\":\"The FC Barcelona, according to an information of the newspaper 'SPORT', already would be contriving formulas to conserve to Joao F\u00e9lix and Joao Cancel further of 30 June 2024, when they finalise his respective loans. Deco Expects to begin to negotiate\",\"breadcrumb\":{\"@id\":\"https:\\\/\\\/www.fcbarcelonanoticias.com\\\/en\\\/players\\\/barca-works-facilitate-continuity-joao-felix-cancelo_296368_102.html#breadcrumb\"},\"inLanguage\":\"en-US\",\"potentialAction\":[{\"@type\":\"ReadAction\",\"target\":[\"https:\\\/\\\/www.fcbarcelonanoticias.com\\\/en\\\/players\\\/barca-works-facilitate-continuity-joao-felix-cancelo_296368_102.html\"]}]},{\"@type\":\"ImageObject\",\"inLanguage\":\"en-US\",\"@id\":\"https:\\\/\\\/www.fcbarcelonanoticias.com\\\/en\\\/players\\\/barca-works-facilitate-continuity-joao-felix-cancelo_296368_102.html#primaryimage\",\"url\":\"https:\\\/\\\/www.fcbarcelonanoticias.com\\\/en\\\/wp-content\\\/uploads\\\/sites\\\/2\\\/2023\\\/09\\\/de-izquierda-a-derecha-rafa-yuste-joan-laporta-joao-felix-cancelo-y-deco.jpeg\",\"contentUrl\":\"https:\\\/\\\/www.fcbarcelonanoticias.com\\\/en\\\/wp-content\\\/uploads\\\/sites\\\/2\\\/2023\\\/09\\\/de-izquierda-a-derecha-rafa-yuste-joan-laporta-joao-felix-cancelo-y-deco.jpeg\",\"width\":1200,\"height\":675},{\"@type\":\"BreadcrumbList\",\"@id\":\"https:\\\/\\\/www.fcbarcelonanoticias.com\\\/en\\\/players\\\/barca-works-facilitate-continuity-joao-felix-cancelo_296368_102.html#breadcrumb\",\"itemListElement\":[{\"@type\":\"ListItem\",\"position\":1,\"name\":\"Portada\",\"item\":\"https:\\\/\\\/www.fcbarcelonanoticias.com\\\/en\\\/\"},{\"@type\":\"ListItem\",\"position\":2,\"name\":\"Bar\u00e7a works to &#8216;facilitate&#8217; the continuity of Joao F\u00e9lix and Cancelo\"}]},{\"@type\":\"WebSite\",\"@id\":\"https:\\\/\\\/www.fcbarcelonanoticias.com\\\/en\\\/#website\",\"url\":\"https:\\\/\\\/www.fcbarcelonanoticias.com\\\/en\\\/\",\"name\":\"EN - FC Barcelona Noticias\",\"description\":\"\",\"potentialAction\":[{\"@type\":\"SearchAction\",\"target\":{\"@type\":\"EntryPoint\",\"urlTemplate\":\"https:\\\/\\\/www.fcbarcelonanoticias.com\\\/en\\\/?s={search_term_string}\"},\"query-input\":{\"@type\":\"PropertyValueSpecification\",\"valueRequired\":true,\"valueName\":\"search_term_string\"}}],\"inLanguage\":\"en-US\"}]}<\/script>\n<!-- \/ Yoast SEO plugin. -->","yoast_head_json":{"title":"Bar\u00e7a works to 'facilitate' the continuity of Joao F\u00e9lix and Cancelo","description":"The FC Barcelona, according to an information of the newspaper 'SPORT', already would be contriving formulas to conserve to Joao F\u00e9lix and Joao Cancel further of 30 June 2024, when they finalise his respective loans. Deco Expects to begin to negotiate","robots":{"index":"index","follow":"follow","max-snippet":"max-snippet:-1","max-image-preview":"max-image-preview:large","max-video-preview":"max-video-preview:-1"},"canonical":"https:\/\/www.fcbarcelonanoticias.com\/en\/players\/barca-works-facilitate-continuity-joao-felix-cancelo_296368_102.html","og_locale":"en_US","og_type":"article","og_title":"Bar\u00e7a works to 'facilitate' the continuity of Joao F\u00e9lix and Cancelo","og_description":"The FC Barcelona, according to an information of the newspaper 'SPORT', already would be contriving formulas to conserve to Joao F\u00e9lix and Joao Cancel further of 30 June 2024, when they finalise his respective loans. Deco Expects to begin to negotiate","og_url":"https:\/\/www.fcbarcelonanoticias.com\/en\/players\/barca-works-facilitate-continuity-joao-felix-cancelo_296368_102.html","og_site_name":"EN - FC Barcelona Noticias","article_published_time":"2023-09-21T18:27:00+00:00","article_modified_time":"2023-09-21T21:22:00+00:00","og_image":[{"width":1200,"height":675,"url":"https:\/\/www.fcbarcelonanoticias.com\/en\/wp-content\/uploads\/sites\/2\/2023\/09\/de-izquierda-a-derecha-rafa-yuste-joan-laporta-joao-felix-cancelo-y-deco.jpeg","type":"image\/jpeg"}],"twitter_card":"summary_large_image","twitter_misc":{"Est. reading time":"3 minutes"},"schema":{"@context":"https:\/\/schema.org","@graph":[{"@type":"Article","@id":"https:\/\/www.fcbarcelonanoticias.com\/en\/players\/barca-works-facilitate-continuity-joao-felix-cancelo_296368_102.html#article","isPartOf":{"@id":"https:\/\/www.fcbarcelonanoticias.com\/en\/players\/barca-works-facilitate-continuity-joao-felix-cancelo_296368_102.html"},"author":{"name":"","@id":""},"headline":"Bar\u00e7a works to &#8216;facilitate&#8217; the continuity of Joao F\u00e9lix and Cancelo","datePublished":"2023-09-21T18:27:00+00:00","dateModified":"2023-09-21T21:22:00+00:00","mainEntityOfPage":{"@id":"https:\/\/www.fcbarcelonanoticias.com\/en\/players\/barca-works-facilitate-continuity-joao-felix-cancelo_296368_102.html"},"wordCount":647,"image":{"@id":"https:\/\/www.fcbarcelonanoticias.com\/en\/players\/barca-works-facilitate-continuity-joao-felix-cancelo_296368_102.html#primaryimage"},"thumbnailUrl":"https:\/\/www.fcbarcelonanoticias.com\/en\/wp-content\/uploads\/sites\/2\/2023\/09\/de-izquierda-a-derecha-rafa-yuste-joan-laporta-joao-felix-cancelo-y-deco.jpeg","keywords":["Joao Cancelo","Joao F\u00e9lix"],"articleSection":["Players","Players"],"inLanguage":"en-US"},{"@type":"WebPage","@id":"https:\/\/www.fcbarcelonanoticias.com\/en\/players\/barca-works-facilitate-continuity-joao-felix-cancelo_296368_102.html","url":"https:\/\/www.fcbarcelonanoticias.com\/en\/players\/barca-works-facilitate-continuity-joao-felix-cancelo_296368_102.html","name":"Bar\u00e7a works to 'facilitate' the continuity of Joao F\u00e9lix and Cancelo","isPartOf":{"@id":"https:\/\/www.fcbarcelonanoticias.com\/en\/#website"},"primaryImageOfPage":{"@id":"https:\/\/www.fcbarcelonanoticias.com\/en\/players\/barca-works-facilitate-continuity-joao-felix-cancelo_296368_102.html#primaryimage"},"image":{"@id":"https:\/\/www.fcbarcelonanoticias.com\/en\/players\/barca-works-facilitate-continuity-joao-felix-cancelo_296368_102.html#primaryimage"},"thumbnailUrl":"https:\/\/www.fcbarcelonanoticias.com\/en\/wp-content\/uploads\/sites\/2\/2023\/09\/de-izquierda-a-derecha-rafa-yuste-joan-laporta-joao-felix-cancelo-y-deco.jpeg","datePublished":"2023-09-21T18:27:00+00:00","dateModified":"2023-09-21T21:22:00+00:00","author":{"@id":""},"description":"The FC Barcelona, according to an information of the newspaper 'SPORT', already would be contriving formulas to conserve to Joao F\u00e9lix and Joao Cancel further of 30 June 2024, when they finalise his respective loans. Deco Expects to begin to negotiate","breadcrumb":{"@id":"https:\/\/www.fcbarcelonanoticias.com\/en\/players\/barca-works-facilitate-continuity-joao-felix-cancelo_296368_102.html#breadcrumb"},"inLanguage":"en-US","potentialAction":[{"@type":"ReadAction","target":["https:\/\/www.fcbarcelonanoticias.com\/en\/players\/barca-works-facilitate-continuity-joao-felix-cancelo_296368_102.html"]}]},{"@type":"ImageObject","inLanguage":"en-US","@id":"https:\/\/www.fcbarcelonanoticias.com\/en\/players\/barca-works-facilitate-continuity-joao-felix-cancelo_296368_102.html#primaryimage","url":"https:\/\/www.fcbarcelonanoticias.com\/en\/wp-content\/uploads\/sites\/2\/2023\/09\/de-izquierda-a-derecha-rafa-yuste-joan-laporta-joao-felix-cancelo-y-deco.jpeg","contentUrl":"https:\/\/www.fcbarcelonanoticias.com\/en\/wp-content\/uploads\/sites\/2\/2023\/09\/de-izquierda-a-derecha-rafa-yuste-joan-laporta-joao-felix-cancelo-y-deco.jpeg","width":1200,"height":675},{"@type":"BreadcrumbList","@id":"https:\/\/www.fcbarcelonanoticias.com\/en\/players\/barca-works-facilitate-continuity-joao-felix-cancelo_296368_102.html#breadcrumb","itemListElement":[{"@type":"ListItem","position":1,"name":"Portada","item":"https:\/\/www.fcbarcelonanoticias.com\/en\/"},{"@type":"ListItem","position":2,"name":"Bar\u00e7a works to &#8216;facilitate&#8217; the continuity of Joao F\u00e9lix and Cancelo"}]},{"@type":"WebSite","@id":"https:\/\/www.fcbarcelonanoticias.com\/en\/#website","url":"https:\/\/www.fcbarcelonanoticias.com\/en\/","name":"EN - FC Barcelona Noticias","description":"","potentialAction":[{"@type":"SearchAction","target":{"@type":"EntryPoint","urlTemplate":"https:\/\/www.fcbarcelonanoticias.com\/en\/?s={search_term_string}"},"query-input":{"@type":"PropertyValueSpecification","valueRequired":true,"valueName":"search_term_string"}}],"inLanguage":"en-US"}]}},"_links":{"self":[{"href":"https:\/\/www.fcbarcelonanoticias.com\/en\/wp-json\/wp\/v2\/posts\/68560","targetHints":{"allow":["GET"]}}],"collection":[{"href":"https:\/\/www.fcbarcelonanoticias.com\/en\/wp-json\/wp\/v2\/posts"}],"about":[{"href":"https:\/\/www.fcbarcelonanoticias.com\/en\/wp-json\/wp\/v2\/types\/post"}],"replies":[{"embeddable":true,"href":"https:\/\/www.fcbarcelonanoticias.com\/en\/wp-json\/wp\/v2\/comments?post=68560"}],"version-history":[{"count":1,"href":"https:\/\/www.fcbarcelonanoticias.com\/en\/wp-json\/wp\/v2\/posts\/68560\/revisions"}],"predecessor-version":[{"id":119932,"href":"https:\/\/www.fcbarcelonanoticias.com\/en\/wp-json\/wp\/v2\/posts\/68560\/revisions\/119932"}],"wp:featuredmedia":[{"embeddable":true,"href":"https:\/\/www.fcbarcelonanoticias.com\/en\/wp-json\/wp\/v2\/media\/20341"}],"wp:attachment":[{"href":"https:\/\/www.fcbarcelonanoticias.com\/en\/wp-json\/wp\/v2\/media?parent=68560"}],"wp:term":[{"taxonomy":"category","embeddable":true,"href":"https:\/\/www.fcbarcelonanoticias.com\/en\/wp-json\/wp\/v2\/categories?post=68560"},{"taxonomy":"post_tag","embeddable":true,"href":"https:\/\/www.fcbarcelonanoticias.com\/en\/wp-json\/wp\/v2\/tags?post=68560"}],"curies":[{"name":"wp","href":"https:\/\/api.w.org\/{rel}","templated":true}]}}