{"id":68582,"date":"2024-02-27T12:38:00","date_gmt":"2024-02-27T11:38:00","guid":{"rendered":"https:\/\/weisetech.dev\/fc-barcelona-noticias\/en\/barca-doubt-inaki-pena-and-are-considering-going-to-the-market-in-search-of-more-veteran-goalkeeper_301206_102\/"},"modified":"2024-02-28T03:16:00","modified_gmt":"2024-02-28T02:16:00","slug":"barca-doubt-inaki-pena-and-are-considering-going-to-the-market-in-search-of-more-veteran-goalkeeper_301206_102","status":"publish","type":"post","link":"https:\/\/www.fcbarcelonanoticias.com\/en\/players\/barca-doubt-inaki-pena-and-are-considering-going-to-the-market-in-search-of-more-veteran-goalkeeper_301206_102.html","title":{"rendered":"Bar\u00e7a doubt I\u00f1aki Pe\u00f1a and are considering going to the market in search of a more veteran goalkeepe"},"content":{"rendered":"<h2 class=\"wp-block-heading\">For FC Barcelona, Ter Stegen&#8217;s starting position is not up for discussion, but despite this, the club are considering debating how the goalkeeper could be made up next season<\/h2>  \r\n<div class=\"article-addons\">\r\n    <a href=\"https:\/\/www.fcbarcelonanoticias.com\/en\/calendar-fc-barcelona.html\"\r\n       target=\"_self\"\r\n       title=\"Calendar of FC Barcelona\"\r\n       class=\"blue-gredient-btn\">\r\n       \r\n        Calendar of FC Barcelona    <\/a>\r\n<\/div>   <p><a data-external=\"0\" data-intl-links-en=\"https:\/\/www.fcbarcelonanoticias.com\/en\/fc-barcelona\/fc-barcelona-will-lose-one-of-its-heavy-weights-in-the-management-organization-chart_301190_102.html\" data-intl-links-es=\"https:\/\/www.fcbarcelonanoticias.com\/fc-barcelona\/fc-barcelona-perdera-sus-pesos-pesados-en-organigrama-directivo_301190_102.html\" href=\"https:\/\/www.fcbarcelonanoticias.com\/en\/fc-barcelona\/fc-barcelona-will-lose-one-of-its-heavy-weights-in-the-management-organization-chart_301190_102.html\" rel=\"follow\" target=\"_self\" title=\"El FC Barcelona perder\u00e1 a uno de sus 'pesos pesados' en el organigrama directivo\">The FC Barcelona<\/a> had to face the equator of his season without which is one of his 3 or 4 more important players of the staff, Marc-Andr\u00e9 Stegen. <strong>After long, the German was low by a prolonged time and to the Barcelona entity did not remain him another remedy that trust his guardameta acting,<\/strong> a point that has done that it review the planning of the next season.<\/p>  <p>And it is that I\u00f1aki Crag assumed the chevrons to be the &#8216;1&#8217; of the Bar\u00e7a by more than two months, and although clearly his requirement can not be the same that the one who does him to the Teutonic in each party and each campaign, seems that in the dispatches have not remained too calm. Like this at least it explains it this Tuesday &#8216;Sportive World&#8217;, <strong>signalling that in the Barcelona entity has opened a debate on if in summer have to do some movement to reinforce this competition that exists in the goal cul\u00e9. <\/strong><\/p>  <h2>The Bar\u00e7a doubts between if continue with I\u00f1aki or move in the market<\/h2>  <p>And it is that for a part of the sportive direction the absence of Ter Stegen has been a called of attention when understanding that I\u00f1aki would not be entirely prepared to assume the titularity in several consecutive parties in front of his little experience in the elite. <strong>And it is that it is necessary to remember that this course is the second of the Alicante how player of the first team to all the effects and previous to this had his experience like goalkeeper of the filial and a brief cession in Turkey with the Galatasaray, where alternated good moments -as in front of the Bar\u00e7a by Europe League- with suplencias prolonged.<\/strong><\/p>  <p>It is thus that near to fulfil his 25 years, <strong>the cul\u00e9s do not seem totally convinced that it was the name 100% adapted to back to a Ter Stegen that everything aims that it will follow like titling at least other three or four seasons, <a data-external=\"0\" data-intl-links-en=\"https:\/\/www.fcbarcelonanoticias.com\/en\/transfers\/the-saudi-club-that-has-made-ter-stegen-the-offer-to-leave-barca_301153_102.html\" data-intl-links-es=\"https:\/\/www.fcbarcelonanoticias.com\/fichajes\/club-arabia-ha-hecho-oferton-ter-stegen-deje-barca_301153_102.html\" href=\"https:\/\/www.fcbarcelonanoticias.com\/en\/transfers\/the-saudi-club-that-has-made-ter-stegen-the-offer-to-leave-barca_301153_102.html\" rel=\"follow\" target=\"_self\" title=\"El equipo de Arabia que le ha hecho el ofert\u00f3n a Ter Stegen para que deje el Bar\u00e7a\">if there is not some surprise<\/a>.<\/strong> But to the margin of this the Bar\u00e7a no descarta that the own I\u00f1aki want to go out in search of minutes, or that arrive an interesting offer that allow replantear the planning of the goal.<\/p>  <h2>The first alternatives that Deco would have in diary<\/h2>  <p>Finally, the information signals that one of the alternatives that would consider the Catalan group in the case to move index card in summer is the one of the Portuguese Luis Maximiano, of 25 years, that finds in LaLiga this season, yielded in the Almer\u00eda by the Lazio, club with which has agreement until 2027. <strong>In the Bar\u00e7a already know him by his go through the Granada, although it also is in list the name of David of Gea that to his 33 years has not found team and would be an acting of guarantees,<\/strong> although clearly with a greater aspiration to have minutes of way much less casual that Maximiliano, for example.<\/p> ","protected":false},"excerpt":{"rendered":"<p>For FC Barcelona, Ter Stegen&#8217;s starting position is not up for discussion, but despite this, the club are considering debating how the goalkeeper could be made up next season The FC Barcelona had to face the equator of his season without which is one of his 3 or 4 more important players of the staff, [&hellip;]<\/p>\n","protected":false},"author":345,"featured_media":68586,"comment_status":"closed","ping_status":"open","sticky":false,"template":"","format":"standard","meta":{"_acf_changed":false,"inline_featured_image":false,"_nextfly_llmd_date_locked":false,"footnotes":""},"categories":[449,106],"tags":[335,158],"class_list":["post-68582","post","type-post","status-publish","format-standard","has-post-thumbnail","hentry","category-transfers-2","category-transfers","tag-deco","tag-joan-laporta"],"acf":[],"yoast_head":"<!-- This site is optimized with the Yoast SEO plugin v27.3 - https:\/\/yoast.com\/product\/yoast-seo-wordpress\/ -->\n<title>Bar\u00e7a doubt I\u00f1aki Pe\u00f1a and are considering going to the market in search of a more veteran goalkeeper<\/title>\n<meta name=\"description\" content=\"For FC Barcelona, Ter Stegen&#039;s starting position is not up for discussion, but despite this, the club are considering debating how the goalkeeper could be made up next season\" \/>\n<meta name=\"robots\" content=\"index, follow, max-snippet:-1, max-image-preview:large, max-video-preview:-1\" \/>\n<link rel=\"canonical\" href=\"https:\/\/www.fcbarcelonanoticias.com\/en\/players\/barca-doubt-inaki-pena-and-are-considering-going-to-the-market-in-search-of-more-veteran-goalkeeper_301206_102.html\" \/>\n<meta property=\"og:locale\" content=\"en_US\" \/>\n<meta property=\"og:type\" content=\"article\" \/>\n<meta property=\"og:title\" content=\"Bar\u00e7a doubt I\u00f1aki Pe\u00f1a and are considering going to the market in search of a more veteran goalkeeper\" \/>\n<meta property=\"og:description\" content=\"For FC Barcelona, Ter Stegen&#039;s starting position is not up for discussion, but despite this, the club are considering debating how the goalkeeper could be made up next season\" \/>\n<meta property=\"og:url\" content=\"https:\/\/www.fcbarcelonanoticias.com\/en\/players\/barca-doubt-inaki-pena-and-are-considering-going-to-the-market-in-search-of-more-veteran-goalkeeper_301206_102.html\" \/>\n<meta property=\"og:site_name\" content=\"EN - FC Barcelona Noticias\" \/>\n<meta property=\"article:published_time\" content=\"2024-02-27T11:38:00+00:00\" \/>\n<meta property=\"article:modified_time\" content=\"2024-02-28T02:16:00+00:00\" \/>\n<meta property=\"og:image\" content=\"https:\/\/www.fcbarcelonanoticias.com\/en\/wp-content\/uploads\/sites\/2\/2024\/02\/gettyimages-1820211129.jpeg\" \/>\n\t<meta property=\"og:image:width\" content=\"1300\" \/>\n\t<meta property=\"og:image:height\" content=\"735\" \/>\n\t<meta property=\"og:image:type\" content=\"image\/jpeg\" \/>\n<meta name=\"author\" content=\"Carlos Montenegro\" \/>\n<meta name=\"twitter:card\" content=\"summary_large_image\" \/>\n<meta name=\"twitter:label1\" content=\"Written by\" \/>\n\t<meta name=\"twitter:data1\" content=\"Carlos Montenegro\" \/>\n\t<meta name=\"twitter:label2\" content=\"Est. reading time\" \/>\n\t<meta name=\"twitter:data2\" content=\"3 minutes\" \/>\n<script type=\"application\/ld+json\" class=\"yoast-schema-graph\">{\"@context\":\"https:\\\/\\\/schema.org\",\"@graph\":[{\"@type\":\"Article\",\"@id\":\"https:\\\/\\\/www.fcbarcelonanoticias.com\\\/en\\\/players\\\/barca-doubt-inaki-pena-and-are-considering-going-to-the-market-in-search-of-more-veteran-goalkeeper_301206_102.html#article\",\"isPartOf\":{\"@id\":\"https:\\\/\\\/www.fcbarcelonanoticias.com\\\/en\\\/players\\\/barca-doubt-inaki-pena-and-are-considering-going-to-the-market-in-search-of-more-veteran-goalkeeper_301206_102.html\"},\"author\":{\"name\":\"Carlos Montenegro\",\"@id\":\"https:\\\/\\\/www.fcbarcelonanoticias.com\\\/en\\\/#\\\/schema\\\/person\\\/aa1d038709c262cb247e240f6b39bbf5\"},\"headline\":\"Bar\u00e7a doubt I\u00f1aki Pe\u00f1a and are considering going to the market in search of a more veteran goalkeepe\",\"datePublished\":\"2024-02-27T11:38:00+00:00\",\"dateModified\":\"2024-02-28T02:16:00+00:00\",\"mainEntityOfPage\":{\"@id\":\"https:\\\/\\\/www.fcbarcelonanoticias.com\\\/en\\\/players\\\/barca-doubt-inaki-pena-and-are-considering-going-to-the-market-in-search-of-more-veteran-goalkeeper_301206_102.html\"},\"wordCount\":554,\"image\":{\"@id\":\"https:\\\/\\\/www.fcbarcelonanoticias.com\\\/en\\\/players\\\/barca-doubt-inaki-pena-and-are-considering-going-to-the-market-in-search-of-more-veteran-goalkeeper_301206_102.html#primaryimage\"},\"thumbnailUrl\":\"https:\\\/\\\/www.fcbarcelonanoticias.com\\\/en\\\/wp-content\\\/uploads\\\/sites\\\/2\\\/2024\\\/02\\\/gettyimages-1820211129.jpeg\",\"keywords\":[\"Deco\",\"Joan Laporta\"],\"articleSection\":[\"Transfers\",\"Transfers\"],\"inLanguage\":\"en-US\"},{\"@type\":\"WebPage\",\"@id\":\"https:\\\/\\\/www.fcbarcelonanoticias.com\\\/en\\\/players\\\/barca-doubt-inaki-pena-and-are-considering-going-to-the-market-in-search-of-more-veteran-goalkeeper_301206_102.html\",\"url\":\"https:\\\/\\\/www.fcbarcelonanoticias.com\\\/en\\\/players\\\/barca-doubt-inaki-pena-and-are-considering-going-to-the-market-in-search-of-more-veteran-goalkeeper_301206_102.html\",\"name\":\"Bar\u00e7a doubt I\u00f1aki Pe\u00f1a and are considering going to the market in search of a more veteran goalkeeper\",\"isPartOf\":{\"@id\":\"https:\\\/\\\/www.fcbarcelonanoticias.com\\\/en\\\/#website\"},\"primaryImageOfPage\":{\"@id\":\"https:\\\/\\\/www.fcbarcelonanoticias.com\\\/en\\\/players\\\/barca-doubt-inaki-pena-and-are-considering-going-to-the-market-in-search-of-more-veteran-goalkeeper_301206_102.html#primaryimage\"},\"image\":{\"@id\":\"https:\\\/\\\/www.fcbarcelonanoticias.com\\\/en\\\/players\\\/barca-doubt-inaki-pena-and-are-considering-going-to-the-market-in-search-of-more-veteran-goalkeeper_301206_102.html#primaryimage\"},\"thumbnailUrl\":\"https:\\\/\\\/www.fcbarcelonanoticias.com\\\/en\\\/wp-content\\\/uploads\\\/sites\\\/2\\\/2024\\\/02\\\/gettyimages-1820211129.jpeg\",\"datePublished\":\"2024-02-27T11:38:00+00:00\",\"dateModified\":\"2024-02-28T02:16:00+00:00\",\"author\":{\"@id\":\"https:\\\/\\\/www.fcbarcelonanoticias.com\\\/en\\\/#\\\/schema\\\/person\\\/aa1d038709c262cb247e240f6b39bbf5\"},\"description\":\"For FC Barcelona, Ter Stegen's starting position is not up for discussion, but despite this, the club are considering debating how the goalkeeper could be made up next season\",\"breadcrumb\":{\"@id\":\"https:\\\/\\\/www.fcbarcelonanoticias.com\\\/en\\\/players\\\/barca-doubt-inaki-pena-and-are-considering-going-to-the-market-in-search-of-more-veteran-goalkeeper_301206_102.html#breadcrumb\"},\"inLanguage\":\"en-US\",\"potentialAction\":[{\"@type\":\"ReadAction\",\"target\":[\"https:\\\/\\\/www.fcbarcelonanoticias.com\\\/en\\\/players\\\/barca-doubt-inaki-pena-and-are-considering-going-to-the-market-in-search-of-more-veteran-goalkeeper_301206_102.html\"]}]},{\"@type\":\"ImageObject\",\"inLanguage\":\"en-US\",\"@id\":\"https:\\\/\\\/www.fcbarcelonanoticias.com\\\/en\\\/players\\\/barca-doubt-inaki-pena-and-are-considering-going-to-the-market-in-search-of-more-veteran-goalkeeper_301206_102.html#primaryimage\",\"url\":\"https:\\\/\\\/www.fcbarcelonanoticias.com\\\/en\\\/wp-content\\\/uploads\\\/sites\\\/2\\\/2024\\\/02\\\/gettyimages-1820211129.jpeg\",\"contentUrl\":\"https:\\\/\\\/www.fcbarcelonanoticias.com\\\/en\\\/wp-content\\\/uploads\\\/sites\\\/2\\\/2024\\\/02\\\/gettyimages-1820211129.jpeg\",\"width\":1300,\"height\":735},{\"@type\":\"BreadcrumbList\",\"@id\":\"https:\\\/\\\/www.fcbarcelonanoticias.com\\\/en\\\/players\\\/barca-doubt-inaki-pena-and-are-considering-going-to-the-market-in-search-of-more-veteran-goalkeeper_301206_102.html#breadcrumb\",\"itemListElement\":[{\"@type\":\"ListItem\",\"position\":1,\"name\":\"Portada\",\"item\":\"https:\\\/\\\/www.fcbarcelonanoticias.com\\\/en\\\/\"},{\"@type\":\"ListItem\",\"position\":2,\"name\":\"Bar\u00e7a doubt I\u00f1aki Pe\u00f1a and are considering going to the market in search of a more veteran goalkeepe\"}]},{\"@type\":\"WebSite\",\"@id\":\"https:\\\/\\\/www.fcbarcelonanoticias.com\\\/en\\\/#website\",\"url\":\"https:\\\/\\\/www.fcbarcelonanoticias.com\\\/en\\\/\",\"name\":\"EN - FC Barcelona Noticias\",\"description\":\"\",\"potentialAction\":[{\"@type\":\"SearchAction\",\"target\":{\"@type\":\"EntryPoint\",\"urlTemplate\":\"https:\\\/\\\/www.fcbarcelonanoticias.com\\\/en\\\/?s={search_term_string}\"},\"query-input\":{\"@type\":\"PropertyValueSpecification\",\"valueRequired\":true,\"valueName\":\"search_term_string\"}}],\"inLanguage\":\"en-US\"},{\"@type\":\"Person\",\"@id\":\"https:\\\/\\\/www.fcbarcelonanoticias.com\\\/en\\\/#\\\/schema\\\/person\\\/aa1d038709c262cb247e240f6b39bbf5\",\"name\":\"Carlos Montenegro\",\"image\":{\"@type\":\"ImageObject\",\"inLanguage\":\"en-US\",\"@id\":\"https:\\\/\\\/secure.gravatar.com\\\/avatar\\\/?s=96&d=mm&r=g\",\"url\":\"https:\\\/\\\/secure.gravatar.com\\\/avatar\\\/?s=96&d=mm&r=g\",\"contentUrl\":\"https:\\\/\\\/secure.gravatar.com\\\/avatar\\\/?s=96&d=mm&r=g\",\"caption\":\"Carlos Montenegro\"},\"url\":\"https:\\\/\\\/www.fcbarcelonanoticias.com\\\/en\\\/carlos-montenegro_20_115.html\"}]}<\/script>\n<!-- \/ Yoast SEO plugin. -->","yoast_head_json":{"title":"Bar\u00e7a doubt I\u00f1aki Pe\u00f1a and are considering going to the market in search of a more veteran goalkeeper","description":"For FC Barcelona, Ter Stegen's starting position is not up for discussion, but despite this, the club are considering debating how the goalkeeper could be made up next season","robots":{"index":"index","follow":"follow","max-snippet":"max-snippet:-1","max-image-preview":"max-image-preview:large","max-video-preview":"max-video-preview:-1"},"canonical":"https:\/\/www.fcbarcelonanoticias.com\/en\/players\/barca-doubt-inaki-pena-and-are-considering-going-to-the-market-in-search-of-more-veteran-goalkeeper_301206_102.html","og_locale":"en_US","og_type":"article","og_title":"Bar\u00e7a doubt I\u00f1aki Pe\u00f1a and are considering going to the market in search of a more veteran goalkeeper","og_description":"For FC Barcelona, Ter Stegen's starting position is not up for discussion, but despite this, the club are considering debating how the goalkeeper could be made up next season","og_url":"https:\/\/www.fcbarcelonanoticias.com\/en\/players\/barca-doubt-inaki-pena-and-are-considering-going-to-the-market-in-search-of-more-veteran-goalkeeper_301206_102.html","og_site_name":"EN - FC Barcelona Noticias","article_published_time":"2024-02-27T11:38:00+00:00","article_modified_time":"2024-02-28T02:16:00+00:00","og_image":[{"width":1300,"height":735,"url":"https:\/\/www.fcbarcelonanoticias.com\/en\/wp-content\/uploads\/sites\/2\/2024\/02\/gettyimages-1820211129.jpeg","type":"image\/jpeg"}],"author":"Carlos Montenegro","twitter_card":"summary_large_image","twitter_misc":{"Written by":"Carlos Montenegro","Est. reading time":"3 minutes"},"schema":{"@context":"https:\/\/schema.org","@graph":[{"@type":"Article","@id":"https:\/\/www.fcbarcelonanoticias.com\/en\/players\/barca-doubt-inaki-pena-and-are-considering-going-to-the-market-in-search-of-more-veteran-goalkeeper_301206_102.html#article","isPartOf":{"@id":"https:\/\/www.fcbarcelonanoticias.com\/en\/players\/barca-doubt-inaki-pena-and-are-considering-going-to-the-market-in-search-of-more-veteran-goalkeeper_301206_102.html"},"author":{"name":"Carlos Montenegro","@id":"https:\/\/www.fcbarcelonanoticias.com\/en\/#\/schema\/person\/aa1d038709c262cb247e240f6b39bbf5"},"headline":"Bar\u00e7a doubt I\u00f1aki Pe\u00f1a and are considering going to the market in search of a more veteran goalkeepe","datePublished":"2024-02-27T11:38:00+00:00","dateModified":"2024-02-28T02:16:00+00:00","mainEntityOfPage":{"@id":"https:\/\/www.fcbarcelonanoticias.com\/en\/players\/barca-doubt-inaki-pena-and-are-considering-going-to-the-market-in-search-of-more-veteran-goalkeeper_301206_102.html"},"wordCount":554,"image":{"@id":"https:\/\/www.fcbarcelonanoticias.com\/en\/players\/barca-doubt-inaki-pena-and-are-considering-going-to-the-market-in-search-of-more-veteran-goalkeeper_301206_102.html#primaryimage"},"thumbnailUrl":"https:\/\/www.fcbarcelonanoticias.com\/en\/wp-content\/uploads\/sites\/2\/2024\/02\/gettyimages-1820211129.jpeg","keywords":["Deco","Joan Laporta"],"articleSection":["Transfers","Transfers"],"inLanguage":"en-US"},{"@type":"WebPage","@id":"https:\/\/www.fcbarcelonanoticias.com\/en\/players\/barca-doubt-inaki-pena-and-are-considering-going-to-the-market-in-search-of-more-veteran-goalkeeper_301206_102.html","url":"https:\/\/www.fcbarcelonanoticias.com\/en\/players\/barca-doubt-inaki-pena-and-are-considering-going-to-the-market-in-search-of-more-veteran-goalkeeper_301206_102.html","name":"Bar\u00e7a doubt I\u00f1aki Pe\u00f1a and are considering going to the market in search of a more veteran goalkeeper","isPartOf":{"@id":"https:\/\/www.fcbarcelonanoticias.com\/en\/#website"},"primaryImageOfPage":{"@id":"https:\/\/www.fcbarcelonanoticias.com\/en\/players\/barca-doubt-inaki-pena-and-are-considering-going-to-the-market-in-search-of-more-veteran-goalkeeper_301206_102.html#primaryimage"},"image":{"@id":"https:\/\/www.fcbarcelonanoticias.com\/en\/players\/barca-doubt-inaki-pena-and-are-considering-going-to-the-market-in-search-of-more-veteran-goalkeeper_301206_102.html#primaryimage"},"thumbnailUrl":"https:\/\/www.fcbarcelonanoticias.com\/en\/wp-content\/uploads\/sites\/2\/2024\/02\/gettyimages-1820211129.jpeg","datePublished":"2024-02-27T11:38:00+00:00","dateModified":"2024-02-28T02:16:00+00:00","author":{"@id":"https:\/\/www.fcbarcelonanoticias.com\/en\/#\/schema\/person\/aa1d038709c262cb247e240f6b39bbf5"},"description":"For FC Barcelona, Ter Stegen's starting position is not up for discussion, but despite this, the club are considering debating how the goalkeeper could be made up next season","breadcrumb":{"@id":"https:\/\/www.fcbarcelonanoticias.com\/en\/players\/barca-doubt-inaki-pena-and-are-considering-going-to-the-market-in-search-of-more-veteran-goalkeeper_301206_102.html#breadcrumb"},"inLanguage":"en-US","potentialAction":[{"@type":"ReadAction","target":["https:\/\/www.fcbarcelonanoticias.com\/en\/players\/barca-doubt-inaki-pena-and-are-considering-going-to-the-market-in-search-of-more-veteran-goalkeeper_301206_102.html"]}]},{"@type":"ImageObject","inLanguage":"en-US","@id":"https:\/\/www.fcbarcelonanoticias.com\/en\/players\/barca-doubt-inaki-pena-and-are-considering-going-to-the-market-in-search-of-more-veteran-goalkeeper_301206_102.html#primaryimage","url":"https:\/\/www.fcbarcelonanoticias.com\/en\/wp-content\/uploads\/sites\/2\/2024\/02\/gettyimages-1820211129.jpeg","contentUrl":"https:\/\/www.fcbarcelonanoticias.com\/en\/wp-content\/uploads\/sites\/2\/2024\/02\/gettyimages-1820211129.jpeg","width":1300,"height":735},{"@type":"BreadcrumbList","@id":"https:\/\/www.fcbarcelonanoticias.com\/en\/players\/barca-doubt-inaki-pena-and-are-considering-going-to-the-market-in-search-of-more-veteran-goalkeeper_301206_102.html#breadcrumb","itemListElement":[{"@type":"ListItem","position":1,"name":"Portada","item":"https:\/\/www.fcbarcelonanoticias.com\/en\/"},{"@type":"ListItem","position":2,"name":"Bar\u00e7a doubt I\u00f1aki Pe\u00f1a and are considering going to the market in search of a more veteran goalkeepe"}]},{"@type":"WebSite","@id":"https:\/\/www.fcbarcelonanoticias.com\/en\/#website","url":"https:\/\/www.fcbarcelonanoticias.com\/en\/","name":"EN - FC Barcelona Noticias","description":"","potentialAction":[{"@type":"SearchAction","target":{"@type":"EntryPoint","urlTemplate":"https:\/\/www.fcbarcelonanoticias.com\/en\/?s={search_term_string}"},"query-input":{"@type":"PropertyValueSpecification","valueRequired":true,"valueName":"search_term_string"}}],"inLanguage":"en-US"},{"@type":"Person","@id":"https:\/\/www.fcbarcelonanoticias.com\/en\/#\/schema\/person\/aa1d038709c262cb247e240f6b39bbf5","name":"Carlos Montenegro","image":{"@type":"ImageObject","inLanguage":"en-US","@id":"https:\/\/secure.gravatar.com\/avatar\/?s=96&d=mm&r=g","url":"https:\/\/secure.gravatar.com\/avatar\/?s=96&d=mm&r=g","contentUrl":"https:\/\/secure.gravatar.com\/avatar\/?s=96&d=mm&r=g","caption":"Carlos Montenegro"},"url":"https:\/\/www.fcbarcelonanoticias.com\/en\/carlos-montenegro_20_115.html"}]}},"_links":{"self":[{"href":"https:\/\/www.fcbarcelonanoticias.com\/en\/wp-json\/wp\/v2\/posts\/68582","targetHints":{"allow":["GET"]}}],"collection":[{"href":"https:\/\/www.fcbarcelonanoticias.com\/en\/wp-json\/wp\/v2\/posts"}],"about":[{"href":"https:\/\/www.fcbarcelonanoticias.com\/en\/wp-json\/wp\/v2\/types\/post"}],"author":[{"embeddable":true,"href":"https:\/\/www.fcbarcelonanoticias.com\/en\/wp-json\/wp\/v2\/users\/345"}],"replies":[{"embeddable":true,"href":"https:\/\/www.fcbarcelonanoticias.com\/en\/wp-json\/wp\/v2\/comments?post=68582"}],"version-history":[{"count":1,"href":"https:\/\/www.fcbarcelonanoticias.com\/en\/wp-json\/wp\/v2\/posts\/68582\/revisions"}],"predecessor-version":[{"id":119902,"href":"https:\/\/www.fcbarcelonanoticias.com\/en\/wp-json\/wp\/v2\/posts\/68582\/revisions\/119902"}],"wp:featuredmedia":[{"embeddable":true,"href":"https:\/\/www.fcbarcelonanoticias.com\/en\/wp-json\/wp\/v2\/media\/68586"}],"wp:attachment":[{"href":"https:\/\/www.fcbarcelonanoticias.com\/en\/wp-json\/wp\/v2\/media?parent=68582"}],"wp:term":[{"taxonomy":"category","embeddable":true,"href":"https:\/\/www.fcbarcelonanoticias.com\/en\/wp-json\/wp\/v2\/categories?post=68582"},{"taxonomy":"post_tag","embeddable":true,"href":"https:\/\/www.fcbarcelonanoticias.com\/en\/wp-json\/wp\/v2\/tags?post=68582"}],"curies":[{"name":"wp","href":"https:\/\/api.w.org\/{rel}","templated":true}]}}