{"id":69287,"date":"2023-10-18T09:10:00","date_gmt":"2023-10-18T07:10:00","guid":{"rendered":"https:\/\/weisetech.dev\/fc-barcelona-noticias\/en\/ronald-araujo-defense-charrua-portrait-vinicius-in-classic-preview_297185_102\/"},"modified":"2023-10-18T10:49:00","modified_gmt":"2023-10-18T08:49:00","slug":"ronald-araujo-defense-charrua-portrait-vinicius-in-classic-preview_297185_102","status":"publish","type":"post","link":"https:\/\/www.fcbarcelonanoticias.com\/en\/national-teams\/ronald-araujo-defense-charrua-portrait-vinicius-in-classic-preview_297185_102.html","title":{"rendered":"Ronald Ara\u00fajo and the Uruguayan defense &#8216;portray&#8217; Vinicius in the preview of the Clasico"},"content":{"rendered":"<h2 class=\"wp-block-heading\">Ronald Ara\u00fajo was one of Marcelo Bielsa&#8217;s great resources to try to stop Vinicius Jr and they have succeeded wonderfully. The Real Madrid player, once again with the &#8216;canarinha&#8217;, has been minimized<\/h2>  \r\n<div class=\"article-addons\">\r\n    <a href=\"https:\/\/www.fcbarcelonanoticias.com\/en\/calendar-fc-barcelona.html\"\r\n       target=\"_self\"\r\n       title=\"Calendar of FC Barcelona\"\r\n       class=\"blue-gredient-btn\">\r\n       \r\n        Calendar of FC Barcelona    <\/a>\r\n<\/div>   <p>In the previous of the <a data-external=\"0\" data-intl-links-en=\"https:\/\/www.fcbarcelonanoticias.com\/en\/national-teams\/uruguay-despair-poor-brazil-also-lost-neymar-2-0_297184_102.html\" data-intl-links-es=\"https:\/\/www.fcbarcelonanoticias.com\/selecciones-nacionales\/uruguay-desespera-pobre-brasil-ademas-perdio-neymar-2-0_297184_102.html\" href=\"https:\/\/www.fcbarcelonanoticias.com\/en\/national-teams\/uruguay-despair-poor-brazil-also-lost-neymar-2-0_297184_102.html\" rel=\"follow\" target=\"_self\" title=\"Uruguay desespera a una pobre Brasil que adem\u00e1s perdi\u00f3 a Neymar (2-0)\">duel between Uruguay and Brasi<\/a>l, by the eliminatory sudamericanas for the World-wide of 2026,<strong> had a lot of focuses in the duel that went to live Ronald Ara\u00fajo and Vinicius Jr &#8216;hover&#8217; of the area of Rochet.<\/strong> It is not a secret for anybody that both have led one and one thousand wars with the FC Barcelona and Real Madrid, and that served like proof of what could happen in the Classical of the next 28 October in Montju\u00efc.<\/p>  <p>The conditions have been very different. Ara\u00fajo Split like head office and Vinicius hit to the band, but equally has lived a special clash in which the charr\u00faa has gone out like clear victorious. In the first-half, Brazil merode\u00f3 the area with &#8216;Vini&#8217; as one of his big protagonists, but without capacity to generate clear occasions. <strong>The Barcelona player was very attentive to clear and move away to the &#8216;canarinha&#8217;. <\/strong><\/p>  <h2>Ara\u00fajo Imposed to the difficulties<\/h2>  <p>And this that has been very conditioned. When only they had passed nine minutes of the party,<strong> received a yellow cardboard by a fault on Gabriel Jes\u00fas that it forced him to measure and control more than the account <\/strong>in each played. It fulfilled with the challenge and was able to fulfil, with solvency, the challenge to defend to Vinicius and company with a very complete performance and consolidating again like the big leader of the defence charr\u00faa.<\/p>  <p>The attacker of the Real Madrid went back to live a grey night, as it had happened before against Venezuela. It has not been especially comfortable in this stop of selections and left an extremely poor performance. <strong>It was not able to penetrate a very consistent defence of Uruguay, <\/strong>that did not leave spaces so that the Brazilians could generate clear occasions. Ara\u00fajo Has been key.<\/p>  <h2>Brilliant night of Ara\u00fajo<\/h2>  <p>The night of the defender cul\u00e9 has been excelsa. It completed four clear (4), clear of head (4), winning four of the five aerial duels that contested and remained of second in the classification of players with more individual duels livestocks, with six.<strong> In 90 minutes, only committed the fault in front of Gabriel Jes\u00fas that it cost him the yellow card. <\/strong>Once surpassed his physical problems, Ara\u00fajo has recovered his best level and the Bar\u00e7a can be the first that benefit of this. Already they expect him in the City Condal to prepare the visit of the Athletic.<\/p> ","protected":false},"excerpt":{"rendered":"<p>Ronald Ara\u00fajo was one of Marcelo Bielsa&#8217;s great resources to try to stop Vinicius Jr and they have succeeded wonderfully. The Real Madrid player, once again with the &#8216;canarinha&#8217;, has been minimized In the previous of the duel between Uruguay and Brasil, by the eliminatory sudamericanas for the World-wide of 2026, had a lot of [&hellip;]<\/p>\n","protected":false},"author":353,"featured_media":120581,"comment_status":"closed","ping_status":"open","sticky":false,"template":"","format":"standard","meta":{"_acf_changed":false,"inline_featured_image":false,"_nextfly_llmd_date_locked":false,"footnotes":""},"categories":[111],"tags":[],"class_list":["post-69287","post","type-post","status-publish","format-standard","has-post-thumbnail","hentry","category-fc-barcelona"],"acf":[],"yoast_head":"<!-- This site is optimized with the Yoast SEO plugin v27.3 - https:\/\/yoast.com\/product\/yoast-seo-wordpress\/ -->\n<title>Ronald Ara\u00fajo and the Uruguayan defense &#039;portray&#039; Vinicius in the preview of the Clasico<\/title>\n<meta name=\"description\" content=\"Ronald Ara\u00fajo was one of the big resources of Marcelo Bielsa to try brake to Vinicius Jr and have achieved it of wonders. The player of the Real Madrid, once again with the &#039;canarinha&#039;, has remained minimised\" \/>\n<meta name=\"robots\" content=\"index, follow, max-snippet:-1, max-image-preview:large, max-video-preview:-1\" \/>\n<link rel=\"canonical\" href=\"https:\/\/www.fcbarcelonanoticias.com\/en\/national-teams\/ronald-araujo-defense-charrua-portrait-vinicius-in-classic-preview_297185_102.html\" \/>\n<meta property=\"og:locale\" content=\"en_US\" \/>\n<meta property=\"og:type\" content=\"article\" \/>\n<meta property=\"og:title\" content=\"Ronald Ara\u00fajo and the Uruguayan defense &#039;portray&#039; Vinicius in the preview of the Clasico\" \/>\n<meta property=\"og:description\" content=\"Ronald Ara\u00fajo was one of the big resources of Marcelo Bielsa to try brake to Vinicius Jr and have achieved it of wonders. The player of the Real Madrid, once again with the &#039;canarinha&#039;, has remained minimised\" \/>\n<meta property=\"og:url\" content=\"https:\/\/www.fcbarcelonanoticias.com\/en\/national-teams\/ronald-araujo-defense-charrua-portrait-vinicius-in-classic-preview_297185_102.html\" \/>\n<meta property=\"og:site_name\" content=\"EN - FC Barcelona Noticias\" \/>\n<meta property=\"article:published_time\" content=\"2023-10-18T07:10:00+00:00\" \/>\n<meta property=\"article:modified_time\" content=\"2023-10-18T08:49:00+00:00\" \/>\n<meta property=\"og:image\" content=\"https:\/\/www.fcbarcelonanoticias.com\/en\/wp-content\/uploads\/sites\/2\/2023\/10\/ronald-araujo-y-vinicius-jr-en-el-uruguay-vs-brasil-1.jpeg\" \/>\n\t<meta property=\"og:image:width\" content=\"1200\" \/>\n\t<meta property=\"og:image:height\" content=\"675\" \/>\n\t<meta property=\"og:image:type\" content=\"image\/jpeg\" \/>\n<meta name=\"author\" content=\"FC Barcelona Noticias\" \/>\n<meta name=\"twitter:card\" content=\"summary_large_image\" \/>\n<meta name=\"twitter:label1\" content=\"Written by\" \/>\n\t<meta name=\"twitter:data1\" content=\"FC Barcelona Noticias\" \/>\n\t<meta name=\"twitter:label2\" content=\"Est. reading time\" \/>\n\t<meta name=\"twitter:data2\" content=\"2 minutes\" \/>\n<script type=\"application\/ld+json\" class=\"yoast-schema-graph\">{\"@context\":\"https:\\\/\\\/schema.org\",\"@graph\":[{\"@type\":\"Article\",\"@id\":\"https:\\\/\\\/www.fcbarcelonanoticias.com\\\/en\\\/national-teams\\\/ronald-araujo-defense-charrua-portrait-vinicius-in-classic-preview_297185_102.html#article\",\"isPartOf\":{\"@id\":\"https:\\\/\\\/www.fcbarcelonanoticias.com\\\/en\\\/national-teams\\\/ronald-araujo-defense-charrua-portrait-vinicius-in-classic-preview_297185_102.html\"},\"author\":{\"name\":\"FC Barcelona Noticias\",\"@id\":\"https:\\\/\\\/www.fcbarcelonanoticias.com\\\/en\\\/#\\\/schema\\\/person\\\/0f2810101d27606974cdb8edb54fa54b\"},\"headline\":\"Ronald Ara\u00fajo and the Uruguayan defense &#8216;portray&#8217; Vinicius in the preview of the Clasico\",\"datePublished\":\"2023-10-18T07:10:00+00:00\",\"dateModified\":\"2023-10-18T08:49:00+00:00\",\"mainEntityOfPage\":{\"@id\":\"https:\\\/\\\/www.fcbarcelonanoticias.com\\\/en\\\/national-teams\\\/ronald-araujo-defense-charrua-portrait-vinicius-in-classic-preview_297185_102.html\"},\"wordCount\":462,\"image\":{\"@id\":\"https:\\\/\\\/www.fcbarcelonanoticias.com\\\/en\\\/national-teams\\\/ronald-araujo-defense-charrua-portrait-vinicius-in-classic-preview_297185_102.html#primaryimage\"},\"thumbnailUrl\":\"https:\\\/\\\/www.fcbarcelonanoticias.com\\\/en\\\/wp-content\\\/uploads\\\/sites\\\/2\\\/2023\\\/10\\\/ronald-araujo-y-vinicius-jr-en-el-uruguay-vs-brasil-1.jpeg\",\"articleSection\":[\"FC Barcelona\"],\"inLanguage\":\"en-US\"},{\"@type\":\"WebPage\",\"@id\":\"https:\\\/\\\/www.fcbarcelonanoticias.com\\\/en\\\/national-teams\\\/ronald-araujo-defense-charrua-portrait-vinicius-in-classic-preview_297185_102.html\",\"url\":\"https:\\\/\\\/www.fcbarcelonanoticias.com\\\/en\\\/national-teams\\\/ronald-araujo-defense-charrua-portrait-vinicius-in-classic-preview_297185_102.html\",\"name\":\"Ronald Ara\u00fajo and the Uruguayan defense 'portray' Vinicius in the preview of the Clasico\",\"isPartOf\":{\"@id\":\"https:\\\/\\\/www.fcbarcelonanoticias.com\\\/en\\\/#website\"},\"primaryImageOfPage\":{\"@id\":\"https:\\\/\\\/www.fcbarcelonanoticias.com\\\/en\\\/national-teams\\\/ronald-araujo-defense-charrua-portrait-vinicius-in-classic-preview_297185_102.html#primaryimage\"},\"image\":{\"@id\":\"https:\\\/\\\/www.fcbarcelonanoticias.com\\\/en\\\/national-teams\\\/ronald-araujo-defense-charrua-portrait-vinicius-in-classic-preview_297185_102.html#primaryimage\"},\"thumbnailUrl\":\"https:\\\/\\\/www.fcbarcelonanoticias.com\\\/en\\\/wp-content\\\/uploads\\\/sites\\\/2\\\/2023\\\/10\\\/ronald-araujo-y-vinicius-jr-en-el-uruguay-vs-brasil-1.jpeg\",\"datePublished\":\"2023-10-18T07:10:00+00:00\",\"dateModified\":\"2023-10-18T08:49:00+00:00\",\"author\":{\"@id\":\"https:\\\/\\\/www.fcbarcelonanoticias.com\\\/en\\\/#\\\/schema\\\/person\\\/0f2810101d27606974cdb8edb54fa54b\"},\"description\":\"Ronald Ara\u00fajo was one of the big resources of Marcelo Bielsa to try brake to Vinicius Jr and have achieved it of wonders. The player of the Real Madrid, once again with the 'canarinha', has remained minimised\",\"breadcrumb\":{\"@id\":\"https:\\\/\\\/www.fcbarcelonanoticias.com\\\/en\\\/national-teams\\\/ronald-araujo-defense-charrua-portrait-vinicius-in-classic-preview_297185_102.html#breadcrumb\"},\"inLanguage\":\"en-US\",\"potentialAction\":[{\"@type\":\"ReadAction\",\"target\":[\"https:\\\/\\\/www.fcbarcelonanoticias.com\\\/en\\\/national-teams\\\/ronald-araujo-defense-charrua-portrait-vinicius-in-classic-preview_297185_102.html\"]}]},{\"@type\":\"ImageObject\",\"inLanguage\":\"en-US\",\"@id\":\"https:\\\/\\\/www.fcbarcelonanoticias.com\\\/en\\\/national-teams\\\/ronald-araujo-defense-charrua-portrait-vinicius-in-classic-preview_297185_102.html#primaryimage\",\"url\":\"https:\\\/\\\/www.fcbarcelonanoticias.com\\\/en\\\/wp-content\\\/uploads\\\/sites\\\/2\\\/2023\\\/10\\\/ronald-araujo-y-vinicius-jr-en-el-uruguay-vs-brasil-1.jpeg\",\"contentUrl\":\"https:\\\/\\\/www.fcbarcelonanoticias.com\\\/en\\\/wp-content\\\/uploads\\\/sites\\\/2\\\/2023\\\/10\\\/ronald-araujo-y-vinicius-jr-en-el-uruguay-vs-brasil-1.jpeg\",\"width\":1200,\"height\":675},{\"@type\":\"BreadcrumbList\",\"@id\":\"https:\\\/\\\/www.fcbarcelonanoticias.com\\\/en\\\/national-teams\\\/ronald-araujo-defense-charrua-portrait-vinicius-in-classic-preview_297185_102.html#breadcrumb\",\"itemListElement\":[{\"@type\":\"ListItem\",\"position\":1,\"name\":\"Portada\",\"item\":\"https:\\\/\\\/www.fcbarcelonanoticias.com\\\/en\\\/\"},{\"@type\":\"ListItem\",\"position\":2,\"name\":\"Ronald Ara\u00fajo and the Uruguayan defense &#8216;portray&#8217; Vinicius in the preview of the Clasico\"}]},{\"@type\":\"WebSite\",\"@id\":\"https:\\\/\\\/www.fcbarcelonanoticias.com\\\/en\\\/#website\",\"url\":\"https:\\\/\\\/www.fcbarcelonanoticias.com\\\/en\\\/\",\"name\":\"EN - FC Barcelona Noticias\",\"description\":\"\",\"potentialAction\":[{\"@type\":\"SearchAction\",\"target\":{\"@type\":\"EntryPoint\",\"urlTemplate\":\"https:\\\/\\\/www.fcbarcelonanoticias.com\\\/en\\\/?s={search_term_string}\"},\"query-input\":{\"@type\":\"PropertyValueSpecification\",\"valueRequired\":true,\"valueName\":\"search_term_string\"}}],\"inLanguage\":\"en-US\"},{\"@type\":\"Person\",\"@id\":\"https:\\\/\\\/www.fcbarcelonanoticias.com\\\/en\\\/#\\\/schema\\\/person\\\/0f2810101d27606974cdb8edb54fa54b\",\"name\":\"FC Barcelona Noticias\",\"image\":{\"@type\":\"ImageObject\",\"inLanguage\":\"en-US\",\"@id\":\"https:\\\/\\\/secure.gravatar.com\\\/avatar\\\/?s=96&d=mm&r=g\",\"url\":\"https:\\\/\\\/secure.gravatar.com\\\/avatar\\\/?s=96&d=mm&r=g\",\"contentUrl\":\"https:\\\/\\\/secure.gravatar.com\\\/avatar\\\/?s=96&d=mm&r=g\",\"caption\":\"FC Barcelona Noticias\"},\"url\":\"https:\\\/\\\/www.fcbarcelonanoticias.com\\\/en\\\/fc-barcelona\\\/fcbn-writing-fc-barcelona-news_6_115.html\"}]}<\/script>\n<!-- \/ Yoast SEO plugin. -->","yoast_head_json":{"title":"Ronald Ara\u00fajo and the Uruguayan defense 'portray' Vinicius in the preview of the Clasico","description":"Ronald Ara\u00fajo was one of the big resources of Marcelo Bielsa to try brake to Vinicius Jr and have achieved it of wonders. The player of the Real Madrid, once again with the 'canarinha', has remained minimised","robots":{"index":"index","follow":"follow","max-snippet":"max-snippet:-1","max-image-preview":"max-image-preview:large","max-video-preview":"max-video-preview:-1"},"canonical":"https:\/\/www.fcbarcelonanoticias.com\/en\/national-teams\/ronald-araujo-defense-charrua-portrait-vinicius-in-classic-preview_297185_102.html","og_locale":"en_US","og_type":"article","og_title":"Ronald Ara\u00fajo and the Uruguayan defense 'portray' Vinicius in the preview of the Clasico","og_description":"Ronald Ara\u00fajo was one of the big resources of Marcelo Bielsa to try brake to Vinicius Jr and have achieved it of wonders. The player of the Real Madrid, once again with the 'canarinha', has remained minimised","og_url":"https:\/\/www.fcbarcelonanoticias.com\/en\/national-teams\/ronald-araujo-defense-charrua-portrait-vinicius-in-classic-preview_297185_102.html","og_site_name":"EN - FC Barcelona Noticias","article_published_time":"2023-10-18T07:10:00+00:00","article_modified_time":"2023-10-18T08:49:00+00:00","og_image":[{"width":1200,"height":675,"url":"https:\/\/www.fcbarcelonanoticias.com\/en\/wp-content\/uploads\/sites\/2\/2023\/10\/ronald-araujo-y-vinicius-jr-en-el-uruguay-vs-brasil-1.jpeg","type":"image\/jpeg"}],"author":"FC Barcelona Noticias","twitter_card":"summary_large_image","twitter_misc":{"Written by":"FC Barcelona Noticias","Est. reading time":"2 minutes"},"schema":{"@context":"https:\/\/schema.org","@graph":[{"@type":"Article","@id":"https:\/\/www.fcbarcelonanoticias.com\/en\/national-teams\/ronald-araujo-defense-charrua-portrait-vinicius-in-classic-preview_297185_102.html#article","isPartOf":{"@id":"https:\/\/www.fcbarcelonanoticias.com\/en\/national-teams\/ronald-araujo-defense-charrua-portrait-vinicius-in-classic-preview_297185_102.html"},"author":{"name":"FC Barcelona Noticias","@id":"https:\/\/www.fcbarcelonanoticias.com\/en\/#\/schema\/person\/0f2810101d27606974cdb8edb54fa54b"},"headline":"Ronald Ara\u00fajo and the Uruguayan defense &#8216;portray&#8217; Vinicius in the preview of the Clasico","datePublished":"2023-10-18T07:10:00+00:00","dateModified":"2023-10-18T08:49:00+00:00","mainEntityOfPage":{"@id":"https:\/\/www.fcbarcelonanoticias.com\/en\/national-teams\/ronald-araujo-defense-charrua-portrait-vinicius-in-classic-preview_297185_102.html"},"wordCount":462,"image":{"@id":"https:\/\/www.fcbarcelonanoticias.com\/en\/national-teams\/ronald-araujo-defense-charrua-portrait-vinicius-in-classic-preview_297185_102.html#primaryimage"},"thumbnailUrl":"https:\/\/www.fcbarcelonanoticias.com\/en\/wp-content\/uploads\/sites\/2\/2023\/10\/ronald-araujo-y-vinicius-jr-en-el-uruguay-vs-brasil-1.jpeg","articleSection":["FC Barcelona"],"inLanguage":"en-US"},{"@type":"WebPage","@id":"https:\/\/www.fcbarcelonanoticias.com\/en\/national-teams\/ronald-araujo-defense-charrua-portrait-vinicius-in-classic-preview_297185_102.html","url":"https:\/\/www.fcbarcelonanoticias.com\/en\/national-teams\/ronald-araujo-defense-charrua-portrait-vinicius-in-classic-preview_297185_102.html","name":"Ronald Ara\u00fajo and the Uruguayan defense 'portray' Vinicius in the preview of the Clasico","isPartOf":{"@id":"https:\/\/www.fcbarcelonanoticias.com\/en\/#website"},"primaryImageOfPage":{"@id":"https:\/\/www.fcbarcelonanoticias.com\/en\/national-teams\/ronald-araujo-defense-charrua-portrait-vinicius-in-classic-preview_297185_102.html#primaryimage"},"image":{"@id":"https:\/\/www.fcbarcelonanoticias.com\/en\/national-teams\/ronald-araujo-defense-charrua-portrait-vinicius-in-classic-preview_297185_102.html#primaryimage"},"thumbnailUrl":"https:\/\/www.fcbarcelonanoticias.com\/en\/wp-content\/uploads\/sites\/2\/2023\/10\/ronald-araujo-y-vinicius-jr-en-el-uruguay-vs-brasil-1.jpeg","datePublished":"2023-10-18T07:10:00+00:00","dateModified":"2023-10-18T08:49:00+00:00","author":{"@id":"https:\/\/www.fcbarcelonanoticias.com\/en\/#\/schema\/person\/0f2810101d27606974cdb8edb54fa54b"},"description":"Ronald Ara\u00fajo was one of the big resources of Marcelo Bielsa to try brake to Vinicius Jr and have achieved it of wonders. The player of the Real Madrid, once again with the 'canarinha', has remained minimised","breadcrumb":{"@id":"https:\/\/www.fcbarcelonanoticias.com\/en\/national-teams\/ronald-araujo-defense-charrua-portrait-vinicius-in-classic-preview_297185_102.html#breadcrumb"},"inLanguage":"en-US","potentialAction":[{"@type":"ReadAction","target":["https:\/\/www.fcbarcelonanoticias.com\/en\/national-teams\/ronald-araujo-defense-charrua-portrait-vinicius-in-classic-preview_297185_102.html"]}]},{"@type":"ImageObject","inLanguage":"en-US","@id":"https:\/\/www.fcbarcelonanoticias.com\/en\/national-teams\/ronald-araujo-defense-charrua-portrait-vinicius-in-classic-preview_297185_102.html#primaryimage","url":"https:\/\/www.fcbarcelonanoticias.com\/en\/wp-content\/uploads\/sites\/2\/2023\/10\/ronald-araujo-y-vinicius-jr-en-el-uruguay-vs-brasil-1.jpeg","contentUrl":"https:\/\/www.fcbarcelonanoticias.com\/en\/wp-content\/uploads\/sites\/2\/2023\/10\/ronald-araujo-y-vinicius-jr-en-el-uruguay-vs-brasil-1.jpeg","width":1200,"height":675},{"@type":"BreadcrumbList","@id":"https:\/\/www.fcbarcelonanoticias.com\/en\/national-teams\/ronald-araujo-defense-charrua-portrait-vinicius-in-classic-preview_297185_102.html#breadcrumb","itemListElement":[{"@type":"ListItem","position":1,"name":"Portada","item":"https:\/\/www.fcbarcelonanoticias.com\/en\/"},{"@type":"ListItem","position":2,"name":"Ronald Ara\u00fajo and the Uruguayan defense &#8216;portray&#8217; Vinicius in the preview of the Clasico"}]},{"@type":"WebSite","@id":"https:\/\/www.fcbarcelonanoticias.com\/en\/#website","url":"https:\/\/www.fcbarcelonanoticias.com\/en\/","name":"EN - FC Barcelona Noticias","description":"","potentialAction":[{"@type":"SearchAction","target":{"@type":"EntryPoint","urlTemplate":"https:\/\/www.fcbarcelonanoticias.com\/en\/?s={search_term_string}"},"query-input":{"@type":"PropertyValueSpecification","valueRequired":true,"valueName":"search_term_string"}}],"inLanguage":"en-US"},{"@type":"Person","@id":"https:\/\/www.fcbarcelonanoticias.com\/en\/#\/schema\/person\/0f2810101d27606974cdb8edb54fa54b","name":"FC Barcelona Noticias","image":{"@type":"ImageObject","inLanguage":"en-US","@id":"https:\/\/secure.gravatar.com\/avatar\/?s=96&d=mm&r=g","url":"https:\/\/secure.gravatar.com\/avatar\/?s=96&d=mm&r=g","contentUrl":"https:\/\/secure.gravatar.com\/avatar\/?s=96&d=mm&r=g","caption":"FC Barcelona Noticias"},"url":"https:\/\/www.fcbarcelonanoticias.com\/en\/fc-barcelona\/fcbn-writing-fc-barcelona-news_6_115.html"}]}},"_links":{"self":[{"href":"https:\/\/www.fcbarcelonanoticias.com\/en\/wp-json\/wp\/v2\/posts\/69287","targetHints":{"allow":["GET"]}}],"collection":[{"href":"https:\/\/www.fcbarcelonanoticias.com\/en\/wp-json\/wp\/v2\/posts"}],"about":[{"href":"https:\/\/www.fcbarcelonanoticias.com\/en\/wp-json\/wp\/v2\/types\/post"}],"author":[{"embeddable":true,"href":"https:\/\/www.fcbarcelonanoticias.com\/en\/wp-json\/wp\/v2\/users\/353"}],"replies":[{"embeddable":true,"href":"https:\/\/www.fcbarcelonanoticias.com\/en\/wp-json\/wp\/v2\/comments?post=69287"}],"version-history":[{"count":1,"href":"https:\/\/www.fcbarcelonanoticias.com\/en\/wp-json\/wp\/v2\/posts\/69287\/revisions"}],"predecessor-version":[{"id":120580,"href":"https:\/\/www.fcbarcelonanoticias.com\/en\/wp-json\/wp\/v2\/posts\/69287\/revisions\/120580"}],"wp:featuredmedia":[{"embeddable":true,"href":"https:\/\/www.fcbarcelonanoticias.com\/en\/wp-json\/wp\/v2\/media\/120581"}],"wp:attachment":[{"href":"https:\/\/www.fcbarcelonanoticias.com\/en\/wp-json\/wp\/v2\/media?parent=69287"}],"wp:term":[{"taxonomy":"category","embeddable":true,"href":"https:\/\/www.fcbarcelonanoticias.com\/en\/wp-json\/wp\/v2\/categories?post=69287"},{"taxonomy":"post_tag","embeddable":true,"href":"https:\/\/www.fcbarcelonanoticias.com\/en\/wp-json\/wp\/v2\/tags?post=69287"}],"curies":[{"name":"wp","href":"https:\/\/api.w.org\/{rel}","templated":true}]}}