{"id":6934,"date":"2021-02-16T22:02:00","date_gmt":"2021-02-16T21:02:00","guid":{"rendered":"https:\/\/weisetech.dev\/fc-barcelona-noticias\/en\/viral-tweet-neymar-jr-erased-after-penalti-barca-psg_265361_102\/"},"modified":"2026-03-27T11:45:41","modified_gmt":"2026-03-27T10:45:41","slug":"viral-tweet-neymar-jr-erased-after-penalti-barca-psg_265361_102","status":"publish","type":"post","link":"https:\/\/www.fcbarcelonanoticias.com\/en\/champions-league\/viral-tweet-neymar-jr-erased-after-penalti-barca-psg_265361_102.html","title":{"rendered":"VIRAL: The &#8216;tweet&#8217; that Neymar Jr erased after the penalti of the Bar\u00e7a-PSG"},"content":{"rendered":"<h2 class=\"wp-block-heading\">Neymar Jr didn&#8217;t doubt in criticising through the social media the penalti committed on Frenkie de Jong in the Bar\u00e7a-PSG, that in his opinion did not exist. Shortly after, the Brazilian erased the &#8216;tweet&#8217;<\/h2>  \r\n<div class=\"article-addons\">\r\n    <a href=\"https:\/\/www.fcbarcelonanoticias.com\/en\/calendar-fc-barcelona.html\"\r\n       target=\"_self\"\r\n       title=\"Calendar of FC Barcelona\"\r\n       class=\"blue-gredient-btn\">\r\n       \r\n        Calendar of FC Barcelona    <\/a>\r\n<\/div>   <p><strong><a data-external=\"0\" data-intl-links-en=\"https:\/\/www.fcbarcelonanoticias.com\/en\/international-football\/a-maleficio-threatens-to-neymar-will-have-something-that-see-with_265358_102.html\" data-intl-links-es=\"https:\/\/www.fcbarcelonanoticias.com\/futbol-internacional\/maleficio-acecha-neymar-tendra-algo-ver-con-su-traicion-barca_265358_102.html\" href=\"https:\/\/www.fcbarcelonanoticias.com\/en\/international-football\/a-maleficio-threatens-to-neymar-will-have-something-that-see-with_265358_102.html\" rel=\"follow\" target=\"_self\" title=\"Un 'maleficio' acecha a Neymar: \u00bfTendr\u00e1 algo que ver con su traici\u00f3n al Bar\u00e7a?\">Neymar Jr Could not be present on the lawn<\/a><\/strong> of the Camp Nou to play the Bar\u00e7a-PSG, but without place to doubts followed very attentively the party by television. The Brazilian was attentive to each played and did not doubt to the hour <strong>to criticise openly <a data-external=\"0\" data-intl-links-en=\"https:\/\/www.fcbarcelonanoticias.com\/en\/champions-league\/what-go-on-speaking-in-paris-golazo-of-messi-after-a-cur_265359_102.html\" data-intl-links-es=\"https:\/\/www.fcbarcelonanoticias.com\/champions-league\/que-sigan-hablando-en-paris-golazo-messi-curioso-penalti-jong_265359_102.html\" href=\"https:\/\/www.fcbarcelonanoticias.com\/en\/champions-league\/what-go-on-speaking-in-paris-golazo-of-messi-after-a-cur_265359_102.html\" rel=\"follow\" target=\"_self\" title=\"\u00a1Ni Messi evit\u00f3 el desastre! Golazo del '10' tras un curioso penalti a De Jong\">the penalti signalled in favour of the Bar\u00e7a<\/a> <\/strong>before the first half hour of game, showing convinced that the contact did not exist.<\/p>  <p><strong>&#8220;A prank this penalti&#8221;, wrote the Brazilian star<\/strong>, with several &#8217;emojis&#8217; of laugh, through his account of Twitter. Shortly after, arrepinti\u00f3 and erased the message, surely not to offend neither to the fans of the FC Barcelona and win critical unnecessary.<\/p>  <p>The to publish a message and erase it in a sudden way already know that it never goes out well&#8230; And less treating of somebody so famous like <strong><a data-external=\"0\" data-intl-links-en=\"https:\/\/www.fcbarcelonanoticias.com\/en\/tags\/neymar-jr\" data-intl-links-es=\"https:\/\/www.fcbarcelonanoticias.com\/tags\/neymar-jr\" href=\"https:\/\/www.fcbarcelonanoticias.com\/en\/tags\/neymar-jr.html\" rel=\"follow\" target=\"_self\" title=\"Neymar Jr\">Neymar Jr<\/a><\/strong>. When the Brazilian wanted to erase the message, some fan already had done him a photo to the same, and <strong>the image did not take in running like the gunpowder<\/strong> through the social networks and the media of all the world.<\/p>  <div class=\"media media-image\" data-ck-asset-wrapper=\"\"> <div class=\"media-item\"> <img loading=\"lazy\" decoding=\"async\" alt=\"El 'tweet' que Neymar Jr borr\u00f3\" data-id=\"1243992\" data-resize=\"null\" height=\"400\" src=\"https:\/\/www.fcbarcelonanoticias.com\/wp-content\/uploads\/sites\/2\/2021\/02\/fcbn-c68393e0e46eb53796398fc55fa91387.jpeg\" title=\"El 'tweet' que Neymar Jr borr\u00f3\" width=\"966\"><div class=\"media-title\">The &#8216;tweet&#8217; that Neymar Jr erased<\/div> <\/div> <\/div>  <p>Regarding the played in question, fits to highlight that <strong>it is very controversial and leaves quite a lot of doubts<\/strong>, being complicated to resolve. It can that there is contact, but is also very likely that the player of the PSG do not see to Of Jong, that never can arrive to the ball and could have left fall.<\/p>  <p>Also it exists the option that <strong>the Dutch midfield player trip he only while it pursues the balloon<\/strong>, already conscious that it never will arrive to reach it. It was as it was, the question is that Bj\u00f6rn Kuipers decided to signal the maximum penalty and, when treating of a played doubtful, from <strong>the VAR<\/strong> did not want to rectify the criterion of the referee, that besides found very near of the scene when Of Jong fell.<\/p>  <h3>The goal of Messi did not serve of at all<\/h3>  <p><strong>The goal of penalti marked by Leo Messi, anyway, was barren<\/strong>. The PSG empat\u00f3 five minutes afterwards by means of Kylian Mbapp\u00e9, and from then the party was totally costs up for the ones of Koeman and slope down for the ones of Pochettino. Paris Saint-Germain happened entirely by on to the Bar\u00e7a, especially in the second half, and the 1-4 definite leaves the eliminatory almost resolved for the French.<\/p> ","protected":false},"excerpt":{"rendered":"<p>Neymar Jr didn&#8217;t doubt in criticising through the social media the penalti committed on Frenkie de Jong in the Bar\u00e7a-PSG, that in his opinion did not exist. Shortly after, the Brazilian erased the &#8216;tweet&#8217; Neymar Jr Could not be present on the lawn of the Camp Nou to play the Bar\u00e7a-PSG, but without place to [&hellip;]<\/p>\n","protected":false},"author":366,"featured_media":6935,"comment_status":"closed","ping_status":"open","sticky":false,"template":"","format":"standard","meta":{"_acf_changed":false,"inline_featured_image":false,"_nextfly_llmd_date_locked":false,"footnotes":""},"categories":[447,112],"tags":[165,143,88,190],"class_list":["post-6934","post","type-post","status-publish","format-standard","has-post-thumbnail","hentry","category-champions-league-2","category-champions-league","tag-internet","tag-neymar-jr","tag-paris-saint-germain","tag-referees"],"acf":[],"yoast_head":"<!-- This site is optimized with the Yoast SEO plugin v27.3 - https:\/\/yoast.com\/product\/yoast-seo-wordpress\/ -->\n<title>VIRAL: The &#039;tweet&#039; that Neymar Jr erased after the penalti of the Bar\u00e7a-PSG<\/title>\n<meta name=\"description\" content=\"Neymar Jr didn&#039;t doubt in criticising through the social media the penalti committed on Frenkie de Jong in the Bar\u00e7a-PSG, that in his opinion did not exist. Shortly after, the Brazilian erased the &#039;tweet&#039;\" \/>\n<meta name=\"robots\" content=\"index, follow, max-snippet:-1, max-image-preview:large, max-video-preview:-1\" \/>\n<link rel=\"canonical\" href=\"https:\/\/www.fcbarcelonanoticias.com\/en\/champions-league\/viral-tweet-neymar-jr-erased-after-penalti-barca-psg_265361_102.html\" \/>\n<meta property=\"og:locale\" content=\"en_US\" \/>\n<meta property=\"og:type\" content=\"article\" \/>\n<meta property=\"og:title\" content=\"VIRAL: The &#039;tweet&#039; that Neymar Jr erased after the penalti of the Bar\u00e7a-PSG\" \/>\n<meta property=\"og:description\" content=\"Neymar Jr didn&#039;t doubt in criticising through the social media the penalti committed on Frenkie de Jong in the Bar\u00e7a-PSG, that in his opinion did not exist. Shortly after, the Brazilian erased the &#039;tweet&#039;\" \/>\n<meta property=\"og:url\" content=\"https:\/\/www.fcbarcelonanoticias.com\/en\/champions-league\/viral-tweet-neymar-jr-erased-after-penalti-barca-psg_265361_102.html\" \/>\n<meta property=\"og:site_name\" content=\"EN - FC Barcelona Noticias\" \/>\n<meta property=\"article:published_time\" content=\"2021-02-16T21:02:00+00:00\" \/>\n<meta property=\"article:modified_time\" content=\"2026-03-27T10:45:41+00:00\" \/>\n<meta property=\"og:image\" content=\"https:\/\/www.fcbarcelonanoticias.com\/en\/wp-content\/uploads\/sites\/2\/2021\/02\/neymar-arbitro.jpeg\" \/>\n\t<meta property=\"og:image:width\" content=\"1200\" \/>\n\t<meta property=\"og:image:height\" content=\"675\" \/>\n\t<meta property=\"og:image:type\" content=\"image\/jpeg\" \/>\n<meta name=\"author\" content=\"Carlos Dom\u00ednguez\" \/>\n<meta name=\"twitter:card\" content=\"summary_large_image\" \/>\n<meta name=\"twitter:label1\" content=\"Written by\" \/>\n\t<meta name=\"twitter:data1\" content=\"Carlos Dom\u00ednguez\" \/>\n\t<meta name=\"twitter:label2\" content=\"Est. reading time\" \/>\n\t<meta name=\"twitter:data2\" content=\"2 minutes\" \/>\n<script type=\"application\/ld+json\" class=\"yoast-schema-graph\">{\"@context\":\"https:\\\/\\\/schema.org\",\"@graph\":[{\"@type\":\"Article\",\"@id\":\"https:\\\/\\\/www.fcbarcelonanoticias.com\\\/en\\\/champions-league\\\/viral-tweet-neymar-jr-erased-after-penalti-barca-psg_265361_102.html#article\",\"isPartOf\":{\"@id\":\"https:\\\/\\\/www.fcbarcelonanoticias.com\\\/en\\\/champions-league\\\/viral-tweet-neymar-jr-erased-after-penalti-barca-psg_265361_102.html\"},\"author\":{\"name\":\"Carlos Dom\u00ednguez\",\"@id\":\"https:\\\/\\\/www.fcbarcelonanoticias.com\\\/en\\\/#\\\/schema\\\/person\\\/888e29b17b79c70d1c617d8a7bc9b8c6\"},\"headline\":\"VIRAL: The &#8216;tweet&#8217; that Neymar Jr erased after the penalti of the Bar\u00e7a-PSG\",\"datePublished\":\"2021-02-16T21:02:00+00:00\",\"dateModified\":\"2026-03-27T10:45:41+00:00\",\"mainEntityOfPage\":{\"@id\":\"https:\\\/\\\/www.fcbarcelonanoticias.com\\\/en\\\/champions-league\\\/viral-tweet-neymar-jr-erased-after-penalti-barca-psg_265361_102.html\"},\"wordCount\":457,\"image\":{\"@id\":\"https:\\\/\\\/www.fcbarcelonanoticias.com\\\/en\\\/champions-league\\\/viral-tweet-neymar-jr-erased-after-penalti-barca-psg_265361_102.html#primaryimage\"},\"thumbnailUrl\":\"https:\\\/\\\/www.fcbarcelonanoticias.com\\\/en\\\/wp-content\\\/uploads\\\/sites\\\/2\\\/2021\\\/02\\\/neymar-arbitro.jpeg\",\"keywords\":[\"Internet\",\"Neymar Jr\",\"Paris Saint-Germain\",\"Referees\"],\"articleSection\":[\"Champions League\",\"Champions League\"],\"inLanguage\":\"en-US\"},{\"@type\":\"WebPage\",\"@id\":\"https:\\\/\\\/www.fcbarcelonanoticias.com\\\/en\\\/champions-league\\\/viral-tweet-neymar-jr-erased-after-penalti-barca-psg_265361_102.html\",\"url\":\"https:\\\/\\\/www.fcbarcelonanoticias.com\\\/en\\\/champions-league\\\/viral-tweet-neymar-jr-erased-after-penalti-barca-psg_265361_102.html\",\"name\":\"VIRAL: The 'tweet' that Neymar Jr erased after the penalti of the Bar\u00e7a-PSG\",\"isPartOf\":{\"@id\":\"https:\\\/\\\/www.fcbarcelonanoticias.com\\\/en\\\/#website\"},\"primaryImageOfPage\":{\"@id\":\"https:\\\/\\\/www.fcbarcelonanoticias.com\\\/en\\\/champions-league\\\/viral-tweet-neymar-jr-erased-after-penalti-barca-psg_265361_102.html#primaryimage\"},\"image\":{\"@id\":\"https:\\\/\\\/www.fcbarcelonanoticias.com\\\/en\\\/champions-league\\\/viral-tweet-neymar-jr-erased-after-penalti-barca-psg_265361_102.html#primaryimage\"},\"thumbnailUrl\":\"https:\\\/\\\/www.fcbarcelonanoticias.com\\\/en\\\/wp-content\\\/uploads\\\/sites\\\/2\\\/2021\\\/02\\\/neymar-arbitro.jpeg\",\"datePublished\":\"2021-02-16T21:02:00+00:00\",\"dateModified\":\"2026-03-27T10:45:41+00:00\",\"author\":{\"@id\":\"https:\\\/\\\/www.fcbarcelonanoticias.com\\\/en\\\/#\\\/schema\\\/person\\\/888e29b17b79c70d1c617d8a7bc9b8c6\"},\"description\":\"Neymar Jr didn't doubt in criticising through the social media the penalti committed on Frenkie de Jong in the Bar\u00e7a-PSG, that in his opinion did not exist. Shortly after, the Brazilian erased the 'tweet'\",\"breadcrumb\":{\"@id\":\"https:\\\/\\\/www.fcbarcelonanoticias.com\\\/en\\\/champions-league\\\/viral-tweet-neymar-jr-erased-after-penalti-barca-psg_265361_102.html#breadcrumb\"},\"inLanguage\":\"en-US\",\"potentialAction\":[{\"@type\":\"ReadAction\",\"target\":[\"https:\\\/\\\/www.fcbarcelonanoticias.com\\\/en\\\/champions-league\\\/viral-tweet-neymar-jr-erased-after-penalti-barca-psg_265361_102.html\"]}]},{\"@type\":\"ImageObject\",\"inLanguage\":\"en-US\",\"@id\":\"https:\\\/\\\/www.fcbarcelonanoticias.com\\\/en\\\/champions-league\\\/viral-tweet-neymar-jr-erased-after-penalti-barca-psg_265361_102.html#primaryimage\",\"url\":\"https:\\\/\\\/www.fcbarcelonanoticias.com\\\/en\\\/wp-content\\\/uploads\\\/sites\\\/2\\\/2021\\\/02\\\/neymar-arbitro.jpeg\",\"contentUrl\":\"https:\\\/\\\/www.fcbarcelonanoticias.com\\\/en\\\/wp-content\\\/uploads\\\/sites\\\/2\\\/2021\\\/02\\\/neymar-arbitro.jpeg\",\"width\":1200,\"height\":675},{\"@type\":\"BreadcrumbList\",\"@id\":\"https:\\\/\\\/www.fcbarcelonanoticias.com\\\/en\\\/champions-league\\\/viral-tweet-neymar-jr-erased-after-penalti-barca-psg_265361_102.html#breadcrumb\",\"itemListElement\":[{\"@type\":\"ListItem\",\"position\":1,\"name\":\"Portada\",\"item\":\"https:\\\/\\\/www.fcbarcelonanoticias.com\\\/en\\\/\"},{\"@type\":\"ListItem\",\"position\":2,\"name\":\"VIRAL: The &#8216;tweet&#8217; that Neymar Jr erased after the penalti of the Bar\u00e7a-PSG\"}]},{\"@type\":\"WebSite\",\"@id\":\"https:\\\/\\\/www.fcbarcelonanoticias.com\\\/en\\\/#website\",\"url\":\"https:\\\/\\\/www.fcbarcelonanoticias.com\\\/en\\\/\",\"name\":\"EN - FC Barcelona Noticias\",\"description\":\"\",\"potentialAction\":[{\"@type\":\"SearchAction\",\"target\":{\"@type\":\"EntryPoint\",\"urlTemplate\":\"https:\\\/\\\/www.fcbarcelonanoticias.com\\\/en\\\/?s={search_term_string}\"},\"query-input\":{\"@type\":\"PropertyValueSpecification\",\"valueRequired\":true,\"valueName\":\"search_term_string\"}}],\"inLanguage\":\"en-US\"},{\"@type\":\"Person\",\"@id\":\"https:\\\/\\\/www.fcbarcelonanoticias.com\\\/en\\\/#\\\/schema\\\/person\\\/888e29b17b79c70d1c617d8a7bc9b8c6\",\"name\":\"Carlos Dom\u00ednguez\",\"image\":{\"@type\":\"ImageObject\",\"inLanguage\":\"en-US\",\"@id\":\"https:\\\/\\\/secure.gravatar.com\\\/avatar\\\/?s=96&d=mm&r=g\",\"url\":\"https:\\\/\\\/secure.gravatar.com\\\/avatar\\\/?s=96&d=mm&r=g\",\"contentUrl\":\"https:\\\/\\\/secure.gravatar.com\\\/avatar\\\/?s=96&d=mm&r=g\",\"caption\":\"Carlos Dom\u00ednguez\"},\"url\":\"https:\\\/\\\/www.fcbarcelonanoticias.com\\\/en\\\/carlos-dominguez_2_115.html\"}]}<\/script>\n<!-- \/ Yoast SEO plugin. -->","yoast_head_json":{"title":"VIRAL: The 'tweet' that Neymar Jr erased after the penalti of the Bar\u00e7a-PSG","description":"Neymar Jr didn't doubt in criticising through the social media the penalti committed on Frenkie de Jong in the Bar\u00e7a-PSG, that in his opinion did not exist. Shortly after, the Brazilian erased the 'tweet'","robots":{"index":"index","follow":"follow","max-snippet":"max-snippet:-1","max-image-preview":"max-image-preview:large","max-video-preview":"max-video-preview:-1"},"canonical":"https:\/\/www.fcbarcelonanoticias.com\/en\/champions-league\/viral-tweet-neymar-jr-erased-after-penalti-barca-psg_265361_102.html","og_locale":"en_US","og_type":"article","og_title":"VIRAL: The 'tweet' that Neymar Jr erased after the penalti of the Bar\u00e7a-PSG","og_description":"Neymar Jr didn't doubt in criticising through the social media the penalti committed on Frenkie de Jong in the Bar\u00e7a-PSG, that in his opinion did not exist. Shortly after, the Brazilian erased the 'tweet'","og_url":"https:\/\/www.fcbarcelonanoticias.com\/en\/champions-league\/viral-tweet-neymar-jr-erased-after-penalti-barca-psg_265361_102.html","og_site_name":"EN - FC Barcelona Noticias","article_published_time":"2021-02-16T21:02:00+00:00","article_modified_time":"2026-03-27T10:45:41+00:00","og_image":[{"width":1200,"height":675,"url":"https:\/\/www.fcbarcelonanoticias.com\/en\/wp-content\/uploads\/sites\/2\/2021\/02\/neymar-arbitro.jpeg","type":"image\/jpeg"}],"author":"Carlos Dom\u00ednguez","twitter_card":"summary_large_image","twitter_misc":{"Written by":"Carlos Dom\u00ednguez","Est. reading time":"2 minutes"},"schema":{"@context":"https:\/\/schema.org","@graph":[{"@type":"Article","@id":"https:\/\/www.fcbarcelonanoticias.com\/en\/champions-league\/viral-tweet-neymar-jr-erased-after-penalti-barca-psg_265361_102.html#article","isPartOf":{"@id":"https:\/\/www.fcbarcelonanoticias.com\/en\/champions-league\/viral-tweet-neymar-jr-erased-after-penalti-barca-psg_265361_102.html"},"author":{"name":"Carlos Dom\u00ednguez","@id":"https:\/\/www.fcbarcelonanoticias.com\/en\/#\/schema\/person\/888e29b17b79c70d1c617d8a7bc9b8c6"},"headline":"VIRAL: The &#8216;tweet&#8217; that Neymar Jr erased after the penalti of the Bar\u00e7a-PSG","datePublished":"2021-02-16T21:02:00+00:00","dateModified":"2026-03-27T10:45:41+00:00","mainEntityOfPage":{"@id":"https:\/\/www.fcbarcelonanoticias.com\/en\/champions-league\/viral-tweet-neymar-jr-erased-after-penalti-barca-psg_265361_102.html"},"wordCount":457,"image":{"@id":"https:\/\/www.fcbarcelonanoticias.com\/en\/champions-league\/viral-tweet-neymar-jr-erased-after-penalti-barca-psg_265361_102.html#primaryimage"},"thumbnailUrl":"https:\/\/www.fcbarcelonanoticias.com\/en\/wp-content\/uploads\/sites\/2\/2021\/02\/neymar-arbitro.jpeg","keywords":["Internet","Neymar Jr","Paris Saint-Germain","Referees"],"articleSection":["Champions League","Champions League"],"inLanguage":"en-US"},{"@type":"WebPage","@id":"https:\/\/www.fcbarcelonanoticias.com\/en\/champions-league\/viral-tweet-neymar-jr-erased-after-penalti-barca-psg_265361_102.html","url":"https:\/\/www.fcbarcelonanoticias.com\/en\/champions-league\/viral-tweet-neymar-jr-erased-after-penalti-barca-psg_265361_102.html","name":"VIRAL: The 'tweet' that Neymar Jr erased after the penalti of the Bar\u00e7a-PSG","isPartOf":{"@id":"https:\/\/www.fcbarcelonanoticias.com\/en\/#website"},"primaryImageOfPage":{"@id":"https:\/\/www.fcbarcelonanoticias.com\/en\/champions-league\/viral-tweet-neymar-jr-erased-after-penalti-barca-psg_265361_102.html#primaryimage"},"image":{"@id":"https:\/\/www.fcbarcelonanoticias.com\/en\/champions-league\/viral-tweet-neymar-jr-erased-after-penalti-barca-psg_265361_102.html#primaryimage"},"thumbnailUrl":"https:\/\/www.fcbarcelonanoticias.com\/en\/wp-content\/uploads\/sites\/2\/2021\/02\/neymar-arbitro.jpeg","datePublished":"2021-02-16T21:02:00+00:00","dateModified":"2026-03-27T10:45:41+00:00","author":{"@id":"https:\/\/www.fcbarcelonanoticias.com\/en\/#\/schema\/person\/888e29b17b79c70d1c617d8a7bc9b8c6"},"description":"Neymar Jr didn't doubt in criticising through the social media the penalti committed on Frenkie de Jong in the Bar\u00e7a-PSG, that in his opinion did not exist. Shortly after, the Brazilian erased the 'tweet'","breadcrumb":{"@id":"https:\/\/www.fcbarcelonanoticias.com\/en\/champions-league\/viral-tweet-neymar-jr-erased-after-penalti-barca-psg_265361_102.html#breadcrumb"},"inLanguage":"en-US","potentialAction":[{"@type":"ReadAction","target":["https:\/\/www.fcbarcelonanoticias.com\/en\/champions-league\/viral-tweet-neymar-jr-erased-after-penalti-barca-psg_265361_102.html"]}]},{"@type":"ImageObject","inLanguage":"en-US","@id":"https:\/\/www.fcbarcelonanoticias.com\/en\/champions-league\/viral-tweet-neymar-jr-erased-after-penalti-barca-psg_265361_102.html#primaryimage","url":"https:\/\/www.fcbarcelonanoticias.com\/en\/wp-content\/uploads\/sites\/2\/2021\/02\/neymar-arbitro.jpeg","contentUrl":"https:\/\/www.fcbarcelonanoticias.com\/en\/wp-content\/uploads\/sites\/2\/2021\/02\/neymar-arbitro.jpeg","width":1200,"height":675},{"@type":"BreadcrumbList","@id":"https:\/\/www.fcbarcelonanoticias.com\/en\/champions-league\/viral-tweet-neymar-jr-erased-after-penalti-barca-psg_265361_102.html#breadcrumb","itemListElement":[{"@type":"ListItem","position":1,"name":"Portada","item":"https:\/\/www.fcbarcelonanoticias.com\/en\/"},{"@type":"ListItem","position":2,"name":"VIRAL: The &#8216;tweet&#8217; that Neymar Jr erased after the penalti of the Bar\u00e7a-PSG"}]},{"@type":"WebSite","@id":"https:\/\/www.fcbarcelonanoticias.com\/en\/#website","url":"https:\/\/www.fcbarcelonanoticias.com\/en\/","name":"EN - FC Barcelona Noticias","description":"","potentialAction":[{"@type":"SearchAction","target":{"@type":"EntryPoint","urlTemplate":"https:\/\/www.fcbarcelonanoticias.com\/en\/?s={search_term_string}"},"query-input":{"@type":"PropertyValueSpecification","valueRequired":true,"valueName":"search_term_string"}}],"inLanguage":"en-US"},{"@type":"Person","@id":"https:\/\/www.fcbarcelonanoticias.com\/en\/#\/schema\/person\/888e29b17b79c70d1c617d8a7bc9b8c6","name":"Carlos Dom\u00ednguez","image":{"@type":"ImageObject","inLanguage":"en-US","@id":"https:\/\/secure.gravatar.com\/avatar\/?s=96&d=mm&r=g","url":"https:\/\/secure.gravatar.com\/avatar\/?s=96&d=mm&r=g","contentUrl":"https:\/\/secure.gravatar.com\/avatar\/?s=96&d=mm&r=g","caption":"Carlos Dom\u00ednguez"},"url":"https:\/\/www.fcbarcelonanoticias.com\/en\/carlos-dominguez_2_115.html"}]}},"_links":{"self":[{"href":"https:\/\/www.fcbarcelonanoticias.com\/en\/wp-json\/wp\/v2\/posts\/6934","targetHints":{"allow":["GET"]}}],"collection":[{"href":"https:\/\/www.fcbarcelonanoticias.com\/en\/wp-json\/wp\/v2\/posts"}],"about":[{"href":"https:\/\/www.fcbarcelonanoticias.com\/en\/wp-json\/wp\/v2\/types\/post"}],"author":[{"embeddable":true,"href":"https:\/\/www.fcbarcelonanoticias.com\/en\/wp-json\/wp\/v2\/users\/366"}],"replies":[{"embeddable":true,"href":"https:\/\/www.fcbarcelonanoticias.com\/en\/wp-json\/wp\/v2\/comments?post=6934"}],"version-history":[{"count":2,"href":"https:\/\/www.fcbarcelonanoticias.com\/en\/wp-json\/wp\/v2\/posts\/6934\/revisions"}],"predecessor-version":[{"id":162369,"href":"https:\/\/www.fcbarcelonanoticias.com\/en\/wp-json\/wp\/v2\/posts\/6934\/revisions\/162369"}],"wp:featuredmedia":[{"embeddable":true,"href":"https:\/\/www.fcbarcelonanoticias.com\/en\/wp-json\/wp\/v2\/media\/6935"}],"wp:attachment":[{"href":"https:\/\/www.fcbarcelonanoticias.com\/en\/wp-json\/wp\/v2\/media?parent=6934"}],"wp:term":[{"taxonomy":"category","embeddable":true,"href":"https:\/\/www.fcbarcelonanoticias.com\/en\/wp-json\/wp\/v2\/categories?post=6934"},{"taxonomy":"post_tag","embeddable":true,"href":"https:\/\/www.fcbarcelonanoticias.com\/en\/wp-json\/wp\/v2\/tags?post=6934"}],"curies":[{"name":"wp","href":"https:\/\/api.w.org\/{rel}","templated":true}]}}