{"id":69379,"date":"2020-03-13T16:27:00","date_gmt":"2020-03-13T15:27:00","guid":{"rendered":"https:\/\/weisetech.dev\/fc-barcelona-noticias\/en\/barcelona-would-have-already-chosen-its-targets-for-next-season_256150_102\/"},"modified":"2026-04-16T09:12:05","modified_gmt":"2026-04-16T07:12:05","slug":"barcelona-would-have-already-chosen-its-targets-for-next-season_256150_102","status":"publish","type":"post","link":"https:\/\/www.fcbarcelonanoticias.com\/en\/players\/barcelona-would-have-already-chosen-its-targets-for-next-season_256150_102.html","title":{"rendered":"Bar\u00e7a would have alrady chosen its targets for the next season"},"content":{"rendered":"<h2 class=\"wp-block-heading\">Bar\u00e7a is planning a major reform of the squad in the summer 2020, and its sports planning is progressing at a good pace. The catalans would have already chosen their targets for the 2020-21 season<\/h2>  \r\n<div class=\"article-addons\">\r\n    <a href=\"https:\/\/www.fcbarcelonanoticias.com\/en\/calendar-fc-barcelona.html\"\r\n       target=\"_self\"\r\n       title=\"Calendar of FC Barcelona\"\r\n       class=\"blue-gredient-btn\">\r\n       \r\n        Calendar of FC Barcelona    <\/a>\r\n<\/div>   <p><strong>The summer 2020 is marked in red in the calendar of the <a data-external=\"0\" data-intl-links-en=\"https:\/\/www.fcbarcelonanoticias.com\/en\/players\/dream-team-barcelona-could-build-for-2020-21-season_255987_102.html\" data-intl-links-es=\"https:\/\/www.fcbarcelonanoticias.com\/jugadores\/equipo-ensueno-podria-construir-barcelona-temporada-2020-21_255987_102.html\" href=\"https:\/\/www.fcbarcelonanoticias.com\/en\/players\/dream-team-barcelona-could-build-for-2020-21-season_255987_102.html\" rel=\"follow\" target=\"_self\" title=\"El equipo de ensue\u00f1o que podr\u00eda construir el Bar\u00e7a para la temporada 2020-21\">FC Barcelona, that will face a deep reform of his team<\/a><\/strong>. The campaign 2019-20 has left bad feelings in the City Condal, where there has been numerous problems caused by a deficient planning and a plague of injuries. The intention is to react what before, and therefore already it has advanced a lot of work in the dispatches of the Camp Nou.<\/p>  <p>As &#8216;Sportive World&#8217;, <strong>the Barcelona already have chosen to his aims for the next season<\/strong>, in which it pretends rejuvenate the staff without losing an indispensable quality in the fight by the titles. Only exceptions like Leo Messi, Sergio Busquets or Gerard Hammered could rid of the selection, especially by his value like referents of the Masia and by his influence like leaders of the changing room -the three are captains-.<\/p>  <p><strong>Josep Maria Bartomeu, \u00c9ric Abidal and <a data-external=\"0\" data-intl-links-en=\"https:\/\/www.fcbarcelonanoticias.com\/en\/tags\/quique-setien\" data-intl-links-es=\"https:\/\/www.fcbarcelonanoticias.com\/tags\/quique-setien\" href=\"https:\/\/www.fcbarcelonanoticias.com\/en\/tags\/quique-setien.html\" rel=\"follow\" target=\"_self\" title=\"Quique Seti\u00e9n\">Quique Seti\u00e9n<\/a> form a key axis for the planning, in spite of that two of them are loomed <\/strong>and to the president remains him little more than a year before the elections. The trainer is decided to show that it deserves continuiar at the head of the group, and has not done any concrete request to a technical secretary that follows advancing work although it could be relieved prompt. The m\u00edster, this yes, has given the seen well to the candidates to reinforce to the first team -also exist pending accounts in the filial and inferior categories-.<\/p>  <p><strong>The neediest line is the forward, in which they stand out names like <a data-external=\"0\" data-intl-links-en=\"https:\/\/www.fcbarcelonanoticias.com\/en\/transfers\/italy-take-for-granted-that-lautaro-martinez-will-sign-for-barcelona_256148_102.html\" data-intl-links-es=\"https:\/\/www.fcbarcelonanoticias.com\/fichajes\/italia-dan-por-hecho-que-lautaro-martinez-fichara-por-barcelona_256148_102.html\" href=\"https:\/\/www.fcbarcelonanoticias.com\/en\/transfers\/italy-take-for-granted-that-lautaro-martinez-will-sign-for-barcelona_256148_102.html\" rel=\"follow\" target=\"_self\" title=\"En Italia dan por hecho que Lautaro Mart\u00ednez fichar\u00e1 por el Bar\u00e7a\">Lautaro Mart\u00ednez<\/a>, <a data-external=\"0\" data-intl-links-en=\"https:\/\/www.fcbarcelonanoticias.com\/en\/tags\/neymar-jr\" data-intl-links-es=\"https:\/\/www.fcbarcelonanoticias.com\/tags\/neymar-jr\" href=\"https:\/\/www.fcbarcelonanoticias.com\/en\/tags\/neymar-jr.html\" rel=\"follow\" target=\"_self\" title=\"Neymar Jr\">Neymar<\/a> and Swindle Werner<\/strong>. The 60 million euros that marks the clause of rescission of the German turn him into the most affordable, although it is complicated because the competition is fierce and the youngster is leaving want to by the Premier League. The one of the Argentinian rises to 111 million euros, a much higher price but perhaps with a convencimiento a lot greater, as the one of the Brazilian, priced in 180 by a PSG that does not walk with detours.<\/p>  <p><strong>The defence also is opened to retouchings, that could be more or less sounded in function of the decisions that take <\/strong>. As in the case of Luis Su\u00e1rez, does fault an heir for Hammered, that would be the relative priority to this plot. With Cl\u00e9ment Lenglet consolidated, also will be necessary &#8216;wet&#8217; with Samuel Umtiti, that could finish traspasado to pay to a less irregular spare and with greater confidence in his physical conditions. With the left side apuntalado, the right could reorganise if N\u00e9lson Semedo goes in in some operation.<\/p>  <p><strong>Finally, the centre of the field and the goal do not present needs so urgent, although they will depend on the movements in summer<\/strong>. Arturo Vidal and Ivan Rakitic will be sales almost safe, and touches to check if with the promotions of the filial is sufficient or also would be convenient to bet by some incorporation. Under sticks, is underlined in red the renewal of Marc-Andr\u00e9 ter Stegen, that could continue back by Net Walled if it does not find a better alternative for the Brazilian.<\/p>  <h3>The operation gone out will be key for the Bar\u00e7a<\/h3>  <p><strong>Although the signings are what calls more the attention, the operation gone out will be vital for the Bar\u00e7a<\/strong>, that to square his balances and not having economic problems would have to sell by an upper value to the 100 million euros, a quantity that already began to cover in the past wintry window. That is not his only obligation, since to fatten the budget will have to plant to some of his stars.<\/p>  <p><strong>The options of the Barcelona by Lautaro, Neymar and other could depend on <a data-external=\"1\" href=\"https:\/\/www.fcbarcelonanoticias.com\/jugadores-fcbarcelona.html\" rel=\"nofollow\" target=\"_blank\" title=\"c\u00f3mo muevan sus piezas\">how move his pieces<\/a><\/strong>, since there are footballers very expensive, although something come to less, by which could take out a good bunch of millions. The clearest example is Philippe Coutinho by which looks for a minimum of 80 &#8216;kilos&#8217;, but also will be necessary to be very attentive to the future of Ousmane Demb\u00e9l\u00e9 and even to the of Antoine Griezmann.<\/p> ","protected":false},"excerpt":{"rendered":"<p>Bar\u00e7a is planning a major reform of the squad in the summer 2020, and its sports planning is progressing at a good pace. The catalans would have already chosen their targets for the 2020-21 season The summer 2020 is marked in red in the calendar of the FC Barcelona, that will face a deep reform [&hellip;]<\/p>\n","protected":false},"author":392,"featured_media":12489,"comment_status":"closed","ping_status":"open","sticky":false,"template":"","format":"standard","meta":{"_acf_changed":false,"inline_featured_image":false,"_nextfly_llmd_date_locked":false,"footnotes":""},"categories":[453,107],"tags":[360,468,333,208],"class_list":["post-69379","post","type-post","status-publish","format-standard","has-post-thumbnail","hentry","category-players-2","category-players","tag-abidal","tag-abidal-2","tag-josep-maria-bartomeu","tag-quique-setien"],"acf":[],"yoast_head":"<!-- This site is optimized with the Yoast SEO plugin v27.3 - https:\/\/yoast.com\/product\/yoast-seo-wordpress\/ -->\n<title>Bar\u00e7a would have alrady chosen its targets for the next season<\/title>\n<meta name=\"description\" content=\"The Bar\u00e7a has foreseen an important reform of the staff in the summer 2020, and his sportive planning advances to good rhythm. The Catalans already would have...\" \/>\n<meta name=\"robots\" content=\"index, follow, max-snippet:-1, max-image-preview:large, max-video-preview:-1\" \/>\n<link rel=\"canonical\" href=\"https:\/\/www.fcbarcelonanoticias.com\/en\/players\/barcelona-would-have-already-chosen-its-targets-for-next-season_256150_102.html\" \/>\n<meta property=\"og:locale\" content=\"en_US\" \/>\n<meta property=\"og:type\" content=\"article\" \/>\n<meta property=\"og:title\" content=\"Bar\u00e7a would have alrady chosen its targets for the next season\" \/>\n<meta property=\"og:description\" content=\"The Bar\u00e7a has foreseen an important reform of the staff in the summer 2020, and his sportive planning advances to good rhythm. The Catalans already would have...\" \/>\n<meta property=\"og:url\" content=\"https:\/\/www.fcbarcelonanoticias.com\/en\/players\/barcelona-would-have-already-chosen-its-targets-for-next-season_256150_102.html\" \/>\n<meta property=\"og:site_name\" content=\"EN - FC Barcelona Noticias\" \/>\n<meta property=\"article:published_time\" content=\"2020-03-13T15:27:00+00:00\" \/>\n<meta property=\"article:modified_time\" content=\"2026-04-16T07:12:05+00:00\" \/>\n<meta property=\"og:image\" content=\"https:\/\/www.fcbarcelonanoticias.com\/en\/wp-content\/uploads\/sites\/2\/2020\/02\/setie-n-bartomeu-y-abidal.jpeg\" \/>\n\t<meta property=\"og:image:width\" content=\"1200\" \/>\n\t<meta property=\"og:image:height\" content=\"682\" \/>\n\t<meta property=\"og:image:type\" content=\"image\/jpeg\" \/>\n<meta name=\"author\" content=\"user_4048\" \/>\n<meta name=\"twitter:card\" content=\"summary_large_image\" \/>\n<meta name=\"twitter:label1\" content=\"Written by\" \/>\n\t<meta name=\"twitter:data1\" content=\"user_4048\" \/>\n\t<meta name=\"twitter:label2\" content=\"Est. reading time\" \/>\n\t<meta name=\"twitter:data2\" content=\"4 minutes\" \/>\n<script type=\"application\/ld+json\" class=\"yoast-schema-graph\">{\"@context\":\"https:\\\/\\\/schema.org\",\"@graph\":[{\"@type\":\"Article\",\"@id\":\"https:\\\/\\\/www.fcbarcelonanoticias.com\\\/en\\\/players\\\/barcelona-would-have-already-chosen-its-targets-for-next-season_256150_102.html#article\",\"isPartOf\":{\"@id\":\"https:\\\/\\\/www.fcbarcelonanoticias.com\\\/en\\\/players\\\/barcelona-would-have-already-chosen-its-targets-for-next-season_256150_102.html\"},\"author\":{\"name\":\"user_4048\",\"@id\":\"https:\\\/\\\/www.fcbarcelonanoticias.com\\\/en\\\/#\\\/schema\\\/person\\\/fcdad55cab72b8d0e106d75506783b6d\"},\"headline\":\"Bar\u00e7a would have alrady chosen its targets for the next season\",\"datePublished\":\"2020-03-13T15:27:00+00:00\",\"dateModified\":\"2026-04-16T07:12:05+00:00\",\"mainEntityOfPage\":{\"@id\":\"https:\\\/\\\/www.fcbarcelonanoticias.com\\\/en\\\/players\\\/barcelona-would-have-already-chosen-its-targets-for-next-season_256150_102.html\"},\"wordCount\":733,\"image\":{\"@id\":\"https:\\\/\\\/www.fcbarcelonanoticias.com\\\/en\\\/players\\\/barcelona-would-have-already-chosen-its-targets-for-next-season_256150_102.html#primaryimage\"},\"thumbnailUrl\":\"https:\\\/\\\/www.fcbarcelonanoticias.com\\\/en\\\/wp-content\\\/uploads\\\/sites\\\/2\\\/2020\\\/02\\\/setie-n-bartomeu-y-abidal.jpeg\",\"keywords\":[\"Abidal\",\"Abidal\",\"Josep Maria Bartomeu\",\"Quique Seti\u00e9n\"],\"articleSection\":[\"Players\",\"Players\"],\"inLanguage\":\"en-US\"},{\"@type\":\"WebPage\",\"@id\":\"https:\\\/\\\/www.fcbarcelonanoticias.com\\\/en\\\/players\\\/barcelona-would-have-already-chosen-its-targets-for-next-season_256150_102.html\",\"url\":\"https:\\\/\\\/www.fcbarcelonanoticias.com\\\/en\\\/players\\\/barcelona-would-have-already-chosen-its-targets-for-next-season_256150_102.html\",\"name\":\"Bar\u00e7a would have alrady chosen its targets for the next season\",\"isPartOf\":{\"@id\":\"https:\\\/\\\/www.fcbarcelonanoticias.com\\\/en\\\/#website\"},\"primaryImageOfPage\":{\"@id\":\"https:\\\/\\\/www.fcbarcelonanoticias.com\\\/en\\\/players\\\/barcelona-would-have-already-chosen-its-targets-for-next-season_256150_102.html#primaryimage\"},\"image\":{\"@id\":\"https:\\\/\\\/www.fcbarcelonanoticias.com\\\/en\\\/players\\\/barcelona-would-have-already-chosen-its-targets-for-next-season_256150_102.html#primaryimage\"},\"thumbnailUrl\":\"https:\\\/\\\/www.fcbarcelonanoticias.com\\\/en\\\/wp-content\\\/uploads\\\/sites\\\/2\\\/2020\\\/02\\\/setie-n-bartomeu-y-abidal.jpeg\",\"datePublished\":\"2020-03-13T15:27:00+00:00\",\"dateModified\":\"2026-04-16T07:12:05+00:00\",\"author\":{\"@id\":\"https:\\\/\\\/www.fcbarcelonanoticias.com\\\/en\\\/#\\\/schema\\\/person\\\/fcdad55cab72b8d0e106d75506783b6d\"},\"description\":\"The Bar\u00e7a has foreseen an important reform of the staff in the summer 2020, and his sportive planning advances to good rhythm. The Catalans already would have...\",\"breadcrumb\":{\"@id\":\"https:\\\/\\\/www.fcbarcelonanoticias.com\\\/en\\\/players\\\/barcelona-would-have-already-chosen-its-targets-for-next-season_256150_102.html#breadcrumb\"},\"inLanguage\":\"en-US\",\"potentialAction\":[{\"@type\":\"ReadAction\",\"target\":[\"https:\\\/\\\/www.fcbarcelonanoticias.com\\\/en\\\/players\\\/barcelona-would-have-already-chosen-its-targets-for-next-season_256150_102.html\"]}]},{\"@type\":\"ImageObject\",\"inLanguage\":\"en-US\",\"@id\":\"https:\\\/\\\/www.fcbarcelonanoticias.com\\\/en\\\/players\\\/barcelona-would-have-already-chosen-its-targets-for-next-season_256150_102.html#primaryimage\",\"url\":\"https:\\\/\\\/www.fcbarcelonanoticias.com\\\/en\\\/wp-content\\\/uploads\\\/sites\\\/2\\\/2020\\\/02\\\/setie-n-bartomeu-y-abidal.jpeg\",\"contentUrl\":\"https:\\\/\\\/www.fcbarcelonanoticias.com\\\/en\\\/wp-content\\\/uploads\\\/sites\\\/2\\\/2020\\\/02\\\/setie-n-bartomeu-y-abidal.jpeg\",\"width\":1200,\"height\":682},{\"@type\":\"BreadcrumbList\",\"@id\":\"https:\\\/\\\/www.fcbarcelonanoticias.com\\\/en\\\/players\\\/barcelona-would-have-already-chosen-its-targets-for-next-season_256150_102.html#breadcrumb\",\"itemListElement\":[{\"@type\":\"ListItem\",\"position\":1,\"name\":\"Portada\",\"item\":\"https:\\\/\\\/www.fcbarcelonanoticias.com\\\/en\\\/\"},{\"@type\":\"ListItem\",\"position\":2,\"name\":\"Bar\u00e7a would have alrady chosen its targets for the next season\"}]},{\"@type\":\"WebSite\",\"@id\":\"https:\\\/\\\/www.fcbarcelonanoticias.com\\\/en\\\/#website\",\"url\":\"https:\\\/\\\/www.fcbarcelonanoticias.com\\\/en\\\/\",\"name\":\"EN - FC Barcelona Noticias\",\"description\":\"\",\"potentialAction\":[{\"@type\":\"SearchAction\",\"target\":{\"@type\":\"EntryPoint\",\"urlTemplate\":\"https:\\\/\\\/www.fcbarcelonanoticias.com\\\/en\\\/?s={search_term_string}\"},\"query-input\":{\"@type\":\"PropertyValueSpecification\",\"valueRequired\":true,\"valueName\":\"search_term_string\"}}],\"inLanguage\":\"en-US\"},{\"@type\":\"Person\",\"@id\":\"https:\\\/\\\/www.fcbarcelonanoticias.com\\\/en\\\/#\\\/schema\\\/person\\\/fcdad55cab72b8d0e106d75506783b6d\",\"name\":\"user_4048\",\"image\":{\"@type\":\"ImageObject\",\"inLanguage\":\"en-US\",\"@id\":\"https:\\\/\\\/secure.gravatar.com\\\/avatar\\\/?s=96&d=mm&r=g\",\"url\":\"https:\\\/\\\/secure.gravatar.com\\\/avatar\\\/?s=96&d=mm&r=g\",\"contentUrl\":\"https:\\\/\\\/secure.gravatar.com\\\/avatar\\\/?s=96&d=mm&r=g\",\"caption\":\"user_4048\"},\"url\":\"https:\\\/\\\/www.fcbarcelonanoticias.com\\\/en\\\/user_4048.html\"}]}<\/script>\n<!-- \/ Yoast SEO plugin. -->","yoast_head_json":{"title":"Bar\u00e7a would have alrady chosen its targets for the next season","description":"The Bar\u00e7a has foreseen an important reform of the staff in the summer 2020, and his sportive planning advances to good rhythm. The Catalans already would have...","robots":{"index":"index","follow":"follow","max-snippet":"max-snippet:-1","max-image-preview":"max-image-preview:large","max-video-preview":"max-video-preview:-1"},"canonical":"https:\/\/www.fcbarcelonanoticias.com\/en\/players\/barcelona-would-have-already-chosen-its-targets-for-next-season_256150_102.html","og_locale":"en_US","og_type":"article","og_title":"Bar\u00e7a would have alrady chosen its targets for the next season","og_description":"The Bar\u00e7a has foreseen an important reform of the staff in the summer 2020, and his sportive planning advances to good rhythm. The Catalans already would have...","og_url":"https:\/\/www.fcbarcelonanoticias.com\/en\/players\/barcelona-would-have-already-chosen-its-targets-for-next-season_256150_102.html","og_site_name":"EN - FC Barcelona Noticias","article_published_time":"2020-03-13T15:27:00+00:00","article_modified_time":"2026-04-16T07:12:05+00:00","og_image":[{"width":1200,"height":682,"url":"https:\/\/www.fcbarcelonanoticias.com\/en\/wp-content\/uploads\/sites\/2\/2020\/02\/setie-n-bartomeu-y-abidal.jpeg","type":"image\/jpeg"}],"author":"user_4048","twitter_card":"summary_large_image","twitter_misc":{"Written by":"user_4048","Est. reading time":"4 minutes"},"schema":{"@context":"https:\/\/schema.org","@graph":[{"@type":"Article","@id":"https:\/\/www.fcbarcelonanoticias.com\/en\/players\/barcelona-would-have-already-chosen-its-targets-for-next-season_256150_102.html#article","isPartOf":{"@id":"https:\/\/www.fcbarcelonanoticias.com\/en\/players\/barcelona-would-have-already-chosen-its-targets-for-next-season_256150_102.html"},"author":{"name":"user_4048","@id":"https:\/\/www.fcbarcelonanoticias.com\/en\/#\/schema\/person\/fcdad55cab72b8d0e106d75506783b6d"},"headline":"Bar\u00e7a would have alrady chosen its targets for the next season","datePublished":"2020-03-13T15:27:00+00:00","dateModified":"2026-04-16T07:12:05+00:00","mainEntityOfPage":{"@id":"https:\/\/www.fcbarcelonanoticias.com\/en\/players\/barcelona-would-have-already-chosen-its-targets-for-next-season_256150_102.html"},"wordCount":733,"image":{"@id":"https:\/\/www.fcbarcelonanoticias.com\/en\/players\/barcelona-would-have-already-chosen-its-targets-for-next-season_256150_102.html#primaryimage"},"thumbnailUrl":"https:\/\/www.fcbarcelonanoticias.com\/en\/wp-content\/uploads\/sites\/2\/2020\/02\/setie-n-bartomeu-y-abidal.jpeg","keywords":["Abidal","Abidal","Josep Maria Bartomeu","Quique Seti\u00e9n"],"articleSection":["Players","Players"],"inLanguage":"en-US"},{"@type":"WebPage","@id":"https:\/\/www.fcbarcelonanoticias.com\/en\/players\/barcelona-would-have-already-chosen-its-targets-for-next-season_256150_102.html","url":"https:\/\/www.fcbarcelonanoticias.com\/en\/players\/barcelona-would-have-already-chosen-its-targets-for-next-season_256150_102.html","name":"Bar\u00e7a would have alrady chosen its targets for the next season","isPartOf":{"@id":"https:\/\/www.fcbarcelonanoticias.com\/en\/#website"},"primaryImageOfPage":{"@id":"https:\/\/www.fcbarcelonanoticias.com\/en\/players\/barcelona-would-have-already-chosen-its-targets-for-next-season_256150_102.html#primaryimage"},"image":{"@id":"https:\/\/www.fcbarcelonanoticias.com\/en\/players\/barcelona-would-have-already-chosen-its-targets-for-next-season_256150_102.html#primaryimage"},"thumbnailUrl":"https:\/\/www.fcbarcelonanoticias.com\/en\/wp-content\/uploads\/sites\/2\/2020\/02\/setie-n-bartomeu-y-abidal.jpeg","datePublished":"2020-03-13T15:27:00+00:00","dateModified":"2026-04-16T07:12:05+00:00","author":{"@id":"https:\/\/www.fcbarcelonanoticias.com\/en\/#\/schema\/person\/fcdad55cab72b8d0e106d75506783b6d"},"description":"The Bar\u00e7a has foreseen an important reform of the staff in the summer 2020, and his sportive planning advances to good rhythm. The Catalans already would have...","breadcrumb":{"@id":"https:\/\/www.fcbarcelonanoticias.com\/en\/players\/barcelona-would-have-already-chosen-its-targets-for-next-season_256150_102.html#breadcrumb"},"inLanguage":"en-US","potentialAction":[{"@type":"ReadAction","target":["https:\/\/www.fcbarcelonanoticias.com\/en\/players\/barcelona-would-have-already-chosen-its-targets-for-next-season_256150_102.html"]}]},{"@type":"ImageObject","inLanguage":"en-US","@id":"https:\/\/www.fcbarcelonanoticias.com\/en\/players\/barcelona-would-have-already-chosen-its-targets-for-next-season_256150_102.html#primaryimage","url":"https:\/\/www.fcbarcelonanoticias.com\/en\/wp-content\/uploads\/sites\/2\/2020\/02\/setie-n-bartomeu-y-abidal.jpeg","contentUrl":"https:\/\/www.fcbarcelonanoticias.com\/en\/wp-content\/uploads\/sites\/2\/2020\/02\/setie-n-bartomeu-y-abidal.jpeg","width":1200,"height":682},{"@type":"BreadcrumbList","@id":"https:\/\/www.fcbarcelonanoticias.com\/en\/players\/barcelona-would-have-already-chosen-its-targets-for-next-season_256150_102.html#breadcrumb","itemListElement":[{"@type":"ListItem","position":1,"name":"Portada","item":"https:\/\/www.fcbarcelonanoticias.com\/en\/"},{"@type":"ListItem","position":2,"name":"Bar\u00e7a would have alrady chosen its targets for the next season"}]},{"@type":"WebSite","@id":"https:\/\/www.fcbarcelonanoticias.com\/en\/#website","url":"https:\/\/www.fcbarcelonanoticias.com\/en\/","name":"EN - FC Barcelona Noticias","description":"","potentialAction":[{"@type":"SearchAction","target":{"@type":"EntryPoint","urlTemplate":"https:\/\/www.fcbarcelonanoticias.com\/en\/?s={search_term_string}"},"query-input":{"@type":"PropertyValueSpecification","valueRequired":true,"valueName":"search_term_string"}}],"inLanguage":"en-US"},{"@type":"Person","@id":"https:\/\/www.fcbarcelonanoticias.com\/en\/#\/schema\/person\/fcdad55cab72b8d0e106d75506783b6d","name":"user_4048","image":{"@type":"ImageObject","inLanguage":"en-US","@id":"https:\/\/secure.gravatar.com\/avatar\/?s=96&d=mm&r=g","url":"https:\/\/secure.gravatar.com\/avatar\/?s=96&d=mm&r=g","contentUrl":"https:\/\/secure.gravatar.com\/avatar\/?s=96&d=mm&r=g","caption":"user_4048"},"url":"https:\/\/www.fcbarcelonanoticias.com\/en\/user_4048.html"}]}},"_links":{"self":[{"href":"https:\/\/www.fcbarcelonanoticias.com\/en\/wp-json\/wp\/v2\/posts\/69379","targetHints":{"allow":["GET"]}}],"collection":[{"href":"https:\/\/www.fcbarcelonanoticias.com\/en\/wp-json\/wp\/v2\/posts"}],"about":[{"href":"https:\/\/www.fcbarcelonanoticias.com\/en\/wp-json\/wp\/v2\/types\/post"}],"author":[{"embeddable":true,"href":"https:\/\/www.fcbarcelonanoticias.com\/en\/wp-json\/wp\/v2\/users\/392"}],"replies":[{"embeddable":true,"href":"https:\/\/www.fcbarcelonanoticias.com\/en\/wp-json\/wp\/v2\/comments?post=69379"}],"version-history":[{"count":2,"href":"https:\/\/www.fcbarcelonanoticias.com\/en\/wp-json\/wp\/v2\/posts\/69379\/revisions"}],"predecessor-version":[{"id":168551,"href":"https:\/\/www.fcbarcelonanoticias.com\/en\/wp-json\/wp\/v2\/posts\/69379\/revisions\/168551"}],"wp:featuredmedia":[{"embeddable":true,"href":"https:\/\/www.fcbarcelonanoticias.com\/en\/wp-json\/wp\/v2\/media\/12489"}],"wp:attachment":[{"href":"https:\/\/www.fcbarcelonanoticias.com\/en\/wp-json\/wp\/v2\/media?parent=69379"}],"wp:term":[{"taxonomy":"category","embeddable":true,"href":"https:\/\/www.fcbarcelonanoticias.com\/en\/wp-json\/wp\/v2\/categories?post=69379"},{"taxonomy":"post_tag","embeddable":true,"href":"https:\/\/www.fcbarcelonanoticias.com\/en\/wp-json\/wp\/v2\/tags?post=69379"}],"curies":[{"name":"wp","href":"https:\/\/api.w.org\/{rel}","templated":true}]}}