{"id":69455,"date":"2023-02-03T22:08:00","date_gmt":"2023-02-03T21:08:00","guid":{"rendered":"https:\/\/weisetech.dev\/fc-barcelona-noticias\/en\/bellerin-last-canterano-list-to-return-fail-the-barca_289276_102\/"},"modified":"2023-02-03T22:08:00","modified_gmt":"2023-02-03T21:08:00","slug":"bellerin-last-canterano-list-to-return-fail-the-barca_289276_102","status":"publish","type":"post","link":"https:\/\/www.fcbarcelonanoticias.com\/en\/players\/bellerin-last-canterano-list-to-return-fail-the-barca_289276_102.html","title":{"rendered":"Bellerin, the last academy player on the list to return and fail at Bar\u00e7a"},"content":{"rendered":"<h2 class=\"wp-block-heading\">To the Adama Traor\u00e9 or Deulofeu has ended up adding Beller\u00edn. Players who at different stages and for different reasons left Bar\u00e7a and were able to return, but to be only for a moment again as cul\u00e9s<\/h2>  \r\n<div class=\"article-addons\">\r\n    <a href=\"https:\/\/www.fcbarcelonanoticias.com\/en\/calendar-fc-barcelona.html\"\r\n       target=\"_self\"\r\n       title=\"Calendar of FC Barcelona\"\r\n       class=\"blue-gredient-btn\">\r\n       \r\n        Calendar of FC Barcelona    <\/a>\r\n<\/div>   <p>Although the philosophy of the <a data-external=\"0\" data-intl-links-en=\"https:\/\/www.fcbarcelonanoticias.com\/en\/fc-barcelona\" data-intl-links-es=\"https:\/\/www.fcbarcelonanoticias.com\/fc-barcelona\" href=\"https:\/\/www.fcbarcelonanoticias.com\/en\/football-soccer\/fc-barcelona.html\" rel=\"follow\" target=\"_self\" title=\"FC Barcelona\">FC Barcelona<\/a> include to develop to young footballers of the quarry and give them space in the first team, never will be simple that a player consolidate in the first team from the beginning. <strong>By this many times the club or the player decides that a cession is the best decision, or simply a traspaso for sometime try return with a lot of more chevrons.<\/strong><\/p>  <p>That has been the case of several footballers in the last years and lamentably, for them and for the club, have not been able to happen more than some months like Barcelona before going back to change of airs. <strong>The case of H\u00e9ctor Beller\u00edn is the most recent, but begins to create some tendency.<\/strong> Like the right side also were footballers like Adama, Ale\u00f1\u00e1, Munir and Deulofeu, those who finally did not convince to the club neither to the fans.<\/p>  <p>Although there are examples, as Balde this season, Gavi the previous, or Sergio Busquets from does a decade and average, the Bar\u00e7a has left to leave footballers like Cucurella or Grimaldo, those who finally have triumphed out of the Camp Nou. <strong>The another side of this last case present it names like the one of Beller\u00edn, that this week left to the Sporting of Portugal after half solo course contested under the orders <a data-external=\"0\" data-intl-links-en=\"https:\/\/www.fcbarcelonanoticias.com\/en\/tags\/xavi-hernandez\" data-intl-links-es=\"https:\/\/www.fcbarcelonanoticias.com\/tags\/xavi-hernandez\" href=\"https:\/\/www.fcbarcelonanoticias.com\/en\/tags\/xavi-hernandez.html\" rel=\"follow\" target=\"_self\" title=\"Xavi Hern\u00e1ndez\">of Xavi Hern\u00e1ndez<\/a>.<\/strong><\/p>  <p>Yes that some that have returned have been able to triumph, as Gerard Hammered or Fabregas, but a big talent like Rafinha never could do of a place and between injuries and few minutes finished going out to the French football. <strong>In fact, now Eric Garcia and I\u00f1aki Crag are living a season of few minutes and opportunities by the high competition that have in his positions.<\/strong><\/p>  <h3>Four distinct opportunities<\/h3>  <p>The central and the guardameta are the two players that could give back the success to these canteranos that sometime decide, or simply see forced to go out of the City Condal. <strong>Already for the next season will remain Nico Gonz\u00e1lez and Hill, if they finish returning and the technical body decides to keep them and not to open them the door to another cession. <\/strong><\/p> ","protected":false},"excerpt":{"rendered":"<p>To the Adama Traor\u00e9 or Deulofeu has ended up adding Beller\u00edn. Players who at different stages and for different reasons left Bar\u00e7a and were able to return, but to be only for a moment again as cul\u00e9s Although the philosophy of the FC Barcelona include to develop to young footballers of the quarry and give [&hellip;]<\/p>\n","protected":false},"author":345,"featured_media":16142,"comment_status":"closed","ping_status":"open","sticky":false,"template":"","format":"standard","meta":{"_acf_changed":false,"inline_featured_image":false,"_nextfly_llmd_date_locked":false,"footnotes":""},"categories":[453,107],"tags":[163,253,292,48],"class_list":["post-69455","post","type-post","status-publish","format-standard","has-post-thumbnail","hentry","category-players-2","category-players","tag-gerard-pique","tag-hector-bellerin","tag-nico-gonzalez","tag-xavi-hernandez"],"acf":[],"yoast_head":"<!-- This site is optimized with the Yoast SEO plugin v27.3 - https:\/\/yoast.com\/product\/yoast-seo-wordpress\/ -->\n<title>Bellerin, the last academy player on the list to return and fail at Bar\u00e7a<\/title>\n<meta name=\"description\" content=\"To the Adama Traor\u00e9 or Deulofeu has ended up adding Beller\u00edn. Players who at different stages and for different reasons left Bar\u00e7a and were able to return, but to be only for a moment again as cul\u00e9s\" \/>\n<meta name=\"robots\" content=\"index, follow, max-snippet:-1, max-image-preview:large, max-video-preview:-1\" \/>\n<link rel=\"canonical\" href=\"https:\/\/www.fcbarcelonanoticias.com\/en\/players\/bellerin-last-canterano-list-to-return-fail-the-barca_289276_102.html\" \/>\n<meta property=\"og:locale\" content=\"en_US\" \/>\n<meta property=\"og:type\" content=\"article\" \/>\n<meta property=\"og:title\" content=\"Bellerin, the last academy player on the list to return and fail at Bar\u00e7a\" \/>\n<meta property=\"og:description\" content=\"To the Adama Traor\u00e9 or Deulofeu has ended up adding Beller\u00edn. Players who at different stages and for different reasons left Bar\u00e7a and were able to return, but to be only for a moment again as cul\u00e9s\" \/>\n<meta property=\"og:url\" content=\"https:\/\/www.fcbarcelonanoticias.com\/en\/players\/bellerin-last-canterano-list-to-return-fail-the-barca_289276_102.html\" \/>\n<meta property=\"og:site_name\" content=\"EN - FC Barcelona Noticias\" \/>\n<meta property=\"article:published_time\" content=\"2023-02-03T21:08:00+00:00\" \/>\n<meta property=\"og:image\" content=\"https:\/\/www.fcbarcelonanoticias.com\/en\/wp-content\/uploads\/sites\/2\/2022\/09\/cadiz-cf-v-fc-barcelona-laliga-santander-1.jpeg\" \/>\n\t<meta property=\"og:image:width\" content=\"1200\" \/>\n\t<meta property=\"og:image:height\" content=\"731\" \/>\n\t<meta property=\"og:image:type\" content=\"image\/jpeg\" \/>\n<meta name=\"author\" content=\"Carlos Montenegro\" \/>\n<meta name=\"twitter:card\" content=\"summary_large_image\" \/>\n<meta name=\"twitter:label1\" content=\"Written by\" \/>\n\t<meta name=\"twitter:data1\" content=\"Carlos Montenegro\" \/>\n\t<meta name=\"twitter:label2\" content=\"Est. reading time\" \/>\n\t<meta name=\"twitter:data2\" content=\"2 minutes\" \/>\n<script type=\"application\/ld+json\" class=\"yoast-schema-graph\">{\"@context\":\"https:\\\/\\\/schema.org\",\"@graph\":[{\"@type\":\"Article\",\"@id\":\"https:\\\/\\\/www.fcbarcelonanoticias.com\\\/en\\\/players\\\/bellerin-last-canterano-list-to-return-fail-the-barca_289276_102.html#article\",\"isPartOf\":{\"@id\":\"https:\\\/\\\/www.fcbarcelonanoticias.com\\\/en\\\/players\\\/bellerin-last-canterano-list-to-return-fail-the-barca_289276_102.html\"},\"author\":{\"name\":\"Carlos Montenegro\",\"@id\":\"https:\\\/\\\/www.fcbarcelonanoticias.com\\\/en\\\/#\\\/schema\\\/person\\\/aa1d038709c262cb247e240f6b39bbf5\"},\"headline\":\"Bellerin, the last academy player on the list to return and fail at Bar\u00e7a\",\"datePublished\":\"2023-02-03T21:08:00+00:00\",\"mainEntityOfPage\":{\"@id\":\"https:\\\/\\\/www.fcbarcelonanoticias.com\\\/en\\\/players\\\/bellerin-last-canterano-list-to-return-fail-the-barca_289276_102.html\"},\"wordCount\":423,\"image\":{\"@id\":\"https:\\\/\\\/www.fcbarcelonanoticias.com\\\/en\\\/players\\\/bellerin-last-canterano-list-to-return-fail-the-barca_289276_102.html#primaryimage\"},\"thumbnailUrl\":\"https:\\\/\\\/www.fcbarcelonanoticias.com\\\/en\\\/wp-content\\\/uploads\\\/sites\\\/2\\\/2022\\\/09\\\/cadiz-cf-v-fc-barcelona-laliga-santander-1.jpeg\",\"keywords\":[\"Gerard Piqu\u00e9\",\"H\u00e9ctor Beller\u00edn\",\"Nico Gonz\u00e1lez\",\"Xavi Hern\u00e1ndez\"],\"articleSection\":[\"Players\",\"Players\"],\"inLanguage\":\"en-US\"},{\"@type\":\"WebPage\",\"@id\":\"https:\\\/\\\/www.fcbarcelonanoticias.com\\\/en\\\/players\\\/bellerin-last-canterano-list-to-return-fail-the-barca_289276_102.html\",\"url\":\"https:\\\/\\\/www.fcbarcelonanoticias.com\\\/en\\\/players\\\/bellerin-last-canterano-list-to-return-fail-the-barca_289276_102.html\",\"name\":\"Bellerin, the last academy player on the list to return and fail at Bar\u00e7a\",\"isPartOf\":{\"@id\":\"https:\\\/\\\/www.fcbarcelonanoticias.com\\\/en\\\/#website\"},\"primaryImageOfPage\":{\"@id\":\"https:\\\/\\\/www.fcbarcelonanoticias.com\\\/en\\\/players\\\/bellerin-last-canterano-list-to-return-fail-the-barca_289276_102.html#primaryimage\"},\"image\":{\"@id\":\"https:\\\/\\\/www.fcbarcelonanoticias.com\\\/en\\\/players\\\/bellerin-last-canterano-list-to-return-fail-the-barca_289276_102.html#primaryimage\"},\"thumbnailUrl\":\"https:\\\/\\\/www.fcbarcelonanoticias.com\\\/en\\\/wp-content\\\/uploads\\\/sites\\\/2\\\/2022\\\/09\\\/cadiz-cf-v-fc-barcelona-laliga-santander-1.jpeg\",\"datePublished\":\"2023-02-03T21:08:00+00:00\",\"author\":{\"@id\":\"https:\\\/\\\/www.fcbarcelonanoticias.com\\\/en\\\/#\\\/schema\\\/person\\\/aa1d038709c262cb247e240f6b39bbf5\"},\"description\":\"To the Adama Traor\u00e9 or Deulofeu has ended up adding Beller\u00edn. Players who at different stages and for different reasons left Bar\u00e7a and were able to return, but to be only for a moment again as cul\u00e9s\",\"breadcrumb\":{\"@id\":\"https:\\\/\\\/www.fcbarcelonanoticias.com\\\/en\\\/players\\\/bellerin-last-canterano-list-to-return-fail-the-barca_289276_102.html#breadcrumb\"},\"inLanguage\":\"en-US\",\"potentialAction\":[{\"@type\":\"ReadAction\",\"target\":[\"https:\\\/\\\/www.fcbarcelonanoticias.com\\\/en\\\/players\\\/bellerin-last-canterano-list-to-return-fail-the-barca_289276_102.html\"]}]},{\"@type\":\"ImageObject\",\"inLanguage\":\"en-US\",\"@id\":\"https:\\\/\\\/www.fcbarcelonanoticias.com\\\/en\\\/players\\\/bellerin-last-canterano-list-to-return-fail-the-barca_289276_102.html#primaryimage\",\"url\":\"https:\\\/\\\/www.fcbarcelonanoticias.com\\\/en\\\/wp-content\\\/uploads\\\/sites\\\/2\\\/2022\\\/09\\\/cadiz-cf-v-fc-barcelona-laliga-santander-1.jpeg\",\"contentUrl\":\"https:\\\/\\\/www.fcbarcelonanoticias.com\\\/en\\\/wp-content\\\/uploads\\\/sites\\\/2\\\/2022\\\/09\\\/cadiz-cf-v-fc-barcelona-laliga-santander-1.jpeg\",\"width\":1200,\"height\":731},{\"@type\":\"BreadcrumbList\",\"@id\":\"https:\\\/\\\/www.fcbarcelonanoticias.com\\\/en\\\/players\\\/bellerin-last-canterano-list-to-return-fail-the-barca_289276_102.html#breadcrumb\",\"itemListElement\":[{\"@type\":\"ListItem\",\"position\":1,\"name\":\"Portada\",\"item\":\"https:\\\/\\\/www.fcbarcelonanoticias.com\\\/en\\\/\"},{\"@type\":\"ListItem\",\"position\":2,\"name\":\"Bellerin, the last academy player on the list to return and fail at Bar\u00e7a\"}]},{\"@type\":\"WebSite\",\"@id\":\"https:\\\/\\\/www.fcbarcelonanoticias.com\\\/en\\\/#website\",\"url\":\"https:\\\/\\\/www.fcbarcelonanoticias.com\\\/en\\\/\",\"name\":\"EN - FC Barcelona Noticias\",\"description\":\"\",\"potentialAction\":[{\"@type\":\"SearchAction\",\"target\":{\"@type\":\"EntryPoint\",\"urlTemplate\":\"https:\\\/\\\/www.fcbarcelonanoticias.com\\\/en\\\/?s={search_term_string}\"},\"query-input\":{\"@type\":\"PropertyValueSpecification\",\"valueRequired\":true,\"valueName\":\"search_term_string\"}}],\"inLanguage\":\"en-US\"},{\"@type\":\"Person\",\"@id\":\"https:\\\/\\\/www.fcbarcelonanoticias.com\\\/en\\\/#\\\/schema\\\/person\\\/aa1d038709c262cb247e240f6b39bbf5\",\"name\":\"Carlos Montenegro\",\"image\":{\"@type\":\"ImageObject\",\"inLanguage\":\"en-US\",\"@id\":\"https:\\\/\\\/secure.gravatar.com\\\/avatar\\\/?s=96&d=mm&r=g\",\"url\":\"https:\\\/\\\/secure.gravatar.com\\\/avatar\\\/?s=96&d=mm&r=g\",\"contentUrl\":\"https:\\\/\\\/secure.gravatar.com\\\/avatar\\\/?s=96&d=mm&r=g\",\"caption\":\"Carlos Montenegro\"},\"url\":\"https:\\\/\\\/www.fcbarcelonanoticias.com\\\/en\\\/carlos-montenegro_20_115.html\"}]}<\/script>\n<!-- \/ Yoast SEO plugin. -->","yoast_head_json":{"title":"Bellerin, the last academy player on the list to return and fail at Bar\u00e7a","description":"To the Adama Traor\u00e9 or Deulofeu has ended up adding Beller\u00edn. Players who at different stages and for different reasons left Bar\u00e7a and were able to return, but to be only for a moment again as cul\u00e9s","robots":{"index":"index","follow":"follow","max-snippet":"max-snippet:-1","max-image-preview":"max-image-preview:large","max-video-preview":"max-video-preview:-1"},"canonical":"https:\/\/www.fcbarcelonanoticias.com\/en\/players\/bellerin-last-canterano-list-to-return-fail-the-barca_289276_102.html","og_locale":"en_US","og_type":"article","og_title":"Bellerin, the last academy player on the list to return and fail at Bar\u00e7a","og_description":"To the Adama Traor\u00e9 or Deulofeu has ended up adding Beller\u00edn. Players who at different stages and for different reasons left Bar\u00e7a and were able to return, but to be only for a moment again as cul\u00e9s","og_url":"https:\/\/www.fcbarcelonanoticias.com\/en\/players\/bellerin-last-canterano-list-to-return-fail-the-barca_289276_102.html","og_site_name":"EN - FC Barcelona Noticias","article_published_time":"2023-02-03T21:08:00+00:00","og_image":[{"width":1200,"height":731,"url":"https:\/\/www.fcbarcelonanoticias.com\/en\/wp-content\/uploads\/sites\/2\/2022\/09\/cadiz-cf-v-fc-barcelona-laliga-santander-1.jpeg","type":"image\/jpeg"}],"author":"Carlos Montenegro","twitter_card":"summary_large_image","twitter_misc":{"Written by":"Carlos Montenegro","Est. reading time":"2 minutes"},"schema":{"@context":"https:\/\/schema.org","@graph":[{"@type":"Article","@id":"https:\/\/www.fcbarcelonanoticias.com\/en\/players\/bellerin-last-canterano-list-to-return-fail-the-barca_289276_102.html#article","isPartOf":{"@id":"https:\/\/www.fcbarcelonanoticias.com\/en\/players\/bellerin-last-canterano-list-to-return-fail-the-barca_289276_102.html"},"author":{"name":"Carlos Montenegro","@id":"https:\/\/www.fcbarcelonanoticias.com\/en\/#\/schema\/person\/aa1d038709c262cb247e240f6b39bbf5"},"headline":"Bellerin, the last academy player on the list to return and fail at Bar\u00e7a","datePublished":"2023-02-03T21:08:00+00:00","mainEntityOfPage":{"@id":"https:\/\/www.fcbarcelonanoticias.com\/en\/players\/bellerin-last-canterano-list-to-return-fail-the-barca_289276_102.html"},"wordCount":423,"image":{"@id":"https:\/\/www.fcbarcelonanoticias.com\/en\/players\/bellerin-last-canterano-list-to-return-fail-the-barca_289276_102.html#primaryimage"},"thumbnailUrl":"https:\/\/www.fcbarcelonanoticias.com\/en\/wp-content\/uploads\/sites\/2\/2022\/09\/cadiz-cf-v-fc-barcelona-laliga-santander-1.jpeg","keywords":["Gerard Piqu\u00e9","H\u00e9ctor Beller\u00edn","Nico Gonz\u00e1lez","Xavi Hern\u00e1ndez"],"articleSection":["Players","Players"],"inLanguage":"en-US"},{"@type":"WebPage","@id":"https:\/\/www.fcbarcelonanoticias.com\/en\/players\/bellerin-last-canterano-list-to-return-fail-the-barca_289276_102.html","url":"https:\/\/www.fcbarcelonanoticias.com\/en\/players\/bellerin-last-canterano-list-to-return-fail-the-barca_289276_102.html","name":"Bellerin, the last academy player on the list to return and fail at Bar\u00e7a","isPartOf":{"@id":"https:\/\/www.fcbarcelonanoticias.com\/en\/#website"},"primaryImageOfPage":{"@id":"https:\/\/www.fcbarcelonanoticias.com\/en\/players\/bellerin-last-canterano-list-to-return-fail-the-barca_289276_102.html#primaryimage"},"image":{"@id":"https:\/\/www.fcbarcelonanoticias.com\/en\/players\/bellerin-last-canterano-list-to-return-fail-the-barca_289276_102.html#primaryimage"},"thumbnailUrl":"https:\/\/www.fcbarcelonanoticias.com\/en\/wp-content\/uploads\/sites\/2\/2022\/09\/cadiz-cf-v-fc-barcelona-laliga-santander-1.jpeg","datePublished":"2023-02-03T21:08:00+00:00","author":{"@id":"https:\/\/www.fcbarcelonanoticias.com\/en\/#\/schema\/person\/aa1d038709c262cb247e240f6b39bbf5"},"description":"To the Adama Traor\u00e9 or Deulofeu has ended up adding Beller\u00edn. Players who at different stages and for different reasons left Bar\u00e7a and were able to return, but to be only for a moment again as cul\u00e9s","breadcrumb":{"@id":"https:\/\/www.fcbarcelonanoticias.com\/en\/players\/bellerin-last-canterano-list-to-return-fail-the-barca_289276_102.html#breadcrumb"},"inLanguage":"en-US","potentialAction":[{"@type":"ReadAction","target":["https:\/\/www.fcbarcelonanoticias.com\/en\/players\/bellerin-last-canterano-list-to-return-fail-the-barca_289276_102.html"]}]},{"@type":"ImageObject","inLanguage":"en-US","@id":"https:\/\/www.fcbarcelonanoticias.com\/en\/players\/bellerin-last-canterano-list-to-return-fail-the-barca_289276_102.html#primaryimage","url":"https:\/\/www.fcbarcelonanoticias.com\/en\/wp-content\/uploads\/sites\/2\/2022\/09\/cadiz-cf-v-fc-barcelona-laliga-santander-1.jpeg","contentUrl":"https:\/\/www.fcbarcelonanoticias.com\/en\/wp-content\/uploads\/sites\/2\/2022\/09\/cadiz-cf-v-fc-barcelona-laliga-santander-1.jpeg","width":1200,"height":731},{"@type":"BreadcrumbList","@id":"https:\/\/www.fcbarcelonanoticias.com\/en\/players\/bellerin-last-canterano-list-to-return-fail-the-barca_289276_102.html#breadcrumb","itemListElement":[{"@type":"ListItem","position":1,"name":"Portada","item":"https:\/\/www.fcbarcelonanoticias.com\/en\/"},{"@type":"ListItem","position":2,"name":"Bellerin, the last academy player on the list to return and fail at Bar\u00e7a"}]},{"@type":"WebSite","@id":"https:\/\/www.fcbarcelonanoticias.com\/en\/#website","url":"https:\/\/www.fcbarcelonanoticias.com\/en\/","name":"EN - FC Barcelona Noticias","description":"","potentialAction":[{"@type":"SearchAction","target":{"@type":"EntryPoint","urlTemplate":"https:\/\/www.fcbarcelonanoticias.com\/en\/?s={search_term_string}"},"query-input":{"@type":"PropertyValueSpecification","valueRequired":true,"valueName":"search_term_string"}}],"inLanguage":"en-US"},{"@type":"Person","@id":"https:\/\/www.fcbarcelonanoticias.com\/en\/#\/schema\/person\/aa1d038709c262cb247e240f6b39bbf5","name":"Carlos Montenegro","image":{"@type":"ImageObject","inLanguage":"en-US","@id":"https:\/\/secure.gravatar.com\/avatar\/?s=96&d=mm&r=g","url":"https:\/\/secure.gravatar.com\/avatar\/?s=96&d=mm&r=g","contentUrl":"https:\/\/secure.gravatar.com\/avatar\/?s=96&d=mm&r=g","caption":"Carlos Montenegro"},"url":"https:\/\/www.fcbarcelonanoticias.com\/en\/carlos-montenegro_20_115.html"}]}},"_links":{"self":[{"href":"https:\/\/www.fcbarcelonanoticias.com\/en\/wp-json\/wp\/v2\/posts\/69455","targetHints":{"allow":["GET"]}}],"collection":[{"href":"https:\/\/www.fcbarcelonanoticias.com\/en\/wp-json\/wp\/v2\/posts"}],"about":[{"href":"https:\/\/www.fcbarcelonanoticias.com\/en\/wp-json\/wp\/v2\/types\/post"}],"author":[{"embeddable":true,"href":"https:\/\/www.fcbarcelonanoticias.com\/en\/wp-json\/wp\/v2\/users\/345"}],"replies":[{"embeddable":true,"href":"https:\/\/www.fcbarcelonanoticias.com\/en\/wp-json\/wp\/v2\/comments?post=69455"}],"version-history":[{"count":1,"href":"https:\/\/www.fcbarcelonanoticias.com\/en\/wp-json\/wp\/v2\/posts\/69455\/revisions"}],"predecessor-version":[{"id":120178,"href":"https:\/\/www.fcbarcelonanoticias.com\/en\/wp-json\/wp\/v2\/posts\/69455\/revisions\/120178"}],"wp:featuredmedia":[{"embeddable":true,"href":"https:\/\/www.fcbarcelonanoticias.com\/en\/wp-json\/wp\/v2\/media\/16142"}],"wp:attachment":[{"href":"https:\/\/www.fcbarcelonanoticias.com\/en\/wp-json\/wp\/v2\/media?parent=69455"}],"wp:term":[{"taxonomy":"category","embeddable":true,"href":"https:\/\/www.fcbarcelonanoticias.com\/en\/wp-json\/wp\/v2\/categories?post=69455"},{"taxonomy":"post_tag","embeddable":true,"href":"https:\/\/www.fcbarcelonanoticias.com\/en\/wp-json\/wp\/v2\/tags?post=69455"}],"curies":[{"name":"wp","href":"https:\/\/api.w.org\/{rel}","templated":true}]}}