{"id":69637,"date":"2023-11-16T20:12:00","date_gmt":"2023-11-16T19:12:00","guid":{"rendered":"https:\/\/weisetech.dev\/fc-barcelona-noticias\/en\/the-goal-of-lamine-and-the-intensity-of-gavi-the-barca-very-present-in-spain_298151_102\/"},"modified":"2023-11-16T20:12:00","modified_gmt":"2023-11-16T19:12:00","slug":"the-goal-of-lamine-and-the-intensity-of-gavi-the-barca-very-present-in-spain_298151_102","status":"publish","type":"post","link":"https:\/\/www.fcbarcelonanoticias.com\/en\/national-teams\/the-goal-of-lamine-and-the-intensity-of-gavi-the-barca-very-present-in-spain_298151_102.html","title":{"rendered":"Lamine&#8217;s goal and Gavi&#8217;s intensity: Bar\u00e7a, very &#8216;present&#8217; in Spain"},"content":{"rendered":"<h2 class=\"wp-block-heading\">Except for I\u00f1igo Mart\u00ednez who has remained on the bench, all the representatives of FC Barcelona have had action in Spain&#8217;s match against Cyprus in the qualifier for Euro 2024<\/h2>  \r\n<div class=\"article-addons\">\r\n    <a href=\"https:\/\/www.fcbarcelonanoticias.com\/en\/calendar-fc-barcelona.html\"\r\n       target=\"_self\"\r\n       title=\"Calendar of FC Barcelona\"\r\n       class=\"blue-gredient-btn\">\r\n       \r\n        Calendar of FC Barcelona    <\/a>\r\n<\/div>   <p><strong>The <a data-external=\"0\" data-intl-links-en=\"https:\/\/www.fcbarcelonanoticias.com\/en\/fc-barcelona\" data-intl-links-es=\"https:\/\/www.fcbarcelonanoticias.com\/fc-barcelona\" href=\"https:\/\/www.fcbarcelonanoticias.com\/en\/football-soccer\/fc-barcelona.html\" rel=\"follow\" target=\"_self\" title=\"FC Barcelona\">FC Barcelona<\/a> has been very &#8216;present&#8217; in the victory of Spain against Cyprus, in the penultimate party of the phase clasificatoria for the Eurocopa 2024.<\/strong> So much Lamine Yamal like Gavi have been headlines in the diagram of Luis de la Fuente and were key so that, before the first time, the national selection already won 0-3. They signed an exceptional performance and confirms that they are players &#8216;fixed&#8217; in the plans of the &#8216;The Red&#8217;.<\/p>  <p>The attacker of 16 years has split by the right extreme and has had 70 minutes to go back to show that it is one of the youngsters more talentosos that have been summoned in the last times with Spain. In fact, it commissioned of inagurar the marker when only they had passed five minutes in the clock. <strong>After a good played and a &#8216;cession&#8217; of Joselu, the footballer of 16 years controlled the balloon, recort\u00f3 to inside, seated to his rivals in the field and finished with the left to the short stick. <\/strong><\/p>  <h2>Of the &#8216;coolness&#8217; of Lamine to the proof of Gavi<\/h2>  <p>The coolness with which Lamine marked has been worthy to observe, place has showed a lot of tranquility to the hour of &#8216;kill&#8217; to the rival. It kept his good performance along the party, connecting constantly with his mates, dribbling, and attacking at all times. <strong>It accompanied him a Gavi that yes played the 90 minutes of the party and went back to give a proof of his commitment and delivery every time that is on the lawn. <\/strong>It was one of the leaders of the centre of the field.<\/p>  <p>The sevillano was attentive in defensive functions and took advantage of the occasions that had to go up to the attack. In fact, it signed a very clear opportunity col\u00e1ndose in the area after recortar to several rivals. However, it remained &#8216;signalled&#8217; in the beginning of the played, place lost the balloon<strong>. They had committed him fault, but was not sufficient so that they considered it like an action to cancel the goal. It was of more to less, also victim of the baj\u00f3n of Spain in the second half. <\/strong><\/p>  <h2>Ferran and I\u00f1igo, with secondary roles<\/h2>  <p>By his part, Ferran Torres went in to contest the last 20 minutes of the clash, precisely to replace to Lamine Yamal. The player was not especially connected and did not appear more than the account, conditioned by the attempts of Cyprus to advance lines and move away to &#8216;The Red&#8217; of his area. I\u00f1igo Mart\u00ednez was the only cul\u00e9 that remained without seeing minutes and it will be necessary to see if in front of Georgia, in the last party, has some opportunity.<\/p> ","protected":false},"excerpt":{"rendered":"<p>Except for I\u00f1igo Mart\u00ednez who has remained on the bench, all the representatives of FC Barcelona have had action in Spain&#8217;s match against Cyprus in the qualifier for Euro 2024 The FC Barcelona has been very &#8216;present&#8217; in the victory of Spain against Cyprus, in the penultimate party of the phase clasificatoria for the Eurocopa [&hellip;]<\/p>\n","protected":false},"author":0,"featured_media":69640,"comment_status":"closed","ping_status":"open","sticky":false,"template":"","format":"standard","meta":{"_acf_changed":false,"inline_featured_image":false,"_nextfly_llmd_date_locked":false,"footnotes":""},"categories":[111],"tags":[],"class_list":["post-69637","post","type-post","status-publish","format-standard","has-post-thumbnail","hentry","category-fc-barcelona"],"acf":[],"yoast_head":"<!-- This site is optimized with the Yoast SEO plugin v27.3 - https:\/\/yoast.com\/product\/yoast-seo-wordpress\/ -->\n<title>The goal of Lamine and the intensity of Gavi: The Bar\u00e7a, very &#039;present&#039; in Spain<\/title>\n<meta name=\"description\" content=\"Except I\u00f1igo Mart\u00ednez that it has remained in the bench, all the representatives of the FC Barcelona have had action in the party of Spain against Cyprus in the clasificatorio for the Eurocopa 2024\" \/>\n<meta name=\"robots\" content=\"index, follow, max-snippet:-1, max-image-preview:large, max-video-preview:-1\" \/>\n<link rel=\"canonical\" href=\"https:\/\/www.fcbarcelonanoticias.com\/en\/national-teams\/the-goal-of-lamine-and-the-intensity-of-gavi-the-barca-very-present-in-spain_298151_102.html\" \/>\n<meta property=\"og:locale\" content=\"en_US\" \/>\n<meta property=\"og:type\" content=\"article\" \/>\n<meta property=\"og:title\" content=\"The goal of Lamine and the intensity of Gavi: The Bar\u00e7a, very &#039;present&#039; in Spain\" \/>\n<meta property=\"og:description\" content=\"Except I\u00f1igo Mart\u00ednez that it has remained in the bench, all the representatives of the FC Barcelona have had action in the party of Spain against Cyprus in the clasificatorio for the Eurocopa 2024\" \/>\n<meta property=\"og:url\" content=\"https:\/\/www.fcbarcelonanoticias.com\/en\/national-teams\/the-goal-of-lamine-and-the-intensity-of-gavi-the-barca-very-present-in-spain_298151_102.html\" \/>\n<meta property=\"og:site_name\" content=\"EN - FC Barcelona Noticias\" \/>\n<meta property=\"article:published_time\" content=\"2023-11-16T19:12:00+00:00\" \/>\n<meta property=\"og:image\" content=\"https:\/\/www.fcbarcelonanoticias.com\/en\/wp-content\/uploads\/sites\/2\/2023\/11\/gavi-entre-rivales-en-el-chipre-vs-espana-1.jpeg\" \/>\n\t<meta property=\"og:image:width\" content=\"1200\" \/>\n\t<meta property=\"og:image:height\" content=\"675\" \/>\n\t<meta property=\"og:image:type\" content=\"image\/jpeg\" \/>\n<meta name=\"twitter:card\" content=\"summary_large_image\" \/>\n<meta name=\"twitter:label1\" content=\"Est. reading time\" \/>\n\t<meta name=\"twitter:data1\" content=\"2 minutes\" \/>\n<script type=\"application\/ld+json\" class=\"yoast-schema-graph\">{\"@context\":\"https:\\\/\\\/schema.org\",\"@graph\":[{\"@type\":\"Article\",\"@id\":\"https:\\\/\\\/www.fcbarcelonanoticias.com\\\/en\\\/national-teams\\\/the-goal-of-lamine-and-the-intensity-of-gavi-the-barca-very-present-in-spain_298151_102.html#article\",\"isPartOf\":{\"@id\":\"https:\\\/\\\/www.fcbarcelonanoticias.com\\\/en\\\/national-teams\\\/the-goal-of-lamine-and-the-intensity-of-gavi-the-barca-very-present-in-spain_298151_102.html\"},\"author\":{\"name\":\"\",\"@id\":\"\"},\"headline\":\"Lamine&#8217;s goal and Gavi&#8217;s intensity: Bar\u00e7a, very &#8216;present&#8217; in Spain\",\"datePublished\":\"2023-11-16T19:12:00+00:00\",\"mainEntityOfPage\":{\"@id\":\"https:\\\/\\\/www.fcbarcelonanoticias.com\\\/en\\\/national-teams\\\/the-goal-of-lamine-and-the-intensity-of-gavi-the-barca-very-present-in-spain_298151_102.html\"},\"wordCount\":495,\"image\":{\"@id\":\"https:\\\/\\\/www.fcbarcelonanoticias.com\\\/en\\\/national-teams\\\/the-goal-of-lamine-and-the-intensity-of-gavi-the-barca-very-present-in-spain_298151_102.html#primaryimage\"},\"thumbnailUrl\":\"https:\\\/\\\/www.fcbarcelonanoticias.com\\\/en\\\/wp-content\\\/uploads\\\/sites\\\/2\\\/2023\\\/11\\\/gavi-entre-rivales-en-el-chipre-vs-espana-1.jpeg\",\"articleSection\":[\"FC Barcelona\"],\"inLanguage\":\"en-US\"},{\"@type\":\"WebPage\",\"@id\":\"https:\\\/\\\/www.fcbarcelonanoticias.com\\\/en\\\/national-teams\\\/the-goal-of-lamine-and-the-intensity-of-gavi-the-barca-very-present-in-spain_298151_102.html\",\"url\":\"https:\\\/\\\/www.fcbarcelonanoticias.com\\\/en\\\/national-teams\\\/the-goal-of-lamine-and-the-intensity-of-gavi-the-barca-very-present-in-spain_298151_102.html\",\"name\":\"The goal of Lamine and the intensity of Gavi: The Bar\u00e7a, very 'present' in Spain\",\"isPartOf\":{\"@id\":\"https:\\\/\\\/www.fcbarcelonanoticias.com\\\/en\\\/#website\"},\"primaryImageOfPage\":{\"@id\":\"https:\\\/\\\/www.fcbarcelonanoticias.com\\\/en\\\/national-teams\\\/the-goal-of-lamine-and-the-intensity-of-gavi-the-barca-very-present-in-spain_298151_102.html#primaryimage\"},\"image\":{\"@id\":\"https:\\\/\\\/www.fcbarcelonanoticias.com\\\/en\\\/national-teams\\\/the-goal-of-lamine-and-the-intensity-of-gavi-the-barca-very-present-in-spain_298151_102.html#primaryimage\"},\"thumbnailUrl\":\"https:\\\/\\\/www.fcbarcelonanoticias.com\\\/en\\\/wp-content\\\/uploads\\\/sites\\\/2\\\/2023\\\/11\\\/gavi-entre-rivales-en-el-chipre-vs-espana-1.jpeg\",\"datePublished\":\"2023-11-16T19:12:00+00:00\",\"author\":{\"@id\":\"\"},\"description\":\"Except I\u00f1igo Mart\u00ednez that it has remained in the bench, all the representatives of the FC Barcelona have had action in the party of Spain against Cyprus in the clasificatorio for the Eurocopa 2024\",\"breadcrumb\":{\"@id\":\"https:\\\/\\\/www.fcbarcelonanoticias.com\\\/en\\\/national-teams\\\/the-goal-of-lamine-and-the-intensity-of-gavi-the-barca-very-present-in-spain_298151_102.html#breadcrumb\"},\"inLanguage\":\"en-US\",\"potentialAction\":[{\"@type\":\"ReadAction\",\"target\":[\"https:\\\/\\\/www.fcbarcelonanoticias.com\\\/en\\\/national-teams\\\/the-goal-of-lamine-and-the-intensity-of-gavi-the-barca-very-present-in-spain_298151_102.html\"]}]},{\"@type\":\"ImageObject\",\"inLanguage\":\"en-US\",\"@id\":\"https:\\\/\\\/www.fcbarcelonanoticias.com\\\/en\\\/national-teams\\\/the-goal-of-lamine-and-the-intensity-of-gavi-the-barca-very-present-in-spain_298151_102.html#primaryimage\",\"url\":\"https:\\\/\\\/www.fcbarcelonanoticias.com\\\/en\\\/wp-content\\\/uploads\\\/sites\\\/2\\\/2023\\\/11\\\/gavi-entre-rivales-en-el-chipre-vs-espana-1.jpeg\",\"contentUrl\":\"https:\\\/\\\/www.fcbarcelonanoticias.com\\\/en\\\/wp-content\\\/uploads\\\/sites\\\/2\\\/2023\\\/11\\\/gavi-entre-rivales-en-el-chipre-vs-espana-1.jpeg\",\"width\":1200,\"height\":675},{\"@type\":\"BreadcrumbList\",\"@id\":\"https:\\\/\\\/www.fcbarcelonanoticias.com\\\/en\\\/national-teams\\\/the-goal-of-lamine-and-the-intensity-of-gavi-the-barca-very-present-in-spain_298151_102.html#breadcrumb\",\"itemListElement\":[{\"@type\":\"ListItem\",\"position\":1,\"name\":\"Portada\",\"item\":\"https:\\\/\\\/www.fcbarcelonanoticias.com\\\/en\\\/\"},{\"@type\":\"ListItem\",\"position\":2,\"name\":\"Lamine&#8217;s goal and Gavi&#8217;s intensity: Bar\u00e7a, very &#8216;present&#8217; in Spain\"}]},{\"@type\":\"WebSite\",\"@id\":\"https:\\\/\\\/www.fcbarcelonanoticias.com\\\/en\\\/#website\",\"url\":\"https:\\\/\\\/www.fcbarcelonanoticias.com\\\/en\\\/\",\"name\":\"EN - FC Barcelona Noticias\",\"description\":\"\",\"potentialAction\":[{\"@type\":\"SearchAction\",\"target\":{\"@type\":\"EntryPoint\",\"urlTemplate\":\"https:\\\/\\\/www.fcbarcelonanoticias.com\\\/en\\\/?s={search_term_string}\"},\"query-input\":{\"@type\":\"PropertyValueSpecification\",\"valueRequired\":true,\"valueName\":\"search_term_string\"}}],\"inLanguage\":\"en-US\"}]}<\/script>\n<!-- \/ Yoast SEO plugin. -->","yoast_head_json":{"title":"The goal of Lamine and the intensity of Gavi: The Bar\u00e7a, very 'present' in Spain","description":"Except I\u00f1igo Mart\u00ednez that it has remained in the bench, all the representatives of the FC Barcelona have had action in the party of Spain against Cyprus in the clasificatorio for the Eurocopa 2024","robots":{"index":"index","follow":"follow","max-snippet":"max-snippet:-1","max-image-preview":"max-image-preview:large","max-video-preview":"max-video-preview:-1"},"canonical":"https:\/\/www.fcbarcelonanoticias.com\/en\/national-teams\/the-goal-of-lamine-and-the-intensity-of-gavi-the-barca-very-present-in-spain_298151_102.html","og_locale":"en_US","og_type":"article","og_title":"The goal of Lamine and the intensity of Gavi: The Bar\u00e7a, very 'present' in Spain","og_description":"Except I\u00f1igo Mart\u00ednez that it has remained in the bench, all the representatives of the FC Barcelona have had action in the party of Spain against Cyprus in the clasificatorio for the Eurocopa 2024","og_url":"https:\/\/www.fcbarcelonanoticias.com\/en\/national-teams\/the-goal-of-lamine-and-the-intensity-of-gavi-the-barca-very-present-in-spain_298151_102.html","og_site_name":"EN - FC Barcelona Noticias","article_published_time":"2023-11-16T19:12:00+00:00","og_image":[{"width":1200,"height":675,"url":"https:\/\/www.fcbarcelonanoticias.com\/en\/wp-content\/uploads\/sites\/2\/2023\/11\/gavi-entre-rivales-en-el-chipre-vs-espana-1.jpeg","type":"image\/jpeg"}],"twitter_card":"summary_large_image","twitter_misc":{"Est. reading time":"2 minutes"},"schema":{"@context":"https:\/\/schema.org","@graph":[{"@type":"Article","@id":"https:\/\/www.fcbarcelonanoticias.com\/en\/national-teams\/the-goal-of-lamine-and-the-intensity-of-gavi-the-barca-very-present-in-spain_298151_102.html#article","isPartOf":{"@id":"https:\/\/www.fcbarcelonanoticias.com\/en\/national-teams\/the-goal-of-lamine-and-the-intensity-of-gavi-the-barca-very-present-in-spain_298151_102.html"},"author":{"name":"","@id":""},"headline":"Lamine&#8217;s goal and Gavi&#8217;s intensity: Bar\u00e7a, very &#8216;present&#8217; in Spain","datePublished":"2023-11-16T19:12:00+00:00","mainEntityOfPage":{"@id":"https:\/\/www.fcbarcelonanoticias.com\/en\/national-teams\/the-goal-of-lamine-and-the-intensity-of-gavi-the-barca-very-present-in-spain_298151_102.html"},"wordCount":495,"image":{"@id":"https:\/\/www.fcbarcelonanoticias.com\/en\/national-teams\/the-goal-of-lamine-and-the-intensity-of-gavi-the-barca-very-present-in-spain_298151_102.html#primaryimage"},"thumbnailUrl":"https:\/\/www.fcbarcelonanoticias.com\/en\/wp-content\/uploads\/sites\/2\/2023\/11\/gavi-entre-rivales-en-el-chipre-vs-espana-1.jpeg","articleSection":["FC Barcelona"],"inLanguage":"en-US"},{"@type":"WebPage","@id":"https:\/\/www.fcbarcelonanoticias.com\/en\/national-teams\/the-goal-of-lamine-and-the-intensity-of-gavi-the-barca-very-present-in-spain_298151_102.html","url":"https:\/\/www.fcbarcelonanoticias.com\/en\/national-teams\/the-goal-of-lamine-and-the-intensity-of-gavi-the-barca-very-present-in-spain_298151_102.html","name":"The goal of Lamine and the intensity of Gavi: The Bar\u00e7a, very 'present' in Spain","isPartOf":{"@id":"https:\/\/www.fcbarcelonanoticias.com\/en\/#website"},"primaryImageOfPage":{"@id":"https:\/\/www.fcbarcelonanoticias.com\/en\/national-teams\/the-goal-of-lamine-and-the-intensity-of-gavi-the-barca-very-present-in-spain_298151_102.html#primaryimage"},"image":{"@id":"https:\/\/www.fcbarcelonanoticias.com\/en\/national-teams\/the-goal-of-lamine-and-the-intensity-of-gavi-the-barca-very-present-in-spain_298151_102.html#primaryimage"},"thumbnailUrl":"https:\/\/www.fcbarcelonanoticias.com\/en\/wp-content\/uploads\/sites\/2\/2023\/11\/gavi-entre-rivales-en-el-chipre-vs-espana-1.jpeg","datePublished":"2023-11-16T19:12:00+00:00","author":{"@id":""},"description":"Except I\u00f1igo Mart\u00ednez that it has remained in the bench, all the representatives of the FC Barcelona have had action in the party of Spain against Cyprus in the clasificatorio for the Eurocopa 2024","breadcrumb":{"@id":"https:\/\/www.fcbarcelonanoticias.com\/en\/national-teams\/the-goal-of-lamine-and-the-intensity-of-gavi-the-barca-very-present-in-spain_298151_102.html#breadcrumb"},"inLanguage":"en-US","potentialAction":[{"@type":"ReadAction","target":["https:\/\/www.fcbarcelonanoticias.com\/en\/national-teams\/the-goal-of-lamine-and-the-intensity-of-gavi-the-barca-very-present-in-spain_298151_102.html"]}]},{"@type":"ImageObject","inLanguage":"en-US","@id":"https:\/\/www.fcbarcelonanoticias.com\/en\/national-teams\/the-goal-of-lamine-and-the-intensity-of-gavi-the-barca-very-present-in-spain_298151_102.html#primaryimage","url":"https:\/\/www.fcbarcelonanoticias.com\/en\/wp-content\/uploads\/sites\/2\/2023\/11\/gavi-entre-rivales-en-el-chipre-vs-espana-1.jpeg","contentUrl":"https:\/\/www.fcbarcelonanoticias.com\/en\/wp-content\/uploads\/sites\/2\/2023\/11\/gavi-entre-rivales-en-el-chipre-vs-espana-1.jpeg","width":1200,"height":675},{"@type":"BreadcrumbList","@id":"https:\/\/www.fcbarcelonanoticias.com\/en\/national-teams\/the-goal-of-lamine-and-the-intensity-of-gavi-the-barca-very-present-in-spain_298151_102.html#breadcrumb","itemListElement":[{"@type":"ListItem","position":1,"name":"Portada","item":"https:\/\/www.fcbarcelonanoticias.com\/en\/"},{"@type":"ListItem","position":2,"name":"Lamine&#8217;s goal and Gavi&#8217;s intensity: Bar\u00e7a, very &#8216;present&#8217; in Spain"}]},{"@type":"WebSite","@id":"https:\/\/www.fcbarcelonanoticias.com\/en\/#website","url":"https:\/\/www.fcbarcelonanoticias.com\/en\/","name":"EN - FC Barcelona Noticias","description":"","potentialAction":[{"@type":"SearchAction","target":{"@type":"EntryPoint","urlTemplate":"https:\/\/www.fcbarcelonanoticias.com\/en\/?s={search_term_string}"},"query-input":{"@type":"PropertyValueSpecification","valueRequired":true,"valueName":"search_term_string"}}],"inLanguage":"en-US"}]}},"_links":{"self":[{"href":"https:\/\/www.fcbarcelonanoticias.com\/en\/wp-json\/wp\/v2\/posts\/69637","targetHints":{"allow":["GET"]}}],"collection":[{"href":"https:\/\/www.fcbarcelonanoticias.com\/en\/wp-json\/wp\/v2\/posts"}],"about":[{"href":"https:\/\/www.fcbarcelonanoticias.com\/en\/wp-json\/wp\/v2\/types\/post"}],"replies":[{"embeddable":true,"href":"https:\/\/www.fcbarcelonanoticias.com\/en\/wp-json\/wp\/v2\/comments?post=69637"}],"version-history":[{"count":1,"href":"https:\/\/www.fcbarcelonanoticias.com\/en\/wp-json\/wp\/v2\/posts\/69637\/revisions"}],"predecessor-version":[{"id":69638,"href":"https:\/\/www.fcbarcelonanoticias.com\/en\/wp-json\/wp\/v2\/posts\/69637\/revisions\/69638"}],"wp:featuredmedia":[{"embeddable":true,"href":"https:\/\/www.fcbarcelonanoticias.com\/en\/wp-json\/wp\/v2\/media\/69640"}],"wp:attachment":[{"href":"https:\/\/www.fcbarcelonanoticias.com\/en\/wp-json\/wp\/v2\/media?parent=69637"}],"wp:term":[{"taxonomy":"category","embeddable":true,"href":"https:\/\/www.fcbarcelonanoticias.com\/en\/wp-json\/wp\/v2\/categories?post=69637"},{"taxonomy":"post_tag","embeddable":true,"href":"https:\/\/www.fcbarcelonanoticias.com\/en\/wp-json\/wp\/v2\/tags?post=69637"}],"curies":[{"name":"wp","href":"https:\/\/api.w.org\/{rel}","templated":true}]}}