{"id":69682,"date":"2021-10-10T23:21:00","date_gmt":"2021-10-10T21:21:00","guid":{"rendered":"https:\/\/weisetech.dev\/fc-barcelona-noticias\/en\/theft-to-spain-mbappe-defined-the-final-with-a-goal-in-position-irreglamentaria_273638_102\/"},"modified":"2021-10-10T23:21:00","modified_gmt":"2021-10-10T21:21:00","slug":"theft-to-spain-mbappe-defined-the-final-with-a-goal-in-position-irreglamentaria_273638_102","status":"publish","type":"post","link":"https:\/\/www.fcbarcelonanoticias.com\/en\/national-teams\/theft-to-spain-mbappe-defined-the-final-with-a-goal-in-position-irreglamentaria_273638_102.html","title":{"rendered":"Robbery from Spain? Mbapp\u00e9 defined the final with an offside goal"},"content":{"rendered":"<h2 class=\"wp-block-heading\">The France of Benzema and Mbapp\u00e9 raised the scoreboard to Spain to take the Nations League trophy, but the controversy was not lacking in San Siro<\/h2>  \r\n<div class=\"article-addons\">\r\n    <a href=\"https:\/\/www.fcbarcelonanoticias.com\/en\/calendar-fc-barcelona.html\"\r\n       target=\"_self\"\r\n       title=\"Calendar of FC Barcelona\"\r\n       class=\"blue-gredient-btn\">\r\n       \r\n        Calendar of FC Barcelona    <\/a>\r\n<\/div>   <p>Already it said Luis Enrique in press conference that <strong>&#8220;France, to individual level, is the best of the world&#8221;<\/strong> and in the final of the UEFA Nations League confirmed once again what aimed the seleccionador national. <a data-external=\"0\" data-intl-links-en=\"https:\/\/www.fcbarcelonanoticias.com\/en\/national-teams\/france-champion-benzema-and-mbappe-trace-back-to-spain-in-the-nations-league_273637_102.html\" data-intl-links-es=\"https:\/\/www.fcbarcelonanoticias.com\/selecciones-nacionales\/francia-campeona-benzema-mbappe-remontan-espana-en-nations-league_273637_102.html\" href=\"https:\/\/www.fcbarcelonanoticias.com\/en\/national-teams\/france-champion-benzema-and-mbappe-trace-back-to-spain-in-the-nations-league_273637_102.html\" rel=\"follow\" target=\"_self\" title=\"\u00a1Francia, campeona! Benzema y Mbapp\u00e9 remontan a Espa\u00f1a en la Nations League\">&#8216;The Red&#8217; fell in Saint Siro<\/a> after a very serious party in which they were upper to the Frenchmen, but that could not &#8216;brake&#8217; completely to the two stars.<\/p>  <p>First it was Karim Benzema the one who sent an impossible shot (and perfect) for empatar the marker after the initial goal of Mikel Oyarzabal, one minute before, and afterwards <strong>Kylian Mbapp\u00e9 with a goal to fault of ten minutes of the end of the party,<\/strong> after a pass deTheo Hern\u00e1ndez, but the so much lit the controversy because it was offside. Anthony Taylor neither the VAR thought the same.<\/p>  <p>The player of the AC Milan sent a big balloon to the space, but Mbapp\u00e9 split of a doubtful position to finish in front of Unai Sim\u00f3n. The VAR, immediately, began the review, but the decision was clear: <strong>it was legal goal, something that did not agree with what showed the images in direct<\/strong> and that caused the get angry of all the players of &#8216;The Red&#8217;, that did not doubt in demanding to Anthony Taylor.<\/p>  <p>The referee interprets, in any case, that like <strong>the balloon touched in Eric Garc\u00eda in an attempt of the central of the <a data-external=\"0\" data-intl-links-en=\"https:\/\/www.fcbarcelonanoticias.com\/en\/fc-barcelona\" data-intl-links-es=\"https:\/\/www.fcbarcelonanoticias.com\/fc-barcelona\" href=\"https:\/\/www.fcbarcelonanoticias.com\/en\/football-soccer\/fc-barcelona.html\" rel=\"follow\" target=\"_self\" title=\"FC Barcelona\">FC Barcelona<\/a> in cutting the pass to Mbapp\u00e9<\/strong>, the defender was enabling to the French forward, independently that this split or no from a position irreglamentaria.<\/p>  <blockquote class=\"twitter-tweet\"> <p dir=\"ltr\" lang=\"es\">It argues that the played is valid because Eric Garc\u00eda tries to touch the ball voluntarily (cancels the offside). I pose you this: if Mbapp\u00e9 was not here, Eric would go like this by the ball?<br><br> Mbapp\u00e9 Influences in the played and is offside. <a href=\"https:\/\/t.co\/en\/QVd9jRV196\">pic.twitter.com\/qvd9jrv196<\/a><\/p> \u2014 Manu Heredia (@ManuHeredia21) <a href=\"https:\/\/twitter.com\/en\/ManuHeredia21\/status\/1447303395677818883?ref_src=twsrc%5Etfw\">October 10, 2021<\/a> <\/blockquote> <h3>Explosion of &#8216;The Red&#8217;<\/h3>  <p>Once again the decisions, or rather the interpretations, referee&#8217;s define a party. The referee of Radius MARKS, <strong>Alfonso P\u00e9rez Burrull, <\/strong>explained that &#8220;Mbapp\u00e9 interferes in the played and <strong>is offside although it touch it the Spanish defence.<\/strong> It is wrong that of validity to the goal by this reason&#8221;.<\/p>  <p>Also it has criticised that they did not trace the lines in direct, when it treated of a played decisive qu, in question, defined the final of the UEFA Nations League: &#8220;What is incredible is that <strong>they do not trace a line when it seems very clear the position antireglamentaria <\/strong>of the French&#8221;, stood out the referee.<\/p> ","protected":false},"excerpt":{"rendered":"<p>The France of Benzema and Mbapp\u00e9 raised the scoreboard to Spain to take the Nations League trophy, but the controversy was not lacking in San Siro Already it said Luis Enrique in press conference that &#8220;France, to individual level, is the best of the world&#8221; and in the final of the UEFA Nations League confirmed [&hellip;]<\/p>\n","protected":false},"author":377,"featured_media":4943,"comment_status":"closed","ping_status":"open","sticky":false,"template":"","format":"standard","meta":{"_acf_changed":false,"inline_featured_image":false,"_nextfly_llmd_date_locked":false,"footnotes":""},"categories":[1],"tags":[171,190,140,194],"class_list":["post-69682","post","type-post","status-publish","format-standard","has-post-thumbnail","hentry","category-sin-categoria","tag-mbappe","tag-referees","tag-uefa-nations-league","tag-var"],"acf":[],"yoast_head":"<!-- This site is optimized with the Yoast SEO plugin v27.3 - https:\/\/yoast.com\/product\/yoast-seo-wordpress\/ -->\n<title>Theft to Spain? Mbapp\u00e9 Defined the final with a goal in position irreglamentaria<\/title>\n<meta name=\"description\" content=\"The France of Benzema and Mbapp\u00e9 traced back the marker to Spain to carry the trophy of the Nations League, but the controversy did not be in Saint Siro\" \/>\n<meta name=\"robots\" content=\"index, follow, max-snippet:-1, max-image-preview:large, max-video-preview:-1\" \/>\n<link rel=\"canonical\" href=\"https:\/\/www.fcbarcelonanoticias.com\/en\/national-teams\/theft-to-spain-mbappe-defined-the-final-with-a-goal-in-position-irreglamentaria_273638_102.html\" \/>\n<meta property=\"og:locale\" content=\"en_US\" \/>\n<meta property=\"og:type\" content=\"article\" \/>\n<meta property=\"og:title\" content=\"Theft to Spain? Mbapp\u00e9 Defined the final with a goal in position irreglamentaria\" \/>\n<meta property=\"og:description\" content=\"The France of Benzema and Mbapp\u00e9 traced back the marker to Spain to carry the trophy of the Nations League, but the controversy did not be in Saint Siro\" \/>\n<meta property=\"og:url\" content=\"https:\/\/www.fcbarcelonanoticias.com\/en\/national-teams\/theft-to-spain-mbappe-defined-the-final-with-a-goal-in-position-irreglamentaria_273638_102.html\" \/>\n<meta property=\"og:site_name\" content=\"EN - FC Barcelona Noticias\" \/>\n<meta property=\"article:published_time\" content=\"2021-10-10T21:21:00+00:00\" \/>\n<meta property=\"og:image\" content=\"https:\/\/www.fcbarcelonanoticias.com\/en\/wp-content\/uploads\/sites\/2\/2021\/02\/mbappe.jpeg\" \/>\n\t<meta property=\"og:image:width\" content=\"1200\" \/>\n\t<meta property=\"og:image:height\" content=\"675\" \/>\n\t<meta property=\"og:image:type\" content=\"image\/jpeg\" \/>\n<meta name=\"author\" content=\"user_4033\" \/>\n<meta name=\"twitter:card\" content=\"summary_large_image\" \/>\n<meta name=\"twitter:label1\" content=\"Written by\" \/>\n\t<meta name=\"twitter:data1\" content=\"user_4033\" \/>\n\t<meta name=\"twitter:label2\" content=\"Est. reading time\" \/>\n\t<meta name=\"twitter:data2\" content=\"2 minutes\" \/>\n<script type=\"application\/ld+json\" class=\"yoast-schema-graph\">{\"@context\":\"https:\\\/\\\/schema.org\",\"@graph\":[{\"@type\":\"Article\",\"@id\":\"https:\\\/\\\/www.fcbarcelonanoticias.com\\\/en\\\/national-teams\\\/theft-to-spain-mbappe-defined-the-final-with-a-goal-in-position-irreglamentaria_273638_102.html#article\",\"isPartOf\":{\"@id\":\"https:\\\/\\\/www.fcbarcelonanoticias.com\\\/en\\\/national-teams\\\/theft-to-spain-mbappe-defined-the-final-with-a-goal-in-position-irreglamentaria_273638_102.html\"},\"author\":{\"name\":\"user_4033\",\"@id\":\"https:\\\/\\\/www.fcbarcelonanoticias.com\\\/en\\\/#\\\/schema\\\/person\\\/ef17c1dea904b5d4464ec95dd322e667\"},\"headline\":\"Robbery from Spain? Mbapp\u00e9 defined the final with an offside goal\",\"datePublished\":\"2021-10-10T21:21:00+00:00\",\"mainEntityOfPage\":{\"@id\":\"https:\\\/\\\/www.fcbarcelonanoticias.com\\\/en\\\/national-teams\\\/theft-to-spain-mbappe-defined-the-final-with-a-goal-in-position-irreglamentaria_273638_102.html\"},\"wordCount\":465,\"image\":{\"@id\":\"https:\\\/\\\/www.fcbarcelonanoticias.com\\\/en\\\/national-teams\\\/theft-to-spain-mbappe-defined-the-final-with-a-goal-in-position-irreglamentaria_273638_102.html#primaryimage\"},\"thumbnailUrl\":\"https:\\\/\\\/www.fcbarcelonanoticias.com\\\/en\\\/wp-content\\\/uploads\\\/sites\\\/2\\\/2021\\\/02\\\/mbappe.jpeg\",\"keywords\":[\"Mbapp\u00e9\",\"Referees\",\"UEFA Nations League\",\"VAR\"],\"articleSection\":[\"Sin categor\u00eda\"],\"inLanguage\":\"en-US\"},{\"@type\":\"WebPage\",\"@id\":\"https:\\\/\\\/www.fcbarcelonanoticias.com\\\/en\\\/national-teams\\\/theft-to-spain-mbappe-defined-the-final-with-a-goal-in-position-irreglamentaria_273638_102.html\",\"url\":\"https:\\\/\\\/www.fcbarcelonanoticias.com\\\/en\\\/national-teams\\\/theft-to-spain-mbappe-defined-the-final-with-a-goal-in-position-irreglamentaria_273638_102.html\",\"name\":\"Theft to Spain? Mbapp\u00e9 Defined the final with a goal in position irreglamentaria\",\"isPartOf\":{\"@id\":\"https:\\\/\\\/www.fcbarcelonanoticias.com\\\/en\\\/#website\"},\"primaryImageOfPage\":{\"@id\":\"https:\\\/\\\/www.fcbarcelonanoticias.com\\\/en\\\/national-teams\\\/theft-to-spain-mbappe-defined-the-final-with-a-goal-in-position-irreglamentaria_273638_102.html#primaryimage\"},\"image\":{\"@id\":\"https:\\\/\\\/www.fcbarcelonanoticias.com\\\/en\\\/national-teams\\\/theft-to-spain-mbappe-defined-the-final-with-a-goal-in-position-irreglamentaria_273638_102.html#primaryimage\"},\"thumbnailUrl\":\"https:\\\/\\\/www.fcbarcelonanoticias.com\\\/en\\\/wp-content\\\/uploads\\\/sites\\\/2\\\/2021\\\/02\\\/mbappe.jpeg\",\"datePublished\":\"2021-10-10T21:21:00+00:00\",\"author\":{\"@id\":\"https:\\\/\\\/www.fcbarcelonanoticias.com\\\/en\\\/#\\\/schema\\\/person\\\/ef17c1dea904b5d4464ec95dd322e667\"},\"description\":\"The France of Benzema and Mbapp\u00e9 traced back the marker to Spain to carry the trophy of the Nations League, but the controversy did not be in Saint Siro\",\"breadcrumb\":{\"@id\":\"https:\\\/\\\/www.fcbarcelonanoticias.com\\\/en\\\/national-teams\\\/theft-to-spain-mbappe-defined-the-final-with-a-goal-in-position-irreglamentaria_273638_102.html#breadcrumb\"},\"inLanguage\":\"en-US\",\"potentialAction\":[{\"@type\":\"ReadAction\",\"target\":[\"https:\\\/\\\/www.fcbarcelonanoticias.com\\\/en\\\/national-teams\\\/theft-to-spain-mbappe-defined-the-final-with-a-goal-in-position-irreglamentaria_273638_102.html\"]}]},{\"@type\":\"ImageObject\",\"inLanguage\":\"en-US\",\"@id\":\"https:\\\/\\\/www.fcbarcelonanoticias.com\\\/en\\\/national-teams\\\/theft-to-spain-mbappe-defined-the-final-with-a-goal-in-position-irreglamentaria_273638_102.html#primaryimage\",\"url\":\"https:\\\/\\\/www.fcbarcelonanoticias.com\\\/en\\\/wp-content\\\/uploads\\\/sites\\\/2\\\/2021\\\/02\\\/mbappe.jpeg\",\"contentUrl\":\"https:\\\/\\\/www.fcbarcelonanoticias.com\\\/en\\\/wp-content\\\/uploads\\\/sites\\\/2\\\/2021\\\/02\\\/mbappe.jpeg\",\"width\":1200,\"height\":675},{\"@type\":\"BreadcrumbList\",\"@id\":\"https:\\\/\\\/www.fcbarcelonanoticias.com\\\/en\\\/national-teams\\\/theft-to-spain-mbappe-defined-the-final-with-a-goal-in-position-irreglamentaria_273638_102.html#breadcrumb\",\"itemListElement\":[{\"@type\":\"ListItem\",\"position\":1,\"name\":\"Portada\",\"item\":\"https:\\\/\\\/www.fcbarcelonanoticias.com\\\/en\\\/\"},{\"@type\":\"ListItem\",\"position\":2,\"name\":\"Robbery from Spain? Mbapp\u00e9 defined the final with an offside goal\"}]},{\"@type\":\"WebSite\",\"@id\":\"https:\\\/\\\/www.fcbarcelonanoticias.com\\\/en\\\/#website\",\"url\":\"https:\\\/\\\/www.fcbarcelonanoticias.com\\\/en\\\/\",\"name\":\"EN - FC Barcelona Noticias\",\"description\":\"\",\"potentialAction\":[{\"@type\":\"SearchAction\",\"target\":{\"@type\":\"EntryPoint\",\"urlTemplate\":\"https:\\\/\\\/www.fcbarcelonanoticias.com\\\/en\\\/?s={search_term_string}\"},\"query-input\":{\"@type\":\"PropertyValueSpecification\",\"valueRequired\":true,\"valueName\":\"search_term_string\"}}],\"inLanguage\":\"en-US\"},{\"@type\":\"Person\",\"@id\":\"https:\\\/\\\/www.fcbarcelonanoticias.com\\\/en\\\/#\\\/schema\\\/person\\\/ef17c1dea904b5d4464ec95dd322e667\",\"name\":\"user_4033\",\"image\":{\"@type\":\"ImageObject\",\"inLanguage\":\"en-US\",\"@id\":\"https:\\\/\\\/secure.gravatar.com\\\/avatar\\\/?s=96&d=mm&r=g\",\"url\":\"https:\\\/\\\/secure.gravatar.com\\\/avatar\\\/?s=96&d=mm&r=g\",\"contentUrl\":\"https:\\\/\\\/secure.gravatar.com\\\/avatar\\\/?s=96&d=mm&r=g\",\"caption\":\"user_4033\"},\"url\":\"https:\\\/\\\/www.fcbarcelonanoticias.com\\\/en\\\/user_4033.html\"}]}<\/script>\n<!-- \/ Yoast SEO plugin. -->","yoast_head_json":{"title":"Theft to Spain? Mbapp\u00e9 Defined the final with a goal in position irreglamentaria","description":"The France of Benzema and Mbapp\u00e9 traced back the marker to Spain to carry the trophy of the Nations League, but the controversy did not be in Saint Siro","robots":{"index":"index","follow":"follow","max-snippet":"max-snippet:-1","max-image-preview":"max-image-preview:large","max-video-preview":"max-video-preview:-1"},"canonical":"https:\/\/www.fcbarcelonanoticias.com\/en\/national-teams\/theft-to-spain-mbappe-defined-the-final-with-a-goal-in-position-irreglamentaria_273638_102.html","og_locale":"en_US","og_type":"article","og_title":"Theft to Spain? Mbapp\u00e9 Defined the final with a goal in position irreglamentaria","og_description":"The France of Benzema and Mbapp\u00e9 traced back the marker to Spain to carry the trophy of the Nations League, but the controversy did not be in Saint Siro","og_url":"https:\/\/www.fcbarcelonanoticias.com\/en\/national-teams\/theft-to-spain-mbappe-defined-the-final-with-a-goal-in-position-irreglamentaria_273638_102.html","og_site_name":"EN - FC Barcelona Noticias","article_published_time":"2021-10-10T21:21:00+00:00","og_image":[{"width":1200,"height":675,"url":"https:\/\/www.fcbarcelonanoticias.com\/en\/wp-content\/uploads\/sites\/2\/2021\/02\/mbappe.jpeg","type":"image\/jpeg"}],"author":"user_4033","twitter_card":"summary_large_image","twitter_misc":{"Written by":"user_4033","Est. reading time":"2 minutes"},"schema":{"@context":"https:\/\/schema.org","@graph":[{"@type":"Article","@id":"https:\/\/www.fcbarcelonanoticias.com\/en\/national-teams\/theft-to-spain-mbappe-defined-the-final-with-a-goal-in-position-irreglamentaria_273638_102.html#article","isPartOf":{"@id":"https:\/\/www.fcbarcelonanoticias.com\/en\/national-teams\/theft-to-spain-mbappe-defined-the-final-with-a-goal-in-position-irreglamentaria_273638_102.html"},"author":{"name":"user_4033","@id":"https:\/\/www.fcbarcelonanoticias.com\/en\/#\/schema\/person\/ef17c1dea904b5d4464ec95dd322e667"},"headline":"Robbery from Spain? Mbapp\u00e9 defined the final with an offside goal","datePublished":"2021-10-10T21:21:00+00:00","mainEntityOfPage":{"@id":"https:\/\/www.fcbarcelonanoticias.com\/en\/national-teams\/theft-to-spain-mbappe-defined-the-final-with-a-goal-in-position-irreglamentaria_273638_102.html"},"wordCount":465,"image":{"@id":"https:\/\/www.fcbarcelonanoticias.com\/en\/national-teams\/theft-to-spain-mbappe-defined-the-final-with-a-goal-in-position-irreglamentaria_273638_102.html#primaryimage"},"thumbnailUrl":"https:\/\/www.fcbarcelonanoticias.com\/en\/wp-content\/uploads\/sites\/2\/2021\/02\/mbappe.jpeg","keywords":["Mbapp\u00e9","Referees","UEFA Nations League","VAR"],"articleSection":["Sin categor\u00eda"],"inLanguage":"en-US"},{"@type":"WebPage","@id":"https:\/\/www.fcbarcelonanoticias.com\/en\/national-teams\/theft-to-spain-mbappe-defined-the-final-with-a-goal-in-position-irreglamentaria_273638_102.html","url":"https:\/\/www.fcbarcelonanoticias.com\/en\/national-teams\/theft-to-spain-mbappe-defined-the-final-with-a-goal-in-position-irreglamentaria_273638_102.html","name":"Theft to Spain? Mbapp\u00e9 Defined the final with a goal in position irreglamentaria","isPartOf":{"@id":"https:\/\/www.fcbarcelonanoticias.com\/en\/#website"},"primaryImageOfPage":{"@id":"https:\/\/www.fcbarcelonanoticias.com\/en\/national-teams\/theft-to-spain-mbappe-defined-the-final-with-a-goal-in-position-irreglamentaria_273638_102.html#primaryimage"},"image":{"@id":"https:\/\/www.fcbarcelonanoticias.com\/en\/national-teams\/theft-to-spain-mbappe-defined-the-final-with-a-goal-in-position-irreglamentaria_273638_102.html#primaryimage"},"thumbnailUrl":"https:\/\/www.fcbarcelonanoticias.com\/en\/wp-content\/uploads\/sites\/2\/2021\/02\/mbappe.jpeg","datePublished":"2021-10-10T21:21:00+00:00","author":{"@id":"https:\/\/www.fcbarcelonanoticias.com\/en\/#\/schema\/person\/ef17c1dea904b5d4464ec95dd322e667"},"description":"The France of Benzema and Mbapp\u00e9 traced back the marker to Spain to carry the trophy of the Nations League, but the controversy did not be in Saint Siro","breadcrumb":{"@id":"https:\/\/www.fcbarcelonanoticias.com\/en\/national-teams\/theft-to-spain-mbappe-defined-the-final-with-a-goal-in-position-irreglamentaria_273638_102.html#breadcrumb"},"inLanguage":"en-US","potentialAction":[{"@type":"ReadAction","target":["https:\/\/www.fcbarcelonanoticias.com\/en\/national-teams\/theft-to-spain-mbappe-defined-the-final-with-a-goal-in-position-irreglamentaria_273638_102.html"]}]},{"@type":"ImageObject","inLanguage":"en-US","@id":"https:\/\/www.fcbarcelonanoticias.com\/en\/national-teams\/theft-to-spain-mbappe-defined-the-final-with-a-goal-in-position-irreglamentaria_273638_102.html#primaryimage","url":"https:\/\/www.fcbarcelonanoticias.com\/en\/wp-content\/uploads\/sites\/2\/2021\/02\/mbappe.jpeg","contentUrl":"https:\/\/www.fcbarcelonanoticias.com\/en\/wp-content\/uploads\/sites\/2\/2021\/02\/mbappe.jpeg","width":1200,"height":675},{"@type":"BreadcrumbList","@id":"https:\/\/www.fcbarcelonanoticias.com\/en\/national-teams\/theft-to-spain-mbappe-defined-the-final-with-a-goal-in-position-irreglamentaria_273638_102.html#breadcrumb","itemListElement":[{"@type":"ListItem","position":1,"name":"Portada","item":"https:\/\/www.fcbarcelonanoticias.com\/en\/"},{"@type":"ListItem","position":2,"name":"Robbery from Spain? Mbapp\u00e9 defined the final with an offside goal"}]},{"@type":"WebSite","@id":"https:\/\/www.fcbarcelonanoticias.com\/en\/#website","url":"https:\/\/www.fcbarcelonanoticias.com\/en\/","name":"EN - FC Barcelona Noticias","description":"","potentialAction":[{"@type":"SearchAction","target":{"@type":"EntryPoint","urlTemplate":"https:\/\/www.fcbarcelonanoticias.com\/en\/?s={search_term_string}"},"query-input":{"@type":"PropertyValueSpecification","valueRequired":true,"valueName":"search_term_string"}}],"inLanguage":"en-US"},{"@type":"Person","@id":"https:\/\/www.fcbarcelonanoticias.com\/en\/#\/schema\/person\/ef17c1dea904b5d4464ec95dd322e667","name":"user_4033","image":{"@type":"ImageObject","inLanguage":"en-US","@id":"https:\/\/secure.gravatar.com\/avatar\/?s=96&d=mm&r=g","url":"https:\/\/secure.gravatar.com\/avatar\/?s=96&d=mm&r=g","contentUrl":"https:\/\/secure.gravatar.com\/avatar\/?s=96&d=mm&r=g","caption":"user_4033"},"url":"https:\/\/www.fcbarcelonanoticias.com\/en\/user_4033.html"}]}},"_links":{"self":[{"href":"https:\/\/www.fcbarcelonanoticias.com\/en\/wp-json\/wp\/v2\/posts\/69682","targetHints":{"allow":["GET"]}}],"collection":[{"href":"https:\/\/www.fcbarcelonanoticias.com\/en\/wp-json\/wp\/v2\/posts"}],"about":[{"href":"https:\/\/www.fcbarcelonanoticias.com\/en\/wp-json\/wp\/v2\/types\/post"}],"author":[{"embeddable":true,"href":"https:\/\/www.fcbarcelonanoticias.com\/en\/wp-json\/wp\/v2\/users\/377"}],"replies":[{"embeddable":true,"href":"https:\/\/www.fcbarcelonanoticias.com\/en\/wp-json\/wp\/v2\/comments?post=69682"}],"version-history":[{"count":1,"href":"https:\/\/www.fcbarcelonanoticias.com\/en\/wp-json\/wp\/v2\/posts\/69682\/revisions"}],"predecessor-version":[{"id":120868,"href":"https:\/\/www.fcbarcelonanoticias.com\/en\/wp-json\/wp\/v2\/posts\/69682\/revisions\/120868"}],"wp:featuredmedia":[{"embeddable":true,"href":"https:\/\/www.fcbarcelonanoticias.com\/en\/wp-json\/wp\/v2\/media\/4943"}],"wp:attachment":[{"href":"https:\/\/www.fcbarcelonanoticias.com\/en\/wp-json\/wp\/v2\/media?parent=69682"}],"wp:term":[{"taxonomy":"category","embeddable":true,"href":"https:\/\/www.fcbarcelonanoticias.com\/en\/wp-json\/wp\/v2\/categories?post=69682"},{"taxonomy":"post_tag","embeddable":true,"href":"https:\/\/www.fcbarcelonanoticias.com\/en\/wp-json\/wp\/v2\/tags?post=69682"}],"curies":[{"name":"wp","href":"https:\/\/api.w.org\/{rel}","templated":true}]}}