{"id":69706,"date":"2023-02-23T18:22:00","date_gmt":"2023-02-23T17:22:00","guid":{"rendered":"https:\/\/weisetech.dev\/fc-barcelona-noticias\/en\/bombshell-sergio-ramos-withdraws-spain-and-launches-several-pullas-to-federation_289905_102\/"},"modified":"2023-02-23T18:22:00","modified_gmt":"2023-02-23T17:22:00","slug":"bombshell-sergio-ramos-withdraws-spain-and-launches-several-pullas-to-federation_289905_102","status":"publish","type":"post","link":"https:\/\/www.fcbarcelonanoticias.com\/en\/players\/bombshell-sergio-ramos-withdraws-spain-and-launches-several-pullas-to-federation_289905_102.html","title":{"rendered":"Bombshell! Sergio Ramos withdraws from Spain and throws several pullas to the Federation"},"content":{"rendered":"<h2 class=\"wp-block-heading\">Thursday has brought news that very few expected. Sergio Ramos has not been taken into account for the new project of the selection of Spain and before this the player has decided to make official his international retirement<\/h2>  \r\n<div class=\"article-addons\">\r\n    <a href=\"https:\/\/www.fcbarcelonanoticias.com\/en\/calendar-fc-barcelona.html\"\r\n       target=\"_self\"\r\n       title=\"Calendar of FC Barcelona\"\r\n       class=\"blue-gredient-btn\">\r\n       \r\n        Calendar of FC Barcelona    <\/a>\r\n<\/div>   <p>After a World-wide and two Eurocopas raised, Sergio Bouquets has put end to his go through the selection of Spain. Like this it has communicated it the own player of the PSG, the one who has issued an official communiqu\u00e9 from his social networks ensuring that <strong>&#8220;I have received the call of the current seleccionador that has communicated me that it does not explain neither goes to explain with me, independently of the level that can show&#8221;.<\/strong><\/p>  <p>In his complete letter, which will be able to read to the complete in this same article, Bouquets loads against the decision of the seleccionador and <strong>takes advantage of his letter to shoot several &#8216;darts&#8217; so much to the RFEF, as to the current seleccionador national, Luis de la Fuente. <\/strong>Of this way tries to do see that under his optics the decision of the m\u00edster has not been sportive and that have influenced other factors.<\/p>  <p>Bouquets compared his situation with the one of other footballers of his generation that yes continue explaining for his respective combined national. <strong>&#8220;I look with admiration and envy to Modric, <a data-external=\"0\" data-intl-links-en=\"https:\/\/www.fcbarcelonanoticias.com\/en\/players\/lionel-messi\/what-happens-leo-messi-x-ray-situation-possible-back-barcelona_289901_102.html\" data-intl-links-es=\"https:\/\/www.fcbarcelonanoticias.com\/jugadores\/lionel-messi\/que-pasa-leo-messi-radiografia-situacion-posible-vuelta-barca_289901_102.html\" href=\"https:\/\/www.fcbarcelonanoticias.com\/en\/players\/lionel-messi\/what-happens-leo-messi-x-ray-situation-possible-back-barcelona_289901_102.html\" rel=\"follow\" target=\"_self\" title=\"\u00bfQu\u00e9 pasa con Leo Messi? Radiograf\u00eda de su situaci\u00f3n y su posible vuelta al Bar\u00e7a\">Messi<\/a>, to Pepe&#8230;The essence, the tradition, the values, the meritocracia and the justice in the football.<\/strong> Lamentably it will not be like this for me, because the football no always is just and the football never is alone football&#8221;, commented.<\/p>  <blockquote class=\"twitter-tweet\"> <p dir=\"ltr\" lang=\"es\">I will follow encouraging to my country from house with the emotion of the privileged that has been able to represent it proud 180 times. Thank you Of heart to all those that always believed in me! \u2764\ufe0f\ud83d\udc9b\u2764\ufe0f <a href=\"https:\/\/t.co\/en\/KzVldPhiqo\">pic.twitter.com\/kzvldphiqo<\/a><\/p> \u2014 Sergio Bouquets (@SergioRamos) <a href=\"https:\/\/twitter.com\/en\/SergioRamos\/status\/1628800510533767170?ref_src=twsrc%5Etfw\">February 23, 2023<\/a> <\/blockquote> <p>The footballer that happened also by the Seville, and especially by <a data-external=\"0\" data-intl-links-en=\"https:\/\/www.fcbarcelonanoticias.com\/en\/real-madrid\" data-intl-links-es=\"https:\/\/www.fcbarcelonanoticias.com\/real-madrid\" href=\"https:\/\/www.fcbarcelonanoticias.com\/en\/football-soccer\/real-madrid.html\" rel=\"follow\" target=\"_self\" title=\"Real Madrid\">the Real Madrid<\/a>, sacks after 180 parties contested, and 189 announcements, in addition to 23 goals. Of have not gone back backwards, <strong>the last party of the central with The Red will remain registered like the 3-1 of Spain on Kosovo on 31 March 2021 by the Eliminatory to the Glass of the World of Qatar. <\/strong><\/p>  <h3>Complete letter of Sergio Bouquets<\/h3>  <p>&#8220;It has Ilegado the hour, the hour to say goodbye to the Selection, ours wanted to and thrilling Red. In the morning of today have received the Ilamada of the current Seleccionador that has communicated me that it does not explain and that does not go to explain with me, independently of the level that can show or of as it continue my sportive career. <strong>With a lot weigh, is the end of a route that expected that it was longer and that finished with a better flavour of mouth, to the height of all the successes that have attained with our Red.<\/strong><\/p>  <p>Humbly, I think that this path deserved to finish by a personal decision or because my performance was not to the height of what deserves our Selection, but no by question of the age or other reasons that, without having them hearing, have felt. Because be young or less youngster is not a virtue or a defect, is only a temporary characteristic that no necessarily is related with the performance or the capacity. I look with admiration and envy to Modric, to Messi, to Pepe&#8230; The essence, the tradition, the values, the meritocracia and the justice in the football. <strong>Lamentably no sera like this for my, because the football no always is just and the football never is alone football.<\/strong><\/p>  <p>By all this assume it with this sadness that want to share with you, but also with the very high head and very appreciated by all these years and by all your support. <strong>Me Ilevo memories imborrables, all the titles that have litigated and celebrated all together and the tremendo pride to be the Spanish player with more internacionalidades. <\/strong>This shield, this T-shirt and these fans, all you, have done me happy. I will follow encouraging to my country from house with the emocion of the privileged that has been able to represent it proud 180 times. iGracias Of heart to all those that always believed in my!&#8221;.<\/p> ","protected":false},"excerpt":{"rendered":"<p>Thursday has brought news that very few expected. Sergio Ramos has not been taken into account for the new project of the selection of Spain and before this the player has decided to make official his international retirement After a World-wide and two Eurocopas raised, Sergio Bouquets has put end to his go through the [&hellip;]<\/p>\n","protected":false},"author":345,"featured_media":69711,"comment_status":"closed","ping_status":"open","sticky":false,"template":"","format":"standard","meta":{"_acf_changed":false,"inline_featured_image":false,"_nextfly_llmd_date_locked":false,"footnotes":""},"categories":[453,107],"tags":[88,95,313],"class_list":["post-69706","post","type-post","status-publish","format-standard","has-post-thumbnail","hentry","category-players-2","category-players","tag-paris-saint-germain","tag-rfef","tag-sergio-bouquets"],"acf":[],"yoast_head":"<!-- This site is optimized with the Yoast SEO plugin v27.3 - https:\/\/yoast.com\/product\/yoast-seo-wordpress\/ -->\n<title>Bombshell! Sergio Ramos withdraws from Spain and throws several pullas to the Federation<\/title>\n<meta name=\"description\" content=\"Thursday has brought news that very few expected. Sergio Ramos has not been taken into account for the new project of the selection of Spain and before this the player has decided to make official his international retirement\" \/>\n<meta name=\"robots\" content=\"index, follow, max-snippet:-1, max-image-preview:large, max-video-preview:-1\" \/>\n<link rel=\"canonical\" href=\"https:\/\/www.fcbarcelonanoticias.com\/en\/players\/bombshell-sergio-ramos-withdraws-spain-and-launches-several-pullas-to-federation_289905_102.html\" \/>\n<meta property=\"og:locale\" content=\"en_US\" \/>\n<meta property=\"og:type\" content=\"article\" \/>\n<meta property=\"og:title\" content=\"Bombshell! Sergio Ramos withdraws from Spain and throws several pullas to the Federation\" \/>\n<meta property=\"og:description\" content=\"Thursday has brought news that very few expected. Sergio Ramos has not been taken into account for the new project of the selection of Spain and before this the player has decided to make official his international retirement\" \/>\n<meta property=\"og:url\" content=\"https:\/\/www.fcbarcelonanoticias.com\/en\/players\/bombshell-sergio-ramos-withdraws-spain-and-launches-several-pullas-to-federation_289905_102.html\" \/>\n<meta property=\"og:site_name\" content=\"EN - FC Barcelona Noticias\" \/>\n<meta property=\"article:published_time\" content=\"2023-02-23T17:22:00+00:00\" \/>\n<meta property=\"og:image\" content=\"https:\/\/www.fcbarcelonanoticias.com\/en\/wp-content\/uploads\/sites\/2\/2023\/02\/ramos-230164.jpeg\" \/>\n\t<meta property=\"og:image:width\" content=\"760\" \/>\n\t<meta property=\"og:image:height\" content=\"428\" \/>\n\t<meta property=\"og:image:type\" content=\"image\/jpeg\" \/>\n<meta name=\"author\" content=\"Carlos Montenegro\" \/>\n<meta name=\"twitter:card\" content=\"summary_large_image\" \/>\n<meta name=\"twitter:label1\" content=\"Written by\" \/>\n\t<meta name=\"twitter:data1\" content=\"Carlos Montenegro\" \/>\n\t<meta name=\"twitter:label2\" content=\"Est. reading time\" \/>\n\t<meta name=\"twitter:data2\" content=\"4 minutes\" \/>\n<script type=\"application\/ld+json\" class=\"yoast-schema-graph\">{\"@context\":\"https:\\\/\\\/schema.org\",\"@graph\":[{\"@type\":\"Article\",\"@id\":\"https:\\\/\\\/www.fcbarcelonanoticias.com\\\/en\\\/players\\\/bombshell-sergio-ramos-withdraws-spain-and-launches-several-pullas-to-federation_289905_102.html#article\",\"isPartOf\":{\"@id\":\"https:\\\/\\\/www.fcbarcelonanoticias.com\\\/en\\\/players\\\/bombshell-sergio-ramos-withdraws-spain-and-launches-several-pullas-to-federation_289905_102.html\"},\"author\":{\"name\":\"Carlos Montenegro\",\"@id\":\"https:\\\/\\\/www.fcbarcelonanoticias.com\\\/en\\\/#\\\/schema\\\/person\\\/aa1d038709c262cb247e240f6b39bbf5\"},\"headline\":\"Bombshell! Sergio Ramos withdraws from Spain and throws several pullas to the Federation\",\"datePublished\":\"2023-02-23T17:22:00+00:00\",\"mainEntityOfPage\":{\"@id\":\"https:\\\/\\\/www.fcbarcelonanoticias.com\\\/en\\\/players\\\/bombshell-sergio-ramos-withdraws-spain-and-launches-several-pullas-to-federation_289905_102.html\"},\"wordCount\":717,\"image\":{\"@id\":\"https:\\\/\\\/www.fcbarcelonanoticias.com\\\/en\\\/players\\\/bombshell-sergio-ramos-withdraws-spain-and-launches-several-pullas-to-federation_289905_102.html#primaryimage\"},\"thumbnailUrl\":\"https:\\\/\\\/www.fcbarcelonanoticias.com\\\/en\\\/wp-content\\\/uploads\\\/sites\\\/2\\\/2023\\\/02\\\/ramos-230164.jpeg\",\"keywords\":[\"Paris Saint-Germain\",\"RFEF\",\"Sergio Bouquets\"],\"articleSection\":[\"Players\",\"Players\"],\"inLanguage\":\"en-US\"},{\"@type\":\"WebPage\",\"@id\":\"https:\\\/\\\/www.fcbarcelonanoticias.com\\\/en\\\/players\\\/bombshell-sergio-ramos-withdraws-spain-and-launches-several-pullas-to-federation_289905_102.html\",\"url\":\"https:\\\/\\\/www.fcbarcelonanoticias.com\\\/en\\\/players\\\/bombshell-sergio-ramos-withdraws-spain-and-launches-several-pullas-to-federation_289905_102.html\",\"name\":\"Bombshell! Sergio Ramos withdraws from Spain and throws several pullas to the Federation\",\"isPartOf\":{\"@id\":\"https:\\\/\\\/www.fcbarcelonanoticias.com\\\/en\\\/#website\"},\"primaryImageOfPage\":{\"@id\":\"https:\\\/\\\/www.fcbarcelonanoticias.com\\\/en\\\/players\\\/bombshell-sergio-ramos-withdraws-spain-and-launches-several-pullas-to-federation_289905_102.html#primaryimage\"},\"image\":{\"@id\":\"https:\\\/\\\/www.fcbarcelonanoticias.com\\\/en\\\/players\\\/bombshell-sergio-ramos-withdraws-spain-and-launches-several-pullas-to-federation_289905_102.html#primaryimage\"},\"thumbnailUrl\":\"https:\\\/\\\/www.fcbarcelonanoticias.com\\\/en\\\/wp-content\\\/uploads\\\/sites\\\/2\\\/2023\\\/02\\\/ramos-230164.jpeg\",\"datePublished\":\"2023-02-23T17:22:00+00:00\",\"author\":{\"@id\":\"https:\\\/\\\/www.fcbarcelonanoticias.com\\\/en\\\/#\\\/schema\\\/person\\\/aa1d038709c262cb247e240f6b39bbf5\"},\"description\":\"Thursday has brought news that very few expected. Sergio Ramos has not been taken into account for the new project of the selection of Spain and before this the player has decided to make official his international retirement\",\"breadcrumb\":{\"@id\":\"https:\\\/\\\/www.fcbarcelonanoticias.com\\\/en\\\/players\\\/bombshell-sergio-ramos-withdraws-spain-and-launches-several-pullas-to-federation_289905_102.html#breadcrumb\"},\"inLanguage\":\"en-US\",\"potentialAction\":[{\"@type\":\"ReadAction\",\"target\":[\"https:\\\/\\\/www.fcbarcelonanoticias.com\\\/en\\\/players\\\/bombshell-sergio-ramos-withdraws-spain-and-launches-several-pullas-to-federation_289905_102.html\"]}]},{\"@type\":\"ImageObject\",\"inLanguage\":\"en-US\",\"@id\":\"https:\\\/\\\/www.fcbarcelonanoticias.com\\\/en\\\/players\\\/bombshell-sergio-ramos-withdraws-spain-and-launches-several-pullas-to-federation_289905_102.html#primaryimage\",\"url\":\"https:\\\/\\\/www.fcbarcelonanoticias.com\\\/en\\\/wp-content\\\/uploads\\\/sites\\\/2\\\/2023\\\/02\\\/ramos-230164.jpeg\",\"contentUrl\":\"https:\\\/\\\/www.fcbarcelonanoticias.com\\\/en\\\/wp-content\\\/uploads\\\/sites\\\/2\\\/2023\\\/02\\\/ramos-230164.jpeg\",\"width\":760,\"height\":428},{\"@type\":\"BreadcrumbList\",\"@id\":\"https:\\\/\\\/www.fcbarcelonanoticias.com\\\/en\\\/players\\\/bombshell-sergio-ramos-withdraws-spain-and-launches-several-pullas-to-federation_289905_102.html#breadcrumb\",\"itemListElement\":[{\"@type\":\"ListItem\",\"position\":1,\"name\":\"Portada\",\"item\":\"https:\\\/\\\/www.fcbarcelonanoticias.com\\\/en\\\/\"},{\"@type\":\"ListItem\",\"position\":2,\"name\":\"Bombshell! Sergio Ramos withdraws from Spain and throws several pullas to the Federation\"}]},{\"@type\":\"WebSite\",\"@id\":\"https:\\\/\\\/www.fcbarcelonanoticias.com\\\/en\\\/#website\",\"url\":\"https:\\\/\\\/www.fcbarcelonanoticias.com\\\/en\\\/\",\"name\":\"EN - FC Barcelona Noticias\",\"description\":\"\",\"potentialAction\":[{\"@type\":\"SearchAction\",\"target\":{\"@type\":\"EntryPoint\",\"urlTemplate\":\"https:\\\/\\\/www.fcbarcelonanoticias.com\\\/en\\\/?s={search_term_string}\"},\"query-input\":{\"@type\":\"PropertyValueSpecification\",\"valueRequired\":true,\"valueName\":\"search_term_string\"}}],\"inLanguage\":\"en-US\"},{\"@type\":\"Person\",\"@id\":\"https:\\\/\\\/www.fcbarcelonanoticias.com\\\/en\\\/#\\\/schema\\\/person\\\/aa1d038709c262cb247e240f6b39bbf5\",\"name\":\"Carlos Montenegro\",\"image\":{\"@type\":\"ImageObject\",\"inLanguage\":\"en-US\",\"@id\":\"https:\\\/\\\/secure.gravatar.com\\\/avatar\\\/?s=96&d=mm&r=g\",\"url\":\"https:\\\/\\\/secure.gravatar.com\\\/avatar\\\/?s=96&d=mm&r=g\",\"contentUrl\":\"https:\\\/\\\/secure.gravatar.com\\\/avatar\\\/?s=96&d=mm&r=g\",\"caption\":\"Carlos Montenegro\"},\"url\":\"https:\\\/\\\/www.fcbarcelonanoticias.com\\\/en\\\/carlos-montenegro_20_115.html\"}]}<\/script>\n<!-- \/ Yoast SEO plugin. -->","yoast_head_json":{"title":"Bombshell! Sergio Ramos withdraws from Spain and throws several pullas to the Federation","description":"Thursday has brought news that very few expected. Sergio Ramos has not been taken into account for the new project of the selection of Spain and before this the player has decided to make official his international retirement","robots":{"index":"index","follow":"follow","max-snippet":"max-snippet:-1","max-image-preview":"max-image-preview:large","max-video-preview":"max-video-preview:-1"},"canonical":"https:\/\/www.fcbarcelonanoticias.com\/en\/players\/bombshell-sergio-ramos-withdraws-spain-and-launches-several-pullas-to-federation_289905_102.html","og_locale":"en_US","og_type":"article","og_title":"Bombshell! Sergio Ramos withdraws from Spain and throws several pullas to the Federation","og_description":"Thursday has brought news that very few expected. Sergio Ramos has not been taken into account for the new project of the selection of Spain and before this the player has decided to make official his international retirement","og_url":"https:\/\/www.fcbarcelonanoticias.com\/en\/players\/bombshell-sergio-ramos-withdraws-spain-and-launches-several-pullas-to-federation_289905_102.html","og_site_name":"EN - FC Barcelona Noticias","article_published_time":"2023-02-23T17:22:00+00:00","og_image":[{"width":760,"height":428,"url":"https:\/\/www.fcbarcelonanoticias.com\/en\/wp-content\/uploads\/sites\/2\/2023\/02\/ramos-230164.jpeg","type":"image\/jpeg"}],"author":"Carlos Montenegro","twitter_card":"summary_large_image","twitter_misc":{"Written by":"Carlos Montenegro","Est. reading time":"4 minutes"},"schema":{"@context":"https:\/\/schema.org","@graph":[{"@type":"Article","@id":"https:\/\/www.fcbarcelonanoticias.com\/en\/players\/bombshell-sergio-ramos-withdraws-spain-and-launches-several-pullas-to-federation_289905_102.html#article","isPartOf":{"@id":"https:\/\/www.fcbarcelonanoticias.com\/en\/players\/bombshell-sergio-ramos-withdraws-spain-and-launches-several-pullas-to-federation_289905_102.html"},"author":{"name":"Carlos Montenegro","@id":"https:\/\/www.fcbarcelonanoticias.com\/en\/#\/schema\/person\/aa1d038709c262cb247e240f6b39bbf5"},"headline":"Bombshell! Sergio Ramos withdraws from Spain and throws several pullas to the Federation","datePublished":"2023-02-23T17:22:00+00:00","mainEntityOfPage":{"@id":"https:\/\/www.fcbarcelonanoticias.com\/en\/players\/bombshell-sergio-ramos-withdraws-spain-and-launches-several-pullas-to-federation_289905_102.html"},"wordCount":717,"image":{"@id":"https:\/\/www.fcbarcelonanoticias.com\/en\/players\/bombshell-sergio-ramos-withdraws-spain-and-launches-several-pullas-to-federation_289905_102.html#primaryimage"},"thumbnailUrl":"https:\/\/www.fcbarcelonanoticias.com\/en\/wp-content\/uploads\/sites\/2\/2023\/02\/ramos-230164.jpeg","keywords":["Paris Saint-Germain","RFEF","Sergio Bouquets"],"articleSection":["Players","Players"],"inLanguage":"en-US"},{"@type":"WebPage","@id":"https:\/\/www.fcbarcelonanoticias.com\/en\/players\/bombshell-sergio-ramos-withdraws-spain-and-launches-several-pullas-to-federation_289905_102.html","url":"https:\/\/www.fcbarcelonanoticias.com\/en\/players\/bombshell-sergio-ramos-withdraws-spain-and-launches-several-pullas-to-federation_289905_102.html","name":"Bombshell! Sergio Ramos withdraws from Spain and throws several pullas to the Federation","isPartOf":{"@id":"https:\/\/www.fcbarcelonanoticias.com\/en\/#website"},"primaryImageOfPage":{"@id":"https:\/\/www.fcbarcelonanoticias.com\/en\/players\/bombshell-sergio-ramos-withdraws-spain-and-launches-several-pullas-to-federation_289905_102.html#primaryimage"},"image":{"@id":"https:\/\/www.fcbarcelonanoticias.com\/en\/players\/bombshell-sergio-ramos-withdraws-spain-and-launches-several-pullas-to-federation_289905_102.html#primaryimage"},"thumbnailUrl":"https:\/\/www.fcbarcelonanoticias.com\/en\/wp-content\/uploads\/sites\/2\/2023\/02\/ramos-230164.jpeg","datePublished":"2023-02-23T17:22:00+00:00","author":{"@id":"https:\/\/www.fcbarcelonanoticias.com\/en\/#\/schema\/person\/aa1d038709c262cb247e240f6b39bbf5"},"description":"Thursday has brought news that very few expected. Sergio Ramos has not been taken into account for the new project of the selection of Spain and before this the player has decided to make official his international retirement","breadcrumb":{"@id":"https:\/\/www.fcbarcelonanoticias.com\/en\/players\/bombshell-sergio-ramos-withdraws-spain-and-launches-several-pullas-to-federation_289905_102.html#breadcrumb"},"inLanguage":"en-US","potentialAction":[{"@type":"ReadAction","target":["https:\/\/www.fcbarcelonanoticias.com\/en\/players\/bombshell-sergio-ramos-withdraws-spain-and-launches-several-pullas-to-federation_289905_102.html"]}]},{"@type":"ImageObject","inLanguage":"en-US","@id":"https:\/\/www.fcbarcelonanoticias.com\/en\/players\/bombshell-sergio-ramos-withdraws-spain-and-launches-several-pullas-to-federation_289905_102.html#primaryimage","url":"https:\/\/www.fcbarcelonanoticias.com\/en\/wp-content\/uploads\/sites\/2\/2023\/02\/ramos-230164.jpeg","contentUrl":"https:\/\/www.fcbarcelonanoticias.com\/en\/wp-content\/uploads\/sites\/2\/2023\/02\/ramos-230164.jpeg","width":760,"height":428},{"@type":"BreadcrumbList","@id":"https:\/\/www.fcbarcelonanoticias.com\/en\/players\/bombshell-sergio-ramos-withdraws-spain-and-launches-several-pullas-to-federation_289905_102.html#breadcrumb","itemListElement":[{"@type":"ListItem","position":1,"name":"Portada","item":"https:\/\/www.fcbarcelonanoticias.com\/en\/"},{"@type":"ListItem","position":2,"name":"Bombshell! Sergio Ramos withdraws from Spain and throws several pullas to the Federation"}]},{"@type":"WebSite","@id":"https:\/\/www.fcbarcelonanoticias.com\/en\/#website","url":"https:\/\/www.fcbarcelonanoticias.com\/en\/","name":"EN - FC Barcelona Noticias","description":"","potentialAction":[{"@type":"SearchAction","target":{"@type":"EntryPoint","urlTemplate":"https:\/\/www.fcbarcelonanoticias.com\/en\/?s={search_term_string}"},"query-input":{"@type":"PropertyValueSpecification","valueRequired":true,"valueName":"search_term_string"}}],"inLanguage":"en-US"},{"@type":"Person","@id":"https:\/\/www.fcbarcelonanoticias.com\/en\/#\/schema\/person\/aa1d038709c262cb247e240f6b39bbf5","name":"Carlos Montenegro","image":{"@type":"ImageObject","inLanguage":"en-US","@id":"https:\/\/secure.gravatar.com\/avatar\/?s=96&d=mm&r=g","url":"https:\/\/secure.gravatar.com\/avatar\/?s=96&d=mm&r=g","contentUrl":"https:\/\/secure.gravatar.com\/avatar\/?s=96&d=mm&r=g","caption":"Carlos Montenegro"},"url":"https:\/\/www.fcbarcelonanoticias.com\/en\/carlos-montenegro_20_115.html"}]}},"_links":{"self":[{"href":"https:\/\/www.fcbarcelonanoticias.com\/en\/wp-json\/wp\/v2\/posts\/69706","targetHints":{"allow":["GET"]}}],"collection":[{"href":"https:\/\/www.fcbarcelonanoticias.com\/en\/wp-json\/wp\/v2\/posts"}],"about":[{"href":"https:\/\/www.fcbarcelonanoticias.com\/en\/wp-json\/wp\/v2\/types\/post"}],"author":[{"embeddable":true,"href":"https:\/\/www.fcbarcelonanoticias.com\/en\/wp-json\/wp\/v2\/users\/345"}],"replies":[{"embeddable":true,"href":"https:\/\/www.fcbarcelonanoticias.com\/en\/wp-json\/wp\/v2\/comments?post=69706"}],"version-history":[{"count":1,"href":"https:\/\/www.fcbarcelonanoticias.com\/en\/wp-json\/wp\/v2\/posts\/69706\/revisions"}],"predecessor-version":[{"id":120363,"href":"https:\/\/www.fcbarcelonanoticias.com\/en\/wp-json\/wp\/v2\/posts\/69706\/revisions\/120363"}],"wp:featuredmedia":[{"embeddable":true,"href":"https:\/\/www.fcbarcelonanoticias.com\/en\/wp-json\/wp\/v2\/media\/69711"}],"wp:attachment":[{"href":"https:\/\/www.fcbarcelonanoticias.com\/en\/wp-json\/wp\/v2\/media?parent=69706"}],"wp:term":[{"taxonomy":"category","embeddable":true,"href":"https:\/\/www.fcbarcelonanoticias.com\/en\/wp-json\/wp\/v2\/categories?post=69706"},{"taxonomy":"post_tag","embeddable":true,"href":"https:\/\/www.fcbarcelonanoticias.com\/en\/wp-json\/wp\/v2\/tags?post=69706"}],"curies":[{"name":"wp","href":"https:\/\/api.w.org\/{rel}","templated":true}]}}