{"id":6990,"date":"2022-09-06T14:43:00","date_gmt":"2022-09-06T12:43:00","guid":{"rendered":"https:\/\/weisetech.dev\/fc-barcelona-noticias\/en\/xavi-is-sincere-future-pjanic-his-referents-dream-champions_284046_102\/"},"modified":"2022-09-06T14:43:00","modified_gmt":"2022-09-06T12:43:00","slug":"xavi-is-sincere-future-pjanic-his-referents-dream-champions_284046_102","status":"publish","type":"post","link":"https:\/\/www.fcbarcelonanoticias.com\/en\/champions-league\/xavi-is-sincere-future-pjanic-his-referents-dream-champions_284046_102.html","title":{"rendered":"Xavi is honest: Pjanic&#8217;s future, his references, the dream of the Champions&#8230;"},"content":{"rendered":"<h2 class=\"wp-block-heading\">made several important points clear in reference to his squad and the Champions League during the press conference prior to the match against Viktoria Plzen<\/h2>  \r\n<div class=\"article-addons\">\r\n    <a href=\"https:\/\/www.fcbarcelonanoticias.com\/en\/calendar-fc-barcelona.html\"\r\n       target=\"_self\"\r\n       title=\"Calendar of FC Barcelona\"\r\n       class=\"blue-gredient-btn\">\r\n       \r\n        Calendar of FC Barcelona    <\/a>\r\n<\/div>   <p><strong><a data-external=\"0\" data-intl-links-en=\"https:\/\/www.fcbarcelonanoticias.com\/en\/tags\/xavi-hernandez\" data-intl-links-es=\"https:\/\/www.fcbarcelonanoticias.com\/tags\/xavi-hernandez\" href=\"https:\/\/www.fcbarcelonanoticias.com\/en\/tags\/xavi-hernandez.html\" rel=\"follow\" target=\"_self\" title=\"Xavi Hern\u00e1ndez\">Xavi Hern\u00e1ndez<\/a> has pronounced in front of the media in the previous press conference to the debut in League of Champions in front of Viktoria Plzen<\/strong>. The egarense has mentioned some important details in his diagram of game and on the Champions League, in addition to commenting about the situation of some footballers inside the staff<\/p>  <p>It began standing out the importance of the pressure and the command of the balloon in his tactical philosophy. &#8220;The occasions of goal of the Seville were all offside. The feeling of these first 15 minutes is that we did not have this command. <strong>The only that is missing us is this possession, are in a good moment of form and the feelings are very good in general<\/strong>. Illusion all, and to dream again&#8221;, aimed the technician.<\/p>  <p>Besides, it spoke of the margin of improvement of the staff and of the dream to win the <a data-external=\"0\" data-intl-links-en=\"https:\/\/www.fcbarcelonanoticias.com\/en\/champions-league\" data-intl-links-es=\"https:\/\/www.fcbarcelonanoticias.com\/champions-league\" href=\"https:\/\/www.fcbarcelonanoticias.com\/en\/football\/champions-league.html\" rel=\"follow\" target=\"_self\" title=\"Champions League\">Champions<\/a>. <strong>&#8220;From November have detected improvement<\/strong>, game of position, attack spaces to the back of the defence, understand the triangles&#8230; Our model of game has improved a lot. <strong>We go to compete and to dream with winning the Champions. I do not conceive to play without winning, but have to have a lot of humility<\/strong>. It is very well the illusion. There are not T-shirts in the shops and is something positive, but it is necessary to think that each party goes to be a war. We go to compete, but dream also&#8221;, sentenced Xavi.<\/p>  <p>Besides, it took advantage of the opportunity to clear the situation of <a data-external=\"0\" data-intl-links-en=\"https:\/\/www.fcbarcelonanoticias.com\/en\/tags\/miralem-pjanic\" data-intl-links-es=\"https:\/\/www.fcbarcelonanoticias.com\/tags\/miralem-pjanic\" href=\"https:\/\/www.fcbarcelonanoticias.com\/en\/tags\/miralem-pjanic.html\" rel=\"follow\" target=\"_self\" title=\"Miralem Pjanic\">Miralem Pjanic<\/a> and Pablo Tower with the first team. &#8220;<strong>Pjanic Has decided to go out, has been a big professional until the day of today<\/strong>. I have Pablo Tower. It has going in in the list and am very happy with him. It can participate&#8221;, it affirmed the one of Terrassa.<\/p>  <h3>The referents of his project<\/h3>  <p>Finally, it commented on his referents in this stage like trainer. &#8220;<strong>I have nourished me a lot of <a data-external=\"0\" data-intl-links-en=\"https:\/\/www.fcbarcelonanoticias.com\/en\/tags\/pep-guardiola\" data-intl-links-es=\"https:\/\/www.fcbarcelonanoticias.com\/tags\/pep-guardiola\" href=\"https:\/\/www.fcbarcelonanoticias.com\/en\/tags\/pep-guardiola.html\" rel=\"follow\" target=\"_self\" title=\"Pep Guardiola\">Guardiola<\/a> and Luis Enrique<\/strong>. To me it likes me dominate the game, but if they leave spaces it is necessary to take advantage of them. I agree me a goal with the Bar\u00e7a of Guardiola in the Bernab\u00e9u with Henry, that there is space and take advantage of it. <strong>This also is &#8216;DNA Bar\u00e7a&#8217;, is to take advantage of these situations<\/strong>. That the same with the Bar\u00e7a of Luis Enrique with Neymar, Messi and Luis yes, but at the end is to take advantage of the space&#8221;, concluded.<\/p> ","protected":false},"excerpt":{"rendered":"<p>made several important points clear in reference to his squad and the Champions League during the press conference prior to the match against Viktoria Plzen Xavi Hern\u00e1ndez has pronounced in front of the media in the previous press conference to the debut in League of Champions in front of Viktoria Plzen. The egarense has mentioned [&hellip;]<\/p>\n","protected":false},"author":373,"featured_media":6991,"comment_status":"closed","ping_status":"open","sticky":false,"template":"","format":"standard","meta":{"_acf_changed":false,"inline_featured_image":false,"_nextfly_llmd_date_locked":false,"footnotes":""},"categories":[112,447],"tags":[326,48],"class_list":["post-6990","post","type-post","status-publish","format-standard","has-post-thumbnail","hentry","category-champions-league","category-champions-league-2","tag-miralem-pjanic","tag-xavi-hernandez"],"acf":[],"yoast_head":"<!-- This site is optimized with the Yoast SEO plugin v27.3 - https:\/\/yoast.com\/product\/yoast-seo-wordpress\/ -->\n<title>Xavi is honest: Pjanic&#039;s future, his references, the dream of the Champions...<\/title>\n<meta name=\"description\" content=\"made several important points clear in reference to his squad and the Champions League during the press conference prior to the match against Viktoria Plzen\" \/>\n<meta name=\"robots\" content=\"index, follow, max-snippet:-1, max-image-preview:large, max-video-preview:-1\" \/>\n<link rel=\"canonical\" href=\"https:\/\/www.fcbarcelonanoticias.com\/en\/champions-league\/xavi-is-sincere-future-pjanic-his-referents-dream-champions_284046_102.html\" \/>\n<meta property=\"og:locale\" content=\"en_US\" \/>\n<meta property=\"og:type\" content=\"article\" \/>\n<meta property=\"og:title\" content=\"Xavi is honest: Pjanic&#039;s future, his references, the dream of the Champions...\" \/>\n<meta property=\"og:description\" content=\"made several important points clear in reference to his squad and the Champions League during the press conference prior to the match against Viktoria Plzen\" \/>\n<meta property=\"og:url\" content=\"https:\/\/www.fcbarcelonanoticias.com\/en\/champions-league\/xavi-is-sincere-future-pjanic-his-referents-dream-champions_284046_102.html\" \/>\n<meta property=\"og:site_name\" content=\"EN - FC Barcelona Noticias\" \/>\n<meta property=\"article:published_time\" content=\"2022-09-06T12:43:00+00:00\" \/>\n<meta property=\"og:image\" content=\"https:\/\/www.fcbarcelonanoticias.com\/en\/wp-content\/uploads\/sites\/2\/2022\/09\/fbl-aus-barcelona-2-1.jpeg\" \/>\n\t<meta property=\"og:image:width\" content=\"1200\" \/>\n\t<meta property=\"og:image:height\" content=\"743\" \/>\n\t<meta property=\"og:image:type\" content=\"image\/jpeg\" \/>\n<meta name=\"author\" content=\"user_4029\" \/>\n<meta name=\"twitter:card\" content=\"summary_large_image\" \/>\n<meta name=\"twitter:label1\" content=\"Written by\" \/>\n\t<meta name=\"twitter:data1\" content=\"user_4029\" \/>\n\t<meta name=\"twitter:label2\" content=\"Est. reading time\" \/>\n\t<meta name=\"twitter:data2\" content=\"2 minutes\" \/>\n<script type=\"application\/ld+json\" class=\"yoast-schema-graph\">{\"@context\":\"https:\\\/\\\/schema.org\",\"@graph\":[{\"@type\":\"Article\",\"@id\":\"https:\\\/\\\/www.fcbarcelonanoticias.com\\\/en\\\/champions-league\\\/xavi-is-sincere-future-pjanic-his-referents-dream-champions_284046_102.html#article\",\"isPartOf\":{\"@id\":\"https:\\\/\\\/www.fcbarcelonanoticias.com\\\/en\\\/champions-league\\\/xavi-is-sincere-future-pjanic-his-referents-dream-champions_284046_102.html\"},\"author\":{\"name\":\"user_4029\",\"@id\":\"https:\\\/\\\/www.fcbarcelonanoticias.com\\\/en\\\/#\\\/schema\\\/person\\\/f97222962be11bcd88654b5590bd661d\"},\"headline\":\"Xavi is honest: Pjanic&#8217;s future, his references, the dream of the Champions&#8230;\",\"datePublished\":\"2022-09-06T12:43:00+00:00\",\"mainEntityOfPage\":{\"@id\":\"https:\\\/\\\/www.fcbarcelonanoticias.com\\\/en\\\/champions-league\\\/xavi-is-sincere-future-pjanic-his-referents-dream-champions_284046_102.html\"},\"wordCount\":462,\"image\":{\"@id\":\"https:\\\/\\\/www.fcbarcelonanoticias.com\\\/en\\\/champions-league\\\/xavi-is-sincere-future-pjanic-his-referents-dream-champions_284046_102.html#primaryimage\"},\"thumbnailUrl\":\"https:\\\/\\\/www.fcbarcelonanoticias.com\\\/en\\\/wp-content\\\/uploads\\\/sites\\\/2\\\/2022\\\/09\\\/fbl-aus-barcelona-2-1.jpeg\",\"keywords\":[\"Miralem Pjanic\",\"Xavi Hern\u00e1ndez\"],\"articleSection\":[\"Champions League\",\"Champions League\"],\"inLanguage\":\"en-US\"},{\"@type\":\"WebPage\",\"@id\":\"https:\\\/\\\/www.fcbarcelonanoticias.com\\\/en\\\/champions-league\\\/xavi-is-sincere-future-pjanic-his-referents-dream-champions_284046_102.html\",\"url\":\"https:\\\/\\\/www.fcbarcelonanoticias.com\\\/en\\\/champions-league\\\/xavi-is-sincere-future-pjanic-his-referents-dream-champions_284046_102.html\",\"name\":\"Xavi is honest: Pjanic's future, his references, the dream of the Champions...\",\"isPartOf\":{\"@id\":\"https:\\\/\\\/www.fcbarcelonanoticias.com\\\/en\\\/#website\"},\"primaryImageOfPage\":{\"@id\":\"https:\\\/\\\/www.fcbarcelonanoticias.com\\\/en\\\/champions-league\\\/xavi-is-sincere-future-pjanic-his-referents-dream-champions_284046_102.html#primaryimage\"},\"image\":{\"@id\":\"https:\\\/\\\/www.fcbarcelonanoticias.com\\\/en\\\/champions-league\\\/xavi-is-sincere-future-pjanic-his-referents-dream-champions_284046_102.html#primaryimage\"},\"thumbnailUrl\":\"https:\\\/\\\/www.fcbarcelonanoticias.com\\\/en\\\/wp-content\\\/uploads\\\/sites\\\/2\\\/2022\\\/09\\\/fbl-aus-barcelona-2-1.jpeg\",\"datePublished\":\"2022-09-06T12:43:00+00:00\",\"author\":{\"@id\":\"https:\\\/\\\/www.fcbarcelonanoticias.com\\\/en\\\/#\\\/schema\\\/person\\\/f97222962be11bcd88654b5590bd661d\"},\"description\":\"made several important points clear in reference to his squad and the Champions League during the press conference prior to the match against Viktoria Plzen\",\"breadcrumb\":{\"@id\":\"https:\\\/\\\/www.fcbarcelonanoticias.com\\\/en\\\/champions-league\\\/xavi-is-sincere-future-pjanic-his-referents-dream-champions_284046_102.html#breadcrumb\"},\"inLanguage\":\"en-US\",\"potentialAction\":[{\"@type\":\"ReadAction\",\"target\":[\"https:\\\/\\\/www.fcbarcelonanoticias.com\\\/en\\\/champions-league\\\/xavi-is-sincere-future-pjanic-his-referents-dream-champions_284046_102.html\"]}]},{\"@type\":\"ImageObject\",\"inLanguage\":\"en-US\",\"@id\":\"https:\\\/\\\/www.fcbarcelonanoticias.com\\\/en\\\/champions-league\\\/xavi-is-sincere-future-pjanic-his-referents-dream-champions_284046_102.html#primaryimage\",\"url\":\"https:\\\/\\\/www.fcbarcelonanoticias.com\\\/en\\\/wp-content\\\/uploads\\\/sites\\\/2\\\/2022\\\/09\\\/fbl-aus-barcelona-2-1.jpeg\",\"contentUrl\":\"https:\\\/\\\/www.fcbarcelonanoticias.com\\\/en\\\/wp-content\\\/uploads\\\/sites\\\/2\\\/2022\\\/09\\\/fbl-aus-barcelona-2-1.jpeg\",\"width\":1200,\"height\":743},{\"@type\":\"BreadcrumbList\",\"@id\":\"https:\\\/\\\/www.fcbarcelonanoticias.com\\\/en\\\/champions-league\\\/xavi-is-sincere-future-pjanic-his-referents-dream-champions_284046_102.html#breadcrumb\",\"itemListElement\":[{\"@type\":\"ListItem\",\"position\":1,\"name\":\"Portada\",\"item\":\"https:\\\/\\\/www.fcbarcelonanoticias.com\\\/en\\\/\"},{\"@type\":\"ListItem\",\"position\":2,\"name\":\"Xavi is honest: Pjanic&#8217;s future, his references, the dream of the Champions&#8230;\"}]},{\"@type\":\"WebSite\",\"@id\":\"https:\\\/\\\/www.fcbarcelonanoticias.com\\\/en\\\/#website\",\"url\":\"https:\\\/\\\/www.fcbarcelonanoticias.com\\\/en\\\/\",\"name\":\"EN - FC Barcelona Noticias\",\"description\":\"\",\"potentialAction\":[{\"@type\":\"SearchAction\",\"target\":{\"@type\":\"EntryPoint\",\"urlTemplate\":\"https:\\\/\\\/www.fcbarcelonanoticias.com\\\/en\\\/?s={search_term_string}\"},\"query-input\":{\"@type\":\"PropertyValueSpecification\",\"valueRequired\":true,\"valueName\":\"search_term_string\"}}],\"inLanguage\":\"en-US\"},{\"@type\":\"Person\",\"@id\":\"https:\\\/\\\/www.fcbarcelonanoticias.com\\\/en\\\/#\\\/schema\\\/person\\\/f97222962be11bcd88654b5590bd661d\",\"name\":\"user_4029\",\"image\":{\"@type\":\"ImageObject\",\"inLanguage\":\"en-US\",\"@id\":\"https:\\\/\\\/secure.gravatar.com\\\/avatar\\\/?s=96&d=mm&r=g\",\"url\":\"https:\\\/\\\/secure.gravatar.com\\\/avatar\\\/?s=96&d=mm&r=g\",\"contentUrl\":\"https:\\\/\\\/secure.gravatar.com\\\/avatar\\\/?s=96&d=mm&r=g\",\"caption\":\"user_4029\"},\"url\":\"https:\\\/\\\/www.fcbarcelonanoticias.com\\\/en\\\/user_4029.html\"}]}<\/script>\n<!-- \/ Yoast SEO plugin. -->","yoast_head_json":{"title":"Xavi is honest: Pjanic's future, his references, the dream of the Champions...","description":"made several important points clear in reference to his squad and the Champions League during the press conference prior to the match against Viktoria Plzen","robots":{"index":"index","follow":"follow","max-snippet":"max-snippet:-1","max-image-preview":"max-image-preview:large","max-video-preview":"max-video-preview:-1"},"canonical":"https:\/\/www.fcbarcelonanoticias.com\/en\/champions-league\/xavi-is-sincere-future-pjanic-his-referents-dream-champions_284046_102.html","og_locale":"en_US","og_type":"article","og_title":"Xavi is honest: Pjanic's future, his references, the dream of the Champions...","og_description":"made several important points clear in reference to his squad and the Champions League during the press conference prior to the match against Viktoria Plzen","og_url":"https:\/\/www.fcbarcelonanoticias.com\/en\/champions-league\/xavi-is-sincere-future-pjanic-his-referents-dream-champions_284046_102.html","og_site_name":"EN - FC Barcelona Noticias","article_published_time":"2022-09-06T12:43:00+00:00","og_image":[{"width":1200,"height":743,"url":"https:\/\/www.fcbarcelonanoticias.com\/en\/wp-content\/uploads\/sites\/2\/2022\/09\/fbl-aus-barcelona-2-1.jpeg","type":"image\/jpeg"}],"author":"user_4029","twitter_card":"summary_large_image","twitter_misc":{"Written by":"user_4029","Est. reading time":"2 minutes"},"schema":{"@context":"https:\/\/schema.org","@graph":[{"@type":"Article","@id":"https:\/\/www.fcbarcelonanoticias.com\/en\/champions-league\/xavi-is-sincere-future-pjanic-his-referents-dream-champions_284046_102.html#article","isPartOf":{"@id":"https:\/\/www.fcbarcelonanoticias.com\/en\/champions-league\/xavi-is-sincere-future-pjanic-his-referents-dream-champions_284046_102.html"},"author":{"name":"user_4029","@id":"https:\/\/www.fcbarcelonanoticias.com\/en\/#\/schema\/person\/f97222962be11bcd88654b5590bd661d"},"headline":"Xavi is honest: Pjanic&#8217;s future, his references, the dream of the Champions&#8230;","datePublished":"2022-09-06T12:43:00+00:00","mainEntityOfPage":{"@id":"https:\/\/www.fcbarcelonanoticias.com\/en\/champions-league\/xavi-is-sincere-future-pjanic-his-referents-dream-champions_284046_102.html"},"wordCount":462,"image":{"@id":"https:\/\/www.fcbarcelonanoticias.com\/en\/champions-league\/xavi-is-sincere-future-pjanic-his-referents-dream-champions_284046_102.html#primaryimage"},"thumbnailUrl":"https:\/\/www.fcbarcelonanoticias.com\/en\/wp-content\/uploads\/sites\/2\/2022\/09\/fbl-aus-barcelona-2-1.jpeg","keywords":["Miralem Pjanic","Xavi Hern\u00e1ndez"],"articleSection":["Champions League","Champions League"],"inLanguage":"en-US"},{"@type":"WebPage","@id":"https:\/\/www.fcbarcelonanoticias.com\/en\/champions-league\/xavi-is-sincere-future-pjanic-his-referents-dream-champions_284046_102.html","url":"https:\/\/www.fcbarcelonanoticias.com\/en\/champions-league\/xavi-is-sincere-future-pjanic-his-referents-dream-champions_284046_102.html","name":"Xavi is honest: Pjanic's future, his references, the dream of the Champions...","isPartOf":{"@id":"https:\/\/www.fcbarcelonanoticias.com\/en\/#website"},"primaryImageOfPage":{"@id":"https:\/\/www.fcbarcelonanoticias.com\/en\/champions-league\/xavi-is-sincere-future-pjanic-his-referents-dream-champions_284046_102.html#primaryimage"},"image":{"@id":"https:\/\/www.fcbarcelonanoticias.com\/en\/champions-league\/xavi-is-sincere-future-pjanic-his-referents-dream-champions_284046_102.html#primaryimage"},"thumbnailUrl":"https:\/\/www.fcbarcelonanoticias.com\/en\/wp-content\/uploads\/sites\/2\/2022\/09\/fbl-aus-barcelona-2-1.jpeg","datePublished":"2022-09-06T12:43:00+00:00","author":{"@id":"https:\/\/www.fcbarcelonanoticias.com\/en\/#\/schema\/person\/f97222962be11bcd88654b5590bd661d"},"description":"made several important points clear in reference to his squad and the Champions League during the press conference prior to the match against Viktoria Plzen","breadcrumb":{"@id":"https:\/\/www.fcbarcelonanoticias.com\/en\/champions-league\/xavi-is-sincere-future-pjanic-his-referents-dream-champions_284046_102.html#breadcrumb"},"inLanguage":"en-US","potentialAction":[{"@type":"ReadAction","target":["https:\/\/www.fcbarcelonanoticias.com\/en\/champions-league\/xavi-is-sincere-future-pjanic-his-referents-dream-champions_284046_102.html"]}]},{"@type":"ImageObject","inLanguage":"en-US","@id":"https:\/\/www.fcbarcelonanoticias.com\/en\/champions-league\/xavi-is-sincere-future-pjanic-his-referents-dream-champions_284046_102.html#primaryimage","url":"https:\/\/www.fcbarcelonanoticias.com\/en\/wp-content\/uploads\/sites\/2\/2022\/09\/fbl-aus-barcelona-2-1.jpeg","contentUrl":"https:\/\/www.fcbarcelonanoticias.com\/en\/wp-content\/uploads\/sites\/2\/2022\/09\/fbl-aus-barcelona-2-1.jpeg","width":1200,"height":743},{"@type":"BreadcrumbList","@id":"https:\/\/www.fcbarcelonanoticias.com\/en\/champions-league\/xavi-is-sincere-future-pjanic-his-referents-dream-champions_284046_102.html#breadcrumb","itemListElement":[{"@type":"ListItem","position":1,"name":"Portada","item":"https:\/\/www.fcbarcelonanoticias.com\/en\/"},{"@type":"ListItem","position":2,"name":"Xavi is honest: Pjanic&#8217;s future, his references, the dream of the Champions&#8230;"}]},{"@type":"WebSite","@id":"https:\/\/www.fcbarcelonanoticias.com\/en\/#website","url":"https:\/\/www.fcbarcelonanoticias.com\/en\/","name":"EN - FC Barcelona Noticias","description":"","potentialAction":[{"@type":"SearchAction","target":{"@type":"EntryPoint","urlTemplate":"https:\/\/www.fcbarcelonanoticias.com\/en\/?s={search_term_string}"},"query-input":{"@type":"PropertyValueSpecification","valueRequired":true,"valueName":"search_term_string"}}],"inLanguage":"en-US"},{"@type":"Person","@id":"https:\/\/www.fcbarcelonanoticias.com\/en\/#\/schema\/person\/f97222962be11bcd88654b5590bd661d","name":"user_4029","image":{"@type":"ImageObject","inLanguage":"en-US","@id":"https:\/\/secure.gravatar.com\/avatar\/?s=96&d=mm&r=g","url":"https:\/\/secure.gravatar.com\/avatar\/?s=96&d=mm&r=g","contentUrl":"https:\/\/secure.gravatar.com\/avatar\/?s=96&d=mm&r=g","caption":"user_4029"},"url":"https:\/\/www.fcbarcelonanoticias.com\/en\/user_4029.html"}]}},"_links":{"self":[{"href":"https:\/\/www.fcbarcelonanoticias.com\/en\/wp-json\/wp\/v2\/posts\/6990","targetHints":{"allow":["GET"]}}],"collection":[{"href":"https:\/\/www.fcbarcelonanoticias.com\/en\/wp-json\/wp\/v2\/posts"}],"about":[{"href":"https:\/\/www.fcbarcelonanoticias.com\/en\/wp-json\/wp\/v2\/types\/post"}],"author":[{"embeddable":true,"href":"https:\/\/www.fcbarcelonanoticias.com\/en\/wp-json\/wp\/v2\/users\/373"}],"replies":[{"embeddable":true,"href":"https:\/\/www.fcbarcelonanoticias.com\/en\/wp-json\/wp\/v2\/comments?post=6990"}],"version-history":[{"count":1,"href":"https:\/\/www.fcbarcelonanoticias.com\/en\/wp-json\/wp\/v2\/posts\/6990\/revisions"}],"predecessor-version":[{"id":102502,"href":"https:\/\/www.fcbarcelonanoticias.com\/en\/wp-json\/wp\/v2\/posts\/6990\/revisions\/102502"}],"wp:featuredmedia":[{"embeddable":true,"href":"https:\/\/www.fcbarcelonanoticias.com\/en\/wp-json\/wp\/v2\/media\/6991"}],"wp:attachment":[{"href":"https:\/\/www.fcbarcelonanoticias.com\/en\/wp-json\/wp\/v2\/media?parent=6990"}],"wp:term":[{"taxonomy":"category","embeddable":true,"href":"https:\/\/www.fcbarcelonanoticias.com\/en\/wp-json\/wp\/v2\/categories?post=6990"},{"taxonomy":"post_tag","embeddable":true,"href":"https:\/\/www.fcbarcelonanoticias.com\/en\/wp-json\/wp\/v2\/tags?post=6990"}],"curies":[{"name":"wp","href":"https:\/\/api.w.org\/{rel}","templated":true}]}}