{"id":69957,"date":"2020-09-07T11:39:00","date_gmt":"2020-09-07T09:39:00","guid":{"rendered":"https:\/\/weisetech.dev\/fc-barcelona-noticias\/en\/carles-alena-the-big-covered-in-the-centre-of-the-field-of-koeman_260448_102\/"},"modified":"2020-09-07T12:51:00","modified_gmt":"2020-09-07T10:51:00","slug":"carles-alena-the-big-covered-in-the-centre-of-the-field-of-koeman_260448_102","status":"publish","type":"post","link":"https:\/\/www.fcbarcelonanoticias.com\/en\/players\/carles-alena-the-big-covered-in-the-centre-of-the-field-of-koeman_260448_102.html","title":{"rendered":"Carles Ale\u00f1\u00e1, the great covered in Koeman&#8217;s midfield"},"content":{"rendered":"<h2 class=\"wp-block-heading\">The future of the young player is yet to be determined. It seems that the club wants him to continue and he also intends to play in Barcelona. Koeman&#8217;s opinion remains to be known<\/h2>  \r\n<div class=\"article-addons\">\r\n    <a href=\"https:\/\/www.fcbarcelonanoticias.com\/en\/calendar-fc-barcelona.html\"\r\n       target=\"_self\"\r\n       title=\"Calendar of FC Barcelona\"\r\n       class=\"blue-gredient-btn\">\r\n       \r\n        Calendar of FC Barcelona    <\/a>\r\n<\/div>   <p><a data-external=\"0\" data-intl-links-en=\"https:\/\/www.fcbarcelonanoticias.com\/en\/tags\/alena\" data-intl-links-es=\"https:\/\/www.fcbarcelonanoticias.com\/tags\/alena\" href=\"https:\/\/www.fcbarcelonanoticias.com\/en\/tags\/alena.html\" rel=\"follow\" target=\"_self\" title=\"Ale\u00f1\u00e1\">Carles Ale\u00f1\u00e1<\/a> arrives to the Ciutat Esportiva of Sant Joan Desp\u00ed<strong> after his cession in the Real Betis<\/strong>. The mediocentro cul\u00e9 <strong>has thought to remain <\/strong>and play in the Bar\u00e7a this season. It has begun very motivated in his first trainings and <strong>has the intention to win a place <\/strong>in the rotation of the centre of the field of Koeman, but is not ensured.<\/p>  <p>It seems that near sources to the team blaugrana ensure that <strong>the intention of the club is not yielding to the player<\/strong>, this time. Of course, <strong>the player wants to dress the elastic cul\u00e9<\/strong>, by what only is missing to know the opinion of the last factor of this operation: <a data-external=\"0\" data-intl-links-en=\"https:\/\/www.fcbarcelonanoticias.com\/en\/tags\/ronald-koeman\" data-intl-links-es=\"https:\/\/www.fcbarcelonanoticias.com\/tags\/ronald-koeman\" href=\"https:\/\/www.fcbarcelonanoticias.com\/en\/tags\/ronald-koeman.html\" rel=\"follow\" target=\"_self\" title=\"Ronald Koeman\">Ronald Koeman<\/a>. To end of accounts, the decision in the distribution of minutes is in his hands.<\/p>  <div class=\"dugout-video dugout-embed-eyJrZXkiOiJISUFNTmhEOCIsInAiOiJmY2JhcmNlbG9uYS1ub3RpY2lhcyIsInBsIjoiIn0=\">&nbsp;<\/div> <p>During this week, the Dutch technician, will have all his effective, including to the most interesting players of the filial. It will be necessary to be able to <strong>make the line of means<\/strong> and decide that do with some players that are on a tightrope, like <strong>Ale\u00f1\u00e1<\/strong>. For the moment already it has gone out <strong>Rakitic <\/strong>and if at all twist will go out <strong>Arturo Vidal<\/strong>.<\/p>  <p>By what does to <strong>the arrivals<\/strong>, the Bar\u00e7a already did official, in his moment, the traspaso in shape of <strong>barter<\/strong> by which the Bar\u00e7a did <strong>with Pjanic <\/strong>and gave off of <strong>Arthur<\/strong>. If all follow his course, the Barcelona fichar\u00e1 to <strong>a leading centre<\/strong> and can that <strong>another mediocentro<\/strong>, <strong>Wijnaldum <\/strong>heads the bets to be this player.<\/p>  <h3>This will be the line of means of the FC Barcelona<\/h3>  <p>Of this form the players that will form the medullary of the Barcelona will be: <strong>Of Jong<\/strong>, <strong>Pjanic<\/strong>, <strong>Sergio Busquets<\/strong> and <strong>Riqui Puig<\/strong>, waiting for doing official the arrival of <strong>Wijnaldum <\/strong>and know with certainty the future of <strong>Ale\u00f1\u00e1<\/strong>. Obviously it is one very good list of players, but is for showing if it is better that the one who had the year happened <strong>with Arthur<\/strong>, <strong>Rakitic <\/strong>and <strong>Arturo Vidal<\/strong>.<\/p> ","protected":false},"excerpt":{"rendered":"<p>The future of the young player is yet to be determined. It seems that the club wants him to continue and he also intends to play in Barcelona. Koeman&#8217;s opinion remains to be known Carles Ale\u00f1\u00e1 arrives to the Ciutat Esportiva of Sant Joan Desp\u00ed after his cession in the Real Betis. The mediocentro cul\u00e9 [&hellip;]<\/p>\n","protected":false},"author":471,"featured_media":66780,"comment_status":"closed","ping_status":"open","sticky":false,"template":"","format":"standard","meta":{"_acf_changed":false,"inline_featured_image":false,"_nextfly_llmd_date_locked":false,"footnotes":""},"categories":[453,107],"tags":[296,209],"class_list":["post-69957","post","type-post","status-publish","format-standard","has-post-thumbnail","hentry","category-players-2","category-players","tag-alena","tag-ronald-koeman"],"acf":[],"yoast_head":"<!-- This site is optimized with the Yoast SEO plugin v27.3 - https:\/\/yoast.com\/product\/yoast-seo-wordpress\/ -->\n<title>Carles Ale\u00f1\u00e1, the big covered in the centre of the field of Koeman<\/title>\n<meta name=\"description\" content=\"The future of the young player is for determining. It seems that the club wants that it follow and he also has intention to play in Barcelona. Fault for knowing the op...\" \/>\n<meta name=\"robots\" content=\"index, follow, max-snippet:-1, max-image-preview:large, max-video-preview:-1\" \/>\n<link rel=\"canonical\" href=\"https:\/\/www.fcbarcelonanoticias.com\/en\/players\/carles-alena-the-big-covered-in-the-centre-of-the-field-of-koeman_260448_102.html\" \/>\n<meta property=\"og:locale\" content=\"en_US\" \/>\n<meta property=\"og:type\" content=\"article\" \/>\n<meta property=\"og:title\" content=\"Carles Ale\u00f1\u00e1, the big covered in the centre of the field of Koeman\" \/>\n<meta property=\"og:description\" content=\"The future of the young player is for determining. It seems that the club wants that it follow and he also has intention to play in Barcelona. Fault for knowing the op...\" \/>\n<meta property=\"og:url\" content=\"https:\/\/www.fcbarcelonanoticias.com\/en\/players\/carles-alena-the-big-covered-in-the-centre-of-the-field-of-koeman_260448_102.html\" \/>\n<meta property=\"og:site_name\" content=\"EN - FC Barcelona Noticias\" \/>\n<meta property=\"article:published_time\" content=\"2020-09-07T09:39:00+00:00\" \/>\n<meta property=\"article:modified_time\" content=\"2020-09-07T10:51:00+00:00\" \/>\n<meta property=\"og:image\" content=\"https:\/\/www.fcbarcelonanoticias.com\/en\/wp-content\/uploads\/sites\/2\/2020\/08\/carles-alena-banquillo.jpeg\" \/>\n\t<meta property=\"og:image:width\" content=\"1200\" \/>\n\t<meta property=\"og:image:height\" content=\"716\" \/>\n\t<meta property=\"og:image:type\" content=\"image\/jpeg\" \/>\n<meta name=\"author\" content=\"user_4127\" \/>\n<meta name=\"twitter:card\" content=\"summary_large_image\" \/>\n<meta name=\"twitter:label1\" content=\"Written by\" \/>\n\t<meta name=\"twitter:data1\" content=\"user_4127\" \/>\n\t<meta name=\"twitter:label2\" content=\"Est. reading time\" \/>\n\t<meta name=\"twitter:data2\" content=\"2 minutes\" \/>\n<script type=\"application\/ld+json\" class=\"yoast-schema-graph\">{\"@context\":\"https:\\\/\\\/schema.org\",\"@graph\":[{\"@type\":\"Article\",\"@id\":\"https:\\\/\\\/www.fcbarcelonanoticias.com\\\/en\\\/players\\\/carles-alena-the-big-covered-in-the-centre-of-the-field-of-koeman_260448_102.html#article\",\"isPartOf\":{\"@id\":\"https:\\\/\\\/www.fcbarcelonanoticias.com\\\/en\\\/players\\\/carles-alena-the-big-covered-in-the-centre-of-the-field-of-koeman_260448_102.html\"},\"author\":{\"name\":\"user_4127\",\"@id\":\"https:\\\/\\\/www.fcbarcelonanoticias.com\\\/en\\\/#\\\/schema\\\/person\\\/770f2d2ef722ea0abb9b3b8bb1ff5121\"},\"headline\":\"Carles Ale\u00f1\u00e1, the great covered in Koeman&#8217;s midfield\",\"datePublished\":\"2020-09-07T09:39:00+00:00\",\"dateModified\":\"2020-09-07T10:51:00+00:00\",\"mainEntityOfPage\":{\"@id\":\"https:\\\/\\\/www.fcbarcelonanoticias.com\\\/en\\\/players\\\/carles-alena-the-big-covered-in-the-centre-of-the-field-of-koeman_260448_102.html\"},\"wordCount\":383,\"image\":{\"@id\":\"https:\\\/\\\/www.fcbarcelonanoticias.com\\\/en\\\/players\\\/carles-alena-the-big-covered-in-the-centre-of-the-field-of-koeman_260448_102.html#primaryimage\"},\"thumbnailUrl\":\"https:\\\/\\\/www.fcbarcelonanoticias.com\\\/en\\\/wp-content\\\/uploads\\\/sites\\\/2\\\/2020\\\/08\\\/carles-alena-banquillo.jpeg\",\"keywords\":[\"Ale\u00f1\u00e1\",\"Ronald Koeman\"],\"articleSection\":[\"Players\",\"Players\"],\"inLanguage\":\"en-US\"},{\"@type\":\"WebPage\",\"@id\":\"https:\\\/\\\/www.fcbarcelonanoticias.com\\\/en\\\/players\\\/carles-alena-the-big-covered-in-the-centre-of-the-field-of-koeman_260448_102.html\",\"url\":\"https:\\\/\\\/www.fcbarcelonanoticias.com\\\/en\\\/players\\\/carles-alena-the-big-covered-in-the-centre-of-the-field-of-koeman_260448_102.html\",\"name\":\"Carles Ale\u00f1\u00e1, the big covered in the centre of the field of Koeman\",\"isPartOf\":{\"@id\":\"https:\\\/\\\/www.fcbarcelonanoticias.com\\\/en\\\/#website\"},\"primaryImageOfPage\":{\"@id\":\"https:\\\/\\\/www.fcbarcelonanoticias.com\\\/en\\\/players\\\/carles-alena-the-big-covered-in-the-centre-of-the-field-of-koeman_260448_102.html#primaryimage\"},\"image\":{\"@id\":\"https:\\\/\\\/www.fcbarcelonanoticias.com\\\/en\\\/players\\\/carles-alena-the-big-covered-in-the-centre-of-the-field-of-koeman_260448_102.html#primaryimage\"},\"thumbnailUrl\":\"https:\\\/\\\/www.fcbarcelonanoticias.com\\\/en\\\/wp-content\\\/uploads\\\/sites\\\/2\\\/2020\\\/08\\\/carles-alena-banquillo.jpeg\",\"datePublished\":\"2020-09-07T09:39:00+00:00\",\"dateModified\":\"2020-09-07T10:51:00+00:00\",\"author\":{\"@id\":\"https:\\\/\\\/www.fcbarcelonanoticias.com\\\/en\\\/#\\\/schema\\\/person\\\/770f2d2ef722ea0abb9b3b8bb1ff5121\"},\"description\":\"The future of the young player is for determining. It seems that the club wants that it follow and he also has intention to play in Barcelona. Fault for knowing the op...\",\"breadcrumb\":{\"@id\":\"https:\\\/\\\/www.fcbarcelonanoticias.com\\\/en\\\/players\\\/carles-alena-the-big-covered-in-the-centre-of-the-field-of-koeman_260448_102.html#breadcrumb\"},\"inLanguage\":\"en-US\",\"potentialAction\":[{\"@type\":\"ReadAction\",\"target\":[\"https:\\\/\\\/www.fcbarcelonanoticias.com\\\/en\\\/players\\\/carles-alena-the-big-covered-in-the-centre-of-the-field-of-koeman_260448_102.html\"]}]},{\"@type\":\"ImageObject\",\"inLanguage\":\"en-US\",\"@id\":\"https:\\\/\\\/www.fcbarcelonanoticias.com\\\/en\\\/players\\\/carles-alena-the-big-covered-in-the-centre-of-the-field-of-koeman_260448_102.html#primaryimage\",\"url\":\"https:\\\/\\\/www.fcbarcelonanoticias.com\\\/en\\\/wp-content\\\/uploads\\\/sites\\\/2\\\/2020\\\/08\\\/carles-alena-banquillo.jpeg\",\"contentUrl\":\"https:\\\/\\\/www.fcbarcelonanoticias.com\\\/en\\\/wp-content\\\/uploads\\\/sites\\\/2\\\/2020\\\/08\\\/carles-alena-banquillo.jpeg\",\"width\":1200,\"height\":716},{\"@type\":\"BreadcrumbList\",\"@id\":\"https:\\\/\\\/www.fcbarcelonanoticias.com\\\/en\\\/players\\\/carles-alena-the-big-covered-in-the-centre-of-the-field-of-koeman_260448_102.html#breadcrumb\",\"itemListElement\":[{\"@type\":\"ListItem\",\"position\":1,\"name\":\"Portada\",\"item\":\"https:\\\/\\\/www.fcbarcelonanoticias.com\\\/en\\\/\"},{\"@type\":\"ListItem\",\"position\":2,\"name\":\"Carles Ale\u00f1\u00e1, the great covered in Koeman&#8217;s midfield\"}]},{\"@type\":\"WebSite\",\"@id\":\"https:\\\/\\\/www.fcbarcelonanoticias.com\\\/en\\\/#website\",\"url\":\"https:\\\/\\\/www.fcbarcelonanoticias.com\\\/en\\\/\",\"name\":\"EN - FC Barcelona Noticias\",\"description\":\"\",\"potentialAction\":[{\"@type\":\"SearchAction\",\"target\":{\"@type\":\"EntryPoint\",\"urlTemplate\":\"https:\\\/\\\/www.fcbarcelonanoticias.com\\\/en\\\/?s={search_term_string}\"},\"query-input\":{\"@type\":\"PropertyValueSpecification\",\"valueRequired\":true,\"valueName\":\"search_term_string\"}}],\"inLanguage\":\"en-US\"},{\"@type\":\"Person\",\"@id\":\"https:\\\/\\\/www.fcbarcelonanoticias.com\\\/en\\\/#\\\/schema\\\/person\\\/770f2d2ef722ea0abb9b3b8bb1ff5121\",\"name\":\"user_4127\",\"image\":{\"@type\":\"ImageObject\",\"inLanguage\":\"en-US\",\"@id\":\"https:\\\/\\\/secure.gravatar.com\\\/avatar\\\/?s=96&d=mm&r=g\",\"url\":\"https:\\\/\\\/secure.gravatar.com\\\/avatar\\\/?s=96&d=mm&r=g\",\"contentUrl\":\"https:\\\/\\\/secure.gravatar.com\\\/avatar\\\/?s=96&d=mm&r=g\",\"caption\":\"user_4127\"},\"url\":\"https:\\\/\\\/www.fcbarcelonanoticias.com\\\/en\\\/user_4127.html\"}]}<\/script>\n<!-- \/ Yoast SEO plugin. -->","yoast_head_json":{"title":"Carles Ale\u00f1\u00e1, the big covered in the centre of the field of Koeman","description":"The future of the young player is for determining. It seems that the club wants that it follow and he also has intention to play in Barcelona. Fault for knowing the op...","robots":{"index":"index","follow":"follow","max-snippet":"max-snippet:-1","max-image-preview":"max-image-preview:large","max-video-preview":"max-video-preview:-1"},"canonical":"https:\/\/www.fcbarcelonanoticias.com\/en\/players\/carles-alena-the-big-covered-in-the-centre-of-the-field-of-koeman_260448_102.html","og_locale":"en_US","og_type":"article","og_title":"Carles Ale\u00f1\u00e1, the big covered in the centre of the field of Koeman","og_description":"The future of the young player is for determining. It seems that the club wants that it follow and he also has intention to play in Barcelona. Fault for knowing the op...","og_url":"https:\/\/www.fcbarcelonanoticias.com\/en\/players\/carles-alena-the-big-covered-in-the-centre-of-the-field-of-koeman_260448_102.html","og_site_name":"EN - FC Barcelona Noticias","article_published_time":"2020-09-07T09:39:00+00:00","article_modified_time":"2020-09-07T10:51:00+00:00","og_image":[{"width":1200,"height":716,"url":"https:\/\/www.fcbarcelonanoticias.com\/en\/wp-content\/uploads\/sites\/2\/2020\/08\/carles-alena-banquillo.jpeg","type":"image\/jpeg"}],"author":"user_4127","twitter_card":"summary_large_image","twitter_misc":{"Written by":"user_4127","Est. reading time":"2 minutes"},"schema":{"@context":"https:\/\/schema.org","@graph":[{"@type":"Article","@id":"https:\/\/www.fcbarcelonanoticias.com\/en\/players\/carles-alena-the-big-covered-in-the-centre-of-the-field-of-koeman_260448_102.html#article","isPartOf":{"@id":"https:\/\/www.fcbarcelonanoticias.com\/en\/players\/carles-alena-the-big-covered-in-the-centre-of-the-field-of-koeman_260448_102.html"},"author":{"name":"user_4127","@id":"https:\/\/www.fcbarcelonanoticias.com\/en\/#\/schema\/person\/770f2d2ef722ea0abb9b3b8bb1ff5121"},"headline":"Carles Ale\u00f1\u00e1, the great covered in Koeman&#8217;s midfield","datePublished":"2020-09-07T09:39:00+00:00","dateModified":"2020-09-07T10:51:00+00:00","mainEntityOfPage":{"@id":"https:\/\/www.fcbarcelonanoticias.com\/en\/players\/carles-alena-the-big-covered-in-the-centre-of-the-field-of-koeman_260448_102.html"},"wordCount":383,"image":{"@id":"https:\/\/www.fcbarcelonanoticias.com\/en\/players\/carles-alena-the-big-covered-in-the-centre-of-the-field-of-koeman_260448_102.html#primaryimage"},"thumbnailUrl":"https:\/\/www.fcbarcelonanoticias.com\/en\/wp-content\/uploads\/sites\/2\/2020\/08\/carles-alena-banquillo.jpeg","keywords":["Ale\u00f1\u00e1","Ronald Koeman"],"articleSection":["Players","Players"],"inLanguage":"en-US"},{"@type":"WebPage","@id":"https:\/\/www.fcbarcelonanoticias.com\/en\/players\/carles-alena-the-big-covered-in-the-centre-of-the-field-of-koeman_260448_102.html","url":"https:\/\/www.fcbarcelonanoticias.com\/en\/players\/carles-alena-the-big-covered-in-the-centre-of-the-field-of-koeman_260448_102.html","name":"Carles Ale\u00f1\u00e1, the big covered in the centre of the field of Koeman","isPartOf":{"@id":"https:\/\/www.fcbarcelonanoticias.com\/en\/#website"},"primaryImageOfPage":{"@id":"https:\/\/www.fcbarcelonanoticias.com\/en\/players\/carles-alena-the-big-covered-in-the-centre-of-the-field-of-koeman_260448_102.html#primaryimage"},"image":{"@id":"https:\/\/www.fcbarcelonanoticias.com\/en\/players\/carles-alena-the-big-covered-in-the-centre-of-the-field-of-koeman_260448_102.html#primaryimage"},"thumbnailUrl":"https:\/\/www.fcbarcelonanoticias.com\/en\/wp-content\/uploads\/sites\/2\/2020\/08\/carles-alena-banquillo.jpeg","datePublished":"2020-09-07T09:39:00+00:00","dateModified":"2020-09-07T10:51:00+00:00","author":{"@id":"https:\/\/www.fcbarcelonanoticias.com\/en\/#\/schema\/person\/770f2d2ef722ea0abb9b3b8bb1ff5121"},"description":"The future of the young player is for determining. It seems that the club wants that it follow and he also has intention to play in Barcelona. Fault for knowing the op...","breadcrumb":{"@id":"https:\/\/www.fcbarcelonanoticias.com\/en\/players\/carles-alena-the-big-covered-in-the-centre-of-the-field-of-koeman_260448_102.html#breadcrumb"},"inLanguage":"en-US","potentialAction":[{"@type":"ReadAction","target":["https:\/\/www.fcbarcelonanoticias.com\/en\/players\/carles-alena-the-big-covered-in-the-centre-of-the-field-of-koeman_260448_102.html"]}]},{"@type":"ImageObject","inLanguage":"en-US","@id":"https:\/\/www.fcbarcelonanoticias.com\/en\/players\/carles-alena-the-big-covered-in-the-centre-of-the-field-of-koeman_260448_102.html#primaryimage","url":"https:\/\/www.fcbarcelonanoticias.com\/en\/wp-content\/uploads\/sites\/2\/2020\/08\/carles-alena-banquillo.jpeg","contentUrl":"https:\/\/www.fcbarcelonanoticias.com\/en\/wp-content\/uploads\/sites\/2\/2020\/08\/carles-alena-banquillo.jpeg","width":1200,"height":716},{"@type":"BreadcrumbList","@id":"https:\/\/www.fcbarcelonanoticias.com\/en\/players\/carles-alena-the-big-covered-in-the-centre-of-the-field-of-koeman_260448_102.html#breadcrumb","itemListElement":[{"@type":"ListItem","position":1,"name":"Portada","item":"https:\/\/www.fcbarcelonanoticias.com\/en\/"},{"@type":"ListItem","position":2,"name":"Carles Ale\u00f1\u00e1, the great covered in Koeman&#8217;s midfield"}]},{"@type":"WebSite","@id":"https:\/\/www.fcbarcelonanoticias.com\/en\/#website","url":"https:\/\/www.fcbarcelonanoticias.com\/en\/","name":"EN - FC Barcelona Noticias","description":"","potentialAction":[{"@type":"SearchAction","target":{"@type":"EntryPoint","urlTemplate":"https:\/\/www.fcbarcelonanoticias.com\/en\/?s={search_term_string}"},"query-input":{"@type":"PropertyValueSpecification","valueRequired":true,"valueName":"search_term_string"}}],"inLanguage":"en-US"},{"@type":"Person","@id":"https:\/\/www.fcbarcelonanoticias.com\/en\/#\/schema\/person\/770f2d2ef722ea0abb9b3b8bb1ff5121","name":"user_4127","image":{"@type":"ImageObject","inLanguage":"en-US","@id":"https:\/\/secure.gravatar.com\/avatar\/?s=96&d=mm&r=g","url":"https:\/\/secure.gravatar.com\/avatar\/?s=96&d=mm&r=g","contentUrl":"https:\/\/secure.gravatar.com\/avatar\/?s=96&d=mm&r=g","caption":"user_4127"},"url":"https:\/\/www.fcbarcelonanoticias.com\/en\/user_4127.html"}]}},"_links":{"self":[{"href":"https:\/\/www.fcbarcelonanoticias.com\/en\/wp-json\/wp\/v2\/posts\/69957","targetHints":{"allow":["GET"]}}],"collection":[{"href":"https:\/\/www.fcbarcelonanoticias.com\/en\/wp-json\/wp\/v2\/posts"}],"about":[{"href":"https:\/\/www.fcbarcelonanoticias.com\/en\/wp-json\/wp\/v2\/types\/post"}],"author":[{"embeddable":true,"href":"https:\/\/www.fcbarcelonanoticias.com\/en\/wp-json\/wp\/v2\/users\/471"}],"replies":[{"embeddable":true,"href":"https:\/\/www.fcbarcelonanoticias.com\/en\/wp-json\/wp\/v2\/comments?post=69957"}],"version-history":[{"count":1,"href":"https:\/\/www.fcbarcelonanoticias.com\/en\/wp-json\/wp\/v2\/posts\/69957\/revisions"}],"predecessor-version":[{"id":120460,"href":"https:\/\/www.fcbarcelonanoticias.com\/en\/wp-json\/wp\/v2\/posts\/69957\/revisions\/120460"}],"wp:featuredmedia":[{"embeddable":true,"href":"https:\/\/www.fcbarcelonanoticias.com\/en\/wp-json\/wp\/v2\/media\/66780"}],"wp:attachment":[{"href":"https:\/\/www.fcbarcelonanoticias.com\/en\/wp-json\/wp\/v2\/media?parent=69957"}],"wp:term":[{"taxonomy":"category","embeddable":true,"href":"https:\/\/www.fcbarcelonanoticias.com\/en\/wp-json\/wp\/v2\/categories?post=69957"},{"taxonomy":"post_tag","embeddable":true,"href":"https:\/\/www.fcbarcelonanoticias.com\/en\/wp-json\/wp\/v2\/tags?post=69957"}],"curies":[{"name":"wp","href":"https:\/\/api.w.org\/{rel}","templated":true}]}}