{"id":69975,"date":"2023-10-18T08:31:00","date_gmt":"2023-10-18T06:31:00","guid":{"rendered":"https:\/\/weisetech.dev\/fc-barcelona-noticias\/en\/uruguay-despair-poor-brazil-also-lost-neymar-2-0_297184_102\/"},"modified":"2023-10-18T08:31:00","modified_gmt":"2023-10-18T06:31:00","slug":"uruguay-despair-poor-brazil-also-lost-neymar-2-0_297184_102","status":"publish","type":"post","link":"https:\/\/www.fcbarcelonanoticias.com\/en\/national-teams\/uruguay-despair-poor-brazil-also-lost-neymar-2-0_297184_102.html","title":{"rendered":"Uruguay despairs of a poor Brazil that also lost Neymar (2-0)"},"content":{"rendered":"<h2 class=\"wp-block-heading\">The Brazilian team closes the national team break with the alarms on. In addition to the presumed and serious injury of Neymar Jr, the &#8216;canarinha&#8217; have only been able to add one point in two games<\/h2>  \r\n<div class=\"article-addons\">\r\n    <a href=\"https:\/\/www.fcbarcelonanoticias.com\/en\/calendar-fc-barcelona.html\"\r\n       target=\"_self\"\r\n       title=\"Calendar of FC Barcelona\"\r\n       class=\"blue-gredient-btn\">\r\n       \r\n        Calendar of FC Barcelona    <\/a>\r\n<\/div>   <p><strong>Brazil has got in trouble in this stop of selections. <\/strong>In two parties of the eliminatory sudamericanas for the World-wide of 2026, the &#8216;canarinha&#8217; only has been able to add a point, in the tie against Venezuela (1-1). During the morning of this Wednesday, offered a very poor version in his visit to Uruguay that supposed the end to his facha of 37 consecutive parties without losing in eliminatory. The selection, trained by Fernando Dinz, no carbura.<\/p>  <p>Already in the party in front of Venezuela had been more shadows that lights, but the -bad- prognoses have confirmed in a Centenarian Stadium that, on the other hand, has confirmed that has with which ilusionarse with the project led by Marcelo Bielsa. It goes beginning, from zero and with protagonists very different, but there is a very strong base and players that go back to want to impose.<strong> It is a project under construction, but with some very resistant foundations. <\/strong>And in front of Brazil has noticed .<\/p>  <h2>The patience of Uruguay was sufficient<\/h2>  <p>The clash has had several mini histories, but if it has existed a constant has been the inability of the pentacampeona to generate real danger. In the first-half,<strong> Vinicius Jr, Neymar, Rodrygo or Gabriel Jes\u00fas merodearon the area constantly, <\/strong>without opposition, but Rochet did not see the danger. Manuel Ugarte, that has given continuity to his state of grace in the PSG, multiplied to sustain to the charr\u00faas when worse happened it.<\/p>  <p>Uruguay, that expected calm his opportunities, cost of the desacierto of the visitors and armed of patience to expect the chance of gold, that arrived to the 42 minutes with a big action of <strong>Maximiliano Ara\u00fajo that went until background line to put a balloon medidito that Darwin N\u00fa\u00f1ez finished to direct pleasure to the arch. <\/strong>The Centenarian Stadium celebrated and began the feat.<\/p>  <h2>Dawin Nu\u00f1ez Completed the work of Uruguay<\/h2>  <p>The first-half finish with the injury of Neymar Jr, that withdrew in stretcher has lit all the alarms. It was the detonante so that Brazil finish to fall and gave space so that Uruguay grew in his game. Dinz Tried to change him the face to the team with more offensive alternatives, but the history did not change. It worsened. Darwin went back to get dressed of star with a big assistance so that De la Cruz annotated his goal and closed the spotless night in Montevideo.<\/p> ","protected":false},"excerpt":{"rendered":"<p>The Brazilian team closes the national team break with the alarms on. In addition to the presumed and serious injury of Neymar Jr, the &#8216;canarinha&#8217; have only been able to add one point in two games Brazil has got in trouble in this stop of selections. In two parties of the eliminatory sudamericanas for the [&hellip;]<\/p>\n","protected":false},"author":0,"featured_media":69980,"comment_status":"closed","ping_status":"open","sticky":false,"template":"","format":"standard","meta":{"_acf_changed":false,"inline_featured_image":false,"_nextfly_llmd_date_locked":false,"footnotes":""},"categories":[1],"tags":[],"class_list":["post-69975","post","type-post","status-publish","format-standard","has-post-thumbnail","hentry","category-sin-categoria"],"acf":[],"yoast_head":"<!-- This site is optimized with the Yoast SEO plugin v27.3 - https:\/\/yoast.com\/product\/yoast-seo-wordpress\/ -->\n<title>Uruguay despairs of a poor Brazil that also lost Neymar (2-0)<\/title>\n<meta name=\"description\" content=\"The selection of Brazil closes the stop of selections with the alarms lit. In addition to the presumable and grave injury of Neymar Jr, the &#039;canarinha&#039; only has been able to add a point in two parties\" \/>\n<meta name=\"robots\" content=\"index, follow, max-snippet:-1, max-image-preview:large, max-video-preview:-1\" \/>\n<link rel=\"canonical\" href=\"https:\/\/www.fcbarcelonanoticias.com\/en\/national-teams\/uruguay-despair-poor-brazil-also-lost-neymar-2-0_297184_102.html\" \/>\n<meta property=\"og:locale\" content=\"en_US\" \/>\n<meta property=\"og:type\" content=\"article\" \/>\n<meta property=\"og:title\" content=\"Uruguay despairs of a poor Brazil that also lost Neymar (2-0)\" \/>\n<meta property=\"og:description\" content=\"The selection of Brazil closes the stop of selections with the alarms lit. In addition to the presumable and grave injury of Neymar Jr, the &#039;canarinha&#039; only has been able to add a point in two parties\" \/>\n<meta property=\"og:url\" content=\"https:\/\/www.fcbarcelonanoticias.com\/en\/national-teams\/uruguay-despair-poor-brazil-also-lost-neymar-2-0_297184_102.html\" \/>\n<meta property=\"og:site_name\" content=\"EN - FC Barcelona Noticias\" \/>\n<meta property=\"article:published_time\" content=\"2023-10-18T06:31:00+00:00\" \/>\n<meta property=\"og:image\" content=\"https:\/\/www.fcbarcelonanoticias.com\/en\/wp-content\/uploads\/sites\/2\/2023\/10\/neymar-jr-lesionado-en-el-centenario-de-montevideo.jpeg\" \/>\n\t<meta property=\"og:image:width\" content=\"1200\" \/>\n\t<meta property=\"og:image:height\" content=\"675\" \/>\n\t<meta property=\"og:image:type\" content=\"image\/jpeg\" \/>\n<meta name=\"twitter:card\" content=\"summary_large_image\" \/>\n<meta name=\"twitter:label1\" content=\"Est. reading time\" \/>\n\t<meta name=\"twitter:data1\" content=\"2 minutes\" \/>\n<script type=\"application\/ld+json\" class=\"yoast-schema-graph\">{\"@context\":\"https:\\\/\\\/schema.org\",\"@graph\":[{\"@type\":\"Article\",\"@id\":\"https:\\\/\\\/www.fcbarcelonanoticias.com\\\/en\\\/national-teams\\\/uruguay-despair-poor-brazil-also-lost-neymar-2-0_297184_102.html#article\",\"isPartOf\":{\"@id\":\"https:\\\/\\\/www.fcbarcelonanoticias.com\\\/en\\\/national-teams\\\/uruguay-despair-poor-brazil-also-lost-neymar-2-0_297184_102.html\"},\"author\":{\"name\":\"\",\"@id\":\"\"},\"headline\":\"Uruguay despairs of a poor Brazil that also lost Neymar (2-0)\",\"datePublished\":\"2023-10-18T06:31:00+00:00\",\"mainEntityOfPage\":{\"@id\":\"https:\\\/\\\/www.fcbarcelonanoticias.com\\\/en\\\/national-teams\\\/uruguay-despair-poor-brazil-also-lost-neymar-2-0_297184_102.html\"},\"wordCount\":450,\"image\":{\"@id\":\"https:\\\/\\\/www.fcbarcelonanoticias.com\\\/en\\\/national-teams\\\/uruguay-despair-poor-brazil-also-lost-neymar-2-0_297184_102.html#primaryimage\"},\"thumbnailUrl\":\"https:\\\/\\\/www.fcbarcelonanoticias.com\\\/en\\\/wp-content\\\/uploads\\\/sites\\\/2\\\/2023\\\/10\\\/neymar-jr-lesionado-en-el-centenario-de-montevideo.jpeg\",\"articleSection\":[\"Sin categor\u00eda\"],\"inLanguage\":\"en-US\"},{\"@type\":\"WebPage\",\"@id\":\"https:\\\/\\\/www.fcbarcelonanoticias.com\\\/en\\\/national-teams\\\/uruguay-despair-poor-brazil-also-lost-neymar-2-0_297184_102.html\",\"url\":\"https:\\\/\\\/www.fcbarcelonanoticias.com\\\/en\\\/national-teams\\\/uruguay-despair-poor-brazil-also-lost-neymar-2-0_297184_102.html\",\"name\":\"Uruguay despairs of a poor Brazil that also lost Neymar (2-0)\",\"isPartOf\":{\"@id\":\"https:\\\/\\\/www.fcbarcelonanoticias.com\\\/en\\\/#website\"},\"primaryImageOfPage\":{\"@id\":\"https:\\\/\\\/www.fcbarcelonanoticias.com\\\/en\\\/national-teams\\\/uruguay-despair-poor-brazil-also-lost-neymar-2-0_297184_102.html#primaryimage\"},\"image\":{\"@id\":\"https:\\\/\\\/www.fcbarcelonanoticias.com\\\/en\\\/national-teams\\\/uruguay-despair-poor-brazil-also-lost-neymar-2-0_297184_102.html#primaryimage\"},\"thumbnailUrl\":\"https:\\\/\\\/www.fcbarcelonanoticias.com\\\/en\\\/wp-content\\\/uploads\\\/sites\\\/2\\\/2023\\\/10\\\/neymar-jr-lesionado-en-el-centenario-de-montevideo.jpeg\",\"datePublished\":\"2023-10-18T06:31:00+00:00\",\"author\":{\"@id\":\"\"},\"description\":\"The selection of Brazil closes the stop of selections with the alarms lit. In addition to the presumable and grave injury of Neymar Jr, the 'canarinha' only has been able to add a point in two parties\",\"breadcrumb\":{\"@id\":\"https:\\\/\\\/www.fcbarcelonanoticias.com\\\/en\\\/national-teams\\\/uruguay-despair-poor-brazil-also-lost-neymar-2-0_297184_102.html#breadcrumb\"},\"inLanguage\":\"en-US\",\"potentialAction\":[{\"@type\":\"ReadAction\",\"target\":[\"https:\\\/\\\/www.fcbarcelonanoticias.com\\\/en\\\/national-teams\\\/uruguay-despair-poor-brazil-also-lost-neymar-2-0_297184_102.html\"]}]},{\"@type\":\"ImageObject\",\"inLanguage\":\"en-US\",\"@id\":\"https:\\\/\\\/www.fcbarcelonanoticias.com\\\/en\\\/national-teams\\\/uruguay-despair-poor-brazil-also-lost-neymar-2-0_297184_102.html#primaryimage\",\"url\":\"https:\\\/\\\/www.fcbarcelonanoticias.com\\\/en\\\/wp-content\\\/uploads\\\/sites\\\/2\\\/2023\\\/10\\\/neymar-jr-lesionado-en-el-centenario-de-montevideo.jpeg\",\"contentUrl\":\"https:\\\/\\\/www.fcbarcelonanoticias.com\\\/en\\\/wp-content\\\/uploads\\\/sites\\\/2\\\/2023\\\/10\\\/neymar-jr-lesionado-en-el-centenario-de-montevideo.jpeg\",\"width\":1200,\"height\":675},{\"@type\":\"BreadcrumbList\",\"@id\":\"https:\\\/\\\/www.fcbarcelonanoticias.com\\\/en\\\/national-teams\\\/uruguay-despair-poor-brazil-also-lost-neymar-2-0_297184_102.html#breadcrumb\",\"itemListElement\":[{\"@type\":\"ListItem\",\"position\":1,\"name\":\"Portada\",\"item\":\"https:\\\/\\\/www.fcbarcelonanoticias.com\\\/en\\\/\"},{\"@type\":\"ListItem\",\"position\":2,\"name\":\"Uruguay despairs of a poor Brazil that also lost Neymar (2-0)\"}]},{\"@type\":\"WebSite\",\"@id\":\"https:\\\/\\\/www.fcbarcelonanoticias.com\\\/en\\\/#website\",\"url\":\"https:\\\/\\\/www.fcbarcelonanoticias.com\\\/en\\\/\",\"name\":\"EN - FC Barcelona Noticias\",\"description\":\"\",\"potentialAction\":[{\"@type\":\"SearchAction\",\"target\":{\"@type\":\"EntryPoint\",\"urlTemplate\":\"https:\\\/\\\/www.fcbarcelonanoticias.com\\\/en\\\/?s={search_term_string}\"},\"query-input\":{\"@type\":\"PropertyValueSpecification\",\"valueRequired\":true,\"valueName\":\"search_term_string\"}}],\"inLanguage\":\"en-US\"}]}<\/script>\n<!-- \/ Yoast SEO plugin. -->","yoast_head_json":{"title":"Uruguay despairs of a poor Brazil that also lost Neymar (2-0)","description":"The selection of Brazil closes the stop of selections with the alarms lit. In addition to the presumable and grave injury of Neymar Jr, the 'canarinha' only has been able to add a point in two parties","robots":{"index":"index","follow":"follow","max-snippet":"max-snippet:-1","max-image-preview":"max-image-preview:large","max-video-preview":"max-video-preview:-1"},"canonical":"https:\/\/www.fcbarcelonanoticias.com\/en\/national-teams\/uruguay-despair-poor-brazil-also-lost-neymar-2-0_297184_102.html","og_locale":"en_US","og_type":"article","og_title":"Uruguay despairs of a poor Brazil that also lost Neymar (2-0)","og_description":"The selection of Brazil closes the stop of selections with the alarms lit. In addition to the presumable and grave injury of Neymar Jr, the 'canarinha' only has been able to add a point in two parties","og_url":"https:\/\/www.fcbarcelonanoticias.com\/en\/national-teams\/uruguay-despair-poor-brazil-also-lost-neymar-2-0_297184_102.html","og_site_name":"EN - FC Barcelona Noticias","article_published_time":"2023-10-18T06:31:00+00:00","og_image":[{"width":1200,"height":675,"url":"https:\/\/www.fcbarcelonanoticias.com\/en\/wp-content\/uploads\/sites\/2\/2023\/10\/neymar-jr-lesionado-en-el-centenario-de-montevideo.jpeg","type":"image\/jpeg"}],"twitter_card":"summary_large_image","twitter_misc":{"Est. reading time":"2 minutes"},"schema":{"@context":"https:\/\/schema.org","@graph":[{"@type":"Article","@id":"https:\/\/www.fcbarcelonanoticias.com\/en\/national-teams\/uruguay-despair-poor-brazil-also-lost-neymar-2-0_297184_102.html#article","isPartOf":{"@id":"https:\/\/www.fcbarcelonanoticias.com\/en\/national-teams\/uruguay-despair-poor-brazil-also-lost-neymar-2-0_297184_102.html"},"author":{"name":"","@id":""},"headline":"Uruguay despairs of a poor Brazil that also lost Neymar (2-0)","datePublished":"2023-10-18T06:31:00+00:00","mainEntityOfPage":{"@id":"https:\/\/www.fcbarcelonanoticias.com\/en\/national-teams\/uruguay-despair-poor-brazil-also-lost-neymar-2-0_297184_102.html"},"wordCount":450,"image":{"@id":"https:\/\/www.fcbarcelonanoticias.com\/en\/national-teams\/uruguay-despair-poor-brazil-also-lost-neymar-2-0_297184_102.html#primaryimage"},"thumbnailUrl":"https:\/\/www.fcbarcelonanoticias.com\/en\/wp-content\/uploads\/sites\/2\/2023\/10\/neymar-jr-lesionado-en-el-centenario-de-montevideo.jpeg","articleSection":["Sin categor\u00eda"],"inLanguage":"en-US"},{"@type":"WebPage","@id":"https:\/\/www.fcbarcelonanoticias.com\/en\/national-teams\/uruguay-despair-poor-brazil-also-lost-neymar-2-0_297184_102.html","url":"https:\/\/www.fcbarcelonanoticias.com\/en\/national-teams\/uruguay-despair-poor-brazil-also-lost-neymar-2-0_297184_102.html","name":"Uruguay despairs of a poor Brazil that also lost Neymar (2-0)","isPartOf":{"@id":"https:\/\/www.fcbarcelonanoticias.com\/en\/#website"},"primaryImageOfPage":{"@id":"https:\/\/www.fcbarcelonanoticias.com\/en\/national-teams\/uruguay-despair-poor-brazil-also-lost-neymar-2-0_297184_102.html#primaryimage"},"image":{"@id":"https:\/\/www.fcbarcelonanoticias.com\/en\/national-teams\/uruguay-despair-poor-brazil-also-lost-neymar-2-0_297184_102.html#primaryimage"},"thumbnailUrl":"https:\/\/www.fcbarcelonanoticias.com\/en\/wp-content\/uploads\/sites\/2\/2023\/10\/neymar-jr-lesionado-en-el-centenario-de-montevideo.jpeg","datePublished":"2023-10-18T06:31:00+00:00","author":{"@id":""},"description":"The selection of Brazil closes the stop of selections with the alarms lit. In addition to the presumable and grave injury of Neymar Jr, the 'canarinha' only has been able to add a point in two parties","breadcrumb":{"@id":"https:\/\/www.fcbarcelonanoticias.com\/en\/national-teams\/uruguay-despair-poor-brazil-also-lost-neymar-2-0_297184_102.html#breadcrumb"},"inLanguage":"en-US","potentialAction":[{"@type":"ReadAction","target":["https:\/\/www.fcbarcelonanoticias.com\/en\/national-teams\/uruguay-despair-poor-brazil-also-lost-neymar-2-0_297184_102.html"]}]},{"@type":"ImageObject","inLanguage":"en-US","@id":"https:\/\/www.fcbarcelonanoticias.com\/en\/national-teams\/uruguay-despair-poor-brazil-also-lost-neymar-2-0_297184_102.html#primaryimage","url":"https:\/\/www.fcbarcelonanoticias.com\/en\/wp-content\/uploads\/sites\/2\/2023\/10\/neymar-jr-lesionado-en-el-centenario-de-montevideo.jpeg","contentUrl":"https:\/\/www.fcbarcelonanoticias.com\/en\/wp-content\/uploads\/sites\/2\/2023\/10\/neymar-jr-lesionado-en-el-centenario-de-montevideo.jpeg","width":1200,"height":675},{"@type":"BreadcrumbList","@id":"https:\/\/www.fcbarcelonanoticias.com\/en\/national-teams\/uruguay-despair-poor-brazil-also-lost-neymar-2-0_297184_102.html#breadcrumb","itemListElement":[{"@type":"ListItem","position":1,"name":"Portada","item":"https:\/\/www.fcbarcelonanoticias.com\/en\/"},{"@type":"ListItem","position":2,"name":"Uruguay despairs of a poor Brazil that also lost Neymar (2-0)"}]},{"@type":"WebSite","@id":"https:\/\/www.fcbarcelonanoticias.com\/en\/#website","url":"https:\/\/www.fcbarcelonanoticias.com\/en\/","name":"EN - FC Barcelona Noticias","description":"","potentialAction":[{"@type":"SearchAction","target":{"@type":"EntryPoint","urlTemplate":"https:\/\/www.fcbarcelonanoticias.com\/en\/?s={search_term_string}"},"query-input":{"@type":"PropertyValueSpecification","valueRequired":true,"valueName":"search_term_string"}}],"inLanguage":"en-US"}]}},"_links":{"self":[{"href":"https:\/\/www.fcbarcelonanoticias.com\/en\/wp-json\/wp\/v2\/posts\/69975","targetHints":{"allow":["GET"]}}],"collection":[{"href":"https:\/\/www.fcbarcelonanoticias.com\/en\/wp-json\/wp\/v2\/posts"}],"about":[{"href":"https:\/\/www.fcbarcelonanoticias.com\/en\/wp-json\/wp\/v2\/types\/post"}],"replies":[{"embeddable":true,"href":"https:\/\/www.fcbarcelonanoticias.com\/en\/wp-json\/wp\/v2\/comments?post=69975"}],"version-history":[{"count":2,"href":"https:\/\/www.fcbarcelonanoticias.com\/en\/wp-json\/wp\/v2\/posts\/69975\/revisions"}],"predecessor-version":[{"id":69979,"href":"https:\/\/www.fcbarcelonanoticias.com\/en\/wp-json\/wp\/v2\/posts\/69975\/revisions\/69979"}],"wp:featuredmedia":[{"embeddable":true,"href":"https:\/\/www.fcbarcelonanoticias.com\/en\/wp-json\/wp\/v2\/media\/69980"}],"wp:attachment":[{"href":"https:\/\/www.fcbarcelonanoticias.com\/en\/wp-json\/wp\/v2\/media?parent=69975"}],"wp:term":[{"taxonomy":"category","embeddable":true,"href":"https:\/\/www.fcbarcelonanoticias.com\/en\/wp-json\/wp\/v2\/categories?post=69975"},{"taxonomy":"post_tag","embeddable":true,"href":"https:\/\/www.fcbarcelonanoticias.com\/en\/wp-json\/wp\/v2\/tags?post=69975"}],"curies":[{"name":"wp","href":"https:\/\/api.w.org\/{rel}","templated":true}]}}