{"id":70048,"date":"2023-02-08T00:44:00","date_gmt":"2023-02-07T23:44:00","guid":{"rendered":"https:\/\/weisetech.dev\/fc-barcelona-noticias\/en\/busquets-would-continue-without-having-received-formal-offer-fc-barcelona_289411_102\/"},"modified":"2023-02-08T00:44:00","modified_gmt":"2023-02-07T23:44:00","slug":"busquets-would-continue-without-having-received-formal-offer-fc-barcelona_289411_102","status":"publish","type":"post","link":"https:\/\/www.fcbarcelonanoticias.com\/en\/players\/busquets-would-continue-without-having-received-formal-offer-fc-barcelona_289411_102.html","title":{"rendered":"Busquets would continue without having received a formal offer from Bar\u00e7a"},"content":{"rendered":"<h2 class=\"wp-block-heading\">Sergio Busquets continues without defining his future for the summer. After filtering the offer with which Al Nassr intends to take him to Arabia, the captain of FC Barcelona is still waiting for an offer from the club to renew<\/h2>  \r\n<div class=\"article-addons\">\r\n    <a href=\"https:\/\/www.fcbarcelonanoticias.com\/en\/calendar-fc-barcelona.html\"\r\n       target=\"_self\"\r\n       title=\"Calendar of FC Barcelona\"\r\n       class=\"blue-gredient-btn\">\r\n       \r\n        Calendar of FC Barcelona    <\/a>\r\n<\/div>   <p>FC Barcelona has not yet submitted an offer to Sergio Busquets to renew his contract, which expires on June 30. At least this is evidenced by the silence of the board and the player regarding his future, which could take an unexpected turn <strong>due to the super offer with which the Saudi <a data-external=\"0\" data-intl-links-en=\"https:\/\/www.fcbarcelonanoticias.com\/en\/transfers\/crazy-it-would-be-irrejectable-offerton-to-nassr-for-sergio-busquets_289390_102.html\" data-intl-links-es=\"https:\/\/www.fcbarcelonanoticias.com\/fichajes\/de-locos-seria-irrechazable-oferton-al-nassr-por-sergio-busquets_289390_102.html\" href=\"https:\/\/www.fcbarcelonanoticias.com\/en\/transfers\/crazy-it-would-be-irrejectable-offerton-to-nassr-for-sergio-busquets_289390_102.html\" rel=\"follow\" target=\"_self\" title=\"Crazy! This would be the irresistible offer of Al-Nassr for Sergio Busquets\">Al Nassr<\/a> intends to take him to Arabia<\/strong> to play alongside Cristiano Ronaldo, a brand new signing winter of the group directed by Rudi Garc\u00eda.<\/p>  <p>Although Xavi Hern\u00e1ndez has insisted on the importance of &#8216;Busi&#8217; for his scheme,<strong> the truth is that the board headed by Joan Laporta currently has other priorities. One of them is the renewal of <a data-external=\"0\" data-intl-links-en=\"https:\/\/www.fcbarcelonanoticias.com\/en\/transfers\/barcelona-meets-with-balde-define-your-continuity-in-the-camp-nou_289393_102.html\" data-intl-links-es=\"https:\/\/www.fcbarcelonanoticias.com\/fichajes\/barcelona-se-reune-con-balde-definir-su-continuidad-en-el-camp-nou_289393_102.html\" href=\"https:\/\/www.fcbarcelonanoticias.com\/en\/transfers\/barcelona-meets-with-balde-define-your-continuity-in-the-camp-nou_289393_102.html\" rel=\"follow\" target=\"_self\" title=\"Bar\u00e7a meets with Balde to define their continuity at the Camp Nou!\">Alejandro Balde<\/a><\/strong>, which would be coming soon. This yes, it would be necessary to hope to the summer to formalize his new agreement, to the equal that happens with Gavi and Ronald Ara\u00fajo by questions of the &#8216;fair play&#8217; financial.<\/p>  <p>In this sense,<strong> the club would wait until the end of 2022\/23 to talk with the captain<\/strong>, once he himself defines what is best for his future. In principle, the &#8216;5&#8217; has revealed his desire for a change of scenery in the summer, perhaps leaving for a club in the American Major League Soccer (MLS). Of course, <strong>the 18 million euros a year that Al Nassr offers him can change his plans<\/strong>, but Sergio will not make any decision without first talking to Bar\u00e7a.<\/p>  <p>For Busquets,<strong> the priority, beyond the economic, goes through his ability to perform at the highest European level<\/strong>. In the Champions League, the captain was beaten in the duels against Bayern Munich and Inter Milan. His performance in Qatar with Spain was not &#8216;top&#8217; either, so at 34 years old, logically, he is beginning to show significant wear and tear in the big events. Even so, Xavi continues to consider him the undisputed starter, which is why he has already accumulated 1,973 minutes in 27 games this season.<\/p>  <h3>Busquets&#8217; injury could define many things<\/h3>  <p><strong>Sidelined for at least two weeks due to a sprain in the external lateral ligament of his left ankle<\/strong>, Sergio could take advantage of his days off from training to think more clearly about what to do next in the summer. However, the captain will be prudent when making announcements and, with the decisive stage of 2022\/23 about to begin, it will be difficult for him to communicate any decision in the coming days.<\/p>  <p>Meanwhile, the expectation remains for a rapprochement with the board. <strong>&#8220;The important thing is his plan and his project for the future. He and <a data-external=\"0\" data-intl-links-en=\"https:\/\/www.fcbarcelonanoticias.com\/en\/laliga\/xavi-effect-the-brutal-improvement-of-barca-in-league-last-year_289369_102.html\" data-intl-links-es=\"https:\/\/www.fcbarcelonanoticias.com\/laliga\/efecto-xavi-brutal-mejoria-barca-liga-ultimo-ano_289369_102.html\" href=\"https:\/\/www.fcbarcelonanoticias.com\/en\/laliga\/xavi-effect-the-brutal-improvement-of-barca-in-league-last-year_289369_102.html\" rel=\"follow\" target=\"_self\" title=\"The Xavi effect: The brutal improvement of Bar\u00e7a in the League last year\">Xavi<\/a> are going to make the decision when it is appropriate and we will be delighted to support him,&#8221;<\/strong> Mateu Alemany told &#8216;DAZN&#8217; about the renewal of &#8216;Busi&#8217;. For now, the board&#8217;s position is clear. The player has the last word.<\/p> ","protected":false},"excerpt":{"rendered":"<p>Sergio Busquets continues without defining his future for the summer. After filtering the offer with which Al Nassr intends to take him to Arabia, the captain of FC Barcelona is still waiting for an offer from the club to renew FC Barcelona has not yet submitted an offer to Sergio Busquets to renew his contract, [&hellip;]<\/p>\n","protected":false},"author":347,"featured_media":70054,"comment_status":"closed","ping_status":"open","sticky":false,"template":"","format":"standard","meta":{"_acf_changed":false,"inline_featured_image":false,"_nextfly_llmd_date_locked":false,"footnotes":""},"categories":[107,453],"tags":[158,166,48],"class_list":["post-70048","post","type-post","status-publish","format-standard","has-post-thumbnail","hentry","category-players","category-players-2","tag-joan-laporta","tag-sergio-busquets","tag-xavi-hernandez"],"acf":[],"yoast_head":"<!-- This site is optimized with the Yoast SEO plugin v27.3 - https:\/\/yoast.com\/product\/yoast-seo-wordpress\/ -->\n<title>Busquets would continue without having received a formal offer from Bar\u00e7a<\/title>\n<meta name=\"description\" content=\"Sergio Busquets continues without defining his future for the summer. After filtering the offer with which Al Nassr intends to take him to Arabia, the captain of FC Barcelona is still waiting for an offer from the club to renew\" \/>\n<meta name=\"robots\" content=\"index, follow, max-snippet:-1, max-image-preview:large, max-video-preview:-1\" \/>\n<link rel=\"canonical\" href=\"https:\/\/www.fcbarcelonanoticias.com\/en\/players\/busquets-would-continue-without-having-received-formal-offer-fc-barcelona_289411_102.html\" \/>\n<meta property=\"og:locale\" content=\"en_US\" \/>\n<meta property=\"og:type\" content=\"article\" \/>\n<meta property=\"og:title\" content=\"Busquets would continue without having received a formal offer from Bar\u00e7a\" \/>\n<meta property=\"og:description\" content=\"Sergio Busquets continues without defining his future for the summer. After filtering the offer with which Al Nassr intends to take him to Arabia, the captain of FC Barcelona is still waiting for an offer from the club to renew\" \/>\n<meta property=\"og:url\" content=\"https:\/\/www.fcbarcelonanoticias.com\/en\/players\/busquets-would-continue-without-having-received-formal-offer-fc-barcelona_289411_102.html\" \/>\n<meta property=\"og:site_name\" content=\"EN - FC Barcelona Noticias\" \/>\n<meta property=\"article:published_time\" content=\"2023-02-07T23:44:00+00:00\" \/>\n<meta property=\"og:image\" content=\"https:\/\/www.fcbarcelonanoticias.com\/en\/wp-content\/uploads\/sites\/2\/2023\/02\/sergio-busquets-en-el-madrid-vs-barc-a.jpeg\" \/>\n\t<meta property=\"og:image:width\" content=\"1200\" \/>\n\t<meta property=\"og:image:height\" content=\"675\" \/>\n\t<meta property=\"og:image:type\" content=\"image\/jpeg\" \/>\n<meta name=\"author\" content=\"Andr\u00e9s Quiroz\" \/>\n<meta name=\"twitter:card\" content=\"summary_large_image\" \/>\n<meta name=\"twitter:label1\" content=\"Written by\" \/>\n\t<meta name=\"twitter:data1\" content=\"Andr\u00e9s Quiroz\" \/>\n\t<meta name=\"twitter:label2\" content=\"Est. reading time\" \/>\n\t<meta name=\"twitter:data2\" content=\"3 minutes\" \/>\n<script type=\"application\/ld+json\" class=\"yoast-schema-graph\">{\"@context\":\"https:\\\/\\\/schema.org\",\"@graph\":[{\"@type\":\"Article\",\"@id\":\"https:\\\/\\\/www.fcbarcelonanoticias.com\\\/en\\\/players\\\/busquets-would-continue-without-having-received-formal-offer-fc-barcelona_289411_102.html#article\",\"isPartOf\":{\"@id\":\"https:\\\/\\\/www.fcbarcelonanoticias.com\\\/en\\\/players\\\/busquets-would-continue-without-having-received-formal-offer-fc-barcelona_289411_102.html\"},\"author\":{\"name\":\"Andr\u00e9s Quiroz\",\"@id\":\"https:\\\/\\\/www.fcbarcelonanoticias.com\\\/en\\\/#\\\/schema\\\/person\\\/c2cd9f6fa1af5c0d0eccd0fefa575c88\"},\"headline\":\"Busquets would continue without having received a formal offer from Bar\u00e7a\",\"datePublished\":\"2023-02-07T23:44:00+00:00\",\"mainEntityOfPage\":{\"@id\":\"https:\\\/\\\/www.fcbarcelonanoticias.com\\\/en\\\/players\\\/busquets-would-continue-without-having-received-formal-offer-fc-barcelona_289411_102.html\"},\"wordCount\":517,\"image\":{\"@id\":\"https:\\\/\\\/www.fcbarcelonanoticias.com\\\/en\\\/players\\\/busquets-would-continue-without-having-received-formal-offer-fc-barcelona_289411_102.html#primaryimage\"},\"thumbnailUrl\":\"https:\\\/\\\/www.fcbarcelonanoticias.com\\\/en\\\/wp-content\\\/uploads\\\/sites\\\/2\\\/2023\\\/02\\\/sergio-busquets-en-el-madrid-vs-barc-a.jpeg\",\"keywords\":[\"Joan Laporta\",\"Sergio Busquets\",\"Xavi Hern\u00e1ndez\"],\"articleSection\":[\"Players\",\"Players\"],\"inLanguage\":\"en-US\"},{\"@type\":\"WebPage\",\"@id\":\"https:\\\/\\\/www.fcbarcelonanoticias.com\\\/en\\\/players\\\/busquets-would-continue-without-having-received-formal-offer-fc-barcelona_289411_102.html\",\"url\":\"https:\\\/\\\/www.fcbarcelonanoticias.com\\\/en\\\/players\\\/busquets-would-continue-without-having-received-formal-offer-fc-barcelona_289411_102.html\",\"name\":\"Busquets would continue without having received a formal offer from Bar\u00e7a\",\"isPartOf\":{\"@id\":\"https:\\\/\\\/www.fcbarcelonanoticias.com\\\/en\\\/#website\"},\"primaryImageOfPage\":{\"@id\":\"https:\\\/\\\/www.fcbarcelonanoticias.com\\\/en\\\/players\\\/busquets-would-continue-without-having-received-formal-offer-fc-barcelona_289411_102.html#primaryimage\"},\"image\":{\"@id\":\"https:\\\/\\\/www.fcbarcelonanoticias.com\\\/en\\\/players\\\/busquets-would-continue-without-having-received-formal-offer-fc-barcelona_289411_102.html#primaryimage\"},\"thumbnailUrl\":\"https:\\\/\\\/www.fcbarcelonanoticias.com\\\/en\\\/wp-content\\\/uploads\\\/sites\\\/2\\\/2023\\\/02\\\/sergio-busquets-en-el-madrid-vs-barc-a.jpeg\",\"datePublished\":\"2023-02-07T23:44:00+00:00\",\"author\":{\"@id\":\"https:\\\/\\\/www.fcbarcelonanoticias.com\\\/en\\\/#\\\/schema\\\/person\\\/c2cd9f6fa1af5c0d0eccd0fefa575c88\"},\"description\":\"Sergio Busquets continues without defining his future for the summer. After filtering the offer with which Al Nassr intends to take him to Arabia, the captain of FC Barcelona is still waiting for an offer from the club to renew\",\"breadcrumb\":{\"@id\":\"https:\\\/\\\/www.fcbarcelonanoticias.com\\\/en\\\/players\\\/busquets-would-continue-without-having-received-formal-offer-fc-barcelona_289411_102.html#breadcrumb\"},\"inLanguage\":\"en-US\",\"potentialAction\":[{\"@type\":\"ReadAction\",\"target\":[\"https:\\\/\\\/www.fcbarcelonanoticias.com\\\/en\\\/players\\\/busquets-would-continue-without-having-received-formal-offer-fc-barcelona_289411_102.html\"]}]},{\"@type\":\"ImageObject\",\"inLanguage\":\"en-US\",\"@id\":\"https:\\\/\\\/www.fcbarcelonanoticias.com\\\/en\\\/players\\\/busquets-would-continue-without-having-received-formal-offer-fc-barcelona_289411_102.html#primaryimage\",\"url\":\"https:\\\/\\\/www.fcbarcelonanoticias.com\\\/en\\\/wp-content\\\/uploads\\\/sites\\\/2\\\/2023\\\/02\\\/sergio-busquets-en-el-madrid-vs-barc-a.jpeg\",\"contentUrl\":\"https:\\\/\\\/www.fcbarcelonanoticias.com\\\/en\\\/wp-content\\\/uploads\\\/sites\\\/2\\\/2023\\\/02\\\/sergio-busquets-en-el-madrid-vs-barc-a.jpeg\",\"width\":1200,\"height\":675},{\"@type\":\"BreadcrumbList\",\"@id\":\"https:\\\/\\\/www.fcbarcelonanoticias.com\\\/en\\\/players\\\/busquets-would-continue-without-having-received-formal-offer-fc-barcelona_289411_102.html#breadcrumb\",\"itemListElement\":[{\"@type\":\"ListItem\",\"position\":1,\"name\":\"Portada\",\"item\":\"https:\\\/\\\/www.fcbarcelonanoticias.com\\\/en\\\/\"},{\"@type\":\"ListItem\",\"position\":2,\"name\":\"Busquets would continue without having received a formal offer from Bar\u00e7a\"}]},{\"@type\":\"WebSite\",\"@id\":\"https:\\\/\\\/www.fcbarcelonanoticias.com\\\/en\\\/#website\",\"url\":\"https:\\\/\\\/www.fcbarcelonanoticias.com\\\/en\\\/\",\"name\":\"EN - FC Barcelona Noticias\",\"description\":\"\",\"potentialAction\":[{\"@type\":\"SearchAction\",\"target\":{\"@type\":\"EntryPoint\",\"urlTemplate\":\"https:\\\/\\\/www.fcbarcelonanoticias.com\\\/en\\\/?s={search_term_string}\"},\"query-input\":{\"@type\":\"PropertyValueSpecification\",\"valueRequired\":true,\"valueName\":\"search_term_string\"}}],\"inLanguage\":\"en-US\"},{\"@type\":\"Person\",\"@id\":\"https:\\\/\\\/www.fcbarcelonanoticias.com\\\/en\\\/#\\\/schema\\\/person\\\/c2cd9f6fa1af5c0d0eccd0fefa575c88\",\"name\":\"Andr\u00e9s Quiroz\",\"image\":{\"@type\":\"ImageObject\",\"inLanguage\":\"en-US\",\"@id\":\"https:\\\/\\\/secure.gravatar.com\\\/avatar\\\/?s=96&d=mm&r=g\",\"url\":\"https:\\\/\\\/secure.gravatar.com\\\/avatar\\\/?s=96&d=mm&r=g\",\"contentUrl\":\"https:\\\/\\\/secure.gravatar.com\\\/avatar\\\/?s=96&d=mm&r=g\",\"caption\":\"Andr\u00e9s Quiroz\"},\"description\":\"Licenciado en Periodismo por la Universidad de los Andes. Me encargo de analizar y compartir los contenidos m\u00e1s destacados de la\u00a0actualidad del F\u00fatbol Club Barcelona, Mercado de Fichajes y F\u00fatbol Internacional en FCBN. La informaci\u00f3n es poder, pero tambi\u00e9n conocimiento.\",\"url\":\"https:\\\/\\\/www.fcbarcelonanoticias.com\\\/en\\\/fc-barcelona\\\/andres-quiroz_17_115.html\"}]}<\/script>\n<!-- \/ Yoast SEO plugin. -->","yoast_head_json":{"title":"Busquets would continue without having received a formal offer from Bar\u00e7a","description":"Sergio Busquets continues without defining his future for the summer. After filtering the offer with which Al Nassr intends to take him to Arabia, the captain of FC Barcelona is still waiting for an offer from the club to renew","robots":{"index":"index","follow":"follow","max-snippet":"max-snippet:-1","max-image-preview":"max-image-preview:large","max-video-preview":"max-video-preview:-1"},"canonical":"https:\/\/www.fcbarcelonanoticias.com\/en\/players\/busquets-would-continue-without-having-received-formal-offer-fc-barcelona_289411_102.html","og_locale":"en_US","og_type":"article","og_title":"Busquets would continue without having received a formal offer from Bar\u00e7a","og_description":"Sergio Busquets continues without defining his future for the summer. After filtering the offer with which Al Nassr intends to take him to Arabia, the captain of FC Barcelona is still waiting for an offer from the club to renew","og_url":"https:\/\/www.fcbarcelonanoticias.com\/en\/players\/busquets-would-continue-without-having-received-formal-offer-fc-barcelona_289411_102.html","og_site_name":"EN - FC Barcelona Noticias","article_published_time":"2023-02-07T23:44:00+00:00","og_image":[{"width":1200,"height":675,"url":"https:\/\/www.fcbarcelonanoticias.com\/en\/wp-content\/uploads\/sites\/2\/2023\/02\/sergio-busquets-en-el-madrid-vs-barc-a.jpeg","type":"image\/jpeg"}],"author":"Andr\u00e9s Quiroz","twitter_card":"summary_large_image","twitter_misc":{"Written by":"Andr\u00e9s Quiroz","Est. reading time":"3 minutes"},"schema":{"@context":"https:\/\/schema.org","@graph":[{"@type":"Article","@id":"https:\/\/www.fcbarcelonanoticias.com\/en\/players\/busquets-would-continue-without-having-received-formal-offer-fc-barcelona_289411_102.html#article","isPartOf":{"@id":"https:\/\/www.fcbarcelonanoticias.com\/en\/players\/busquets-would-continue-without-having-received-formal-offer-fc-barcelona_289411_102.html"},"author":{"name":"Andr\u00e9s Quiroz","@id":"https:\/\/www.fcbarcelonanoticias.com\/en\/#\/schema\/person\/c2cd9f6fa1af5c0d0eccd0fefa575c88"},"headline":"Busquets would continue without having received a formal offer from Bar\u00e7a","datePublished":"2023-02-07T23:44:00+00:00","mainEntityOfPage":{"@id":"https:\/\/www.fcbarcelonanoticias.com\/en\/players\/busquets-would-continue-without-having-received-formal-offer-fc-barcelona_289411_102.html"},"wordCount":517,"image":{"@id":"https:\/\/www.fcbarcelonanoticias.com\/en\/players\/busquets-would-continue-without-having-received-formal-offer-fc-barcelona_289411_102.html#primaryimage"},"thumbnailUrl":"https:\/\/www.fcbarcelonanoticias.com\/en\/wp-content\/uploads\/sites\/2\/2023\/02\/sergio-busquets-en-el-madrid-vs-barc-a.jpeg","keywords":["Joan Laporta","Sergio Busquets","Xavi Hern\u00e1ndez"],"articleSection":["Players","Players"],"inLanguage":"en-US"},{"@type":"WebPage","@id":"https:\/\/www.fcbarcelonanoticias.com\/en\/players\/busquets-would-continue-without-having-received-formal-offer-fc-barcelona_289411_102.html","url":"https:\/\/www.fcbarcelonanoticias.com\/en\/players\/busquets-would-continue-without-having-received-formal-offer-fc-barcelona_289411_102.html","name":"Busquets would continue without having received a formal offer from Bar\u00e7a","isPartOf":{"@id":"https:\/\/www.fcbarcelonanoticias.com\/en\/#website"},"primaryImageOfPage":{"@id":"https:\/\/www.fcbarcelonanoticias.com\/en\/players\/busquets-would-continue-without-having-received-formal-offer-fc-barcelona_289411_102.html#primaryimage"},"image":{"@id":"https:\/\/www.fcbarcelonanoticias.com\/en\/players\/busquets-would-continue-without-having-received-formal-offer-fc-barcelona_289411_102.html#primaryimage"},"thumbnailUrl":"https:\/\/www.fcbarcelonanoticias.com\/en\/wp-content\/uploads\/sites\/2\/2023\/02\/sergio-busquets-en-el-madrid-vs-barc-a.jpeg","datePublished":"2023-02-07T23:44:00+00:00","author":{"@id":"https:\/\/www.fcbarcelonanoticias.com\/en\/#\/schema\/person\/c2cd9f6fa1af5c0d0eccd0fefa575c88"},"description":"Sergio Busquets continues without defining his future for the summer. After filtering the offer with which Al Nassr intends to take him to Arabia, the captain of FC Barcelona is still waiting for an offer from the club to renew","breadcrumb":{"@id":"https:\/\/www.fcbarcelonanoticias.com\/en\/players\/busquets-would-continue-without-having-received-formal-offer-fc-barcelona_289411_102.html#breadcrumb"},"inLanguage":"en-US","potentialAction":[{"@type":"ReadAction","target":["https:\/\/www.fcbarcelonanoticias.com\/en\/players\/busquets-would-continue-without-having-received-formal-offer-fc-barcelona_289411_102.html"]}]},{"@type":"ImageObject","inLanguage":"en-US","@id":"https:\/\/www.fcbarcelonanoticias.com\/en\/players\/busquets-would-continue-without-having-received-formal-offer-fc-barcelona_289411_102.html#primaryimage","url":"https:\/\/www.fcbarcelonanoticias.com\/en\/wp-content\/uploads\/sites\/2\/2023\/02\/sergio-busquets-en-el-madrid-vs-barc-a.jpeg","contentUrl":"https:\/\/www.fcbarcelonanoticias.com\/en\/wp-content\/uploads\/sites\/2\/2023\/02\/sergio-busquets-en-el-madrid-vs-barc-a.jpeg","width":1200,"height":675},{"@type":"BreadcrumbList","@id":"https:\/\/www.fcbarcelonanoticias.com\/en\/players\/busquets-would-continue-without-having-received-formal-offer-fc-barcelona_289411_102.html#breadcrumb","itemListElement":[{"@type":"ListItem","position":1,"name":"Portada","item":"https:\/\/www.fcbarcelonanoticias.com\/en\/"},{"@type":"ListItem","position":2,"name":"Busquets would continue without having received a formal offer from Bar\u00e7a"}]},{"@type":"WebSite","@id":"https:\/\/www.fcbarcelonanoticias.com\/en\/#website","url":"https:\/\/www.fcbarcelonanoticias.com\/en\/","name":"EN - FC Barcelona Noticias","description":"","potentialAction":[{"@type":"SearchAction","target":{"@type":"EntryPoint","urlTemplate":"https:\/\/www.fcbarcelonanoticias.com\/en\/?s={search_term_string}"},"query-input":{"@type":"PropertyValueSpecification","valueRequired":true,"valueName":"search_term_string"}}],"inLanguage":"en-US"},{"@type":"Person","@id":"https:\/\/www.fcbarcelonanoticias.com\/en\/#\/schema\/person\/c2cd9f6fa1af5c0d0eccd0fefa575c88","name":"Andr\u00e9s Quiroz","image":{"@type":"ImageObject","inLanguage":"en-US","@id":"https:\/\/secure.gravatar.com\/avatar\/?s=96&d=mm&r=g","url":"https:\/\/secure.gravatar.com\/avatar\/?s=96&d=mm&r=g","contentUrl":"https:\/\/secure.gravatar.com\/avatar\/?s=96&d=mm&r=g","caption":"Andr\u00e9s Quiroz"},"description":"Licenciado en Periodismo por la Universidad de los Andes. Me encargo de analizar y compartir los contenidos m\u00e1s destacados de la\u00a0actualidad del F\u00fatbol Club Barcelona, Mercado de Fichajes y F\u00fatbol Internacional en FCBN. La informaci\u00f3n es poder, pero tambi\u00e9n conocimiento.","url":"https:\/\/www.fcbarcelonanoticias.com\/en\/fc-barcelona\/andres-quiroz_17_115.html"}]}},"_links":{"self":[{"href":"https:\/\/www.fcbarcelonanoticias.com\/en\/wp-json\/wp\/v2\/posts\/70048","targetHints":{"allow":["GET"]}}],"collection":[{"href":"https:\/\/www.fcbarcelonanoticias.com\/en\/wp-json\/wp\/v2\/posts"}],"about":[{"href":"https:\/\/www.fcbarcelonanoticias.com\/en\/wp-json\/wp\/v2\/types\/post"}],"author":[{"embeddable":true,"href":"https:\/\/www.fcbarcelonanoticias.com\/en\/wp-json\/wp\/v2\/users\/347"}],"replies":[{"embeddable":true,"href":"https:\/\/www.fcbarcelonanoticias.com\/en\/wp-json\/wp\/v2\/comments?post=70048"}],"version-history":[{"count":1,"href":"https:\/\/www.fcbarcelonanoticias.com\/en\/wp-json\/wp\/v2\/posts\/70048\/revisions"}],"predecessor-version":[{"id":120426,"href":"https:\/\/www.fcbarcelonanoticias.com\/en\/wp-json\/wp\/v2\/posts\/70048\/revisions\/120426"}],"wp:featuredmedia":[{"embeddable":true,"href":"https:\/\/www.fcbarcelonanoticias.com\/en\/wp-json\/wp\/v2\/media\/70054"}],"wp:attachment":[{"href":"https:\/\/www.fcbarcelonanoticias.com\/en\/wp-json\/wp\/v2\/media?parent=70048"}],"wp:term":[{"taxonomy":"category","embeddable":true,"href":"https:\/\/www.fcbarcelonanoticias.com\/en\/wp-json\/wp\/v2\/categories?post=70048"},{"taxonomy":"post_tag","embeddable":true,"href":"https:\/\/www.fcbarcelonanoticias.com\/en\/wp-json\/wp\/v2\/tags?post=70048"}],"curies":[{"name":"wp","href":"https:\/\/api.w.org\/{rel}","templated":true}]}}