{"id":70342,"date":"2023-02-06T17:50:00","date_gmt":"2023-02-06T16:50:00","guid":{"rendered":"https:\/\/weisetech.dev\/fc-barcelona-noticias\/en\/survey-a-forward-should-sell-barcelona-in-summer_289360_102\/"},"modified":"2023-02-06T17:50:00","modified_gmt":"2023-02-06T16:50:00","slug":"survey-a-forward-should-sell-barcelona-in-summer_289360_102","status":"publish","type":"post","link":"https:\/\/www.fcbarcelonanoticias.com\/en\/opinion\/survey-a-forward-should-sell-barcelona-in-summer_289360_102.html","title":{"rendered":"POLL: Which striker should Bar\u00e7a sell in the summer?"},"content":{"rendered":"<h2 class=\"wp-block-heading\">The FC Barcelona could see in the obligation to sell to one of his forwards in the market of winter signings to generate &#8216;fair play&#8217; financial and fulfill with the parameters of LaLiga<\/h2>  \r\n<div class=\"article-addons\">\r\n    <a href=\"https:\/\/www.fcbarcelonanoticias.com\/en\/calendar-fc-barcelona.html\"\r\n       target=\"_self\"\r\n       title=\"Calendar of FC Barcelona\"\r\n       class=\"blue-gredient-btn\">\r\n       \r\n        Calendar of FC Barcelona    <\/a>\r\n<\/div>   <p>It is not a secret for anybody that the <a data-external=\"0\" data-intl-links-en=\"https:\/\/www.fcbarcelonanoticias.com\/en\/fc-barcelona\" data-intl-links-es=\"https:\/\/www.fcbarcelonanoticias.com\/fc-barcelona\" href=\"https:\/\/www.fcbarcelonanoticias.com\/en\/football-soccer\/fc-barcelona.html\" rel=\"follow\" target=\"_self\" title=\"FC Barcelona\">FC Barcelona<\/a> crosses by an economic situation and that they are many the limitantes that have regarding his &#8216;fair play&#8217; financial, place would have to reduce in 200 million euros his mass salarial. For this, would have to sell to some &#8216;active&#8217; of the staff, reason by which<strong> from &#8216;FCBN&#8217; ask us if, in case that it have to go out a forward, who would have to be the &#8216;chosen&#8217;&#8230;<\/strong><\/p>  <p>            <\/p> <div class=\"poll-wrapper\" id=\"poll_243\">             <div class=\"poll-content\">                 <div class=\"poll-top\">                     <span class=\"category\">THE POLL<\/span>                     <span class=\"title\">To what leading has to sell the Bar\u00e7a in summer?<\/span>                 <\/div>                 <div class=\"poll-bottom loading\" data-container=\"24360dee1eb5bb200.76851400 1763184192en\">                 <\/div>             <\/div>         <\/div>                 <div data-poll-element=\"poll_243\" data-poll-id=\"243\" data-fetch-url=\"\/_call?controller=ComitiumSuite%5CBundle%5CCSBundle%5CWidgets%5CPoll%5CController%5CWidgetController&amp;action=fetchPoll&amp;_parameters=kqC4I1IfX63opO%252FsCjT6ACk9TqJcW4VqjVY52EfntMER0kb1G6raT11WycHKOSEFxoP5VQYe0ggtW85oPVJQOTokg6n649mtfRBUv4rg96chPXlpoAM1LrvOqG%252BTP2Xhs3E7qVSLcTu6oDrrus1FubNx1WCqzkJrK0C4V9wysueizNj1Cr0p5085Fz43eU2bRK1%252Fi4P%252B1D2whc8MlGlxfJqSZFL7Wg%252BKWhbweT%252Fs%252BfVdu2TRPiSB13AjyB9wbwyzgnGWZOemwmd2pTmruVyNEdJOg2ptLAHHKLa43l4L%252FG5BF0JRPNJ%252BfbMW5cf6j%252FZUbtdfa8JtUUrV0MaTS1Q5m%252FuAoOHUhOsLgEXdGq5uFJh9JOoCabmBqEiqEOuBjw2UuK9jM%252Bb5Vx73qBy4JysmkZh8%252BWoYOw1pLmQAYuEre0Vug9dewaHxmUvWIIf2gGMuu6iyi6xuOwx12oeQmKoDEnS50WYlJr%252F%252FJoYUSq8SK%252FZlHcF%252B%252FH7Uv25NxePNbuyAHaFTMr9HPWu%252FT%252BPhHrgRgONvR4Y7OwF19SKD%252BITBh2s%252BRD81NcC0efk1olIRkDbzqjQ008I6osi%252Fh30uL6YU8FcAkbmmkJpnik4dllQ5cJohF85JMtj7y%252BpXqM58ur2DoYLVxUxrK42lJH5xAkZO15p%252BedUS8ZXjtcfgiIYqvEvX4NVB5sEi0sphA2KOu3ALVR9aCZtbtCEQzQC3usYFqiQoe0rxbC%252BHDEGX%252FMMbF9OnXWlD%252BFdTNsI8SZnraXZmlkr1rROVM%252F8xh5oMHFcm5crP2VcgieLeHS7LTeFRzRjzaefooZLMJrfcAITsMx1ZK5qunJVKIr5bNC6gZD9chfkuqShNNwgIC4FvCdE00S4%253D&amp;_locale=en&amp;_poll_id=243\" data-save-url=\"\/_call?controller=ComitiumSuite%5CBundle%5CCSBundle%5CWidgets%5CPoll%5CController%5CWidgetController&amp;action=saveVoteToQueue&amp;_parameters=kqC4I1IfX63opO%252FsCjT6ACk9TqJcW4VqjVY52EfntMER0kb1G6raT11WycHKOSEFxoP5VQYe0ggtW85oPVJQOTokg6n649mtfRBUv4rg96chPXlpoAM1LrvOqG%252BTP2Xhs3E7qVSLcTu6oDrrus1FubNx1WCqzkJrK0C4V9wysueizNj1Cr0p5085Fz43eU2bRK1%252Fi4P%252B1D2whc8MlGlxfJqSZFL7Wg%252BKWhbweT%252Fs%252BfVdu2TRPiSB13AjyB9wbwyzgnGWZOemwmd2pTmruVyNEdJOg2ptLAHHKLa43l4L%252FG5BF0JRPNJ%252BfbMW5cf6j%252FZUbtdfa8JtUUrV0MaTS1Q5m%252FuAoOHUhOsLgEXdGq5uFJh9JOoCabmBqEiqEOuBjw2UuK9jM%252Bb5Vx73qBy4JysmkZh8%252BWoYOw1pLmQAYuEre0Vug9dewaHxmUvWIIf2gGMuu6iyi6xuOwx12oeQmKoDEnS50WYlJr%252F%252FJoYUSq8SK%252FZlHcF%252B%252FH7Uv25NxePNbuyAHaFTMr9HPWu%252FT%252BPhHrgRgONvR4Y7OwF19SKD%252BITBh2s%252BRD81NcC0efk1olIRkDbzqjQ008I6osi%252Fh30uL6YU8FcAkbmmkJpnik4dllQ5cJohF85JMtj7y%252BpXqM58ur2DoYLVxUxrK42lJH5xAkZO15p%252BedUS8ZXjtcfgiIYqvEvX4NVB5sEi0sphA2KOu3ALVR9aCZtbtCEQzQC3usYFqiQoe0rxbC%252BHDEGX%252FMMbF9OnXWlD%252BFdTNsI8SZnraXZmlkr1rROVM%252F8xh5oMHFcm5crP2VcgieLeHS7LTeFRzRjzaefooZLMJrfcAITsMx1ZK5qunJVKIr5bNC6gZD9chfkuqShNNwgIC4FvCdE00S4%253D&amp;_poll_id=243\" data-locale=\"en\" data-uuid=\"60dee1eb5bb200.76851400 1763184192\"><\/div>       <p>In the last days have increased the rumours on the interest of the Manchester United in Ansu Fati, the one who is not going through his best moment in the Bar\u00e7a by the fault of minutes that is having in the plans of Xavi Hern\u00e1ndez. <strong>The English will be very attentive to the situation of the player, by what will try in the summer &#8216;take it out&#8217; of his house. <\/strong><\/p>  <p>The one who has &#8216;impossible&#8217; go out is Ousmane Demb\u00e9l\u00e9, the one who although has agreement until 2024 only, has turned into the offensive engine of the cul\u00e9s. <strong>In a different situation are Ferran Torres and Raphinha,<\/strong> those who still have to show a lot so that the Bar\u00e7a decide to remain them.<\/p> ","protected":false},"excerpt":{"rendered":"<p>The FC Barcelona could see in the obligation to sell to one of his forwards in the market of winter signings to generate &#8216;fair play&#8217; financial and fulfill with the parameters of LaLiga It is not a secret for anybody that the FC Barcelona crosses by an economic situation and that they are many the [&hellip;]<\/p>\n","protected":false},"author":0,"featured_media":70348,"comment_status":"closed","ping_status":"open","sticky":false,"template":"","format":"standard","meta":{"_acf_changed":false,"inline_featured_image":false,"_nextfly_llmd_date_locked":false,"footnotes":""},"categories":[125],"tags":[146,216],"class_list":["post-70342","post","type-post","status-publish","format-standard","has-post-thumbnail","hentry","category-opinion","tag-dembele","tag-surveys"],"acf":[],"yoast_head":"<!-- This site is optimized with the Yoast SEO plugin v27.3 - https:\/\/yoast.com\/product\/yoast-seo-wordpress\/ -->\n<title>POLL: Which striker should Bar\u00e7a sell in the summer?<\/title>\n<meta name=\"description\" content=\"The FC Barcelona could see in the obligation to sell to one of his forwards in the market of wintry signings to generate &#039;fair play&#039; financial and fulfil with the parameters of LaLiga\" \/>\n<meta name=\"robots\" content=\"index, follow, max-snippet:-1, max-image-preview:large, max-video-preview:-1\" \/>\n<link rel=\"canonical\" href=\"https:\/\/www.fcbarcelonanoticias.com\/en\/opinion\/survey-a-forward-should-sell-barcelona-in-summer_289360_102.html\" \/>\n<meta property=\"og:locale\" content=\"en_US\" \/>\n<meta property=\"og:type\" content=\"article\" \/>\n<meta property=\"og:title\" content=\"POLL: Which striker should Bar\u00e7a sell in the summer?\" \/>\n<meta property=\"og:description\" content=\"The FC Barcelona could see in the obligation to sell to one of his forwards in the market of wintry signings to generate &#039;fair play&#039; financial and fulfil with the parameters of LaLiga\" \/>\n<meta property=\"og:url\" content=\"https:\/\/www.fcbarcelonanoticias.com\/en\/opinion\/survey-a-forward-should-sell-barcelona-in-summer_289360_102.html\" \/>\n<meta property=\"og:site_name\" content=\"EN - FC Barcelona Noticias\" \/>\n<meta property=\"article:published_time\" content=\"2023-02-06T16:50:00+00:00\" \/>\n<meta property=\"og:image\" content=\"https:\/\/www.fcbarcelonanoticias.com\/en\/wp-content\/uploads\/sites\/2\/2023\/02\/encuesta-sobre-los-delanteros-del-fc-barcelona-1.jpeg\" \/>\n\t<meta property=\"og:image:width\" content=\"1200\" \/>\n\t<meta property=\"og:image:height\" content=\"675\" \/>\n\t<meta property=\"og:image:type\" content=\"image\/jpeg\" \/>\n<meta name=\"twitter:card\" content=\"summary_large_image\" \/>\n<meta name=\"twitter:label1\" content=\"Est. reading time\" \/>\n\t<meta name=\"twitter:data1\" content=\"1 minute\" \/>\n<script type=\"application\/ld+json\" class=\"yoast-schema-graph\">{\"@context\":\"https:\\\/\\\/schema.org\",\"@graph\":[{\"@type\":\"Article\",\"@id\":\"https:\\\/\\\/www.fcbarcelonanoticias.com\\\/en\\\/opinion\\\/survey-a-forward-should-sell-barcelona-in-summer_289360_102.html#article\",\"isPartOf\":{\"@id\":\"https:\\\/\\\/www.fcbarcelonanoticias.com\\\/en\\\/opinion\\\/survey-a-forward-should-sell-barcelona-in-summer_289360_102.html\"},\"author\":{\"name\":\"\",\"@id\":\"\"},\"headline\":\"POLL: Which striker should Bar\u00e7a sell in the summer?\",\"datePublished\":\"2023-02-06T16:50:00+00:00\",\"mainEntityOfPage\":{\"@id\":\"https:\\\/\\\/www.fcbarcelonanoticias.com\\\/en\\\/opinion\\\/survey-a-forward-should-sell-barcelona-in-summer_289360_102.html\"},\"wordCount\":261,\"image\":{\"@id\":\"https:\\\/\\\/www.fcbarcelonanoticias.com\\\/en\\\/opinion\\\/survey-a-forward-should-sell-barcelona-in-summer_289360_102.html#primaryimage\"},\"thumbnailUrl\":\"https:\\\/\\\/www.fcbarcelonanoticias.com\\\/en\\\/wp-content\\\/uploads\\\/sites\\\/2\\\/2023\\\/02\\\/encuesta-sobre-los-delanteros-del-fc-barcelona-1.jpeg\",\"keywords\":[\"Demb\u00e9l\u00e9\",\"Surveys\"],\"articleSection\":[\"Opinion\"],\"inLanguage\":\"en-US\"},{\"@type\":\"WebPage\",\"@id\":\"https:\\\/\\\/www.fcbarcelonanoticias.com\\\/en\\\/opinion\\\/survey-a-forward-should-sell-barcelona-in-summer_289360_102.html\",\"url\":\"https:\\\/\\\/www.fcbarcelonanoticias.com\\\/en\\\/opinion\\\/survey-a-forward-should-sell-barcelona-in-summer_289360_102.html\",\"name\":\"POLL: Which striker should Bar\u00e7a sell in the summer?\",\"isPartOf\":{\"@id\":\"https:\\\/\\\/www.fcbarcelonanoticias.com\\\/en\\\/#website\"},\"primaryImageOfPage\":{\"@id\":\"https:\\\/\\\/www.fcbarcelonanoticias.com\\\/en\\\/opinion\\\/survey-a-forward-should-sell-barcelona-in-summer_289360_102.html#primaryimage\"},\"image\":{\"@id\":\"https:\\\/\\\/www.fcbarcelonanoticias.com\\\/en\\\/opinion\\\/survey-a-forward-should-sell-barcelona-in-summer_289360_102.html#primaryimage\"},\"thumbnailUrl\":\"https:\\\/\\\/www.fcbarcelonanoticias.com\\\/en\\\/wp-content\\\/uploads\\\/sites\\\/2\\\/2023\\\/02\\\/encuesta-sobre-los-delanteros-del-fc-barcelona-1.jpeg\",\"datePublished\":\"2023-02-06T16:50:00+00:00\",\"author\":{\"@id\":\"\"},\"description\":\"The FC Barcelona could see in the obligation to sell to one of his forwards in the market of wintry signings to generate 'fair play' financial and fulfil with the parameters of LaLiga\",\"breadcrumb\":{\"@id\":\"https:\\\/\\\/www.fcbarcelonanoticias.com\\\/en\\\/opinion\\\/survey-a-forward-should-sell-barcelona-in-summer_289360_102.html#breadcrumb\"},\"inLanguage\":\"en-US\",\"potentialAction\":[{\"@type\":\"ReadAction\",\"target\":[\"https:\\\/\\\/www.fcbarcelonanoticias.com\\\/en\\\/opinion\\\/survey-a-forward-should-sell-barcelona-in-summer_289360_102.html\"]}]},{\"@type\":\"ImageObject\",\"inLanguage\":\"en-US\",\"@id\":\"https:\\\/\\\/www.fcbarcelonanoticias.com\\\/en\\\/opinion\\\/survey-a-forward-should-sell-barcelona-in-summer_289360_102.html#primaryimage\",\"url\":\"https:\\\/\\\/www.fcbarcelonanoticias.com\\\/en\\\/wp-content\\\/uploads\\\/sites\\\/2\\\/2023\\\/02\\\/encuesta-sobre-los-delanteros-del-fc-barcelona-1.jpeg\",\"contentUrl\":\"https:\\\/\\\/www.fcbarcelonanoticias.com\\\/en\\\/wp-content\\\/uploads\\\/sites\\\/2\\\/2023\\\/02\\\/encuesta-sobre-los-delanteros-del-fc-barcelona-1.jpeg\",\"width\":1200,\"height\":675},{\"@type\":\"BreadcrumbList\",\"@id\":\"https:\\\/\\\/www.fcbarcelonanoticias.com\\\/en\\\/opinion\\\/survey-a-forward-should-sell-barcelona-in-summer_289360_102.html#breadcrumb\",\"itemListElement\":[{\"@type\":\"ListItem\",\"position\":1,\"name\":\"Portada\",\"item\":\"https:\\\/\\\/www.fcbarcelonanoticias.com\\\/en\\\/\"},{\"@type\":\"ListItem\",\"position\":2,\"name\":\"POLL: Which striker should Bar\u00e7a sell in the summer?\"}]},{\"@type\":\"WebSite\",\"@id\":\"https:\\\/\\\/www.fcbarcelonanoticias.com\\\/en\\\/#website\",\"url\":\"https:\\\/\\\/www.fcbarcelonanoticias.com\\\/en\\\/\",\"name\":\"EN - FC Barcelona Noticias\",\"description\":\"\",\"potentialAction\":[{\"@type\":\"SearchAction\",\"target\":{\"@type\":\"EntryPoint\",\"urlTemplate\":\"https:\\\/\\\/www.fcbarcelonanoticias.com\\\/en\\\/?s={search_term_string}\"},\"query-input\":{\"@type\":\"PropertyValueSpecification\",\"valueRequired\":true,\"valueName\":\"search_term_string\"}}],\"inLanguage\":\"en-US\"}]}<\/script>\n<!-- \/ Yoast SEO plugin. -->","yoast_head_json":{"title":"POLL: Which striker should Bar\u00e7a sell in the summer?","description":"The FC Barcelona could see in the obligation to sell to one of his forwards in the market of wintry signings to generate 'fair play' financial and fulfil with the parameters of LaLiga","robots":{"index":"index","follow":"follow","max-snippet":"max-snippet:-1","max-image-preview":"max-image-preview:large","max-video-preview":"max-video-preview:-1"},"canonical":"https:\/\/www.fcbarcelonanoticias.com\/en\/opinion\/survey-a-forward-should-sell-barcelona-in-summer_289360_102.html","og_locale":"en_US","og_type":"article","og_title":"POLL: Which striker should Bar\u00e7a sell in the summer?","og_description":"The FC Barcelona could see in the obligation to sell to one of his forwards in the market of wintry signings to generate 'fair play' financial and fulfil with the parameters of LaLiga","og_url":"https:\/\/www.fcbarcelonanoticias.com\/en\/opinion\/survey-a-forward-should-sell-barcelona-in-summer_289360_102.html","og_site_name":"EN - FC Barcelona Noticias","article_published_time":"2023-02-06T16:50:00+00:00","og_image":[{"width":1200,"height":675,"url":"https:\/\/www.fcbarcelonanoticias.com\/en\/wp-content\/uploads\/sites\/2\/2023\/02\/encuesta-sobre-los-delanteros-del-fc-barcelona-1.jpeg","type":"image\/jpeg"}],"twitter_card":"summary_large_image","twitter_misc":{"Est. reading time":"1 minute"},"schema":{"@context":"https:\/\/schema.org","@graph":[{"@type":"Article","@id":"https:\/\/www.fcbarcelonanoticias.com\/en\/opinion\/survey-a-forward-should-sell-barcelona-in-summer_289360_102.html#article","isPartOf":{"@id":"https:\/\/www.fcbarcelonanoticias.com\/en\/opinion\/survey-a-forward-should-sell-barcelona-in-summer_289360_102.html"},"author":{"name":"","@id":""},"headline":"POLL: Which striker should Bar\u00e7a sell in the summer?","datePublished":"2023-02-06T16:50:00+00:00","mainEntityOfPage":{"@id":"https:\/\/www.fcbarcelonanoticias.com\/en\/opinion\/survey-a-forward-should-sell-barcelona-in-summer_289360_102.html"},"wordCount":261,"image":{"@id":"https:\/\/www.fcbarcelonanoticias.com\/en\/opinion\/survey-a-forward-should-sell-barcelona-in-summer_289360_102.html#primaryimage"},"thumbnailUrl":"https:\/\/www.fcbarcelonanoticias.com\/en\/wp-content\/uploads\/sites\/2\/2023\/02\/encuesta-sobre-los-delanteros-del-fc-barcelona-1.jpeg","keywords":["Demb\u00e9l\u00e9","Surveys"],"articleSection":["Opinion"],"inLanguage":"en-US"},{"@type":"WebPage","@id":"https:\/\/www.fcbarcelonanoticias.com\/en\/opinion\/survey-a-forward-should-sell-barcelona-in-summer_289360_102.html","url":"https:\/\/www.fcbarcelonanoticias.com\/en\/opinion\/survey-a-forward-should-sell-barcelona-in-summer_289360_102.html","name":"POLL: Which striker should Bar\u00e7a sell in the summer?","isPartOf":{"@id":"https:\/\/www.fcbarcelonanoticias.com\/en\/#website"},"primaryImageOfPage":{"@id":"https:\/\/www.fcbarcelonanoticias.com\/en\/opinion\/survey-a-forward-should-sell-barcelona-in-summer_289360_102.html#primaryimage"},"image":{"@id":"https:\/\/www.fcbarcelonanoticias.com\/en\/opinion\/survey-a-forward-should-sell-barcelona-in-summer_289360_102.html#primaryimage"},"thumbnailUrl":"https:\/\/www.fcbarcelonanoticias.com\/en\/wp-content\/uploads\/sites\/2\/2023\/02\/encuesta-sobre-los-delanteros-del-fc-barcelona-1.jpeg","datePublished":"2023-02-06T16:50:00+00:00","author":{"@id":""},"description":"The FC Barcelona could see in the obligation to sell to one of his forwards in the market of wintry signings to generate 'fair play' financial and fulfil with the parameters of LaLiga","breadcrumb":{"@id":"https:\/\/www.fcbarcelonanoticias.com\/en\/opinion\/survey-a-forward-should-sell-barcelona-in-summer_289360_102.html#breadcrumb"},"inLanguage":"en-US","potentialAction":[{"@type":"ReadAction","target":["https:\/\/www.fcbarcelonanoticias.com\/en\/opinion\/survey-a-forward-should-sell-barcelona-in-summer_289360_102.html"]}]},{"@type":"ImageObject","inLanguage":"en-US","@id":"https:\/\/www.fcbarcelonanoticias.com\/en\/opinion\/survey-a-forward-should-sell-barcelona-in-summer_289360_102.html#primaryimage","url":"https:\/\/www.fcbarcelonanoticias.com\/en\/wp-content\/uploads\/sites\/2\/2023\/02\/encuesta-sobre-los-delanteros-del-fc-barcelona-1.jpeg","contentUrl":"https:\/\/www.fcbarcelonanoticias.com\/en\/wp-content\/uploads\/sites\/2\/2023\/02\/encuesta-sobre-los-delanteros-del-fc-barcelona-1.jpeg","width":1200,"height":675},{"@type":"BreadcrumbList","@id":"https:\/\/www.fcbarcelonanoticias.com\/en\/opinion\/survey-a-forward-should-sell-barcelona-in-summer_289360_102.html#breadcrumb","itemListElement":[{"@type":"ListItem","position":1,"name":"Portada","item":"https:\/\/www.fcbarcelonanoticias.com\/en\/"},{"@type":"ListItem","position":2,"name":"POLL: Which striker should Bar\u00e7a sell in the summer?"}]},{"@type":"WebSite","@id":"https:\/\/www.fcbarcelonanoticias.com\/en\/#website","url":"https:\/\/www.fcbarcelonanoticias.com\/en\/","name":"EN - FC Barcelona Noticias","description":"","potentialAction":[{"@type":"SearchAction","target":{"@type":"EntryPoint","urlTemplate":"https:\/\/www.fcbarcelonanoticias.com\/en\/?s={search_term_string}"},"query-input":{"@type":"PropertyValueSpecification","valueRequired":true,"valueName":"search_term_string"}}],"inLanguage":"en-US"}]}},"_links":{"self":[{"href":"https:\/\/www.fcbarcelonanoticias.com\/en\/wp-json\/wp\/v2\/posts\/70342","targetHints":{"allow":["GET"]}}],"collection":[{"href":"https:\/\/www.fcbarcelonanoticias.com\/en\/wp-json\/wp\/v2\/posts"}],"about":[{"href":"https:\/\/www.fcbarcelonanoticias.com\/en\/wp-json\/wp\/v2\/types\/post"}],"replies":[{"embeddable":true,"href":"https:\/\/www.fcbarcelonanoticias.com\/en\/wp-json\/wp\/v2\/comments?post=70342"}],"version-history":[{"count":1,"href":"https:\/\/www.fcbarcelonanoticias.com\/en\/wp-json\/wp\/v2\/posts\/70342\/revisions"}],"predecessor-version":[{"id":121031,"href":"https:\/\/www.fcbarcelonanoticias.com\/en\/wp-json\/wp\/v2\/posts\/70342\/revisions\/121031"}],"wp:featuredmedia":[{"embeddable":true,"href":"https:\/\/www.fcbarcelonanoticias.com\/en\/wp-json\/wp\/v2\/media\/70348"}],"wp:attachment":[{"href":"https:\/\/www.fcbarcelonanoticias.com\/en\/wp-json\/wp\/v2\/media?parent=70342"}],"wp:term":[{"taxonomy":"category","embeddable":true,"href":"https:\/\/www.fcbarcelonanoticias.com\/en\/wp-json\/wp\/v2\/categories?post=70342"},{"taxonomy":"post_tag","embeddable":true,"href":"https:\/\/www.fcbarcelonanoticias.com\/en\/wp-json\/wp\/v2\/tags?post=70342"}],"curies":[{"name":"wp","href":"https:\/\/api.w.org\/{rel}","templated":true}]}}