{"id":70377,"date":"2023-10-08T01:16:00","date_gmt":"2023-10-07T23:16:00","guid":{"rendered":"https:\/\/weisetech.dev\/fc-barcelona-noticias\/en\/carles-perez-from-the-explosion-at-barca-to-the-disappointment-at-celta_296878_102\/"},"modified":"2023-10-08T01:16:00","modified_gmt":"2023-10-07T23:16:00","slug":"carles-perez-from-the-explosion-at-barca-to-the-disappointment-at-celta_296878_102","status":"publish","type":"post","link":"https:\/\/www.fcbarcelonanoticias.com\/en\/players\/carles-perez-from-the-explosion-at-barca-to-the-disappointment-at-celta_296878_102.html","title":{"rendered":"Carles P\u00e9rez, from the explosion at Bar\u00e7a to the disappointment at Celta"},"content":{"rendered":"<h2 class=\"wp-block-heading\">Carles P\u00e9rez, since leaving FC Barcelona in 2020 in search of more playing opportunities, has not managed to establish himself in First Division football.  In his current team, Celta, after a successful first season, his outstanding performances have been conspicuous by his absence in this new campaign<\/h2>  \r\n<div class=\"article-addons\">\r\n    <a href=\"https:\/\/www.fcbarcelonanoticias.com\/en\/calendar-fc-barcelona.html\"\r\n       target=\"_self\"\r\n       title=\"Calendar of FC Barcelona\"\r\n       class=\"blue-gredient-btn\">\r\n       \r\n        Calendar of FC Barcelona    <\/a>\r\n<\/div>   <p>Carles P\u00e9rez, after contesting 13 parties with two goals and three assistances, <a data-external=\"0\" data-intl-links-en=\"https:\/\/www.fcbarcelonanoticias.com\/en\/players\/official-carles-perez-goes-to-roma-without-repurchase-option-preferential-right_255011_102.html\" data-intl-links-es=\"https:\/\/www.fcbarcelonanoticias.com\/jugadores\/oficial-carles-perez-se-va-roma-sin-opcion-recompra-tanteo_255011_102.html\" href=\"https:\/\/www.fcbarcelonanoticias.com\/en\/players\/official-carles-perez-goes-to-roma-without-repurchase-option-preferential-right_255011_102.html\" rel=\"follow\" target=\"_self\" title=\"OFICIAL: Carles P\u00e9rez se va a la Roma sin recompra pero con derecho de tanteo\">left to the FC Barcelona in 2020<\/a>. Since, had a brief stage in the Rome and finally was yielded to the Celtic of Vigo in 2022, <strong>where had a campaign stood out with five targets and six passes to goal in 38 clashes<\/strong>, what carried to the Galicians to decide by his traspaso definite.<\/p>  <p><strong>The &#8216;Celestial&#8217; paid 5,2 million euros for tackling his services<\/strong>, turning it into one of the costliest incorporations of this season for the vigueses, only by behind Anastasios Douvikas the one who cost 12 &#8216;kilos&#8217;. It expected that P\u00e9rez was one of the visible faces of the project of Rafa Ben\u00edtez, <strong>but his presence in the team has gone dispelling along the days<\/strong>, because of two factors: a muscular injury to the beginning of this period and the change in the tactical diagram that the Madrilenian technician decided to implement in his combined.<\/p>  <h2>The change of diagram of the Celtic of Vigo &#8216;prejudiced&#8217; to Carles P\u00e9rez<\/h2>  <p>Initially, <strong>Rafa Ben\u00edtez opted by a diagram 4-4-2, that favoured to Carles P\u00e9rez<\/strong>, the one who to the equal that Jonathan Bamba, could split from the centre of the field and offer like an offensive option by the sides. However, after the rugged debut against Osasuna, in which the native of Granollers was headline and the Galician cast lost 0-2, the plans changed drastically.<\/p>  <p>In the third clash by LaLiga, the trainer of the Celtic modified the diagram to a line of five defenders, renouncing to a midfield player. <strong>When deleting this position in the midfield, Carles P\u00e9rez remained without place, since Jonathan Bamba, Luca Of the Tower and Fran Beltr\u00e1n seem to be very established in this zone<\/strong>.<\/p>  <h2>Carles P\u00e9rez sees every time less action in the Celtic<\/h2>  <p>In spite of having recovered of his injury, the ex of the Bar\u00e7a has not had minutes of game neither against the Mallorca <a data-external=\"0\" data-intl-links-en=\"https:\/\/www.fcbarcelonanoticias.com\/en\/laliga\/comeback-barca-strip-epic-avoid-puncture-against-celta-3-2_296421_102.html\" data-intl-links-es=\"https:\/\/www.fcbarcelonanoticias.com\/laliga\/remontada-barca-tira-epica-evita-pinchazo-contra-celta-3-2_296421_102.html\" href=\"https:\/\/www.fcbarcelonanoticias.com\/en\/laliga\/comeback-barca-strip-epic-avoid-puncture-against-celta-3-2_296421_102.html\" rel=\"follow\" target=\"_self\" title=\"\u00a1REMONTADA! El Bar\u00e7a tira de \u00e9pica y evita el 'pinchazo' contra el Celta (3-2)\">neither against his exequipo, the FC Barcelona<\/a>. Up to now, <strong>only it has played 34 minutes in the last four duels in which it has been part of the plantel Galician<\/strong>, in which no has seen him engaged in the defensive appearance, what also has limited his opportunities to play in the diagram of Rafa Ben\u00edtez.<\/p>  <p>In front of this situation, <strong>the possibilities of Carles P\u00e9rez in the Celtic of Vigo seem increasingly remote<\/strong>, since it does not seem that the Madrilenian technician go to change his training 4-4-2, that has succeeded. Besides, the fault of rhythm of game do to foresee that the stage that the one of Granollers in Galicia does not go by good way, unless it occur a significant change in the events.<\/p> ","protected":false},"excerpt":{"rendered":"<p>Carles P\u00e9rez, since leaving FC Barcelona in 2020 in search of more playing opportunities, has not managed to establish himself in First Division football. In his current team, Celta, after a successful first season, his outstanding performances have been conspicuous by his absence in this new campaign Carles P\u00e9rez, after contesting 13 parties with two [&hellip;]<\/p>\n","protected":false},"author":355,"featured_media":70383,"comment_status":"closed","ping_status":"open","sticky":false,"template":"","format":"standard","meta":{"_acf_changed":false,"inline_featured_image":false,"_nextfly_llmd_date_locked":false,"footnotes":""},"categories":[107,453],"tags":[231,71,258],"class_list":["post-70377","post","type-post","status-publish","format-standard","has-post-thumbnail","hentry","category-players","category-players-2","tag-carles-perez","tag-celtic-of-vigo","tag-rafa-benitez"],"acf":[],"yoast_head":"<!-- This site is optimized with the Yoast SEO plugin v27.3 - https:\/\/yoast.com\/product\/yoast-seo-wordpress\/ -->\n<title>Carles P\u00e9rez, from the explosion at Bar\u00e7a to the disappointment at Celta<\/title>\n<meta name=\"description\" content=\"Carles P\u00e9rez, since leaving FC Barcelona in 2020 in search of more playing opportunities, has not managed to establish himself in First Division football. In his current team, Celta, after a successful first season, his outstanding performances have been conspicuous by his absence in this new campaign\" \/>\n<meta name=\"robots\" content=\"index, follow, max-snippet:-1, max-image-preview:large, max-video-preview:-1\" \/>\n<link rel=\"canonical\" href=\"https:\/\/www.fcbarcelonanoticias.com\/en\/players\/carles-perez-from-the-explosion-at-barca-to-the-disappointment-at-celta_296878_102.html\" \/>\n<meta property=\"og:locale\" content=\"en_US\" \/>\n<meta property=\"og:type\" content=\"article\" \/>\n<meta property=\"og:title\" content=\"Carles P\u00e9rez, from the explosion at Bar\u00e7a to the disappointment at Celta\" \/>\n<meta property=\"og:description\" content=\"Carles P\u00e9rez, since leaving FC Barcelona in 2020 in search of more playing opportunities, has not managed to establish himself in First Division football. In his current team, Celta, after a successful first season, his outstanding performances have been conspicuous by his absence in this new campaign\" \/>\n<meta property=\"og:url\" content=\"https:\/\/www.fcbarcelonanoticias.com\/en\/players\/carles-perez-from-the-explosion-at-barca-to-the-disappointment-at-celta_296878_102.html\" \/>\n<meta property=\"og:site_name\" content=\"EN - FC Barcelona Noticias\" \/>\n<meta property=\"article:published_time\" content=\"2023-10-07T23:16:00+00:00\" \/>\n<meta property=\"og:image\" content=\"https:\/\/www.fcbarcelonanoticias.com\/en\/wp-content\/uploads\/sites\/2\/2023\/10\/carles-perez-con-el-celta-de-vigo.png\" \/>\n\t<meta property=\"og:image:width\" content=\"1300\" \/>\n\t<meta property=\"og:image:height\" content=\"732\" \/>\n\t<meta property=\"og:image:type\" content=\"image\/png\" \/>\n<meta name=\"author\" content=\"Kevin G\u00f3mez\" \/>\n<meta name=\"twitter:card\" content=\"summary_large_image\" \/>\n<meta name=\"twitter:label1\" content=\"Written by\" \/>\n\t<meta name=\"twitter:data1\" content=\"Kevin G\u00f3mez\" \/>\n\t<meta name=\"twitter:label2\" content=\"Est. reading time\" \/>\n\t<meta name=\"twitter:data2\" content=\"3 minutes\" \/>\n<script type=\"application\/ld+json\" class=\"yoast-schema-graph\">{\"@context\":\"https:\\\/\\\/schema.org\",\"@graph\":[{\"@type\":\"Article\",\"@id\":\"https:\\\/\\\/www.fcbarcelonanoticias.com\\\/en\\\/players\\\/carles-perez-from-the-explosion-at-barca-to-the-disappointment-at-celta_296878_102.html#article\",\"isPartOf\":{\"@id\":\"https:\\\/\\\/www.fcbarcelonanoticias.com\\\/en\\\/players\\\/carles-perez-from-the-explosion-at-barca-to-the-disappointment-at-celta_296878_102.html\"},\"author\":{\"name\":\"Kevin G\u00f3mez\",\"@id\":\"https:\\\/\\\/www.fcbarcelonanoticias.com\\\/en\\\/#\\\/schema\\\/person\\\/991443f134df9a64c6874f96ff984c9d\"},\"headline\":\"Carles P\u00e9rez, from the explosion at Bar\u00e7a to the disappointment at Celta\",\"datePublished\":\"2023-10-07T23:16:00+00:00\",\"mainEntityOfPage\":{\"@id\":\"https:\\\/\\\/www.fcbarcelonanoticias.com\\\/en\\\/players\\\/carles-perez-from-the-explosion-at-barca-to-the-disappointment-at-celta_296878_102.html\"},\"wordCount\":519,\"image\":{\"@id\":\"https:\\\/\\\/www.fcbarcelonanoticias.com\\\/en\\\/players\\\/carles-perez-from-the-explosion-at-barca-to-the-disappointment-at-celta_296878_102.html#primaryimage\"},\"thumbnailUrl\":\"https:\\\/\\\/www.fcbarcelonanoticias.com\\\/en\\\/wp-content\\\/uploads\\\/sites\\\/2\\\/2023\\\/10\\\/carles-perez-con-el-celta-de-vigo.png\",\"keywords\":[\"Carles P\u00e9rez\",\"Celtic of Vigo\",\"Rafa Ben\u00edtez\"],\"articleSection\":[\"Players\",\"Players\"],\"inLanguage\":\"en-US\"},{\"@type\":\"WebPage\",\"@id\":\"https:\\\/\\\/www.fcbarcelonanoticias.com\\\/en\\\/players\\\/carles-perez-from-the-explosion-at-barca-to-the-disappointment-at-celta_296878_102.html\",\"url\":\"https:\\\/\\\/www.fcbarcelonanoticias.com\\\/en\\\/players\\\/carles-perez-from-the-explosion-at-barca-to-the-disappointment-at-celta_296878_102.html\",\"name\":\"Carles P\u00e9rez, from the explosion at Bar\u00e7a to the disappointment at Celta\",\"isPartOf\":{\"@id\":\"https:\\\/\\\/www.fcbarcelonanoticias.com\\\/en\\\/#website\"},\"primaryImageOfPage\":{\"@id\":\"https:\\\/\\\/www.fcbarcelonanoticias.com\\\/en\\\/players\\\/carles-perez-from-the-explosion-at-barca-to-the-disappointment-at-celta_296878_102.html#primaryimage\"},\"image\":{\"@id\":\"https:\\\/\\\/www.fcbarcelonanoticias.com\\\/en\\\/players\\\/carles-perez-from-the-explosion-at-barca-to-the-disappointment-at-celta_296878_102.html#primaryimage\"},\"thumbnailUrl\":\"https:\\\/\\\/www.fcbarcelonanoticias.com\\\/en\\\/wp-content\\\/uploads\\\/sites\\\/2\\\/2023\\\/10\\\/carles-perez-con-el-celta-de-vigo.png\",\"datePublished\":\"2023-10-07T23:16:00+00:00\",\"author\":{\"@id\":\"https:\\\/\\\/www.fcbarcelonanoticias.com\\\/en\\\/#\\\/schema\\\/person\\\/991443f134df9a64c6874f96ff984c9d\"},\"description\":\"Carles P\u00e9rez, since leaving FC Barcelona in 2020 in search of more playing opportunities, has not managed to establish himself in First Division football. In his current team, Celta, after a successful first season, his outstanding performances have been conspicuous by his absence in this new campaign\",\"breadcrumb\":{\"@id\":\"https:\\\/\\\/www.fcbarcelonanoticias.com\\\/en\\\/players\\\/carles-perez-from-the-explosion-at-barca-to-the-disappointment-at-celta_296878_102.html#breadcrumb\"},\"inLanguage\":\"en-US\",\"potentialAction\":[{\"@type\":\"ReadAction\",\"target\":[\"https:\\\/\\\/www.fcbarcelonanoticias.com\\\/en\\\/players\\\/carles-perez-from-the-explosion-at-barca-to-the-disappointment-at-celta_296878_102.html\"]}]},{\"@type\":\"ImageObject\",\"inLanguage\":\"en-US\",\"@id\":\"https:\\\/\\\/www.fcbarcelonanoticias.com\\\/en\\\/players\\\/carles-perez-from-the-explosion-at-barca-to-the-disappointment-at-celta_296878_102.html#primaryimage\",\"url\":\"https:\\\/\\\/www.fcbarcelonanoticias.com\\\/en\\\/wp-content\\\/uploads\\\/sites\\\/2\\\/2023\\\/10\\\/carles-perez-con-el-celta-de-vigo.png\",\"contentUrl\":\"https:\\\/\\\/www.fcbarcelonanoticias.com\\\/en\\\/wp-content\\\/uploads\\\/sites\\\/2\\\/2023\\\/10\\\/carles-perez-con-el-celta-de-vigo.png\",\"width\":1300,\"height\":732},{\"@type\":\"BreadcrumbList\",\"@id\":\"https:\\\/\\\/www.fcbarcelonanoticias.com\\\/en\\\/players\\\/carles-perez-from-the-explosion-at-barca-to-the-disappointment-at-celta_296878_102.html#breadcrumb\",\"itemListElement\":[{\"@type\":\"ListItem\",\"position\":1,\"name\":\"Portada\",\"item\":\"https:\\\/\\\/www.fcbarcelonanoticias.com\\\/en\\\/\"},{\"@type\":\"ListItem\",\"position\":2,\"name\":\"Carles P\u00e9rez, from the explosion at Bar\u00e7a to the disappointment at Celta\"}]},{\"@type\":\"WebSite\",\"@id\":\"https:\\\/\\\/www.fcbarcelonanoticias.com\\\/en\\\/#website\",\"url\":\"https:\\\/\\\/www.fcbarcelonanoticias.com\\\/en\\\/\",\"name\":\"EN - FC Barcelona Noticias\",\"description\":\"\",\"potentialAction\":[{\"@type\":\"SearchAction\",\"target\":{\"@type\":\"EntryPoint\",\"urlTemplate\":\"https:\\\/\\\/www.fcbarcelonanoticias.com\\\/en\\\/?s={search_term_string}\"},\"query-input\":{\"@type\":\"PropertyValueSpecification\",\"valueRequired\":true,\"valueName\":\"search_term_string\"}}],\"inLanguage\":\"en-US\"},{\"@type\":\"Person\",\"@id\":\"https:\\\/\\\/www.fcbarcelonanoticias.com\\\/en\\\/#\\\/schema\\\/person\\\/991443f134df9a64c6874f96ff984c9d\",\"name\":\"Kevin G\u00f3mez\",\"image\":{\"@type\":\"ImageObject\",\"inLanguage\":\"en-US\",\"@id\":\"https:\\\/\\\/secure.gravatar.com\\\/avatar\\\/?s=96&d=mm&r=g\",\"url\":\"https:\\\/\\\/secure.gravatar.com\\\/avatar\\\/?s=96&d=mm&r=g\",\"contentUrl\":\"https:\\\/\\\/secure.gravatar.com\\\/avatar\\\/?s=96&d=mm&r=g\",\"caption\":\"Kevin G\u00f3mez\"},\"description\":\"Licenciado\u00a0en Periodismo y Comunicaci\u00f3n Audiovisual. Redactor en FCBN responsable de cubrir toda\u00a0la informaci\u00f3n del FC Barcelona y las principales competiciones de\u00a0f\u00fatbol.\",\"url\":\"https:\\\/\\\/www.fcbarcelonanoticias.com\\\/en\\\/jugadores\\\/kevin-gomez_23_115.html\"}]}<\/script>\n<!-- \/ Yoast SEO plugin. -->","yoast_head_json":{"title":"Carles P\u00e9rez, from the explosion at Bar\u00e7a to the disappointment at Celta","description":"Carles P\u00e9rez, since leaving FC Barcelona in 2020 in search of more playing opportunities, has not managed to establish himself in First Division football. In his current team, Celta, after a successful first season, his outstanding performances have been conspicuous by his absence in this new campaign","robots":{"index":"index","follow":"follow","max-snippet":"max-snippet:-1","max-image-preview":"max-image-preview:large","max-video-preview":"max-video-preview:-1"},"canonical":"https:\/\/www.fcbarcelonanoticias.com\/en\/players\/carles-perez-from-the-explosion-at-barca-to-the-disappointment-at-celta_296878_102.html","og_locale":"en_US","og_type":"article","og_title":"Carles P\u00e9rez, from the explosion at Bar\u00e7a to the disappointment at Celta","og_description":"Carles P\u00e9rez, since leaving FC Barcelona in 2020 in search of more playing opportunities, has not managed to establish himself in First Division football. In his current team, Celta, after a successful first season, his outstanding performances have been conspicuous by his absence in this new campaign","og_url":"https:\/\/www.fcbarcelonanoticias.com\/en\/players\/carles-perez-from-the-explosion-at-barca-to-the-disappointment-at-celta_296878_102.html","og_site_name":"EN - FC Barcelona Noticias","article_published_time":"2023-10-07T23:16:00+00:00","og_image":[{"width":1300,"height":732,"url":"https:\/\/www.fcbarcelonanoticias.com\/en\/wp-content\/uploads\/sites\/2\/2023\/10\/carles-perez-con-el-celta-de-vigo.png","type":"image\/png"}],"author":"Kevin G\u00f3mez","twitter_card":"summary_large_image","twitter_misc":{"Written by":"Kevin G\u00f3mez","Est. reading time":"3 minutes"},"schema":{"@context":"https:\/\/schema.org","@graph":[{"@type":"Article","@id":"https:\/\/www.fcbarcelonanoticias.com\/en\/players\/carles-perez-from-the-explosion-at-barca-to-the-disappointment-at-celta_296878_102.html#article","isPartOf":{"@id":"https:\/\/www.fcbarcelonanoticias.com\/en\/players\/carles-perez-from-the-explosion-at-barca-to-the-disappointment-at-celta_296878_102.html"},"author":{"name":"Kevin G\u00f3mez","@id":"https:\/\/www.fcbarcelonanoticias.com\/en\/#\/schema\/person\/991443f134df9a64c6874f96ff984c9d"},"headline":"Carles P\u00e9rez, from the explosion at Bar\u00e7a to the disappointment at Celta","datePublished":"2023-10-07T23:16:00+00:00","mainEntityOfPage":{"@id":"https:\/\/www.fcbarcelonanoticias.com\/en\/players\/carles-perez-from-the-explosion-at-barca-to-the-disappointment-at-celta_296878_102.html"},"wordCount":519,"image":{"@id":"https:\/\/www.fcbarcelonanoticias.com\/en\/players\/carles-perez-from-the-explosion-at-barca-to-the-disappointment-at-celta_296878_102.html#primaryimage"},"thumbnailUrl":"https:\/\/www.fcbarcelonanoticias.com\/en\/wp-content\/uploads\/sites\/2\/2023\/10\/carles-perez-con-el-celta-de-vigo.png","keywords":["Carles P\u00e9rez","Celtic of Vigo","Rafa Ben\u00edtez"],"articleSection":["Players","Players"],"inLanguage":"en-US"},{"@type":"WebPage","@id":"https:\/\/www.fcbarcelonanoticias.com\/en\/players\/carles-perez-from-the-explosion-at-barca-to-the-disappointment-at-celta_296878_102.html","url":"https:\/\/www.fcbarcelonanoticias.com\/en\/players\/carles-perez-from-the-explosion-at-barca-to-the-disappointment-at-celta_296878_102.html","name":"Carles P\u00e9rez, from the explosion at Bar\u00e7a to the disappointment at Celta","isPartOf":{"@id":"https:\/\/www.fcbarcelonanoticias.com\/en\/#website"},"primaryImageOfPage":{"@id":"https:\/\/www.fcbarcelonanoticias.com\/en\/players\/carles-perez-from-the-explosion-at-barca-to-the-disappointment-at-celta_296878_102.html#primaryimage"},"image":{"@id":"https:\/\/www.fcbarcelonanoticias.com\/en\/players\/carles-perez-from-the-explosion-at-barca-to-the-disappointment-at-celta_296878_102.html#primaryimage"},"thumbnailUrl":"https:\/\/www.fcbarcelonanoticias.com\/en\/wp-content\/uploads\/sites\/2\/2023\/10\/carles-perez-con-el-celta-de-vigo.png","datePublished":"2023-10-07T23:16:00+00:00","author":{"@id":"https:\/\/www.fcbarcelonanoticias.com\/en\/#\/schema\/person\/991443f134df9a64c6874f96ff984c9d"},"description":"Carles P\u00e9rez, since leaving FC Barcelona in 2020 in search of more playing opportunities, has not managed to establish himself in First Division football. In his current team, Celta, after a successful first season, his outstanding performances have been conspicuous by his absence in this new campaign","breadcrumb":{"@id":"https:\/\/www.fcbarcelonanoticias.com\/en\/players\/carles-perez-from-the-explosion-at-barca-to-the-disappointment-at-celta_296878_102.html#breadcrumb"},"inLanguage":"en-US","potentialAction":[{"@type":"ReadAction","target":["https:\/\/www.fcbarcelonanoticias.com\/en\/players\/carles-perez-from-the-explosion-at-barca-to-the-disappointment-at-celta_296878_102.html"]}]},{"@type":"ImageObject","inLanguage":"en-US","@id":"https:\/\/www.fcbarcelonanoticias.com\/en\/players\/carles-perez-from-the-explosion-at-barca-to-the-disappointment-at-celta_296878_102.html#primaryimage","url":"https:\/\/www.fcbarcelonanoticias.com\/en\/wp-content\/uploads\/sites\/2\/2023\/10\/carles-perez-con-el-celta-de-vigo.png","contentUrl":"https:\/\/www.fcbarcelonanoticias.com\/en\/wp-content\/uploads\/sites\/2\/2023\/10\/carles-perez-con-el-celta-de-vigo.png","width":1300,"height":732},{"@type":"BreadcrumbList","@id":"https:\/\/www.fcbarcelonanoticias.com\/en\/players\/carles-perez-from-the-explosion-at-barca-to-the-disappointment-at-celta_296878_102.html#breadcrumb","itemListElement":[{"@type":"ListItem","position":1,"name":"Portada","item":"https:\/\/www.fcbarcelonanoticias.com\/en\/"},{"@type":"ListItem","position":2,"name":"Carles P\u00e9rez, from the explosion at Bar\u00e7a to the disappointment at Celta"}]},{"@type":"WebSite","@id":"https:\/\/www.fcbarcelonanoticias.com\/en\/#website","url":"https:\/\/www.fcbarcelonanoticias.com\/en\/","name":"EN - FC Barcelona Noticias","description":"","potentialAction":[{"@type":"SearchAction","target":{"@type":"EntryPoint","urlTemplate":"https:\/\/www.fcbarcelonanoticias.com\/en\/?s={search_term_string}"},"query-input":{"@type":"PropertyValueSpecification","valueRequired":true,"valueName":"search_term_string"}}],"inLanguage":"en-US"},{"@type":"Person","@id":"https:\/\/www.fcbarcelonanoticias.com\/en\/#\/schema\/person\/991443f134df9a64c6874f96ff984c9d","name":"Kevin G\u00f3mez","image":{"@type":"ImageObject","inLanguage":"en-US","@id":"https:\/\/secure.gravatar.com\/avatar\/?s=96&d=mm&r=g","url":"https:\/\/secure.gravatar.com\/avatar\/?s=96&d=mm&r=g","contentUrl":"https:\/\/secure.gravatar.com\/avatar\/?s=96&d=mm&r=g","caption":"Kevin G\u00f3mez"},"description":"Licenciado\u00a0en Periodismo y Comunicaci\u00f3n Audiovisual. Redactor en FCBN responsable de cubrir toda\u00a0la informaci\u00f3n del FC Barcelona y las principales competiciones de\u00a0f\u00fatbol.","url":"https:\/\/www.fcbarcelonanoticias.com\/en\/jugadores\/kevin-gomez_23_115.html"}]}},"_links":{"self":[{"href":"https:\/\/www.fcbarcelonanoticias.com\/en\/wp-json\/wp\/v2\/posts\/70377","targetHints":{"allow":["GET"]}}],"collection":[{"href":"https:\/\/www.fcbarcelonanoticias.com\/en\/wp-json\/wp\/v2\/posts"}],"about":[{"href":"https:\/\/www.fcbarcelonanoticias.com\/en\/wp-json\/wp\/v2\/types\/post"}],"author":[{"embeddable":true,"href":"https:\/\/www.fcbarcelonanoticias.com\/en\/wp-json\/wp\/v2\/users\/355"}],"replies":[{"embeddable":true,"href":"https:\/\/www.fcbarcelonanoticias.com\/en\/wp-json\/wp\/v2\/comments?post=70377"}],"version-history":[{"count":1,"href":"https:\/\/www.fcbarcelonanoticias.com\/en\/wp-json\/wp\/v2\/posts\/70377\/revisions"}],"predecessor-version":[{"id":120537,"href":"https:\/\/www.fcbarcelonanoticias.com\/en\/wp-json\/wp\/v2\/posts\/70377\/revisions\/120537"}],"wp:featuredmedia":[{"embeddable":true,"href":"https:\/\/www.fcbarcelonanoticias.com\/en\/wp-json\/wp\/v2\/media\/70383"}],"wp:attachment":[{"href":"https:\/\/www.fcbarcelonanoticias.com\/en\/wp-json\/wp\/v2\/media?parent=70377"}],"wp:term":[{"taxonomy":"category","embeddable":true,"href":"https:\/\/www.fcbarcelonanoticias.com\/en\/wp-json\/wp\/v2\/categories?post=70377"},{"taxonomy":"post_tag","embeddable":true,"href":"https:\/\/www.fcbarcelonanoticias.com\/en\/wp-json\/wp\/v2\/tags?post=70377"}],"curies":[{"name":"wp","href":"https:\/\/api.w.org\/{rel}","templated":true}]}}