{"id":70768,"date":"2022-03-20T23:38:00","date_gmt":"2022-03-20T22:38:00","guid":{"rendered":"https:\/\/weisetech.dev\/fc-barcelona-noticias\/en\/1-x-1-barcelona-in-his-dance-to-the-madrid-in-the-bernabeu_278716_102\/"},"modified":"2022-03-20T23:53:00","modified_gmt":"2022-03-20T22:53:00","slug":"1-x-1-barcelona-in-his-dance-to-the-madrid-in-the-bernabeu_278716_102","status":"publish","type":"post","link":"https:\/\/www.fcbarcelonanoticias.com\/en\/players\/1-x-1-barcelona-in-his-dance-to-the-madrid-in-the-bernabeu_278716_102.html","title":{"rendered":"Bar\u00e7a&#8217;s 1&#215;1 in his &#8216;dance&#8217; to Madrid at the Bernab\u00e9u"},"content":{"rendered":"<h2 class=\"wp-block-heading\">FC Barcelona &#8216;strolled&#8217; at the Santiago Bernab\u00e9u and showed that it has returned. Xavi Hern\u00e1ndez was fantastic in everything and his players did not disappoint him. Everyone surrendered and completed a huge match<\/h2>  \r\n<div class=\"article-addons\">\r\n    <a href=\"https:\/\/www.fcbarcelonanoticias.com\/en\/calendar-fc-barcelona.html\"\r\n       target=\"_self\"\r\n       title=\"Calendar of FC Barcelona\"\r\n       class=\"blue-gredient-btn\">\r\n       \r\n        Calendar of FC Barcelona    <\/a>\r\n<\/div>   <p><strong>The <a data-external=\"0\" data-intl-links-en=\"https:\/\/www.fcbarcelonanoticias.com\/en\/fc-barcelona\" data-intl-links-es=\"https:\/\/www.fcbarcelonanoticias.com\/fc-barcelona\" href=\"https:\/\/www.fcbarcelonanoticias.com\/en\/football-soccer\/fc-barcelona.html\" rel=\"follow\" target=\"_self\" title=\"FC Barcelona\">FC Barcelona<\/a> graduated by the big door in Santiago Bernab\u00e9u<\/strong> with a historical victory in front of a very toneless Real Madrid. The ones of <strong><a data-external=\"0\" data-intl-links-en=\"https:\/\/www.fcbarcelonanoticias.com\/en\/tags\/xavi-hernandez\" data-intl-links-es=\"https:\/\/www.fcbarcelonanoticias.com\/tags\/xavi-hernandez\" href=\"https:\/\/www.fcbarcelonanoticias.com\/en\/tags\/xavi-hernandez.html\" rel=\"follow\" target=\"_self\" title=\"Xavi Hern\u00e1ndez\">Xavi Hern\u00e1ndez<\/a><\/strong> went tremendously upper to the madridistas from beginning to end and finish showing this superiority in the marker with the 0-4. All the footballers cul\u00e9s surrendered wonderfully and in &#8216;FCBN&#8217; have analysed the performance of all they one to one:<\/p>  <h4>Ter Stegen: Viewer of luxury<\/h4>  <p><strong>The goalkeeper germano did not have too trabaj<\/strong>or and the little that had solved it to perfection. It was a viewer of luxury in the exhibition of his team in the stadium merengue.<\/p>  <h4>Ronald Ara\u00fajo: Wall<\/h4>  <p>The charr\u00faa was the <strong>resource that Xavi used to stop to Vinicius and completed his mission<\/strong> of excellent form. The Brazilian upset him in some occasion, but in the majority of options the Uruguayan knew to stop him. In attack did not contribute at all, but neither did any fault.<\/p>  <h4>Gerard Hammered: Perfecto<\/h4>  <p>The central Catalan lived very calm without Karim Benzema and hardly had work. <strong>It was well to the crossing and by high, and also took out very played the ball<\/strong> from backwards. The leader of the saga barcelonista lived another historical night in the Bernab\u00e9u.<\/p>  <h4>Eric Garc\u00eda: Soberbio<\/h4>  <p>The one of Martorell, duramente criticised in a lot of moments of the season, <strong>completed a perfect meeting in all the facets<\/strong>. It anticipated very well when it had to do it, with the spherical was a midfield player more and definitely graduated &#8216;cum laude&#8217; in one of the most complicated stadiums of the world.<\/p>  <h4>Jordi Alba: Remarkable<\/h4>  <p>The one of Hospitalet did not do his best party, but<strong> was to a remarkable level in Madrid<\/strong>. It did not suffer in defence, with the balloon was well and went up the band when it had to do it.<\/p>  <h4>Busquets: The lighthouse of the Bar\u00e7a<\/h4>  <p><strong>Sergio was impressive in the Bernab\u00e9u<\/strong> and went the lighthouse of his team during all the crash. It stole a lot of balloons in defence, hardly lost balloons, knew to find to his mates and remembered to the best &#8216;Busi&#8217; in a lot of phases of the duel.<\/p>  <h4>Pedri: In his line<\/h4>  <p>The Canarian plays to his 19 years as if had 30 and did not crease in front of rivals of the entity of Luka Modric, Toni Kroos and Casemiro. <strong>It did not shine as much as in other nights, but was sensacional<\/strong> with and without ball and was key so that the Barcelona circulated the spherical with intelligence and speed.<\/p>  <h4>Frenkie Of Jong: Big complement<\/h4>  <p>It was not to a so high level like Busquets and Pedri, but did his work to perfection. It looked for to break lines with his usual desmarques, <strong>moved well between lines, worked a lot and went the complement perfect <\/strong>for the one of Badia and the one of Tegueste.<\/p>  <h4>Ferran Torres: His big night<\/h4>  <p>The Valencian <strong>portrayed to Carvajal in the first part and &#8216;broke&#8217; the party in the second<\/strong>. It marked a golazo and assisted to Aubameyang in the chamber so much of the Bar\u00e7a. Fast, intelligent, &#8216;pele\u00f3n&#8217;&#8230; It was his first big night like Barcelona and expects that only it was the first of many.<\/p>  <h4>Ousmane Demb\u00e9l\u00e9: Pure disequilibrium<\/h4>  <p>The French did a lot damage in the right and was key in the 1-0 of the Barcelona with a big centre after a good driving in front of Nacho. <strong>The Frenchman won him in almost all moment to the white defence<\/strong> and his team knew to take advantage of it at all times.<\/p>  <h4>Aubameyang: The MVP<\/h4>  <p>Pierre-Emerick Aubameyang <strong>was the most decisive player of the picture blaugrana<\/strong>. The gabon\u00e9s followed his idyll with the goal and finish marking the 0-1 and the 0-4 with a big head butt and a sublime &#8216;picadita&#8217; in front of the exit of Courtois. Besides, the forward assisted to Ferran with a genial taconazo. It was a nightmare for the central of the Madrid, especially in the second time and finish exhibiting.<\/p> ","protected":false},"excerpt":{"rendered":"<p>FC Barcelona &#8216;strolled&#8217; at the Santiago Bernab\u00e9u and showed that it has returned. Xavi Hern\u00e1ndez was fantastic in everything and his players did not disappoint him. Everyone surrendered and completed a huge match The FC Barcelona graduated by the big door in Santiago Bernab\u00e9u with a historical victory in front of a very toneless Real [&hellip;]<\/p>\n","protected":false},"author":380,"featured_media":70775,"comment_status":"closed","ping_status":"open","sticky":false,"template":"","format":"standard","meta":{"_acf_changed":false,"inline_featured_image":false,"_nextfly_llmd_date_locked":false,"footnotes":""},"categories":[107,453],"tags":[230,146,53,163,280,166,48],"class_list":["post-70768","post","type-post","status-publish","format-standard","has-post-thumbnail","hentry","category-players","category-players-2","tag-aubameyang","tag-dembele","tag-el-clasico","tag-gerard-pique","tag-jordi-alba","tag-sergio-busquets","tag-xavi-hernandez"],"acf":[],"yoast_head":"<!-- This site is optimized with the Yoast SEO plugin v27.3 - https:\/\/yoast.com\/product\/yoast-seo-wordpress\/ -->\n<title>Bar\u00e7a&#039;s 1x1 in his &#039;dance&#039; to Madrid at the Bernab\u00e9u<\/title>\n<meta name=\"description\" content=\"The FC Barcelona &#039;strolled&#039; in Santiago Bernab\u00e9u and showed that it has gone back. Xavi Hern\u00e1ndez was fantastic in everything and his players did not disappoint him. To...\" \/>\n<meta name=\"robots\" content=\"index, follow, max-snippet:-1, max-image-preview:large, max-video-preview:-1\" \/>\n<link rel=\"canonical\" href=\"https:\/\/www.fcbarcelonanoticias.com\/en\/players\/1-x-1-barcelona-in-his-dance-to-the-madrid-in-the-bernabeu_278716_102.html\" \/>\n<meta property=\"og:locale\" content=\"en_US\" \/>\n<meta property=\"og:type\" content=\"article\" \/>\n<meta property=\"og:title\" content=\"Bar\u00e7a&#039;s 1x1 in his &#039;dance&#039; to Madrid at the Bernab\u00e9u\" \/>\n<meta property=\"og:description\" content=\"The FC Barcelona &#039;strolled&#039; in Santiago Bernab\u00e9u and showed that it has gone back. Xavi Hern\u00e1ndez was fantastic in everything and his players did not disappoint him. To...\" \/>\n<meta property=\"og:url\" content=\"https:\/\/www.fcbarcelonanoticias.com\/en\/players\/1-x-1-barcelona-in-his-dance-to-the-madrid-in-the-bernabeu_278716_102.html\" \/>\n<meta property=\"og:site_name\" content=\"EN - FC Barcelona Noticias\" \/>\n<meta property=\"article:published_time\" content=\"2022-03-20T22:38:00+00:00\" \/>\n<meta property=\"article:modified_time\" content=\"2022-03-20T22:53:00+00:00\" \/>\n<meta property=\"og:image\" content=\"https:\/\/www.fcbarcelonanoticias.com\/en\/wp-content\/uploads\/sites\/2\/2022\/03\/1-x-1-barca-madrid-1.jpeg\" \/>\n\t<meta property=\"og:image:width\" content=\"1300\" \/>\n\t<meta property=\"og:image:height\" content=\"717\" \/>\n\t<meta property=\"og:image:type\" content=\"image\/jpeg\" \/>\n<meta name=\"author\" content=\"user_4036\" \/>\n<meta name=\"twitter:card\" content=\"summary_large_image\" \/>\n<meta name=\"twitter:label1\" content=\"Written by\" \/>\n\t<meta name=\"twitter:data1\" content=\"user_4036\" \/>\n\t<meta name=\"twitter:label2\" content=\"Est. reading time\" \/>\n\t<meta name=\"twitter:data2\" content=\"4 minutes\" \/>\n<script type=\"application\/ld+json\" class=\"yoast-schema-graph\">{\"@context\":\"https:\\\/\\\/schema.org\",\"@graph\":[{\"@type\":\"Article\",\"@id\":\"https:\\\/\\\/www.fcbarcelonanoticias.com\\\/en\\\/players\\\/1-x-1-barcelona-in-his-dance-to-the-madrid-in-the-bernabeu_278716_102.html#article\",\"isPartOf\":{\"@id\":\"https:\\\/\\\/www.fcbarcelonanoticias.com\\\/en\\\/players\\\/1-x-1-barcelona-in-his-dance-to-the-madrid-in-the-bernabeu_278716_102.html\"},\"author\":{\"name\":\"user_4036\",\"@id\":\"https:\\\/\\\/www.fcbarcelonanoticias.com\\\/en\\\/#\\\/schema\\\/person\\\/2c11766f24f3c56715694e077889a703\"},\"headline\":\"Bar\u00e7a&#8217;s 1&#215;1 in his &#8216;dance&#8217; to Madrid at the Bernab\u00e9u\",\"datePublished\":\"2022-03-20T22:38:00+00:00\",\"dateModified\":\"2022-03-20T22:53:00+00:00\",\"mainEntityOfPage\":{\"@id\":\"https:\\\/\\\/www.fcbarcelonanoticias.com\\\/en\\\/players\\\/1-x-1-barcelona-in-his-dance-to-the-madrid-in-the-bernabeu_278716_102.html\"},\"wordCount\":730,\"image\":{\"@id\":\"https:\\\/\\\/www.fcbarcelonanoticias.com\\\/en\\\/players\\\/1-x-1-barcelona-in-his-dance-to-the-madrid-in-the-bernabeu_278716_102.html#primaryimage\"},\"thumbnailUrl\":\"https:\\\/\\\/www.fcbarcelonanoticias.com\\\/en\\\/wp-content\\\/uploads\\\/sites\\\/2\\\/2022\\\/03\\\/1-x-1-barca-madrid-1.jpeg\",\"keywords\":[\"Aubameyang\",\"Demb\u00e9l\u00e9\",\"El Cl\u00e1sico\",\"Gerard Piqu\u00e9\",\"Jordi Alba\",\"Sergio Busquets\",\"Xavi Hern\u00e1ndez\"],\"articleSection\":[\"Players\",\"Players\"],\"inLanguage\":\"en-US\"},{\"@type\":\"WebPage\",\"@id\":\"https:\\\/\\\/www.fcbarcelonanoticias.com\\\/en\\\/players\\\/1-x-1-barcelona-in-his-dance-to-the-madrid-in-the-bernabeu_278716_102.html\",\"url\":\"https:\\\/\\\/www.fcbarcelonanoticias.com\\\/en\\\/players\\\/1-x-1-barcelona-in-his-dance-to-the-madrid-in-the-bernabeu_278716_102.html\",\"name\":\"Bar\u00e7a's 1x1 in his 'dance' to Madrid at the Bernab\u00e9u\",\"isPartOf\":{\"@id\":\"https:\\\/\\\/www.fcbarcelonanoticias.com\\\/en\\\/#website\"},\"primaryImageOfPage\":{\"@id\":\"https:\\\/\\\/www.fcbarcelonanoticias.com\\\/en\\\/players\\\/1-x-1-barcelona-in-his-dance-to-the-madrid-in-the-bernabeu_278716_102.html#primaryimage\"},\"image\":{\"@id\":\"https:\\\/\\\/www.fcbarcelonanoticias.com\\\/en\\\/players\\\/1-x-1-barcelona-in-his-dance-to-the-madrid-in-the-bernabeu_278716_102.html#primaryimage\"},\"thumbnailUrl\":\"https:\\\/\\\/www.fcbarcelonanoticias.com\\\/en\\\/wp-content\\\/uploads\\\/sites\\\/2\\\/2022\\\/03\\\/1-x-1-barca-madrid-1.jpeg\",\"datePublished\":\"2022-03-20T22:38:00+00:00\",\"dateModified\":\"2022-03-20T22:53:00+00:00\",\"author\":{\"@id\":\"https:\\\/\\\/www.fcbarcelonanoticias.com\\\/en\\\/#\\\/schema\\\/person\\\/2c11766f24f3c56715694e077889a703\"},\"description\":\"The FC Barcelona 'strolled' in Santiago Bernab\u00e9u and showed that it has gone back. Xavi Hern\u00e1ndez was fantastic in everything and his players did not disappoint him. To...\",\"breadcrumb\":{\"@id\":\"https:\\\/\\\/www.fcbarcelonanoticias.com\\\/en\\\/players\\\/1-x-1-barcelona-in-his-dance-to-the-madrid-in-the-bernabeu_278716_102.html#breadcrumb\"},\"inLanguage\":\"en-US\",\"potentialAction\":[{\"@type\":\"ReadAction\",\"target\":[\"https:\\\/\\\/www.fcbarcelonanoticias.com\\\/en\\\/players\\\/1-x-1-barcelona-in-his-dance-to-the-madrid-in-the-bernabeu_278716_102.html\"]}]},{\"@type\":\"ImageObject\",\"inLanguage\":\"en-US\",\"@id\":\"https:\\\/\\\/www.fcbarcelonanoticias.com\\\/en\\\/players\\\/1-x-1-barcelona-in-his-dance-to-the-madrid-in-the-bernabeu_278716_102.html#primaryimage\",\"url\":\"https:\\\/\\\/www.fcbarcelonanoticias.com\\\/en\\\/wp-content\\\/uploads\\\/sites\\\/2\\\/2022\\\/03\\\/1-x-1-barca-madrid-1.jpeg\",\"contentUrl\":\"https:\\\/\\\/www.fcbarcelonanoticias.com\\\/en\\\/wp-content\\\/uploads\\\/sites\\\/2\\\/2022\\\/03\\\/1-x-1-barca-madrid-1.jpeg\",\"width\":1300,\"height\":717},{\"@type\":\"BreadcrumbList\",\"@id\":\"https:\\\/\\\/www.fcbarcelonanoticias.com\\\/en\\\/players\\\/1-x-1-barcelona-in-his-dance-to-the-madrid-in-the-bernabeu_278716_102.html#breadcrumb\",\"itemListElement\":[{\"@type\":\"ListItem\",\"position\":1,\"name\":\"Portada\",\"item\":\"https:\\\/\\\/www.fcbarcelonanoticias.com\\\/en\\\/\"},{\"@type\":\"ListItem\",\"position\":2,\"name\":\"Bar\u00e7a&#8217;s 1&#215;1 in his &#8216;dance&#8217; to Madrid at the Bernab\u00e9u\"}]},{\"@type\":\"WebSite\",\"@id\":\"https:\\\/\\\/www.fcbarcelonanoticias.com\\\/en\\\/#website\",\"url\":\"https:\\\/\\\/www.fcbarcelonanoticias.com\\\/en\\\/\",\"name\":\"EN - FC Barcelona Noticias\",\"description\":\"\",\"potentialAction\":[{\"@type\":\"SearchAction\",\"target\":{\"@type\":\"EntryPoint\",\"urlTemplate\":\"https:\\\/\\\/www.fcbarcelonanoticias.com\\\/en\\\/?s={search_term_string}\"},\"query-input\":{\"@type\":\"PropertyValueSpecification\",\"valueRequired\":true,\"valueName\":\"search_term_string\"}}],\"inLanguage\":\"en-US\"},{\"@type\":\"Person\",\"@id\":\"https:\\\/\\\/www.fcbarcelonanoticias.com\\\/en\\\/#\\\/schema\\\/person\\\/2c11766f24f3c56715694e077889a703\",\"name\":\"user_4036\",\"image\":{\"@type\":\"ImageObject\",\"inLanguage\":\"en-US\",\"@id\":\"https:\\\/\\\/secure.gravatar.com\\\/avatar\\\/?s=96&d=mm&r=g\",\"url\":\"https:\\\/\\\/secure.gravatar.com\\\/avatar\\\/?s=96&d=mm&r=g\",\"contentUrl\":\"https:\\\/\\\/secure.gravatar.com\\\/avatar\\\/?s=96&d=mm&r=g\",\"caption\":\"user_4036\"},\"url\":\"https:\\\/\\\/www.fcbarcelonanoticias.com\\\/en\\\/user_4036.html\"}]}<\/script>\n<!-- \/ Yoast SEO plugin. -->","yoast_head_json":{"title":"Bar\u00e7a's 1x1 in his 'dance' to Madrid at the Bernab\u00e9u","description":"The FC Barcelona 'strolled' in Santiago Bernab\u00e9u and showed that it has gone back. Xavi Hern\u00e1ndez was fantastic in everything and his players did not disappoint him. To...","robots":{"index":"index","follow":"follow","max-snippet":"max-snippet:-1","max-image-preview":"max-image-preview:large","max-video-preview":"max-video-preview:-1"},"canonical":"https:\/\/www.fcbarcelonanoticias.com\/en\/players\/1-x-1-barcelona-in-his-dance-to-the-madrid-in-the-bernabeu_278716_102.html","og_locale":"en_US","og_type":"article","og_title":"Bar\u00e7a's 1x1 in his 'dance' to Madrid at the Bernab\u00e9u","og_description":"The FC Barcelona 'strolled' in Santiago Bernab\u00e9u and showed that it has gone back. Xavi Hern\u00e1ndez was fantastic in everything and his players did not disappoint him. To...","og_url":"https:\/\/www.fcbarcelonanoticias.com\/en\/players\/1-x-1-barcelona-in-his-dance-to-the-madrid-in-the-bernabeu_278716_102.html","og_site_name":"EN - FC Barcelona Noticias","article_published_time":"2022-03-20T22:38:00+00:00","article_modified_time":"2022-03-20T22:53:00+00:00","og_image":[{"width":1300,"height":717,"url":"https:\/\/www.fcbarcelonanoticias.com\/en\/wp-content\/uploads\/sites\/2\/2022\/03\/1-x-1-barca-madrid-1.jpeg","type":"image\/jpeg"}],"author":"user_4036","twitter_card":"summary_large_image","twitter_misc":{"Written by":"user_4036","Est. reading time":"4 minutes"},"schema":{"@context":"https:\/\/schema.org","@graph":[{"@type":"Article","@id":"https:\/\/www.fcbarcelonanoticias.com\/en\/players\/1-x-1-barcelona-in-his-dance-to-the-madrid-in-the-bernabeu_278716_102.html#article","isPartOf":{"@id":"https:\/\/www.fcbarcelonanoticias.com\/en\/players\/1-x-1-barcelona-in-his-dance-to-the-madrid-in-the-bernabeu_278716_102.html"},"author":{"name":"user_4036","@id":"https:\/\/www.fcbarcelonanoticias.com\/en\/#\/schema\/person\/2c11766f24f3c56715694e077889a703"},"headline":"Bar\u00e7a&#8217;s 1&#215;1 in his &#8216;dance&#8217; to Madrid at the Bernab\u00e9u","datePublished":"2022-03-20T22:38:00+00:00","dateModified":"2022-03-20T22:53:00+00:00","mainEntityOfPage":{"@id":"https:\/\/www.fcbarcelonanoticias.com\/en\/players\/1-x-1-barcelona-in-his-dance-to-the-madrid-in-the-bernabeu_278716_102.html"},"wordCount":730,"image":{"@id":"https:\/\/www.fcbarcelonanoticias.com\/en\/players\/1-x-1-barcelona-in-his-dance-to-the-madrid-in-the-bernabeu_278716_102.html#primaryimage"},"thumbnailUrl":"https:\/\/www.fcbarcelonanoticias.com\/en\/wp-content\/uploads\/sites\/2\/2022\/03\/1-x-1-barca-madrid-1.jpeg","keywords":["Aubameyang","Demb\u00e9l\u00e9","El Cl\u00e1sico","Gerard Piqu\u00e9","Jordi Alba","Sergio Busquets","Xavi Hern\u00e1ndez"],"articleSection":["Players","Players"],"inLanguage":"en-US"},{"@type":"WebPage","@id":"https:\/\/www.fcbarcelonanoticias.com\/en\/players\/1-x-1-barcelona-in-his-dance-to-the-madrid-in-the-bernabeu_278716_102.html","url":"https:\/\/www.fcbarcelonanoticias.com\/en\/players\/1-x-1-barcelona-in-his-dance-to-the-madrid-in-the-bernabeu_278716_102.html","name":"Bar\u00e7a's 1x1 in his 'dance' to Madrid at the Bernab\u00e9u","isPartOf":{"@id":"https:\/\/www.fcbarcelonanoticias.com\/en\/#website"},"primaryImageOfPage":{"@id":"https:\/\/www.fcbarcelonanoticias.com\/en\/players\/1-x-1-barcelona-in-his-dance-to-the-madrid-in-the-bernabeu_278716_102.html#primaryimage"},"image":{"@id":"https:\/\/www.fcbarcelonanoticias.com\/en\/players\/1-x-1-barcelona-in-his-dance-to-the-madrid-in-the-bernabeu_278716_102.html#primaryimage"},"thumbnailUrl":"https:\/\/www.fcbarcelonanoticias.com\/en\/wp-content\/uploads\/sites\/2\/2022\/03\/1-x-1-barca-madrid-1.jpeg","datePublished":"2022-03-20T22:38:00+00:00","dateModified":"2022-03-20T22:53:00+00:00","author":{"@id":"https:\/\/www.fcbarcelonanoticias.com\/en\/#\/schema\/person\/2c11766f24f3c56715694e077889a703"},"description":"The FC Barcelona 'strolled' in Santiago Bernab\u00e9u and showed that it has gone back. Xavi Hern\u00e1ndez was fantastic in everything and his players did not disappoint him. To...","breadcrumb":{"@id":"https:\/\/www.fcbarcelonanoticias.com\/en\/players\/1-x-1-barcelona-in-his-dance-to-the-madrid-in-the-bernabeu_278716_102.html#breadcrumb"},"inLanguage":"en-US","potentialAction":[{"@type":"ReadAction","target":["https:\/\/www.fcbarcelonanoticias.com\/en\/players\/1-x-1-barcelona-in-his-dance-to-the-madrid-in-the-bernabeu_278716_102.html"]}]},{"@type":"ImageObject","inLanguage":"en-US","@id":"https:\/\/www.fcbarcelonanoticias.com\/en\/players\/1-x-1-barcelona-in-his-dance-to-the-madrid-in-the-bernabeu_278716_102.html#primaryimage","url":"https:\/\/www.fcbarcelonanoticias.com\/en\/wp-content\/uploads\/sites\/2\/2022\/03\/1-x-1-barca-madrid-1.jpeg","contentUrl":"https:\/\/www.fcbarcelonanoticias.com\/en\/wp-content\/uploads\/sites\/2\/2022\/03\/1-x-1-barca-madrid-1.jpeg","width":1300,"height":717},{"@type":"BreadcrumbList","@id":"https:\/\/www.fcbarcelonanoticias.com\/en\/players\/1-x-1-barcelona-in-his-dance-to-the-madrid-in-the-bernabeu_278716_102.html#breadcrumb","itemListElement":[{"@type":"ListItem","position":1,"name":"Portada","item":"https:\/\/www.fcbarcelonanoticias.com\/en\/"},{"@type":"ListItem","position":2,"name":"Bar\u00e7a&#8217;s 1&#215;1 in his &#8216;dance&#8217; to Madrid at the Bernab\u00e9u"}]},{"@type":"WebSite","@id":"https:\/\/www.fcbarcelonanoticias.com\/en\/#website","url":"https:\/\/www.fcbarcelonanoticias.com\/en\/","name":"EN - FC Barcelona Noticias","description":"","potentialAction":[{"@type":"SearchAction","target":{"@type":"EntryPoint","urlTemplate":"https:\/\/www.fcbarcelonanoticias.com\/en\/?s={search_term_string}"},"query-input":{"@type":"PropertyValueSpecification","valueRequired":true,"valueName":"search_term_string"}}],"inLanguage":"en-US"},{"@type":"Person","@id":"https:\/\/www.fcbarcelonanoticias.com\/en\/#\/schema\/person\/2c11766f24f3c56715694e077889a703","name":"user_4036","image":{"@type":"ImageObject","inLanguage":"en-US","@id":"https:\/\/secure.gravatar.com\/avatar\/?s=96&d=mm&r=g","url":"https:\/\/secure.gravatar.com\/avatar\/?s=96&d=mm&r=g","contentUrl":"https:\/\/secure.gravatar.com\/avatar\/?s=96&d=mm&r=g","caption":"user_4036"},"url":"https:\/\/www.fcbarcelonanoticias.com\/en\/user_4036.html"}]}},"_links":{"self":[{"href":"https:\/\/www.fcbarcelonanoticias.com\/en\/wp-json\/wp\/v2\/posts\/70768","targetHints":{"allow":["GET"]}}],"collection":[{"href":"https:\/\/www.fcbarcelonanoticias.com\/en\/wp-json\/wp\/v2\/posts"}],"about":[{"href":"https:\/\/www.fcbarcelonanoticias.com\/en\/wp-json\/wp\/v2\/types\/post"}],"author":[{"embeddable":true,"href":"https:\/\/www.fcbarcelonanoticias.com\/en\/wp-json\/wp\/v2\/users\/380"}],"replies":[{"embeddable":true,"href":"https:\/\/www.fcbarcelonanoticias.com\/en\/wp-json\/wp\/v2\/comments?post=70768"}],"version-history":[{"count":1,"href":"https:\/\/www.fcbarcelonanoticias.com\/en\/wp-json\/wp\/v2\/posts\/70768\/revisions"}],"predecessor-version":[{"id":70769,"href":"https:\/\/www.fcbarcelonanoticias.com\/en\/wp-json\/wp\/v2\/posts\/70768\/revisions\/70769"}],"wp:featuredmedia":[{"embeddable":true,"href":"https:\/\/www.fcbarcelonanoticias.com\/en\/wp-json\/wp\/v2\/media\/70775"}],"wp:attachment":[{"href":"https:\/\/www.fcbarcelonanoticias.com\/en\/wp-json\/wp\/v2\/media?parent=70768"}],"wp:term":[{"taxonomy":"category","embeddable":true,"href":"https:\/\/www.fcbarcelonanoticias.com\/en\/wp-json\/wp\/v2\/categories?post=70768"},{"taxonomy":"post_tag","embeddable":true,"href":"https:\/\/www.fcbarcelonanoticias.com\/en\/wp-json\/wp\/v2\/tags?post=70768"}],"curies":[{"name":"wp","href":"https:\/\/api.w.org\/{rel}","templated":true}]}}