{"id":70774,"date":"2019-08-25T16:57:00","date_gmt":"2019-08-25T14:57:00","guid":{"rendered":"https:\/\/weisetech.dev\/fc-barcelona-noticias\/en\/1x1-jugadores-barcelona-getafe_251908_102\/"},"modified":"2026-04-07T09:53:52","modified_gmt":"2026-04-07T07:53:52","slug":"affectionate-message-victor-valdes-for-ansu-fati-being-called-first-team_251039_102","status":"publish","type":"post","link":"https:\/\/www.fcbarcelonanoticias.com\/en\/players\/affectionate-message-victor-valdes-for-ansu-fati-being-called-first-team_251039_102.html","title":{"rendered":"The affectionate message of V\u00edctor Vald\u00e9s for Ansu Fati after being called to the first team"},"content":{"rendered":"<h2 class=\"wp-block-heading\">With only 16 years, Ansu Fati debuted this weekend in a Bar\u00e7a&#8217;s first team list, and his coach, V\u00edctor Vald\u00e9s, send him an affectionate message. The manager gave him the keys to triumph in the Camp Nou<\/h2>  \r\n<div class=\"article-addons\">\r\n    <a href=\"https:\/\/www.fcbarcelonanoticias.com\/en\/calendar-fc-barcelona.html\"\r\n       target=\"_self\"\r\n       title=\"Calendar of FC Barcelona\"\r\n       class=\"blue-gredient-btn\">\r\n       \r\n        Calendar of FC Barcelona    <\/a>\r\n<\/div>   <p><strong>The FC Barcelona started the weekend in search of his first victory in <a data-external=\"0\" data-intl-links-en=\"https:\/\/www.fcbarcelonanoticias.com\/en\/laliga\" data-intl-links-es=\"https:\/\/www.fcbarcelonanoticias.com\/laliga\" href=\"https:\/\/www.fcbarcelonanoticias.com\/en\/football-soccer\/laliga.html\" rel=\"follow\" target=\"_self\" title=\"LaLiga\">LaLiga<\/a> 2019-20, and did it with some novelties<\/strong>. The Catalans prepared the duel in front of the Real Betis without the lesionados Luis Su\u00e1rez and Ousmane Demb\u00e9l\u00e9, and also without Leo Messi that aimed to reappear against the verdiblancos but finally was not between the selected by Ernesto Valverde.<\/p>  <p>The absence of the Argentinian was not the only surprise of the Saturday, since<strong> <a data-external=\"0\" data-intl-links-en=\"https:\/\/www.fcbarcelonanoticias.com\/en\/players\/the-surprising-announcement-of-ansu-fati-against-the-betis_251027_102.html\" data-intl-links-es=\"https:\/\/www.fcbarcelonanoticias.com\/jugadores\/sorprendente-convocatoria-ansu-fati-contra-betis_251027_102.html\" href=\"https:\/\/www.fcbarcelonanoticias.com\/en\/players\/the-surprising-announcement-of-ansu-fati-against-the-betis_251027_102.html\" rel=\"follow\" target=\"_self\" title=\"La sorprendente convocatoria de Ansu Fati contra el Betis\">in the list of summoned of the first team appeared also Ansu Fati<\/a><\/strong>. The forward of 16 years carried some days training with the &#8216;greater&#8217; and seems that in this time convinced to the extreme\u00f1o, that in front of the plague of drops that azota the front of attack opted for giving him an opportunity.<\/p>  <p>After doing official the relation of footballers called by the Txingurri, began the c\u00e1balas in the City Condal, since <strong>the youngster could turn into the second debutante younger of the history of the club<\/strong>. With three points at stake and the requirement that imposed the defeat of the first day was complicated to think in that had minutes, but in any case, the councils arrived him very soon.<\/p>  <p><strong>And one of the first in pronouncing was a technician that knows him well, V\u00edctor Vald\u00e9s <\/strong>that it has him to his orders in the Juvenile To. The one of L&#8217;Hospitalet de Llobregat returned to the entity barcelonista and has one of the greater perlas of the Masia, to which devoted an affectionate message in which it expressed him his confidence and gave him the keys to triumph in the Estadi.<\/p>  <p>&#8220;I wish you all the best in this so special day, <strong>thinks that after all only is football and goal! It enjoys of the Camp Nou small, that of well sure, if you debut, will carry you in volandas<\/strong>. Always strong and swift, ANSU!&#8221;, it wrote the ex guardameta in the social networks beside a photography of his pupilo. The fans is loved with the irruption of the young talents of the house, and the trainer recommended him that it relaxed and did what better knows to do, play to football.<\/p>  <h3>The youngsters conquer the forward of the Bar\u00e7a<\/h3>  <p><strong>The incorporation of the <a data-external=\"0\" data-intl-links-en=\"https:\/\/www.fcbarcelonanoticias.com\/en\/players\" data-intl-links-es=\"https:\/\/www.fcbarcelonanoticias.com\/jugadores\" href=\"https:\/\/www.fcbarcelonanoticias.com\/en\/players.html\" rel=\"follow\" target=\"_self\" title=\"Jugadores\">young<\/a> players to the forward of the Bar\u00e7a could last some weeks more, since there will be recoveries to within of<\/strong>a time . Leo Messi is the one who would be more near to receive the high, but for the moment imposes the caution to avoid relapses inorportunas. To Luis Su\u00e1rez and Ousmane Demb\u00e9l\u00e9 will carry them something more, since the Uruguayan could return in two or three weeks and the French invest between five and six.<\/p> ","protected":false},"excerpt":{"rendered":"<p>With only 16 years, Ansu Fati debuted this weekend in a Bar\u00e7a&#8217;s first team list, and his coach, V\u00edctor Vald\u00e9s, send him an affectionate message. The manager gave him the keys to triumph in the Camp Nou The FC Barcelona started the weekend in search of his first victory in LaLiga 2019-20, and did it [&hellip;]<\/p>\n","protected":false},"author":371,"featured_media":36905,"comment_status":"closed","ping_status":"open","sticky":false,"template":"","format":"standard","meta":{"_acf_changed":false,"inline_featured_image":false,"_nextfly_llmd_date_locked":false,"footnotes":""},"categories":[107,453],"tags":[181],"class_list":["post-70774","post","type-post","status-publish","format-standard","has-post-thumbnail","hentry","category-players","category-players-2","tag-the-masia"],"acf":[],"yoast_head":"<!-- This site is optimized with the Yoast SEO plugin v27.3 - https:\/\/yoast.com\/product\/yoast-seo-wordpress\/ -->\n<title>The affectionate message of V\u00edctor Vald\u00e9s for Ansu Fati after being called to the first team<\/title>\n<meta name=\"description\" content=\"To his 16 years, Ansu Fati premi\u00e8red this weekend in an announcement of the first team of the Bar\u00e7a, and his trainer, V\u00edctor Vald\u00e9s, devoted him an affectionate...\" \/>\n<meta name=\"robots\" content=\"index, follow, max-snippet:-1, max-image-preview:large, max-video-preview:-1\" \/>\n<link rel=\"canonical\" href=\"https:\/\/www.fcbarcelonanoticias.com\/en\/players\/affectionate-message-victor-valdes-for-ansu-fati-being-called-first-team_251039_102.html\" \/>\n<meta property=\"og:locale\" content=\"en_US\" \/>\n<meta property=\"og:type\" content=\"article\" \/>\n<meta property=\"og:title\" content=\"The affectionate message of V\u00edctor Vald\u00e9s for Ansu Fati after being called to the first team\" \/>\n<meta property=\"og:description\" content=\"To his 16 years, Ansu Fati premi\u00e8red this weekend in an announcement of the first team of the Bar\u00e7a, and his trainer, V\u00edctor Vald\u00e9s, devoted him an affectionate...\" \/>\n<meta property=\"og:url\" content=\"https:\/\/www.fcbarcelonanoticias.com\/en\/players\/affectionate-message-victor-valdes-for-ansu-fati-being-called-first-team_251039_102.html\" \/>\n<meta property=\"og:site_name\" content=\"EN - FC Barcelona Noticias\" \/>\n<meta property=\"article:published_time\" content=\"2019-08-25T14:57:00+00:00\" \/>\n<meta property=\"article:modified_time\" content=\"2026-04-07T07:53:52+00:00\" \/>\n<meta property=\"og:image\" content=\"https:\/\/www.fcbarcelonanoticias.com\/en\/wp-content\/uploads\/sites\/2\/2021\/03\/victorvaldes-barcelona2.jpeg\" \/>\n\t<meta property=\"og:image:width\" content=\"1200\" \/>\n\t<meta property=\"og:image:height\" content=\"675\" \/>\n\t<meta property=\"og:image:type\" content=\"image\/jpeg\" \/>\n<meta name=\"author\" content=\"Javier De Gea\" \/>\n<meta name=\"twitter:card\" content=\"summary_large_image\" \/>\n<meta name=\"twitter:label1\" content=\"Written by\" \/>\n\t<meta name=\"twitter:data1\" content=\"Javier De Gea\" \/>\n\t<meta name=\"twitter:label2\" content=\"Est. reading time\" \/>\n\t<meta name=\"twitter:data2\" content=\"3 minutes\" \/>\n<script type=\"application\/ld+json\" class=\"yoast-schema-graph\">{\"@context\":\"https:\\\/\\\/schema.org\",\"@graph\":[{\"@type\":\"Article\",\"@id\":\"https:\\\/\\\/www.fcbarcelonanoticias.com\\\/en\\\/players\\\/affectionate-message-victor-valdes-for-ansu-fati-being-called-first-team_251039_102.html#article\",\"isPartOf\":{\"@id\":\"https:\\\/\\\/www.fcbarcelonanoticias.com\\\/en\\\/players\\\/affectionate-message-victor-valdes-for-ansu-fati-being-called-first-team_251039_102.html\"},\"author\":{\"name\":\"Javier De Gea\",\"@id\":\"https:\\\/\\\/www.fcbarcelonanoticias.com\\\/en\\\/#\\\/schema\\\/person\\\/5b6c197c1a6ac109f0f4331ae71f3528\"},\"headline\":\"The affectionate message of V\u00edctor Vald\u00e9s for Ansu Fati after being called to the first team\",\"datePublished\":\"2019-08-25T14:57:00+00:00\",\"dateModified\":\"2026-04-07T07:53:52+00:00\",\"mainEntityOfPage\":{\"@id\":\"https:\\\/\\\/www.fcbarcelonanoticias.com\\\/en\\\/players\\\/affectionate-message-victor-valdes-for-ansu-fati-being-called-first-team_251039_102.html\"},\"wordCount\":517,\"image\":{\"@id\":\"https:\\\/\\\/www.fcbarcelonanoticias.com\\\/en\\\/players\\\/affectionate-message-victor-valdes-for-ansu-fati-being-called-first-team_251039_102.html#primaryimage\"},\"thumbnailUrl\":\"https:\\\/\\\/www.fcbarcelonanoticias.com\\\/en\\\/wp-content\\\/uploads\\\/sites\\\/2\\\/2021\\\/03\\\/victorvaldes-barcelona2.jpeg\",\"keywords\":[\"The Masia\"],\"articleSection\":[\"Players\",\"Players\"],\"inLanguage\":\"en-US\"},{\"@type\":\"WebPage\",\"@id\":\"https:\\\/\\\/www.fcbarcelonanoticias.com\\\/en\\\/players\\\/affectionate-message-victor-valdes-for-ansu-fati-being-called-first-team_251039_102.html\",\"url\":\"https:\\\/\\\/www.fcbarcelonanoticias.com\\\/en\\\/players\\\/affectionate-message-victor-valdes-for-ansu-fati-being-called-first-team_251039_102.html\",\"name\":\"The affectionate message of V\u00edctor Vald\u00e9s for Ansu Fati after being called to the first team\",\"isPartOf\":{\"@id\":\"https:\\\/\\\/www.fcbarcelonanoticias.com\\\/en\\\/#website\"},\"primaryImageOfPage\":{\"@id\":\"https:\\\/\\\/www.fcbarcelonanoticias.com\\\/en\\\/players\\\/affectionate-message-victor-valdes-for-ansu-fati-being-called-first-team_251039_102.html#primaryimage\"},\"image\":{\"@id\":\"https:\\\/\\\/www.fcbarcelonanoticias.com\\\/en\\\/players\\\/affectionate-message-victor-valdes-for-ansu-fati-being-called-first-team_251039_102.html#primaryimage\"},\"thumbnailUrl\":\"https:\\\/\\\/www.fcbarcelonanoticias.com\\\/en\\\/wp-content\\\/uploads\\\/sites\\\/2\\\/2021\\\/03\\\/victorvaldes-barcelona2.jpeg\",\"datePublished\":\"2019-08-25T14:57:00+00:00\",\"dateModified\":\"2026-04-07T07:53:52+00:00\",\"author\":{\"@id\":\"https:\\\/\\\/www.fcbarcelonanoticias.com\\\/en\\\/#\\\/schema\\\/person\\\/5b6c197c1a6ac109f0f4331ae71f3528\"},\"description\":\"To his 16 years, Ansu Fati premi\u00e8red this weekend in an announcement of the first team of the Bar\u00e7a, and his trainer, V\u00edctor Vald\u00e9s, devoted him an affectionate...\",\"breadcrumb\":{\"@id\":\"https:\\\/\\\/www.fcbarcelonanoticias.com\\\/en\\\/players\\\/affectionate-message-victor-valdes-for-ansu-fati-being-called-first-team_251039_102.html#breadcrumb\"},\"inLanguage\":\"en-US\",\"potentialAction\":[{\"@type\":\"ReadAction\",\"target\":[\"https:\\\/\\\/www.fcbarcelonanoticias.com\\\/en\\\/players\\\/affectionate-message-victor-valdes-for-ansu-fati-being-called-first-team_251039_102.html\"]}]},{\"@type\":\"ImageObject\",\"inLanguage\":\"en-US\",\"@id\":\"https:\\\/\\\/www.fcbarcelonanoticias.com\\\/en\\\/players\\\/affectionate-message-victor-valdes-for-ansu-fati-being-called-first-team_251039_102.html#primaryimage\",\"url\":\"https:\\\/\\\/www.fcbarcelonanoticias.com\\\/en\\\/wp-content\\\/uploads\\\/sites\\\/2\\\/2021\\\/03\\\/victorvaldes-barcelona2.jpeg\",\"contentUrl\":\"https:\\\/\\\/www.fcbarcelonanoticias.com\\\/en\\\/wp-content\\\/uploads\\\/sites\\\/2\\\/2021\\\/03\\\/victorvaldes-barcelona2.jpeg\",\"width\":1200,\"height\":675},{\"@type\":\"BreadcrumbList\",\"@id\":\"https:\\\/\\\/www.fcbarcelonanoticias.com\\\/en\\\/players\\\/affectionate-message-victor-valdes-for-ansu-fati-being-called-first-team_251039_102.html#breadcrumb\",\"itemListElement\":[{\"@type\":\"ListItem\",\"position\":1,\"name\":\"Portada\",\"item\":\"https:\\\/\\\/www.fcbarcelonanoticias.com\\\/en\\\/\"},{\"@type\":\"ListItem\",\"position\":2,\"name\":\"The affectionate message of V\u00edctor Vald\u00e9s for Ansu Fati after being called to the first team\"}]},{\"@type\":\"WebSite\",\"@id\":\"https:\\\/\\\/www.fcbarcelonanoticias.com\\\/en\\\/#website\",\"url\":\"https:\\\/\\\/www.fcbarcelonanoticias.com\\\/en\\\/\",\"name\":\"EN - FC Barcelona Noticias\",\"description\":\"\",\"potentialAction\":[{\"@type\":\"SearchAction\",\"target\":{\"@type\":\"EntryPoint\",\"urlTemplate\":\"https:\\\/\\\/www.fcbarcelonanoticias.com\\\/en\\\/?s={search_term_string}\"},\"query-input\":{\"@type\":\"PropertyValueSpecification\",\"valueRequired\":true,\"valueName\":\"search_term_string\"}}],\"inLanguage\":\"en-US\"},{\"@type\":\"Person\",\"@id\":\"https:\\\/\\\/www.fcbarcelonanoticias.com\\\/en\\\/#\\\/schema\\\/person\\\/5b6c197c1a6ac109f0f4331ae71f3528\",\"name\":\"Javier De Gea\",\"image\":{\"@type\":\"ImageObject\",\"inLanguage\":\"en-US\",\"@id\":\"https:\\\/\\\/secure.gravatar.com\\\/avatar\\\/8f3cc93e8dc14c2e2cf6f487ae1603bc78b95ec71130b4dbe516a96ea8a22160?s=96&d=mm&r=g\",\"url\":\"https:\\\/\\\/secure.gravatar.com\\\/avatar\\\/8f3cc93e8dc14c2e2cf6f487ae1603bc78b95ec71130b4dbe516a96ea8a22160?s=96&d=mm&r=g\",\"contentUrl\":\"https:\\\/\\\/secure.gravatar.com\\\/avatar\\\/8f3cc93e8dc14c2e2cf6f487ae1603bc78b95ec71130b4dbe516a96ea8a22160?s=96&d=mm&r=g\",\"caption\":\"Javier De Gea\"},\"url\":\"https:\\\/\\\/www.fcbarcelonanoticias.com\\\/en\\\/javier-de-gea_4_115.html\"}]}<\/script>\n<!-- \/ Yoast SEO plugin. -->","yoast_head_json":{"title":"The affectionate message of V\u00edctor Vald\u00e9s for Ansu Fati after being called to the first team","description":"To his 16 years, Ansu Fati premi\u00e8red this weekend in an announcement of the first team of the Bar\u00e7a, and his trainer, V\u00edctor Vald\u00e9s, devoted him an affectionate...","robots":{"index":"index","follow":"follow","max-snippet":"max-snippet:-1","max-image-preview":"max-image-preview:large","max-video-preview":"max-video-preview:-1"},"canonical":"https:\/\/www.fcbarcelonanoticias.com\/en\/players\/affectionate-message-victor-valdes-for-ansu-fati-being-called-first-team_251039_102.html","og_locale":"en_US","og_type":"article","og_title":"The affectionate message of V\u00edctor Vald\u00e9s for Ansu Fati after being called to the first team","og_description":"To his 16 years, Ansu Fati premi\u00e8red this weekend in an announcement of the first team of the Bar\u00e7a, and his trainer, V\u00edctor Vald\u00e9s, devoted him an affectionate...","og_url":"https:\/\/www.fcbarcelonanoticias.com\/en\/players\/affectionate-message-victor-valdes-for-ansu-fati-being-called-first-team_251039_102.html","og_site_name":"EN - FC Barcelona Noticias","article_published_time":"2019-08-25T14:57:00+00:00","article_modified_time":"2026-04-07T07:53:52+00:00","og_image":[{"width":1200,"height":675,"url":"https:\/\/www.fcbarcelonanoticias.com\/en\/wp-content\/uploads\/sites\/2\/2021\/03\/victorvaldes-barcelona2.jpeg","type":"image\/jpeg"}],"author":"Javier De Gea","twitter_card":"summary_large_image","twitter_misc":{"Written by":"Javier De Gea","Est. reading time":"3 minutes"},"schema":{"@context":"https:\/\/schema.org","@graph":[{"@type":"Article","@id":"https:\/\/www.fcbarcelonanoticias.com\/en\/players\/affectionate-message-victor-valdes-for-ansu-fati-being-called-first-team_251039_102.html#article","isPartOf":{"@id":"https:\/\/www.fcbarcelonanoticias.com\/en\/players\/affectionate-message-victor-valdes-for-ansu-fati-being-called-first-team_251039_102.html"},"author":{"name":"Javier De Gea","@id":"https:\/\/www.fcbarcelonanoticias.com\/en\/#\/schema\/person\/5b6c197c1a6ac109f0f4331ae71f3528"},"headline":"The affectionate message of V\u00edctor Vald\u00e9s for Ansu Fati after being called to the first team","datePublished":"2019-08-25T14:57:00+00:00","dateModified":"2026-04-07T07:53:52+00:00","mainEntityOfPage":{"@id":"https:\/\/www.fcbarcelonanoticias.com\/en\/players\/affectionate-message-victor-valdes-for-ansu-fati-being-called-first-team_251039_102.html"},"wordCount":517,"image":{"@id":"https:\/\/www.fcbarcelonanoticias.com\/en\/players\/affectionate-message-victor-valdes-for-ansu-fati-being-called-first-team_251039_102.html#primaryimage"},"thumbnailUrl":"https:\/\/www.fcbarcelonanoticias.com\/en\/wp-content\/uploads\/sites\/2\/2021\/03\/victorvaldes-barcelona2.jpeg","keywords":["The Masia"],"articleSection":["Players","Players"],"inLanguage":"en-US"},{"@type":"WebPage","@id":"https:\/\/www.fcbarcelonanoticias.com\/en\/players\/affectionate-message-victor-valdes-for-ansu-fati-being-called-first-team_251039_102.html","url":"https:\/\/www.fcbarcelonanoticias.com\/en\/players\/affectionate-message-victor-valdes-for-ansu-fati-being-called-first-team_251039_102.html","name":"The affectionate message of V\u00edctor Vald\u00e9s for Ansu Fati after being called to the first team","isPartOf":{"@id":"https:\/\/www.fcbarcelonanoticias.com\/en\/#website"},"primaryImageOfPage":{"@id":"https:\/\/www.fcbarcelonanoticias.com\/en\/players\/affectionate-message-victor-valdes-for-ansu-fati-being-called-first-team_251039_102.html#primaryimage"},"image":{"@id":"https:\/\/www.fcbarcelonanoticias.com\/en\/players\/affectionate-message-victor-valdes-for-ansu-fati-being-called-first-team_251039_102.html#primaryimage"},"thumbnailUrl":"https:\/\/www.fcbarcelonanoticias.com\/en\/wp-content\/uploads\/sites\/2\/2021\/03\/victorvaldes-barcelona2.jpeg","datePublished":"2019-08-25T14:57:00+00:00","dateModified":"2026-04-07T07:53:52+00:00","author":{"@id":"https:\/\/www.fcbarcelonanoticias.com\/en\/#\/schema\/person\/5b6c197c1a6ac109f0f4331ae71f3528"},"description":"To his 16 years, Ansu Fati premi\u00e8red this weekend in an announcement of the first team of the Bar\u00e7a, and his trainer, V\u00edctor Vald\u00e9s, devoted him an affectionate...","breadcrumb":{"@id":"https:\/\/www.fcbarcelonanoticias.com\/en\/players\/affectionate-message-victor-valdes-for-ansu-fati-being-called-first-team_251039_102.html#breadcrumb"},"inLanguage":"en-US","potentialAction":[{"@type":"ReadAction","target":["https:\/\/www.fcbarcelonanoticias.com\/en\/players\/affectionate-message-victor-valdes-for-ansu-fati-being-called-first-team_251039_102.html"]}]},{"@type":"ImageObject","inLanguage":"en-US","@id":"https:\/\/www.fcbarcelonanoticias.com\/en\/players\/affectionate-message-victor-valdes-for-ansu-fati-being-called-first-team_251039_102.html#primaryimage","url":"https:\/\/www.fcbarcelonanoticias.com\/en\/wp-content\/uploads\/sites\/2\/2021\/03\/victorvaldes-barcelona2.jpeg","contentUrl":"https:\/\/www.fcbarcelonanoticias.com\/en\/wp-content\/uploads\/sites\/2\/2021\/03\/victorvaldes-barcelona2.jpeg","width":1200,"height":675},{"@type":"BreadcrumbList","@id":"https:\/\/www.fcbarcelonanoticias.com\/en\/players\/affectionate-message-victor-valdes-for-ansu-fati-being-called-first-team_251039_102.html#breadcrumb","itemListElement":[{"@type":"ListItem","position":1,"name":"Portada","item":"https:\/\/www.fcbarcelonanoticias.com\/en\/"},{"@type":"ListItem","position":2,"name":"The affectionate message of V\u00edctor Vald\u00e9s for Ansu Fati after being called to the first team"}]},{"@type":"WebSite","@id":"https:\/\/www.fcbarcelonanoticias.com\/en\/#website","url":"https:\/\/www.fcbarcelonanoticias.com\/en\/","name":"EN - FC Barcelona Noticias","description":"","potentialAction":[{"@type":"SearchAction","target":{"@type":"EntryPoint","urlTemplate":"https:\/\/www.fcbarcelonanoticias.com\/en\/?s={search_term_string}"},"query-input":{"@type":"PropertyValueSpecification","valueRequired":true,"valueName":"search_term_string"}}],"inLanguage":"en-US"},{"@type":"Person","@id":"https:\/\/www.fcbarcelonanoticias.com\/en\/#\/schema\/person\/5b6c197c1a6ac109f0f4331ae71f3528","name":"Javier De Gea","image":{"@type":"ImageObject","inLanguage":"en-US","@id":"https:\/\/secure.gravatar.com\/avatar\/8f3cc93e8dc14c2e2cf6f487ae1603bc78b95ec71130b4dbe516a96ea8a22160?s=96&d=mm&r=g","url":"https:\/\/secure.gravatar.com\/avatar\/8f3cc93e8dc14c2e2cf6f487ae1603bc78b95ec71130b4dbe516a96ea8a22160?s=96&d=mm&r=g","contentUrl":"https:\/\/secure.gravatar.com\/avatar\/8f3cc93e8dc14c2e2cf6f487ae1603bc78b95ec71130b4dbe516a96ea8a22160?s=96&d=mm&r=g","caption":"Javier De Gea"},"url":"https:\/\/www.fcbarcelonanoticias.com\/en\/javier-de-gea_4_115.html"}]}},"_links":{"self":[{"href":"https:\/\/www.fcbarcelonanoticias.com\/en\/wp-json\/wp\/v2\/posts\/70774","targetHints":{"allow":["GET"]}}],"collection":[{"href":"https:\/\/www.fcbarcelonanoticias.com\/en\/wp-json\/wp\/v2\/posts"}],"about":[{"href":"https:\/\/www.fcbarcelonanoticias.com\/en\/wp-json\/wp\/v2\/types\/post"}],"author":[{"embeddable":true,"href":"https:\/\/www.fcbarcelonanoticias.com\/en\/wp-json\/wp\/v2\/users\/371"}],"replies":[{"embeddable":true,"href":"https:\/\/www.fcbarcelonanoticias.com\/en\/wp-json\/wp\/v2\/comments?post=70774"}],"version-history":[{"count":2,"href":"https:\/\/www.fcbarcelonanoticias.com\/en\/wp-json\/wp\/v2\/posts\/70774\/revisions"}],"predecessor-version":[{"id":70777,"href":"https:\/\/www.fcbarcelonanoticias.com\/en\/wp-json\/wp\/v2\/posts\/70774\/revisions\/70777"}],"wp:featuredmedia":[{"embeddable":true,"href":"https:\/\/www.fcbarcelonanoticias.com\/en\/wp-json\/wp\/v2\/media\/36905"}],"wp:attachment":[{"href":"https:\/\/www.fcbarcelonanoticias.com\/en\/wp-json\/wp\/v2\/media?parent=70774"}],"wp:term":[{"taxonomy":"category","embeddable":true,"href":"https:\/\/www.fcbarcelonanoticias.com\/en\/wp-json\/wp\/v2\/categories?post=70774"},{"taxonomy":"post_tag","embeddable":true,"href":"https:\/\/www.fcbarcelonanoticias.com\/en\/wp-json\/wp\/v2\/tags?post=70774"}],"curies":[{"name":"wp","href":"https:\/\/api.w.org\/{rel}","templated":true}]}}