{"id":70820,"date":"2022-01-15T09:32:00","date_gmt":"2022-01-15T08:32:00","guid":{"rendered":"https:\/\/weisetech.dev\/fc-barcelona-noticias\/en\/crossroads-barcelona-future-lenglet-umtiti_276940_102\/"},"modified":"2022-01-15T09:38:00","modified_gmt":"2022-01-15T08:38:00","slug":"crossroads-barcelona-future-lenglet-umtiti_276940_102","status":"publish","type":"post","link":"https:\/\/www.fcbarcelonanoticias.com\/en\/players\/crossroads-barcelona-future-lenglet-umtiti_276940_102.html","title":{"rendered":"The crossroads of Bar\u00e7a with the future of Lenglet and Umtiti"},"content":{"rendered":"<h2 class=\"wp-block-heading\">Xavi Hern\u00e1ndez&#8217;s low confidence in Samuel Umtiti, and Cl\u00e9ment Lenglet&#8217;s high record, has left both of them exposed and with an uncertain future within the institution<\/h2>  \r\n<div class=\"article-addons\">\r\n    <a href=\"https:\/\/www.fcbarcelonanoticias.com\/en\/calendar-fc-barcelona.html\"\r\n       target=\"_self\"\r\n       title=\"Calendar of FC Barcelona\"\r\n       class=\"blue-gredient-btn\">\r\n       \r\n        Calendar of FC Barcelona    <\/a>\r\n<\/div>   <p>The offices of the Barcelona have been one &#8216;Russian mountain&#8217; of emotions from the start of the season. With strong doubts in the saga, Xavi Hern\u00e1ndez assumed the reins of the team and began to distribute well his pieces, giving prominence to ones and closing him the door to others. With more than five head offices inside the rows of the plantel,<strong> the egarense had his preference by the historical Gerard Hammered, and the youngsters Eric Garcia and Ronald Ara\u00fajo.<\/strong><\/p>  <p>\u00d3scar Mingueza also has had minutes, and has exerted of &#8216;patch&#8217; in a lot of occasions to be able to cover the different drops in the bands. However,<strong> the trainer has an inc\u00f3gnita with the French of the defence,<\/strong> since they do not finish to win his confidence and in several opportunities has had to separate them of the team, like the case of <strong>Samuel Umititi <\/strong>in Riad, the one who had to see the defeat of the team from the terracing.<\/p>  <p>The born in Yaound\u00e9 presented one of the highest wages of the staff, and in a desperate measure of the institution, renewed until 2026. Now, the dorsal &#8217;23&#8217; reduced 10% of his wage until 2023, and the rest distributed it in more years of agreement. Nevertheless, it has had only an opportunity inside the eleven initial, <strong>and a cession shows like the best solution for both parts.<\/strong><\/p>  <p>With <strong>Cl\u00e9ment Lenglet<\/strong> the history is different. The central has had more presences and has contested seven of the last eleven parties for the one of Terrassa. In spite of this, <strong>the value of his index card is another of the problems that has the entity.<\/strong> By the moment, when having a high wage and not representing an indisputable piece for Xavi, <strong>any offer would leave him in the ramp of exit of the Camp Nou. <\/strong>It is thus that so much the FC Barcelona like the m\u00edster find in a crossing in front of the two footballers Frenchmen. The market of signings still remains open, and by the moment, the future of both inside the team shows uncertain.<\/p>  <h3>The priority of the mass salarial<\/h3>  <p>The directive of the Barcelona group still is in the need to reduce the enormous mass salarial that has. Without having what perceived <strong>Lionel Messi<\/strong> and <strong>Antoine Griezmann<\/strong>, <strong>the plantel barcelonista continue being the costliest of all the world.<\/strong> In spite of this, the movements that has done Joan Laporta represent an opportunity for the future. <strong>The youth is the key that have the cul\u00e9s to reconstruct his image and go back to be in the elite of the European football<\/strong>. It is a big bet, but is the only way to recover the status that had the Bar\u00e7a in the last decades.<\/p> ","protected":false},"excerpt":{"rendered":"<p>Xavi Hern\u00e1ndez&#8217;s low confidence in Samuel Umtiti, and Cl\u00e9ment Lenglet&#8217;s high record, has left both of them exposed and with an uncertain future within the institution The offices of the Barcelona have been one &#8216;Russian mountain&#8217; of emotions from the start of the season. With strong doubts in the saga, Xavi Hern\u00e1ndez assumed the reins [&hellip;]<\/p>\n","protected":false},"author":373,"featured_media":70824,"comment_status":"closed","ping_status":"open","sticky":false,"template":"","format":"standard","meta":{"_acf_changed":false,"inline_featured_image":false,"_nextfly_llmd_date_locked":false,"footnotes":""},"categories":[453,107],"tags":[320,309,48],"class_list":["post-70820","post","type-post","status-publish","format-standard","has-post-thumbnail","hentry","category-players-2","category-players","tag-lenglet","tag-samuel-umtiti","tag-xavi-hernandez"],"acf":[],"yoast_head":"<!-- This site is optimized with the Yoast SEO plugin v27.3 - https:\/\/yoast.com\/product\/yoast-seo-wordpress\/ -->\n<title>The crossroads of Bar\u00e7a with the future of Lenglet and Umtiti<\/title>\n<meta name=\"description\" content=\"Xavi Hern\u00e1ndez&#039;s low confidence in Samuel Umtiti, and Cl\u00e9ment Lenglet&#039;s high record, has left both of them exposed and with an uncertain future within the institution\" \/>\n<meta name=\"robots\" content=\"index, follow, max-snippet:-1, max-image-preview:large, max-video-preview:-1\" \/>\n<link rel=\"canonical\" href=\"https:\/\/www.fcbarcelonanoticias.com\/en\/players\/crossroads-barcelona-future-lenglet-umtiti_276940_102.html\" \/>\n<meta property=\"og:locale\" content=\"en_US\" \/>\n<meta property=\"og:type\" content=\"article\" \/>\n<meta property=\"og:title\" content=\"The crossroads of Bar\u00e7a with the future of Lenglet and Umtiti\" \/>\n<meta property=\"og:description\" content=\"Xavi Hern\u00e1ndez&#039;s low confidence in Samuel Umtiti, and Cl\u00e9ment Lenglet&#039;s high record, has left both of them exposed and with an uncertain future within the institution\" \/>\n<meta property=\"og:url\" content=\"https:\/\/www.fcbarcelonanoticias.com\/en\/players\/crossroads-barcelona-future-lenglet-umtiti_276940_102.html\" \/>\n<meta property=\"og:site_name\" content=\"EN - FC Barcelona Noticias\" \/>\n<meta property=\"article:published_time\" content=\"2022-01-15T08:32:00+00:00\" \/>\n<meta property=\"article:modified_time\" content=\"2022-01-15T08:38:00+00:00\" \/>\n<meta property=\"og:image\" content=\"https:\/\/www.fcbarcelonanoticias.com\/en\/wp-content\/uploads\/sites\/2\/2022\/01\/lenglet-y-umtiti-en-un-entrenamiento.jpeg\" \/>\n\t<meta property=\"og:image:width\" content=\"1300\" \/>\n\t<meta property=\"og:image:height\" content=\"737\" \/>\n\t<meta property=\"og:image:type\" content=\"image\/jpeg\" \/>\n<meta name=\"author\" content=\"user_4029\" \/>\n<meta name=\"twitter:card\" content=\"summary_large_image\" \/>\n<meta name=\"twitter:label1\" content=\"Written by\" \/>\n\t<meta name=\"twitter:data1\" content=\"user_4029\" \/>\n\t<meta name=\"twitter:label2\" content=\"Est. reading time\" \/>\n\t<meta name=\"twitter:data2\" content=\"2 minutes\" \/>\n<script type=\"application\/ld+json\" class=\"yoast-schema-graph\">{\"@context\":\"https:\\\/\\\/schema.org\",\"@graph\":[{\"@type\":\"Article\",\"@id\":\"https:\\\/\\\/www.fcbarcelonanoticias.com\\\/en\\\/players\\\/crossroads-barcelona-future-lenglet-umtiti_276940_102.html#article\",\"isPartOf\":{\"@id\":\"https:\\\/\\\/www.fcbarcelonanoticias.com\\\/en\\\/players\\\/crossroads-barcelona-future-lenglet-umtiti_276940_102.html\"},\"author\":{\"name\":\"user_4029\",\"@id\":\"https:\\\/\\\/www.fcbarcelonanoticias.com\\\/en\\\/#\\\/schema\\\/person\\\/f97222962be11bcd88654b5590bd661d\"},\"headline\":\"The crossroads of Bar\u00e7a with the future of Lenglet and Umtiti\",\"datePublished\":\"2022-01-15T08:32:00+00:00\",\"dateModified\":\"2022-01-15T08:38:00+00:00\",\"mainEntityOfPage\":{\"@id\":\"https:\\\/\\\/www.fcbarcelonanoticias.com\\\/en\\\/players\\\/crossroads-barcelona-future-lenglet-umtiti_276940_102.html\"},\"wordCount\":502,\"image\":{\"@id\":\"https:\\\/\\\/www.fcbarcelonanoticias.com\\\/en\\\/players\\\/crossroads-barcelona-future-lenglet-umtiti_276940_102.html#primaryimage\"},\"thumbnailUrl\":\"https:\\\/\\\/www.fcbarcelonanoticias.com\\\/en\\\/wp-content\\\/uploads\\\/sites\\\/2\\\/2022\\\/01\\\/lenglet-y-umtiti-en-un-entrenamiento.jpeg\",\"keywords\":[\"Lenglet\",\"Samuel Umtiti\",\"Xavi Hern\u00e1ndez\"],\"articleSection\":[\"Players\",\"Players\"],\"inLanguage\":\"en-US\"},{\"@type\":\"WebPage\",\"@id\":\"https:\\\/\\\/www.fcbarcelonanoticias.com\\\/en\\\/players\\\/crossroads-barcelona-future-lenglet-umtiti_276940_102.html\",\"url\":\"https:\\\/\\\/www.fcbarcelonanoticias.com\\\/en\\\/players\\\/crossroads-barcelona-future-lenglet-umtiti_276940_102.html\",\"name\":\"The crossroads of Bar\u00e7a with the future of Lenglet and Umtiti\",\"isPartOf\":{\"@id\":\"https:\\\/\\\/www.fcbarcelonanoticias.com\\\/en\\\/#website\"},\"primaryImageOfPage\":{\"@id\":\"https:\\\/\\\/www.fcbarcelonanoticias.com\\\/en\\\/players\\\/crossroads-barcelona-future-lenglet-umtiti_276940_102.html#primaryimage\"},\"image\":{\"@id\":\"https:\\\/\\\/www.fcbarcelonanoticias.com\\\/en\\\/players\\\/crossroads-barcelona-future-lenglet-umtiti_276940_102.html#primaryimage\"},\"thumbnailUrl\":\"https:\\\/\\\/www.fcbarcelonanoticias.com\\\/en\\\/wp-content\\\/uploads\\\/sites\\\/2\\\/2022\\\/01\\\/lenglet-y-umtiti-en-un-entrenamiento.jpeg\",\"datePublished\":\"2022-01-15T08:32:00+00:00\",\"dateModified\":\"2022-01-15T08:38:00+00:00\",\"author\":{\"@id\":\"https:\\\/\\\/www.fcbarcelonanoticias.com\\\/en\\\/#\\\/schema\\\/person\\\/f97222962be11bcd88654b5590bd661d\"},\"description\":\"Xavi Hern\u00e1ndez's low confidence in Samuel Umtiti, and Cl\u00e9ment Lenglet's high record, has left both of them exposed and with an uncertain future within the institution\",\"breadcrumb\":{\"@id\":\"https:\\\/\\\/www.fcbarcelonanoticias.com\\\/en\\\/players\\\/crossroads-barcelona-future-lenglet-umtiti_276940_102.html#breadcrumb\"},\"inLanguage\":\"en-US\",\"potentialAction\":[{\"@type\":\"ReadAction\",\"target\":[\"https:\\\/\\\/www.fcbarcelonanoticias.com\\\/en\\\/players\\\/crossroads-barcelona-future-lenglet-umtiti_276940_102.html\"]}]},{\"@type\":\"ImageObject\",\"inLanguage\":\"en-US\",\"@id\":\"https:\\\/\\\/www.fcbarcelonanoticias.com\\\/en\\\/players\\\/crossroads-barcelona-future-lenglet-umtiti_276940_102.html#primaryimage\",\"url\":\"https:\\\/\\\/www.fcbarcelonanoticias.com\\\/en\\\/wp-content\\\/uploads\\\/sites\\\/2\\\/2022\\\/01\\\/lenglet-y-umtiti-en-un-entrenamiento.jpeg\",\"contentUrl\":\"https:\\\/\\\/www.fcbarcelonanoticias.com\\\/en\\\/wp-content\\\/uploads\\\/sites\\\/2\\\/2022\\\/01\\\/lenglet-y-umtiti-en-un-entrenamiento.jpeg\",\"width\":1300,\"height\":737},{\"@type\":\"BreadcrumbList\",\"@id\":\"https:\\\/\\\/www.fcbarcelonanoticias.com\\\/en\\\/players\\\/crossroads-barcelona-future-lenglet-umtiti_276940_102.html#breadcrumb\",\"itemListElement\":[{\"@type\":\"ListItem\",\"position\":1,\"name\":\"Portada\",\"item\":\"https:\\\/\\\/www.fcbarcelonanoticias.com\\\/en\\\/\"},{\"@type\":\"ListItem\",\"position\":2,\"name\":\"The crossroads of Bar\u00e7a with the future of Lenglet and Umtiti\"}]},{\"@type\":\"WebSite\",\"@id\":\"https:\\\/\\\/www.fcbarcelonanoticias.com\\\/en\\\/#website\",\"url\":\"https:\\\/\\\/www.fcbarcelonanoticias.com\\\/en\\\/\",\"name\":\"EN - FC Barcelona Noticias\",\"description\":\"\",\"potentialAction\":[{\"@type\":\"SearchAction\",\"target\":{\"@type\":\"EntryPoint\",\"urlTemplate\":\"https:\\\/\\\/www.fcbarcelonanoticias.com\\\/en\\\/?s={search_term_string}\"},\"query-input\":{\"@type\":\"PropertyValueSpecification\",\"valueRequired\":true,\"valueName\":\"search_term_string\"}}],\"inLanguage\":\"en-US\"},{\"@type\":\"Person\",\"@id\":\"https:\\\/\\\/www.fcbarcelonanoticias.com\\\/en\\\/#\\\/schema\\\/person\\\/f97222962be11bcd88654b5590bd661d\",\"name\":\"user_4029\",\"image\":{\"@type\":\"ImageObject\",\"inLanguage\":\"en-US\",\"@id\":\"https:\\\/\\\/secure.gravatar.com\\\/avatar\\\/?s=96&d=mm&r=g\",\"url\":\"https:\\\/\\\/secure.gravatar.com\\\/avatar\\\/?s=96&d=mm&r=g\",\"contentUrl\":\"https:\\\/\\\/secure.gravatar.com\\\/avatar\\\/?s=96&d=mm&r=g\",\"caption\":\"user_4029\"},\"url\":\"https:\\\/\\\/www.fcbarcelonanoticias.com\\\/en\\\/user_4029.html\"}]}<\/script>\n<!-- \/ Yoast SEO plugin. -->","yoast_head_json":{"title":"The crossroads of Bar\u00e7a with the future of Lenglet and Umtiti","description":"Xavi Hern\u00e1ndez's low confidence in Samuel Umtiti, and Cl\u00e9ment Lenglet's high record, has left both of them exposed and with an uncertain future within the institution","robots":{"index":"index","follow":"follow","max-snippet":"max-snippet:-1","max-image-preview":"max-image-preview:large","max-video-preview":"max-video-preview:-1"},"canonical":"https:\/\/www.fcbarcelonanoticias.com\/en\/players\/crossroads-barcelona-future-lenglet-umtiti_276940_102.html","og_locale":"en_US","og_type":"article","og_title":"The crossroads of Bar\u00e7a with the future of Lenglet and Umtiti","og_description":"Xavi Hern\u00e1ndez's low confidence in Samuel Umtiti, and Cl\u00e9ment Lenglet's high record, has left both of them exposed and with an uncertain future within the institution","og_url":"https:\/\/www.fcbarcelonanoticias.com\/en\/players\/crossroads-barcelona-future-lenglet-umtiti_276940_102.html","og_site_name":"EN - FC Barcelona Noticias","article_published_time":"2022-01-15T08:32:00+00:00","article_modified_time":"2022-01-15T08:38:00+00:00","og_image":[{"width":1300,"height":737,"url":"https:\/\/www.fcbarcelonanoticias.com\/en\/wp-content\/uploads\/sites\/2\/2022\/01\/lenglet-y-umtiti-en-un-entrenamiento.jpeg","type":"image\/jpeg"}],"author":"user_4029","twitter_card":"summary_large_image","twitter_misc":{"Written by":"user_4029","Est. reading time":"2 minutes"},"schema":{"@context":"https:\/\/schema.org","@graph":[{"@type":"Article","@id":"https:\/\/www.fcbarcelonanoticias.com\/en\/players\/crossroads-barcelona-future-lenglet-umtiti_276940_102.html#article","isPartOf":{"@id":"https:\/\/www.fcbarcelonanoticias.com\/en\/players\/crossroads-barcelona-future-lenglet-umtiti_276940_102.html"},"author":{"name":"user_4029","@id":"https:\/\/www.fcbarcelonanoticias.com\/en\/#\/schema\/person\/f97222962be11bcd88654b5590bd661d"},"headline":"The crossroads of Bar\u00e7a with the future of Lenglet and Umtiti","datePublished":"2022-01-15T08:32:00+00:00","dateModified":"2022-01-15T08:38:00+00:00","mainEntityOfPage":{"@id":"https:\/\/www.fcbarcelonanoticias.com\/en\/players\/crossroads-barcelona-future-lenglet-umtiti_276940_102.html"},"wordCount":502,"image":{"@id":"https:\/\/www.fcbarcelonanoticias.com\/en\/players\/crossroads-barcelona-future-lenglet-umtiti_276940_102.html#primaryimage"},"thumbnailUrl":"https:\/\/www.fcbarcelonanoticias.com\/en\/wp-content\/uploads\/sites\/2\/2022\/01\/lenglet-y-umtiti-en-un-entrenamiento.jpeg","keywords":["Lenglet","Samuel Umtiti","Xavi Hern\u00e1ndez"],"articleSection":["Players","Players"],"inLanguage":"en-US"},{"@type":"WebPage","@id":"https:\/\/www.fcbarcelonanoticias.com\/en\/players\/crossroads-barcelona-future-lenglet-umtiti_276940_102.html","url":"https:\/\/www.fcbarcelonanoticias.com\/en\/players\/crossroads-barcelona-future-lenglet-umtiti_276940_102.html","name":"The crossroads of Bar\u00e7a with the future of Lenglet and Umtiti","isPartOf":{"@id":"https:\/\/www.fcbarcelonanoticias.com\/en\/#website"},"primaryImageOfPage":{"@id":"https:\/\/www.fcbarcelonanoticias.com\/en\/players\/crossroads-barcelona-future-lenglet-umtiti_276940_102.html#primaryimage"},"image":{"@id":"https:\/\/www.fcbarcelonanoticias.com\/en\/players\/crossroads-barcelona-future-lenglet-umtiti_276940_102.html#primaryimage"},"thumbnailUrl":"https:\/\/www.fcbarcelonanoticias.com\/en\/wp-content\/uploads\/sites\/2\/2022\/01\/lenglet-y-umtiti-en-un-entrenamiento.jpeg","datePublished":"2022-01-15T08:32:00+00:00","dateModified":"2022-01-15T08:38:00+00:00","author":{"@id":"https:\/\/www.fcbarcelonanoticias.com\/en\/#\/schema\/person\/f97222962be11bcd88654b5590bd661d"},"description":"Xavi Hern\u00e1ndez's low confidence in Samuel Umtiti, and Cl\u00e9ment Lenglet's high record, has left both of them exposed and with an uncertain future within the institution","breadcrumb":{"@id":"https:\/\/www.fcbarcelonanoticias.com\/en\/players\/crossroads-barcelona-future-lenglet-umtiti_276940_102.html#breadcrumb"},"inLanguage":"en-US","potentialAction":[{"@type":"ReadAction","target":["https:\/\/www.fcbarcelonanoticias.com\/en\/players\/crossroads-barcelona-future-lenglet-umtiti_276940_102.html"]}]},{"@type":"ImageObject","inLanguage":"en-US","@id":"https:\/\/www.fcbarcelonanoticias.com\/en\/players\/crossroads-barcelona-future-lenglet-umtiti_276940_102.html#primaryimage","url":"https:\/\/www.fcbarcelonanoticias.com\/en\/wp-content\/uploads\/sites\/2\/2022\/01\/lenglet-y-umtiti-en-un-entrenamiento.jpeg","contentUrl":"https:\/\/www.fcbarcelonanoticias.com\/en\/wp-content\/uploads\/sites\/2\/2022\/01\/lenglet-y-umtiti-en-un-entrenamiento.jpeg","width":1300,"height":737},{"@type":"BreadcrumbList","@id":"https:\/\/www.fcbarcelonanoticias.com\/en\/players\/crossroads-barcelona-future-lenglet-umtiti_276940_102.html#breadcrumb","itemListElement":[{"@type":"ListItem","position":1,"name":"Portada","item":"https:\/\/www.fcbarcelonanoticias.com\/en\/"},{"@type":"ListItem","position":2,"name":"The crossroads of Bar\u00e7a with the future of Lenglet and Umtiti"}]},{"@type":"WebSite","@id":"https:\/\/www.fcbarcelonanoticias.com\/en\/#website","url":"https:\/\/www.fcbarcelonanoticias.com\/en\/","name":"EN - FC Barcelona Noticias","description":"","potentialAction":[{"@type":"SearchAction","target":{"@type":"EntryPoint","urlTemplate":"https:\/\/www.fcbarcelonanoticias.com\/en\/?s={search_term_string}"},"query-input":{"@type":"PropertyValueSpecification","valueRequired":true,"valueName":"search_term_string"}}],"inLanguage":"en-US"},{"@type":"Person","@id":"https:\/\/www.fcbarcelonanoticias.com\/en\/#\/schema\/person\/f97222962be11bcd88654b5590bd661d","name":"user_4029","image":{"@type":"ImageObject","inLanguage":"en-US","@id":"https:\/\/secure.gravatar.com\/avatar\/?s=96&d=mm&r=g","url":"https:\/\/secure.gravatar.com\/avatar\/?s=96&d=mm&r=g","contentUrl":"https:\/\/secure.gravatar.com\/avatar\/?s=96&d=mm&r=g","caption":"user_4029"},"url":"https:\/\/www.fcbarcelonanoticias.com\/en\/user_4029.html"}]}},"_links":{"self":[{"href":"https:\/\/www.fcbarcelonanoticias.com\/en\/wp-json\/wp\/v2\/posts\/70820","targetHints":{"allow":["GET"]}}],"collection":[{"href":"https:\/\/www.fcbarcelonanoticias.com\/en\/wp-json\/wp\/v2\/posts"}],"about":[{"href":"https:\/\/www.fcbarcelonanoticias.com\/en\/wp-json\/wp\/v2\/types\/post"}],"author":[{"embeddable":true,"href":"https:\/\/www.fcbarcelonanoticias.com\/en\/wp-json\/wp\/v2\/users\/373"}],"replies":[{"embeddable":true,"href":"https:\/\/www.fcbarcelonanoticias.com\/en\/wp-json\/wp\/v2\/comments?post=70820"}],"version-history":[{"count":1,"href":"https:\/\/www.fcbarcelonanoticias.com\/en\/wp-json\/wp\/v2\/posts\/70820\/revisions"}],"predecessor-version":[{"id":120867,"href":"https:\/\/www.fcbarcelonanoticias.com\/en\/wp-json\/wp\/v2\/posts\/70820\/revisions\/120867"}],"wp:featuredmedia":[{"embeddable":true,"href":"https:\/\/www.fcbarcelonanoticias.com\/en\/wp-json\/wp\/v2\/media\/70824"}],"wp:attachment":[{"href":"https:\/\/www.fcbarcelonanoticias.com\/en\/wp-json\/wp\/v2\/media?parent=70820"}],"wp:term":[{"taxonomy":"category","embeddable":true,"href":"https:\/\/www.fcbarcelonanoticias.com\/en\/wp-json\/wp\/v2\/categories?post=70820"},{"taxonomy":"post_tag","embeddable":true,"href":"https:\/\/www.fcbarcelonanoticias.com\/en\/wp-json\/wp\/v2\/tags?post=70820"}],"curies":[{"name":"wp","href":"https:\/\/api.w.org\/{rel}","templated":true}]}}