{"id":70960,"date":"2022-10-21T03:07:00","date_gmt":"2022-10-21T01:07:00","guid":{"rendered":"https:\/\/weisetech.dev\/fc-barcelona-noticias\/en\/cristiano-ronaldo-pronounces-being-separated-manchester-united_285685_102\/"},"modified":"2022-10-21T03:07:00","modified_gmt":"2022-10-21T01:07:00","slug":"cristiano-ronaldo-pronounces-being-separated-manchester-united_285685_102","status":"publish","type":"post","link":"https:\/\/www.fcbarcelonanoticias.com\/en\/players\/cristiano-ronaldo-pronounces-being-separated-manchester-united_285685_102.html","title":{"rendered":"Cristiano Ronaldo speaks out after being removed from Manchester United"},"content":{"rendered":"<h2 class=\"wp-block-heading\">Manchester United made the decision to remove Cristiano Ronaldo from the team after his rudeness against Everton. After the club&#8217;s official statement, it was the player himself who spoke through his Instagram profile<\/h2>  \r\n<div class=\"article-addons\">\r\n    <a href=\"https:\/\/www.fcbarcelonanoticias.com\/en\/calendar-fc-barcelona.html\"\r\n       target=\"_self\"\r\n       title=\"Calendar of FC Barcelona\"\r\n       class=\"blue-gredient-btn\">\r\n       \r\n        Calendar of FC Barcelona    <\/a>\r\n<\/div>   <p><a data-external=\"0\" data-intl-links-en=\"https:\/\/www.fcbarcelonanoticias.com\/en\/tags\/cristiano-ronaldo\" data-intl-links-es=\"https:\/\/www.fcbarcelonanoticias.com\/tags\/cristiano-ronaldo\" href=\"https:\/\/www.fcbarcelonanoticias.com\/en\/tags\/cristiano-ronaldo.html\" rel=\"follow\" target=\"_self\" title=\"Cristiano Ronaldo\">Cristiano Ronaldo<\/a> was protagonist of a fact extremely controversial during the past Wednesday. The Portuguese had to observe the party of the directed by Erik have Hag in front of the Tottenham from the bench, situation that caused an enormous anger in the player, <strong>the one who decided to abandon the stadium to minutes that the meeting came to an end<\/strong>. The attitude of the player did not like at all in Old Trafford, <a data-external=\"0\" data-intl-links-en=\"https:\/\/www.fcbarcelonanoticias.com\/en\/international-football\/cristiano-more-sunk-that-never-the-united-separates-to-the-portuguese_285670_102.html\" data-intl-links-es=\"https:\/\/www.fcbarcelonanoticias.com\/futbol-internacional\/cristiano-mas-hundido-nunca-el-united-aparta-portugues_285670_102.html\" href=\"https:\/\/www.fcbarcelonanoticias.com\/en\/international-football\/cristiano-more-sunk-that-never-the-united-separates-to-the-portuguese_285670_102.html\" rel=\"follow\" target=\"_self\" title=\"Cristiano Ronaldo, m\u00e1s hundido que nunca: \u00a1El United aparta al portugu\u00e9s!\">where took the determination to separate him of the team until further notice<\/a>.<\/p>  <p>By this reason, the legendary footballer has taken a step forward and gave the face after the publication of the official communiqu\u00e9 of the entity mancuniana. Through his profile of Instagram, <strong>the star of Madeira poste\u00f3 a message in which it shows his arrepentimiento by the attitude taken in the duel in front of the londinenses<\/strong> and left clear that does not think to surrender in spite of the difficult moment that lives in Old Trafford.<\/p>  <blockquote class=\"instagram-media\" data-instgrm-captioned=\"\" data-instgrm-permalink=\"https:\/\/www.instagram.com\/p\/Cj8r4NOL-Kr\/?utm_source=ig_embed&amp;utm_campaign=loading\" data-instgrm-version=\"14\" style=\" background:#FFF; border:0; border-radius:3px; box-shadow:0 0 1px 0 rgba(0,0,0,0.5),0 1px 10px 0 rgba(0,0,0,0.15); margin: 1px; max-width:540px; min-width:326px; padding:0; width:99.375%; width:-webkit-calc(100% - 2px); width:calc(100% - 2px);\"> <div style=\"padding:16px;\"> <div style=\" display: flex; flex-direction: row; align-items: center;\"> <div style=\"background-color: #F4F4F4; border-radius: 50%; flex-grow: 0; height: 40px; margin-right: 14px; width: 40px;\">&nbsp;<\/div>  <div style=\"display: flex; flex-direction: column; flex-grow: 1; justify-content: center;\"> <div style=\" background-color: #F4F4F4; border-radius: 4px; flex-grow: 0; height: 14px; margin-bottom: 6px; width: 100px;\">&nbsp;<\/div>  <div style=\" background-color: #F4F4F4; border-radius: 4px; flex-grow: 0; height: 14px; width: 60px;\">&nbsp;<\/div> <\/div> <\/div>  <div style=\"padding: 19% 0;\">&nbsp;<\/div>  <div style=\"display:block; height:50px; margin:0 auto 12px; width:50px;\"><a href=\"https:\/\/www.instagram.com\/en\/p\/Cj8r4NOL-Kr\/?utm_source=ig_embed&amp;utm_campaign=loading\" style=\" background:#FFFFFF; line-height:0; padding:0 0; text-align:center; text-decoration:none; width:100%;\" target=\"_blank\"><svg height=\"50px\" version=\"1.1\" viewBox=\"0 0 60 60\" width=\"50px\" xmlns=\"https:\/\/www.w3.org\/2000\/svg\" xmlns:xlink=\"https:\/\/www.w3.org\/1999\/xlink\"><g fill=\"none\" fill-rule=\"evenodd\" stroke=\"none\" stroke-width=\"1\"><g fill=\"#000000\" transform=\"translate(-511.000000, -20.000000)\"><g><path d=\"M556.869,30.41 C554.814,30.41 553.148,32.076 553.148,34.131 C553.148,36.186 554.814,37.852 556.869,37.852 C558.924,37.852 560.59,36.186 560.59,34.131 C560.59,32.076 558.924,30.41 556.869,30.41 M541,60.657 C535.114,60.657 530.342,55.887 530.342,50 C530.342,44.114 535.114,39.342 541,39.342 C546.887,39.342 551.658,44.114 551.658,50 C551.658,55.887 546.887,60.657 541,60.657 M541,33.886 C532.1,33.886 524.886,41.1 524.886,50 C524.886,58.899 532.1,66.113 541,66.113 C549.9,66.113 557.115,58.899 557.115,50 C557.115,41.1 549.9,33.886 541,33.886 M565.378,62.101 C565.244,65.022 564.756,66.606 564.346,67.663 C563.803,69.06 563.154,70.057 562.106,71.106 C561.058,72.155 560.06,72.803 558.662,73.347 C557.607,73.757 556.021,74.244 553.102,74.378 C549.944,74.521 548.997,74.552 541,74.552 C533.003,74.552 532.056,74.521 528.898,74.378 C525.979,74.244 524.393,73.757 523.338,73.347 C521.94,72.803 520.942,72.155 519.894,71.106 C518.846,70.057 518.197,69.06 517.654,67.663 C517.244,66.606 516.755,65.022 516.623,62.101 C516.479,58.943 516.448,57.996 516.448,50 C516.448,42.003 516.479,41.056 516.623,37.899 C516.755,34.978 517.244,33.391 517.654,32.338 C518.197,30.938 518.846,29.942 519.894,28.894 C520.942,27.846 521.94,27.196 523.338,26.654 C524.393,26.244 525.979,25.756 528.898,25.623 C532.057,25.479 533.004,25.448 541,25.448 C548.997,25.448 549.943,25.479 553.102,25.623 C556.021,25.756 557.607,26.244 558.662,26.654 C560.06,27.196 561.058,27.846 562.106,28.894 C563.154,29.942 563.803,30.938 564.346,32.338 C564.756,33.391 565.244,34.978 565.378,37.899 C565.522,41.056 565.552,42.003 565.552,50 C565.552,57.996 565.522,58.943 565.378,62.101 M570.82,37.631 C570.674,34.438 570.167,32.258 569.425,30.349 C568.659,28.377 567.633,26.702 565.965,25.035 C564.297,23.368 562.623,22.342 560.652,21.575 C558.743,20.834 556.562,20.326 553.369,20.18 C550.169,20.033 549.148,20 541,20 C532.853,20 531.831,20.033 528.631,20.18 C525.438,20.326 523.257,20.834 521.349,21.575 C519.376,22.342 517.703,23.368 516.035,25.035 C514.368,26.702 513.342,28.377 512.574,30.349 C511.834,32.258 511.326,34.438 511.181,37.631 C511.035,40.831 511,41.851 511,50 C511,58.147 511.035,59.17 511.181,62.369 C511.326,65.562 511.834,67.743 512.574,69.651 C513.342,71.625 514.368,73.296 516.035,74.965 C517.703,76.634 519.376,77.658 521.349,78.425 C523.257,79.167 525.438,79.673 528.631,79.82 C531.831,79.965 532.853,80.001 541,80.001 C549.148,80.001 550.169,79.965 553.369,79.82 C556.562,79.673 558.743,79.167 560.652,78.425 C562.623,77.658 564.297,76.634 565.965,74.965 C567.633,73.296 568.659,71.625 569.425,69.651 C570.167,67.743 570.674,65.562 570.82,62.369 C570.966,59.17 571,58.147 571,50 C571,41.851 570.966,40.831 570.82,37.631\"><\/path><\/g><\/g><\/g><\/svg><\/a><\/div>  <div style=\"padding-top: 8px;\"> <div style=\" color:#3897f0; font-family:Arial,sans-serif; font-size:14px; font-style:normal; font-weight:550; line-height:18px;\"><a href=\"https:\/\/www.instagram.com\/en\/p\/Cj8r4NOL-Kr\/?utm_source=ig_embed&amp;utm_campaign=loading\" style=\" background:#FFFFFF; line-height:0; padding:0 0; text-align:center; text-decoration:none; width:100%;\" target=\"_blank\">See this publication in Instagram<\/a><\/div> <\/div>  <div style=\"padding: 12.5% 0;\">&nbsp;<\/div>  <div style=\"display: flex; flex-direction: row; margin-bottom: 14px; align-items: center;\"> <div> <div style=\"background-color: #F4F4F4; border-radius: 50%; height: 12.5px; width: 12.5px; transform: translateX(0px) translateY(7px);\">&nbsp;<\/div>  <div style=\"background-color: #F4F4F4; height: 12.5px; transform: rotate(-45deg) translateX(3px) translateY(1px); width: 12.5px; flex-grow: 0; margin-right: 14px; margin-left: 2px;\">&nbsp;<\/div>  <div style=\"background-color: #F4F4F4; border-radius: 50%; height: 12.5px; width: 12.5px; transform: translateX(9px) translateY(-18px);\">&nbsp;<\/div> <\/div>  <div style=\"margin-left: 8px;\"> <div style=\" background-color: #F4F4F4; border-radius: 50%; flex-grow: 0; height: 20px; width: 20px;\">&nbsp;<\/div>  <div style=\" width: 0; height: 0; border-top: 2px solid transparent; border-left: 6px solid #f4f4f4; border-bottom: 2px solid transparent; transform: translateX(16px) translateY(-4px) rotate(30deg)\">&nbsp;<\/div> <\/div>  <div style=\"margin-left: auto;\"> <div style=\" width: 0px; border-top: 8px solid #F4F4F4; border-right: 8px solid transparent; transform: translateY(16px);\">&nbsp;<\/div>  <div style=\" background-color: #F4F4F4; flex-grow: 0; height: 12px; width: 16px; transform: translateY(-4px);\">&nbsp;<\/div>  <div style=\" width: 0; height: 0; border-top: 8px solid #F4F4F4; border-left: 8px solid transparent; transform: translateY(-4px) translateX(8px);\">&nbsp;<\/div> <\/div> <\/div>  <div style=\"display: flex; flex-direction: column; flex-grow: 1; justify-content: center; margin-bottom: 24px;\"> <div style=\" background-color: #F4F4F4; border-radius: 4px; flex-grow: 0; height: 14px; margin-bottom: 6px; width: 224px;\">&nbsp;<\/div>  <div style=\" background-color: #F4F4F4; border-radius: 4px; flex-grow: 0; height: 14px; width: 144px;\">&nbsp;<\/div> <\/div>  <p style=\" color:#c9c8cd; font-family:Arial,sans-serif; font-size:14px; line-height:17px; margin-bottom:0; margin-top:8px; overflow:hidden; padding:8px 0 7px; text-align:center; text-overflow:ellipsis; white-space:nowrap;\"><a href=\"https:\/\/www.instagram.com\/en\/p\/Cj8r4NOL-Kr\/?utm_source=ig_embed&amp;utm_campaign=loading\" style=\" color:#c9c8cd; font-family:Arial,sans-serif; font-size:14px; font-style:normal; font-weight:normal; line-height:17px; text-decoration:none;\" target=\"_blank\">A publication shared of Cristiano Ronaldo (@Christian)<\/a><\/p> <\/div> <\/blockquote> <p>&#8220;As I always have done along my career, deal to live and play respectfully to my mates, my opponents and my trainers. This has not changed. I have not changed. <strong>I am the same person and the same professional that have been during the last 20 years playing to the football of elite<\/strong>, and the respect always has played a very important paper in my process of taking of decisions&#8221;, began saying the goleador Portuguese.<\/p>  <p>The footballer continued standing out the importance to give the example to the but young, affirming that in this occasion his image was not the appropriate. &#8220;I began very young, the examples of greater players and more experienced always were very important for me. Therefore, more advance, always I have tried to give the example to the youngsters that grew in all the teams that have represented. <strong>Unfortunately this no always is possible and the heat of the moment takes out the worst of us<\/strong>&#8220;, manifested.<\/p>  <h3>It will not go down the arms<\/h3>  <p>Finally, Ronaldo sustained that it will follow working hard for revertir his present in the team. &#8220;Right now, I seat that I have to follow working hard in Carrington, support to my mates of team and be smart. <strong>Yield in front of the pressure is not an option. Never it went it. This is the Manchester United, and together have to keep us of<\/strong>foot . Soon we will be together again&#8221;, concluded. In principle, the &#8216;7&#8217; will not be available for the crash in front of Chelsea, waiting for that the club decide to go back it to include in the staff.<\/p> ","protected":false},"excerpt":{"rendered":"<p>Manchester United made the decision to remove Cristiano Ronaldo from the team after his rudeness against Everton. After the club&#8217;s official statement, it was the player himself who spoke through his Instagram profile Cristiano Ronaldo was protagonist of a fact extremely controversial during the past Wednesday. The Portuguese had to observe the party of the [&hellip;]<\/p>\n","protected":false},"author":358,"featured_media":43580,"comment_status":"closed","ping_status":"open","sticky":false,"template":"","format":"standard","meta":{"_acf_changed":false,"inline_featured_image":false,"_nextfly_llmd_date_locked":false,"footnotes":""},"categories":[453,107],"tags":[138,197],"class_list":["post-70960","post","type-post","status-publish","format-standard","has-post-thumbnail","hentry","category-players-2","category-players","tag-cristiano-ronaldo","tag-manchester-united"],"acf":[],"yoast_head":"<!-- This site is optimized with the Yoast SEO plugin v27.3 - https:\/\/yoast.com\/product\/yoast-seo-wordpress\/ -->\n<title>Cristiano Ronaldo speaks out after being removed from Manchester United<\/title>\n<meta name=\"description\" content=\"The Manchester United took the decision to separate to Cristiano Ronaldo of the team after his desplante in front of the Everton. After the official communiqu\u00e9 of the club, has if...\" \/>\n<meta name=\"robots\" content=\"index, follow, max-snippet:-1, max-image-preview:large, max-video-preview:-1\" \/>\n<link rel=\"canonical\" href=\"https:\/\/www.fcbarcelonanoticias.com\/en\/players\/cristiano-ronaldo-pronounces-being-separated-manchester-united_285685_102.html\" \/>\n<meta property=\"og:locale\" content=\"en_US\" \/>\n<meta property=\"og:type\" content=\"article\" \/>\n<meta property=\"og:title\" content=\"Cristiano Ronaldo speaks out after being removed from Manchester United\" \/>\n<meta property=\"og:description\" content=\"The Manchester United took the decision to separate to Cristiano Ronaldo of the team after his desplante in front of the Everton. After the official communiqu\u00e9 of the club, has if...\" \/>\n<meta property=\"og:url\" content=\"https:\/\/www.fcbarcelonanoticias.com\/en\/players\/cristiano-ronaldo-pronounces-being-separated-manchester-united_285685_102.html\" \/>\n<meta property=\"og:site_name\" content=\"EN - FC Barcelona Noticias\" \/>\n<meta property=\"article:published_time\" content=\"2022-10-21T01:07:00+00:00\" \/>\n<meta property=\"og:image\" content=\"https:\/\/www.fcbarcelonanoticias.com\/en\/wp-content\/uploads\/sites\/2\/2022\/10\/cristiano-ronaldo-con-gesto-serio.jpeg\" \/>\n\t<meta property=\"og:image:width\" content=\"1300\" \/>\n\t<meta property=\"og:image:height\" content=\"731\" \/>\n\t<meta property=\"og:image:type\" content=\"image\/jpeg\" \/>\n<meta name=\"author\" content=\"Juan Pablo Berdugo\" \/>\n<meta name=\"twitter:card\" content=\"summary_large_image\" \/>\n<meta name=\"twitter:label1\" content=\"Written by\" \/>\n\t<meta name=\"twitter:data1\" content=\"Juan Pablo Berdugo\" \/>\n\t<meta name=\"twitter:label2\" content=\"Est. reading time\" \/>\n\t<meta name=\"twitter:data2\" content=\"2 minutes\" \/>\n<script type=\"application\/ld+json\" class=\"yoast-schema-graph\">{\"@context\":\"https:\\\/\\\/schema.org\",\"@graph\":[{\"@type\":\"Article\",\"@id\":\"https:\\\/\\\/www.fcbarcelonanoticias.com\\\/en\\\/players\\\/cristiano-ronaldo-pronounces-being-separated-manchester-united_285685_102.html#article\",\"isPartOf\":{\"@id\":\"https:\\\/\\\/www.fcbarcelonanoticias.com\\\/en\\\/players\\\/cristiano-ronaldo-pronounces-being-separated-manchester-united_285685_102.html\"},\"author\":{\"name\":\"Juan Pablo Berdugo\",\"@id\":\"https:\\\/\\\/www.fcbarcelonanoticias.com\\\/en\\\/#\\\/schema\\\/person\\\/88d756918a0a1ae9fa593b5edddd1815\"},\"headline\":\"Cristiano Ronaldo speaks out after being removed from Manchester United\",\"datePublished\":\"2022-10-21T01:07:00+00:00\",\"mainEntityOfPage\":{\"@id\":\"https:\\\/\\\/www.fcbarcelonanoticias.com\\\/en\\\/players\\\/cristiano-ronaldo-pronounces-being-separated-manchester-united_285685_102.html\"},\"wordCount\":501,\"image\":{\"@id\":\"https:\\\/\\\/www.fcbarcelonanoticias.com\\\/en\\\/players\\\/cristiano-ronaldo-pronounces-being-separated-manchester-united_285685_102.html#primaryimage\"},\"thumbnailUrl\":\"https:\\\/\\\/www.fcbarcelonanoticias.com\\\/en\\\/wp-content\\\/uploads\\\/sites\\\/2\\\/2022\\\/10\\\/cristiano-ronaldo-con-gesto-serio.jpeg\",\"keywords\":[\"Cristiano Ronaldo\",\"Manchester United\"],\"articleSection\":[\"Players\",\"Players\"],\"inLanguage\":\"en-US\"},{\"@type\":\"WebPage\",\"@id\":\"https:\\\/\\\/www.fcbarcelonanoticias.com\\\/en\\\/players\\\/cristiano-ronaldo-pronounces-being-separated-manchester-united_285685_102.html\",\"url\":\"https:\\\/\\\/www.fcbarcelonanoticias.com\\\/en\\\/players\\\/cristiano-ronaldo-pronounces-being-separated-manchester-united_285685_102.html\",\"name\":\"Cristiano Ronaldo speaks out after being removed from Manchester United\",\"isPartOf\":{\"@id\":\"https:\\\/\\\/www.fcbarcelonanoticias.com\\\/en\\\/#website\"},\"primaryImageOfPage\":{\"@id\":\"https:\\\/\\\/www.fcbarcelonanoticias.com\\\/en\\\/players\\\/cristiano-ronaldo-pronounces-being-separated-manchester-united_285685_102.html#primaryimage\"},\"image\":{\"@id\":\"https:\\\/\\\/www.fcbarcelonanoticias.com\\\/en\\\/players\\\/cristiano-ronaldo-pronounces-being-separated-manchester-united_285685_102.html#primaryimage\"},\"thumbnailUrl\":\"https:\\\/\\\/www.fcbarcelonanoticias.com\\\/en\\\/wp-content\\\/uploads\\\/sites\\\/2\\\/2022\\\/10\\\/cristiano-ronaldo-con-gesto-serio.jpeg\",\"datePublished\":\"2022-10-21T01:07:00+00:00\",\"author\":{\"@id\":\"https:\\\/\\\/www.fcbarcelonanoticias.com\\\/en\\\/#\\\/schema\\\/person\\\/88d756918a0a1ae9fa593b5edddd1815\"},\"description\":\"The Manchester United took the decision to separate to Cristiano Ronaldo of the team after his desplante in front of the Everton. After the official communiqu\u00e9 of the club, has if...\",\"breadcrumb\":{\"@id\":\"https:\\\/\\\/www.fcbarcelonanoticias.com\\\/en\\\/players\\\/cristiano-ronaldo-pronounces-being-separated-manchester-united_285685_102.html#breadcrumb\"},\"inLanguage\":\"en-US\",\"potentialAction\":[{\"@type\":\"ReadAction\",\"target\":[\"https:\\\/\\\/www.fcbarcelonanoticias.com\\\/en\\\/players\\\/cristiano-ronaldo-pronounces-being-separated-manchester-united_285685_102.html\"]}]},{\"@type\":\"ImageObject\",\"inLanguage\":\"en-US\",\"@id\":\"https:\\\/\\\/www.fcbarcelonanoticias.com\\\/en\\\/players\\\/cristiano-ronaldo-pronounces-being-separated-manchester-united_285685_102.html#primaryimage\",\"url\":\"https:\\\/\\\/www.fcbarcelonanoticias.com\\\/en\\\/wp-content\\\/uploads\\\/sites\\\/2\\\/2022\\\/10\\\/cristiano-ronaldo-con-gesto-serio.jpeg\",\"contentUrl\":\"https:\\\/\\\/www.fcbarcelonanoticias.com\\\/en\\\/wp-content\\\/uploads\\\/sites\\\/2\\\/2022\\\/10\\\/cristiano-ronaldo-con-gesto-serio.jpeg\",\"width\":1300,\"height\":731},{\"@type\":\"BreadcrumbList\",\"@id\":\"https:\\\/\\\/www.fcbarcelonanoticias.com\\\/en\\\/players\\\/cristiano-ronaldo-pronounces-being-separated-manchester-united_285685_102.html#breadcrumb\",\"itemListElement\":[{\"@type\":\"ListItem\",\"position\":1,\"name\":\"Portada\",\"item\":\"https:\\\/\\\/www.fcbarcelonanoticias.com\\\/en\\\/\"},{\"@type\":\"ListItem\",\"position\":2,\"name\":\"Cristiano Ronaldo speaks out after being removed from Manchester United\"}]},{\"@type\":\"WebSite\",\"@id\":\"https:\\\/\\\/www.fcbarcelonanoticias.com\\\/en\\\/#website\",\"url\":\"https:\\\/\\\/www.fcbarcelonanoticias.com\\\/en\\\/\",\"name\":\"EN - FC Barcelona Noticias\",\"description\":\"\",\"potentialAction\":[{\"@type\":\"SearchAction\",\"target\":{\"@type\":\"EntryPoint\",\"urlTemplate\":\"https:\\\/\\\/www.fcbarcelonanoticias.com\\\/en\\\/?s={search_term_string}\"},\"query-input\":{\"@type\":\"PropertyValueSpecification\",\"valueRequired\":true,\"valueName\":\"search_term_string\"}}],\"inLanguage\":\"en-US\"},{\"@type\":\"Person\",\"@id\":\"https:\\\/\\\/www.fcbarcelonanoticias.com\\\/en\\\/#\\\/schema\\\/person\\\/88d756918a0a1ae9fa593b5edddd1815\",\"name\":\"Juan Pablo Berdugo\",\"image\":{\"@type\":\"ImageObject\",\"inLanguage\":\"en-US\",\"@id\":\"https:\\\/\\\/secure.gravatar.com\\\/avatar\\\/?s=96&d=mm&r=g\",\"url\":\"https:\\\/\\\/secure.gravatar.com\\\/avatar\\\/?s=96&d=mm&r=g\",\"contentUrl\":\"https:\\\/\\\/secure.gravatar.com\\\/avatar\\\/?s=96&d=mm&r=g\",\"caption\":\"Juan Pablo Berdugo\"},\"description\":\"Juan Pablo Berdugo es graduado en Periodismo. Colabora con FCBN como especialista en informaci\u00f3n del primer equipo del FC Barcelona, f\u00fatbol internacional y mercado de fichajes. Destaca por su enfoque anal\u00edtico, su rigor informativo y su capacidad para detectar tendencias emergentes en el f\u00fatbol global.\",\"url\":\"https:\\\/\\\/www.fcbarcelonanoticias.com\\\/en\\\/fc-barcelona\\\/juan-pablo-berdugo_18_115.html\"}]}<\/script>\n<!-- \/ Yoast SEO plugin. -->","yoast_head_json":{"title":"Cristiano Ronaldo speaks out after being removed from Manchester United","description":"The Manchester United took the decision to separate to Cristiano Ronaldo of the team after his desplante in front of the Everton. After the official communiqu\u00e9 of the club, has if...","robots":{"index":"index","follow":"follow","max-snippet":"max-snippet:-1","max-image-preview":"max-image-preview:large","max-video-preview":"max-video-preview:-1"},"canonical":"https:\/\/www.fcbarcelonanoticias.com\/en\/players\/cristiano-ronaldo-pronounces-being-separated-manchester-united_285685_102.html","og_locale":"en_US","og_type":"article","og_title":"Cristiano Ronaldo speaks out after being removed from Manchester United","og_description":"The Manchester United took the decision to separate to Cristiano Ronaldo of the team after his desplante in front of the Everton. After the official communiqu\u00e9 of the club, has if...","og_url":"https:\/\/www.fcbarcelonanoticias.com\/en\/players\/cristiano-ronaldo-pronounces-being-separated-manchester-united_285685_102.html","og_site_name":"EN - FC Barcelona Noticias","article_published_time":"2022-10-21T01:07:00+00:00","og_image":[{"width":1300,"height":731,"url":"https:\/\/www.fcbarcelonanoticias.com\/en\/wp-content\/uploads\/sites\/2\/2022\/10\/cristiano-ronaldo-con-gesto-serio.jpeg","type":"image\/jpeg"}],"author":"Juan Pablo Berdugo","twitter_card":"summary_large_image","twitter_misc":{"Written by":"Juan Pablo Berdugo","Est. reading time":"2 minutes"},"schema":{"@context":"https:\/\/schema.org","@graph":[{"@type":"Article","@id":"https:\/\/www.fcbarcelonanoticias.com\/en\/players\/cristiano-ronaldo-pronounces-being-separated-manchester-united_285685_102.html#article","isPartOf":{"@id":"https:\/\/www.fcbarcelonanoticias.com\/en\/players\/cristiano-ronaldo-pronounces-being-separated-manchester-united_285685_102.html"},"author":{"name":"Juan Pablo Berdugo","@id":"https:\/\/www.fcbarcelonanoticias.com\/en\/#\/schema\/person\/88d756918a0a1ae9fa593b5edddd1815"},"headline":"Cristiano Ronaldo speaks out after being removed from Manchester United","datePublished":"2022-10-21T01:07:00+00:00","mainEntityOfPage":{"@id":"https:\/\/www.fcbarcelonanoticias.com\/en\/players\/cristiano-ronaldo-pronounces-being-separated-manchester-united_285685_102.html"},"wordCount":501,"image":{"@id":"https:\/\/www.fcbarcelonanoticias.com\/en\/players\/cristiano-ronaldo-pronounces-being-separated-manchester-united_285685_102.html#primaryimage"},"thumbnailUrl":"https:\/\/www.fcbarcelonanoticias.com\/en\/wp-content\/uploads\/sites\/2\/2022\/10\/cristiano-ronaldo-con-gesto-serio.jpeg","keywords":["Cristiano Ronaldo","Manchester United"],"articleSection":["Players","Players"],"inLanguage":"en-US"},{"@type":"WebPage","@id":"https:\/\/www.fcbarcelonanoticias.com\/en\/players\/cristiano-ronaldo-pronounces-being-separated-manchester-united_285685_102.html","url":"https:\/\/www.fcbarcelonanoticias.com\/en\/players\/cristiano-ronaldo-pronounces-being-separated-manchester-united_285685_102.html","name":"Cristiano Ronaldo speaks out after being removed from Manchester United","isPartOf":{"@id":"https:\/\/www.fcbarcelonanoticias.com\/en\/#website"},"primaryImageOfPage":{"@id":"https:\/\/www.fcbarcelonanoticias.com\/en\/players\/cristiano-ronaldo-pronounces-being-separated-manchester-united_285685_102.html#primaryimage"},"image":{"@id":"https:\/\/www.fcbarcelonanoticias.com\/en\/players\/cristiano-ronaldo-pronounces-being-separated-manchester-united_285685_102.html#primaryimage"},"thumbnailUrl":"https:\/\/www.fcbarcelonanoticias.com\/en\/wp-content\/uploads\/sites\/2\/2022\/10\/cristiano-ronaldo-con-gesto-serio.jpeg","datePublished":"2022-10-21T01:07:00+00:00","author":{"@id":"https:\/\/www.fcbarcelonanoticias.com\/en\/#\/schema\/person\/88d756918a0a1ae9fa593b5edddd1815"},"description":"The Manchester United took the decision to separate to Cristiano Ronaldo of the team after his desplante in front of the Everton. After the official communiqu\u00e9 of the club, has if...","breadcrumb":{"@id":"https:\/\/www.fcbarcelonanoticias.com\/en\/players\/cristiano-ronaldo-pronounces-being-separated-manchester-united_285685_102.html#breadcrumb"},"inLanguage":"en-US","potentialAction":[{"@type":"ReadAction","target":["https:\/\/www.fcbarcelonanoticias.com\/en\/players\/cristiano-ronaldo-pronounces-being-separated-manchester-united_285685_102.html"]}]},{"@type":"ImageObject","inLanguage":"en-US","@id":"https:\/\/www.fcbarcelonanoticias.com\/en\/players\/cristiano-ronaldo-pronounces-being-separated-manchester-united_285685_102.html#primaryimage","url":"https:\/\/www.fcbarcelonanoticias.com\/en\/wp-content\/uploads\/sites\/2\/2022\/10\/cristiano-ronaldo-con-gesto-serio.jpeg","contentUrl":"https:\/\/www.fcbarcelonanoticias.com\/en\/wp-content\/uploads\/sites\/2\/2022\/10\/cristiano-ronaldo-con-gesto-serio.jpeg","width":1300,"height":731},{"@type":"BreadcrumbList","@id":"https:\/\/www.fcbarcelonanoticias.com\/en\/players\/cristiano-ronaldo-pronounces-being-separated-manchester-united_285685_102.html#breadcrumb","itemListElement":[{"@type":"ListItem","position":1,"name":"Portada","item":"https:\/\/www.fcbarcelonanoticias.com\/en\/"},{"@type":"ListItem","position":2,"name":"Cristiano Ronaldo speaks out after being removed from Manchester United"}]},{"@type":"WebSite","@id":"https:\/\/www.fcbarcelonanoticias.com\/en\/#website","url":"https:\/\/www.fcbarcelonanoticias.com\/en\/","name":"EN - FC Barcelona Noticias","description":"","potentialAction":[{"@type":"SearchAction","target":{"@type":"EntryPoint","urlTemplate":"https:\/\/www.fcbarcelonanoticias.com\/en\/?s={search_term_string}"},"query-input":{"@type":"PropertyValueSpecification","valueRequired":true,"valueName":"search_term_string"}}],"inLanguage":"en-US"},{"@type":"Person","@id":"https:\/\/www.fcbarcelonanoticias.com\/en\/#\/schema\/person\/88d756918a0a1ae9fa593b5edddd1815","name":"Juan Pablo Berdugo","image":{"@type":"ImageObject","inLanguage":"en-US","@id":"https:\/\/secure.gravatar.com\/avatar\/?s=96&d=mm&r=g","url":"https:\/\/secure.gravatar.com\/avatar\/?s=96&d=mm&r=g","contentUrl":"https:\/\/secure.gravatar.com\/avatar\/?s=96&d=mm&r=g","caption":"Juan Pablo Berdugo"},"description":"Juan Pablo Berdugo es graduado en Periodismo. Colabora con FCBN como especialista en informaci\u00f3n del primer equipo del FC Barcelona, f\u00fatbol internacional y mercado de fichajes. Destaca por su enfoque anal\u00edtico, su rigor informativo y su capacidad para detectar tendencias emergentes en el f\u00fatbol global.","url":"https:\/\/www.fcbarcelonanoticias.com\/en\/fc-barcelona\/juan-pablo-berdugo_18_115.html"}]}},"_links":{"self":[{"href":"https:\/\/www.fcbarcelonanoticias.com\/en\/wp-json\/wp\/v2\/posts\/70960","targetHints":{"allow":["GET"]}}],"collection":[{"href":"https:\/\/www.fcbarcelonanoticias.com\/en\/wp-json\/wp\/v2\/posts"}],"about":[{"href":"https:\/\/www.fcbarcelonanoticias.com\/en\/wp-json\/wp\/v2\/types\/post"}],"author":[{"embeddable":true,"href":"https:\/\/www.fcbarcelonanoticias.com\/en\/wp-json\/wp\/v2\/users\/358"}],"replies":[{"embeddable":true,"href":"https:\/\/www.fcbarcelonanoticias.com\/en\/wp-json\/wp\/v2\/comments?post=70960"}],"version-history":[{"count":1,"href":"https:\/\/www.fcbarcelonanoticias.com\/en\/wp-json\/wp\/v2\/posts\/70960\/revisions"}],"predecessor-version":[{"id":120931,"href":"https:\/\/www.fcbarcelonanoticias.com\/en\/wp-json\/wp\/v2\/posts\/70960\/revisions\/120931"}],"wp:featuredmedia":[{"embeddable":true,"href":"https:\/\/www.fcbarcelonanoticias.com\/en\/wp-json\/wp\/v2\/media\/43580"}],"wp:attachment":[{"href":"https:\/\/www.fcbarcelonanoticias.com\/en\/wp-json\/wp\/v2\/media?parent=70960"}],"wp:term":[{"taxonomy":"category","embeddable":true,"href":"https:\/\/www.fcbarcelonanoticias.com\/en\/wp-json\/wp\/v2\/categories?post=70960"},{"taxonomy":"post_tag","embeddable":true,"href":"https:\/\/www.fcbarcelonanoticias.com\/en\/wp-json\/wp\/v2\/tags?post=70960"}],"curies":[{"name":"wp","href":"https:\/\/api.w.org\/{rel}","templated":true}]}}