{"id":70988,"date":"2022-05-14T21:43:00","date_gmt":"2022-05-14T19:43:00","guid":{"rendered":"https:\/\/weisetech.dev\/fc-barcelona-noticias\/en\/adama-traore-moves-away-of-the-barca-the-wolverhampton-expects-him_280303_102\/"},"modified":"2022-05-14T21:43:00","modified_gmt":"2022-05-14T19:43:00","slug":"adama-traore-moves-away-of-the-barca-the-wolverhampton-expects-him_280303_102","status":"publish","type":"post","link":"https:\/\/www.fcbarcelonanoticias.com\/en\/players\/adama-traore-moves-away-of-the-barca-the-wolverhampton-expects-him_280303_102.html","title":{"rendered":"Adama Traor\u00e9 moves away from Bar\u00e7a: Wolverhampton awaits him"},"content":{"rendered":"<h2 class=\"wp-block-heading\">Of the winter reinforcements in attack, Adama Traor\u00e9 was the only one who did not meet FC Barcelona&#8217;s expectations. The striker has lost the confidence of Xavi Hern\u00e1ndez and will probably return to Wolverhampton, the club to which he belongs<\/h2>  \r\n<div class=\"article-addons\">\r\n    <a href=\"https:\/\/www.fcbarcelonanoticias.com\/en\/calendar-fc-barcelona.html\"\r\n       target=\"_self\"\r\n       title=\"Calendar of FC Barcelona\"\r\n       class=\"blue-gredient-btn\">\r\n       \r\n        Calendar of FC Barcelona    <\/a>\r\n<\/div>   <p>The Wolverhampton already expects the return of Adama Traor\u00e9. The one of L&#8217;Hospitalet has not attained to convince to the technical body of the <a data-external=\"0\" data-intl-links-en=\"https:\/\/www.fcbarcelonanoticias.com\/en\/transfers\/agreement-with-lewandowski-they-confirm-that-the-barca-has-his_280285_102.html\" data-intl-links-es=\"https:\/\/www.fcbarcelonanoticias.com\/fichajes\/acuerdo-con-lewandowski-confirman-barcelona-tiene-su-si_280285_102.html\" href=\"https:\/\/www.fcbarcelonanoticias.com\/en\/transfers\/agreement-with-lewandowski-they-confirm-that-the-barca-has-his_280285_102.html\" rel=\"follow\" s=\"\" target=\"_self\" title=\"\u00a1Acuerdo con Lewandowski! Confirman que el Bar\u00e7a tiene su \">FC Barcelona<\/a> in his cession by six months, by which <strong>is almost sure that the club will not exert the option of purchase by 30 million euros that includes his loan.<\/strong> In this regard, the technician of the &#8216;Wolves&#8217;, Bruno Lage, affirmed that if the forward returns in July will have the opportunity to do the pre-season and win a place in the team.<\/p>  <p><strong>&#8220;All what can say is that I do not have any problem with him. It is a good professional<\/strong>. Afterwards, it treats of decisions.<strong> <\/strong>There are a lot of things at stake and have to understand what is the best for the club and the player. <strong>If it begins the season that comes with us will be a player more. It needs to work hard and I am here to help it to be better&#8221;<\/strong>, explained Lage when being consulted on the situation of the player of 26 years.<\/p>  <p>The Spanish extreme <strong>arrived to the Wolverhampton in the summer of 2018 in return of 20 million euros<\/strong>, turning into the most expensive signing in the history of the club. The footballer formed in the Farm had his best campaign in the 2019-20, with 6 goals and 12 assistances. However, <strong>in the last two seasons his performance merm\u00f3 and, sorpresivamente, the Bar\u00e7a him &#8216;fished&#8217; in January to reinforce the attack<\/strong>, but his performance in Catalonia was other to less.<\/p>  <p>With the group blaugrana, <strong>Traor\u00e9 great 4 assistances in 16 parties in which it has not been able to annotate any goal<\/strong>. In the last weeks, the &#8217;11&#8217; was condemned to the ostracism by <a data-external=\"0\" data-intl-links-en=\"https:\/\/www.fcbarcelonanoticias.com\/en\/laliga\/xavi-will-have-a-bucket-against-getafe-will-look-for-the-last-quota-supercopa_280288_102.html\" data-intl-links-es=\"https:\/\/www.fcbarcelonanoticias.com\/laliga\/xavi-contara-con-balde-frente-getafe-buscara-ultimo-cupo-supercopa_280288_102.html\" href=\"https:\/\/www.fcbarcelonanoticias.com\/en\/laliga\/xavi-will-have-a-bucket-against-getafe-will-look-for-the-last-quota-supercopa_280288_102.html\" rel=\"follow\" target=\"_self\" title=\"Xavi contar\u00e1 con Balde frente al Getafe y buscar\u00e1 el \u00faltimo cupo a la Supercopa\">Xavi Hern\u00e1ndez<\/a>, remaining out of the rotations implemented by the technician egarense. &#8220;Adama Has been important, especially in the back weeks to his arrival. <strong>Has a lot of competition with Ferran and Ousmane. When it was better that they, played. Now it is the other way around<\/strong>. <strong>It is a question of performance.<\/strong> We will decide his future when we know how is the economic situation&#8221;, sintetiz\u00f3 Xavi in the previous press conference to the party in front of the getafe.<\/p>  <h3>Lage Valued the impact of Adama in the &#8216;Wolves&#8217;<\/h3>  <p>&#8220;Adama Began the season with good performances and after this had a low period, without playing too much and neither with good performances. Afterwards, <strong>over time and the training, gave us the impact that needed. The last parties for us did what needed and marked goals and assistances&#8221;<\/strong>, added the technician of the Wolverhampton on the step of Traor\u00e9 by the club. The Spanish contested 20 parties in the Premier League 2021-2, annotating only a goal. If it concretises his return to England, the one of L&#8217;Hospitalet will have a new opportunity to recover his best version under the technical direction of the luso.<\/p> ","protected":false},"excerpt":{"rendered":"<p>Of the winter reinforcements in attack, Adama Traor\u00e9 was the only one who did not meet FC Barcelona&#8217;s expectations. The striker has lost the confidence of Xavi Hern\u00e1ndez and will probably return to Wolverhampton, the club to which he belongs The Wolverhampton already expects the return of Adama Traor\u00e9. The one of L&#8217;Hospitalet has not [&hellip;]<\/p>\n","protected":false},"author":347,"featured_media":60707,"comment_status":"closed","ping_status":"open","sticky":false,"template":"","format":"standard","meta":{"_acf_changed":false,"inline_featured_image":false,"_nextfly_llmd_date_locked":false,"footnotes":""},"categories":[453,107],"tags":[371,48],"class_list":["post-70988","post","type-post","status-publish","format-standard","has-post-thumbnail","hentry","category-players-2","category-players","tag-adama-traore","tag-xavi-hernandez"],"acf":[],"yoast_head":"<!-- This site is optimized with the Yoast SEO plugin v27.3 - https:\/\/yoast.com\/product\/yoast-seo-wordpress\/ -->\n<title>Adama Traor\u00e9 Moves away of the Bar\u00e7a: The Wolverhampton expects him<\/title>\n<meta name=\"description\" content=\"Of the wintry reinforcements in attack, Adama Traor\u00e9 was the only that did not fill the expectations of the FC Barcelona. The forward has lost the confidence of Xavi...\" \/>\n<meta name=\"robots\" content=\"index, follow, max-snippet:-1, max-image-preview:large, max-video-preview:-1\" \/>\n<link rel=\"canonical\" href=\"https:\/\/www.fcbarcelonanoticias.com\/en\/players\/adama-traore-moves-away-of-the-barca-the-wolverhampton-expects-him_280303_102.html\" \/>\n<meta property=\"og:locale\" content=\"en_US\" \/>\n<meta property=\"og:type\" content=\"article\" \/>\n<meta property=\"og:title\" content=\"Adama Traor\u00e9 Moves away of the Bar\u00e7a: The Wolverhampton expects him\" \/>\n<meta property=\"og:description\" content=\"Of the wintry reinforcements in attack, Adama Traor\u00e9 was the only that did not fill the expectations of the FC Barcelona. The forward has lost the confidence of Xavi...\" \/>\n<meta property=\"og:url\" content=\"https:\/\/www.fcbarcelonanoticias.com\/en\/players\/adama-traore-moves-away-of-the-barca-the-wolverhampton-expects-him_280303_102.html\" \/>\n<meta property=\"og:site_name\" content=\"EN - FC Barcelona Noticias\" \/>\n<meta property=\"article:published_time\" content=\"2022-05-14T19:43:00+00:00\" \/>\n<meta property=\"og:image\" content=\"https:\/\/www.fcbarcelonanoticias.com\/en\/wp-content\/uploads\/sites\/2\/2022\/05\/fbl-esp-liga-barcelona-osasuna-3-1.jpeg\" \/>\n\t<meta property=\"og:image:width\" content=\"1200\" \/>\n\t<meta property=\"og:image:height\" content=\"748\" \/>\n\t<meta property=\"og:image:type\" content=\"image\/jpeg\" \/>\n<meta name=\"author\" content=\"Andr\u00e9s Quiroz\" \/>\n<meta name=\"twitter:card\" content=\"summary_large_image\" \/>\n<meta name=\"twitter:label1\" content=\"Written by\" \/>\n\t<meta name=\"twitter:data1\" content=\"Andr\u00e9s Quiroz\" \/>\n\t<meta name=\"twitter:label2\" content=\"Est. reading time\" \/>\n\t<meta name=\"twitter:data2\" content=\"3 minutes\" \/>\n<script type=\"application\/ld+json\" class=\"yoast-schema-graph\">{\"@context\":\"https:\\\/\\\/schema.org\",\"@graph\":[{\"@type\":\"Article\",\"@id\":\"https:\\\/\\\/www.fcbarcelonanoticias.com\\\/en\\\/players\\\/adama-traore-moves-away-of-the-barca-the-wolverhampton-expects-him_280303_102.html#article\",\"isPartOf\":{\"@id\":\"https:\\\/\\\/www.fcbarcelonanoticias.com\\\/en\\\/players\\\/adama-traore-moves-away-of-the-barca-the-wolverhampton-expects-him_280303_102.html\"},\"author\":{\"name\":\"Andr\u00e9s Quiroz\",\"@id\":\"https:\\\/\\\/www.fcbarcelonanoticias.com\\\/en\\\/#\\\/schema\\\/person\\\/c2cd9f6fa1af5c0d0eccd0fefa575c88\"},\"headline\":\"Adama Traor\u00e9 moves away from Bar\u00e7a: Wolverhampton awaits him\",\"datePublished\":\"2022-05-14T19:43:00+00:00\",\"mainEntityOfPage\":{\"@id\":\"https:\\\/\\\/www.fcbarcelonanoticias.com\\\/en\\\/players\\\/adama-traore-moves-away-of-the-barca-the-wolverhampton-expects-him_280303_102.html\"},\"wordCount\":530,\"image\":{\"@id\":\"https:\\\/\\\/www.fcbarcelonanoticias.com\\\/en\\\/players\\\/adama-traore-moves-away-of-the-barca-the-wolverhampton-expects-him_280303_102.html#primaryimage\"},\"thumbnailUrl\":\"https:\\\/\\\/www.fcbarcelonanoticias.com\\\/en\\\/wp-content\\\/uploads\\\/sites\\\/2\\\/2022\\\/05\\\/fbl-esp-liga-barcelona-osasuna-3-1.jpeg\",\"keywords\":[\"Adama Traor\u00e9\",\"Xavi Hern\u00e1ndez\"],\"articleSection\":[\"Players\",\"Players\"],\"inLanguage\":\"en-US\"},{\"@type\":\"WebPage\",\"@id\":\"https:\\\/\\\/www.fcbarcelonanoticias.com\\\/en\\\/players\\\/adama-traore-moves-away-of-the-barca-the-wolverhampton-expects-him_280303_102.html\",\"url\":\"https:\\\/\\\/www.fcbarcelonanoticias.com\\\/en\\\/players\\\/adama-traore-moves-away-of-the-barca-the-wolverhampton-expects-him_280303_102.html\",\"name\":\"Adama Traor\u00e9 Moves away of the Bar\u00e7a: The Wolverhampton expects him\",\"isPartOf\":{\"@id\":\"https:\\\/\\\/www.fcbarcelonanoticias.com\\\/en\\\/#website\"},\"primaryImageOfPage\":{\"@id\":\"https:\\\/\\\/www.fcbarcelonanoticias.com\\\/en\\\/players\\\/adama-traore-moves-away-of-the-barca-the-wolverhampton-expects-him_280303_102.html#primaryimage\"},\"image\":{\"@id\":\"https:\\\/\\\/www.fcbarcelonanoticias.com\\\/en\\\/players\\\/adama-traore-moves-away-of-the-barca-the-wolverhampton-expects-him_280303_102.html#primaryimage\"},\"thumbnailUrl\":\"https:\\\/\\\/www.fcbarcelonanoticias.com\\\/en\\\/wp-content\\\/uploads\\\/sites\\\/2\\\/2022\\\/05\\\/fbl-esp-liga-barcelona-osasuna-3-1.jpeg\",\"datePublished\":\"2022-05-14T19:43:00+00:00\",\"author\":{\"@id\":\"https:\\\/\\\/www.fcbarcelonanoticias.com\\\/en\\\/#\\\/schema\\\/person\\\/c2cd9f6fa1af5c0d0eccd0fefa575c88\"},\"description\":\"Of the wintry reinforcements in attack, Adama Traor\u00e9 was the only that did not fill the expectations of the FC Barcelona. The forward has lost the confidence of Xavi...\",\"breadcrumb\":{\"@id\":\"https:\\\/\\\/www.fcbarcelonanoticias.com\\\/en\\\/players\\\/adama-traore-moves-away-of-the-barca-the-wolverhampton-expects-him_280303_102.html#breadcrumb\"},\"inLanguage\":\"en-US\",\"potentialAction\":[{\"@type\":\"ReadAction\",\"target\":[\"https:\\\/\\\/www.fcbarcelonanoticias.com\\\/en\\\/players\\\/adama-traore-moves-away-of-the-barca-the-wolverhampton-expects-him_280303_102.html\"]}]},{\"@type\":\"ImageObject\",\"inLanguage\":\"en-US\",\"@id\":\"https:\\\/\\\/www.fcbarcelonanoticias.com\\\/en\\\/players\\\/adama-traore-moves-away-of-the-barca-the-wolverhampton-expects-him_280303_102.html#primaryimage\",\"url\":\"https:\\\/\\\/www.fcbarcelonanoticias.com\\\/en\\\/wp-content\\\/uploads\\\/sites\\\/2\\\/2022\\\/05\\\/fbl-esp-liga-barcelona-osasuna-3-1.jpeg\",\"contentUrl\":\"https:\\\/\\\/www.fcbarcelonanoticias.com\\\/en\\\/wp-content\\\/uploads\\\/sites\\\/2\\\/2022\\\/05\\\/fbl-esp-liga-barcelona-osasuna-3-1.jpeg\",\"width\":1200,\"height\":748},{\"@type\":\"BreadcrumbList\",\"@id\":\"https:\\\/\\\/www.fcbarcelonanoticias.com\\\/en\\\/players\\\/adama-traore-moves-away-of-the-barca-the-wolverhampton-expects-him_280303_102.html#breadcrumb\",\"itemListElement\":[{\"@type\":\"ListItem\",\"position\":1,\"name\":\"Portada\",\"item\":\"https:\\\/\\\/www.fcbarcelonanoticias.com\\\/en\\\/\"},{\"@type\":\"ListItem\",\"position\":2,\"name\":\"Adama Traor\u00e9 moves away from Bar\u00e7a: Wolverhampton awaits him\"}]},{\"@type\":\"WebSite\",\"@id\":\"https:\\\/\\\/www.fcbarcelonanoticias.com\\\/en\\\/#website\",\"url\":\"https:\\\/\\\/www.fcbarcelonanoticias.com\\\/en\\\/\",\"name\":\"EN - FC Barcelona Noticias\",\"description\":\"\",\"potentialAction\":[{\"@type\":\"SearchAction\",\"target\":{\"@type\":\"EntryPoint\",\"urlTemplate\":\"https:\\\/\\\/www.fcbarcelonanoticias.com\\\/en\\\/?s={search_term_string}\"},\"query-input\":{\"@type\":\"PropertyValueSpecification\",\"valueRequired\":true,\"valueName\":\"search_term_string\"}}],\"inLanguage\":\"en-US\"},{\"@type\":\"Person\",\"@id\":\"https:\\\/\\\/www.fcbarcelonanoticias.com\\\/en\\\/#\\\/schema\\\/person\\\/c2cd9f6fa1af5c0d0eccd0fefa575c88\",\"name\":\"Andr\u00e9s Quiroz\",\"image\":{\"@type\":\"ImageObject\",\"inLanguage\":\"en-US\",\"@id\":\"https:\\\/\\\/secure.gravatar.com\\\/avatar\\\/?s=96&d=mm&r=g\",\"url\":\"https:\\\/\\\/secure.gravatar.com\\\/avatar\\\/?s=96&d=mm&r=g\",\"contentUrl\":\"https:\\\/\\\/secure.gravatar.com\\\/avatar\\\/?s=96&d=mm&r=g\",\"caption\":\"Andr\u00e9s Quiroz\"},\"description\":\"Licenciado en Periodismo por la Universidad de los Andes. Me encargo de analizar y compartir los contenidos m\u00e1s destacados de la\u00a0actualidad del F\u00fatbol Club Barcelona, Mercado de Fichajes y F\u00fatbol Internacional en FCBN. La informaci\u00f3n es poder, pero tambi\u00e9n conocimiento.\",\"url\":\"https:\\\/\\\/www.fcbarcelonanoticias.com\\\/en\\\/fc-barcelona\\\/andres-quiroz_17_115.html\"}]}<\/script>\n<!-- \/ Yoast SEO plugin. -->","yoast_head_json":{"title":"Adama Traor\u00e9 Moves away of the Bar\u00e7a: The Wolverhampton expects him","description":"Of the wintry reinforcements in attack, Adama Traor\u00e9 was the only that did not fill the expectations of the FC Barcelona. The forward has lost the confidence of Xavi...","robots":{"index":"index","follow":"follow","max-snippet":"max-snippet:-1","max-image-preview":"max-image-preview:large","max-video-preview":"max-video-preview:-1"},"canonical":"https:\/\/www.fcbarcelonanoticias.com\/en\/players\/adama-traore-moves-away-of-the-barca-the-wolverhampton-expects-him_280303_102.html","og_locale":"en_US","og_type":"article","og_title":"Adama Traor\u00e9 Moves away of the Bar\u00e7a: The Wolverhampton expects him","og_description":"Of the wintry reinforcements in attack, Adama Traor\u00e9 was the only that did not fill the expectations of the FC Barcelona. The forward has lost the confidence of Xavi...","og_url":"https:\/\/www.fcbarcelonanoticias.com\/en\/players\/adama-traore-moves-away-of-the-barca-the-wolverhampton-expects-him_280303_102.html","og_site_name":"EN - FC Barcelona Noticias","article_published_time":"2022-05-14T19:43:00+00:00","og_image":[{"width":1200,"height":748,"url":"https:\/\/www.fcbarcelonanoticias.com\/en\/wp-content\/uploads\/sites\/2\/2022\/05\/fbl-esp-liga-barcelona-osasuna-3-1.jpeg","type":"image\/jpeg"}],"author":"Andr\u00e9s Quiroz","twitter_card":"summary_large_image","twitter_misc":{"Written by":"Andr\u00e9s Quiroz","Est. reading time":"3 minutes"},"schema":{"@context":"https:\/\/schema.org","@graph":[{"@type":"Article","@id":"https:\/\/www.fcbarcelonanoticias.com\/en\/players\/adama-traore-moves-away-of-the-barca-the-wolverhampton-expects-him_280303_102.html#article","isPartOf":{"@id":"https:\/\/www.fcbarcelonanoticias.com\/en\/players\/adama-traore-moves-away-of-the-barca-the-wolverhampton-expects-him_280303_102.html"},"author":{"name":"Andr\u00e9s Quiroz","@id":"https:\/\/www.fcbarcelonanoticias.com\/en\/#\/schema\/person\/c2cd9f6fa1af5c0d0eccd0fefa575c88"},"headline":"Adama Traor\u00e9 moves away from Bar\u00e7a: Wolverhampton awaits him","datePublished":"2022-05-14T19:43:00+00:00","mainEntityOfPage":{"@id":"https:\/\/www.fcbarcelonanoticias.com\/en\/players\/adama-traore-moves-away-of-the-barca-the-wolverhampton-expects-him_280303_102.html"},"wordCount":530,"image":{"@id":"https:\/\/www.fcbarcelonanoticias.com\/en\/players\/adama-traore-moves-away-of-the-barca-the-wolverhampton-expects-him_280303_102.html#primaryimage"},"thumbnailUrl":"https:\/\/www.fcbarcelonanoticias.com\/en\/wp-content\/uploads\/sites\/2\/2022\/05\/fbl-esp-liga-barcelona-osasuna-3-1.jpeg","keywords":["Adama Traor\u00e9","Xavi Hern\u00e1ndez"],"articleSection":["Players","Players"],"inLanguage":"en-US"},{"@type":"WebPage","@id":"https:\/\/www.fcbarcelonanoticias.com\/en\/players\/adama-traore-moves-away-of-the-barca-the-wolverhampton-expects-him_280303_102.html","url":"https:\/\/www.fcbarcelonanoticias.com\/en\/players\/adama-traore-moves-away-of-the-barca-the-wolverhampton-expects-him_280303_102.html","name":"Adama Traor\u00e9 Moves away of the Bar\u00e7a: The Wolverhampton expects him","isPartOf":{"@id":"https:\/\/www.fcbarcelonanoticias.com\/en\/#website"},"primaryImageOfPage":{"@id":"https:\/\/www.fcbarcelonanoticias.com\/en\/players\/adama-traore-moves-away-of-the-barca-the-wolverhampton-expects-him_280303_102.html#primaryimage"},"image":{"@id":"https:\/\/www.fcbarcelonanoticias.com\/en\/players\/adama-traore-moves-away-of-the-barca-the-wolverhampton-expects-him_280303_102.html#primaryimage"},"thumbnailUrl":"https:\/\/www.fcbarcelonanoticias.com\/en\/wp-content\/uploads\/sites\/2\/2022\/05\/fbl-esp-liga-barcelona-osasuna-3-1.jpeg","datePublished":"2022-05-14T19:43:00+00:00","author":{"@id":"https:\/\/www.fcbarcelonanoticias.com\/en\/#\/schema\/person\/c2cd9f6fa1af5c0d0eccd0fefa575c88"},"description":"Of the wintry reinforcements in attack, Adama Traor\u00e9 was the only that did not fill the expectations of the FC Barcelona. The forward has lost the confidence of Xavi...","breadcrumb":{"@id":"https:\/\/www.fcbarcelonanoticias.com\/en\/players\/adama-traore-moves-away-of-the-barca-the-wolverhampton-expects-him_280303_102.html#breadcrumb"},"inLanguage":"en-US","potentialAction":[{"@type":"ReadAction","target":["https:\/\/www.fcbarcelonanoticias.com\/en\/players\/adama-traore-moves-away-of-the-barca-the-wolverhampton-expects-him_280303_102.html"]}]},{"@type":"ImageObject","inLanguage":"en-US","@id":"https:\/\/www.fcbarcelonanoticias.com\/en\/players\/adama-traore-moves-away-of-the-barca-the-wolverhampton-expects-him_280303_102.html#primaryimage","url":"https:\/\/www.fcbarcelonanoticias.com\/en\/wp-content\/uploads\/sites\/2\/2022\/05\/fbl-esp-liga-barcelona-osasuna-3-1.jpeg","contentUrl":"https:\/\/www.fcbarcelonanoticias.com\/en\/wp-content\/uploads\/sites\/2\/2022\/05\/fbl-esp-liga-barcelona-osasuna-3-1.jpeg","width":1200,"height":748},{"@type":"BreadcrumbList","@id":"https:\/\/www.fcbarcelonanoticias.com\/en\/players\/adama-traore-moves-away-of-the-barca-the-wolverhampton-expects-him_280303_102.html#breadcrumb","itemListElement":[{"@type":"ListItem","position":1,"name":"Portada","item":"https:\/\/www.fcbarcelonanoticias.com\/en\/"},{"@type":"ListItem","position":2,"name":"Adama Traor\u00e9 moves away from Bar\u00e7a: Wolverhampton awaits him"}]},{"@type":"WebSite","@id":"https:\/\/www.fcbarcelonanoticias.com\/en\/#website","url":"https:\/\/www.fcbarcelonanoticias.com\/en\/","name":"EN - FC Barcelona Noticias","description":"","potentialAction":[{"@type":"SearchAction","target":{"@type":"EntryPoint","urlTemplate":"https:\/\/www.fcbarcelonanoticias.com\/en\/?s={search_term_string}"},"query-input":{"@type":"PropertyValueSpecification","valueRequired":true,"valueName":"search_term_string"}}],"inLanguage":"en-US"},{"@type":"Person","@id":"https:\/\/www.fcbarcelonanoticias.com\/en\/#\/schema\/person\/c2cd9f6fa1af5c0d0eccd0fefa575c88","name":"Andr\u00e9s Quiroz","image":{"@type":"ImageObject","inLanguage":"en-US","@id":"https:\/\/secure.gravatar.com\/avatar\/?s=96&d=mm&r=g","url":"https:\/\/secure.gravatar.com\/avatar\/?s=96&d=mm&r=g","contentUrl":"https:\/\/secure.gravatar.com\/avatar\/?s=96&d=mm&r=g","caption":"Andr\u00e9s Quiroz"},"description":"Licenciado en Periodismo por la Universidad de los Andes. Me encargo de analizar y compartir los contenidos m\u00e1s destacados de la\u00a0actualidad del F\u00fatbol Club Barcelona, Mercado de Fichajes y F\u00fatbol Internacional en FCBN. La informaci\u00f3n es poder, pero tambi\u00e9n conocimiento.","url":"https:\/\/www.fcbarcelonanoticias.com\/en\/fc-barcelona\/andres-quiroz_17_115.html"}]}},"_links":{"self":[{"href":"https:\/\/www.fcbarcelonanoticias.com\/en\/wp-json\/wp\/v2\/posts\/70988","targetHints":{"allow":["GET"]}}],"collection":[{"href":"https:\/\/www.fcbarcelonanoticias.com\/en\/wp-json\/wp\/v2\/posts"}],"about":[{"href":"https:\/\/www.fcbarcelonanoticias.com\/en\/wp-json\/wp\/v2\/types\/post"}],"author":[{"embeddable":true,"href":"https:\/\/www.fcbarcelonanoticias.com\/en\/wp-json\/wp\/v2\/users\/347"}],"replies":[{"embeddable":true,"href":"https:\/\/www.fcbarcelonanoticias.com\/en\/wp-json\/wp\/v2\/comments?post=70988"}],"version-history":[{"count":3,"href":"https:\/\/www.fcbarcelonanoticias.com\/en\/wp-json\/wp\/v2\/posts\/70988\/revisions"}],"predecessor-version":[{"id":70991,"href":"https:\/\/www.fcbarcelonanoticias.com\/en\/wp-json\/wp\/v2\/posts\/70988\/revisions\/70991"}],"wp:featuredmedia":[{"embeddable":true,"href":"https:\/\/www.fcbarcelonanoticias.com\/en\/wp-json\/wp\/v2\/media\/60707"}],"wp:attachment":[{"href":"https:\/\/www.fcbarcelonanoticias.com\/en\/wp-json\/wp\/v2\/media?parent=70988"}],"wp:term":[{"taxonomy":"category","embeddable":true,"href":"https:\/\/www.fcbarcelonanoticias.com\/en\/wp-json\/wp\/v2\/categories?post=70988"},{"taxonomy":"post_tag","embeddable":true,"href":"https:\/\/www.fcbarcelonanoticias.com\/en\/wp-json\/wp\/v2\/tags?post=70988"}],"curies":[{"name":"wp","href":"https:\/\/api.w.org\/{rel}","templated":true}]}}