{"id":71044,"date":"2022-03-17T20:18:00","date_gmt":"2022-03-17T19:18:00","guid":{"rendered":"https:\/\/weisetech.dev\/fc-barcelona-noticias\/en\/alarm-dest-sergino-retired-injured-is-doubt-classic_278628_102\/"},"modified":"2022-03-17T22:36:00","modified_gmt":"2022-03-17T21:36:00","slug":"alarm-dest-sergino-retired-injured-is-doubt-classic_278628_102","status":"publish","type":"post","link":"https:\/\/www.fcbarcelonanoticias.com\/en\/players\/alarm-dest-sergino-retired-injured-is-doubt-classic_278628_102.html","title":{"rendered":"Dest alarm! Sergi\u00f1o retired injured and is a doubt for the Cl\u00e1sico"},"content":{"rendered":"<h2 class=\"wp-block-heading\">Bar\u00e7a&#8217;s right-back, Sergi\u00f1o Dest, withdrew from the pitch in the match against Galatasaray due to an apparent muscle injury. The player, who replaced Dani Alves, could not continue in the match and was replaced by Ronald Ara\u00fajo<\/h2>  \r\n<div class=\"article-addons\">\r\n    <a href=\"https:\/\/www.fcbarcelonanoticias.com\/en\/calendar-fc-barcelona.html\"\r\n       target=\"_self\"\r\n       title=\"Calendar of FC Barcelona\"\r\n       class=\"blue-gredient-btn\">\r\n       \r\n        Calendar of FC Barcelona    <\/a>\r\n<\/div>   <p>The party of the <a data-external=\"0\" data-intl-links-en=\"https:\/\/www.fcbarcelonanoticias.com\/en\/fc-barcelona\" data-intl-links-es=\"https:\/\/www.fcbarcelonanoticias.com\/fc-barcelona\" href=\"https:\/\/www.fcbarcelonanoticias.com\/en\/football-soccer\/fc-barcelona.html\" rel=\"follow\" target=\"_self\" title=\"FC Barcelona\">FC Barcelona<\/a> against the Galatasaray has left sequelas in the rows blaugranas. The right-handed side of the cul\u00e9s, <a data-external=\"0\" data-intl-links-en=\"https:\/\/www.fcbarcelonanoticias.com\/en\/tags\/sergino-dest\" data-intl-links-es=\"https:\/\/www.fcbarcelonanoticias.com\/tags\/sergino-dest\" href=\"https:\/\/www.fcbarcelonanoticias.com\/en\/tags\/sergino-dest.html\" rel=\"follow\" target=\"_self\" title=\"Sergi\u00f1o Dest\">Sergi\u00f1o Dest<\/a>, <strong>had to be withdrawn of the field afterwards of an apparent muscular injury<\/strong>. The footballer felt of the right thigh after a swept to avoid a centre of a player of the Turkish. Bad news for the Barcelona group and for the American, that was doing one of the players stood out of his team.<\/p>  <p>(EXPANDING)<\/p> ","protected":false},"excerpt":{"rendered":"<p>Bar\u00e7a&#8217;s right-back, Sergi\u00f1o Dest, withdrew from the pitch in the match against Galatasaray due to an apparent muscle injury. The player, who replaced Dani Alves, could not continue in the match and was replaced by Ronald Ara\u00fajo The party of the FC Barcelona against the Galatasaray has left sequelas in the rows blaugranas. The right-handed [&hellip;]<\/p>\n","protected":false},"author":358,"featured_media":71049,"comment_status":"closed","ping_status":"open","sticky":false,"template":"","format":"standard","meta":{"_acf_changed":false,"inline_featured_image":false,"_nextfly_llmd_date_locked":false,"footnotes":""},"categories":[453,107],"tags":[53,244,136,311],"class_list":["post-71044","post","type-post","status-publish","format-standard","has-post-thumbnail","hentry","category-players-2","category-players","tag-el-clasico","tag-galatasaray","tag-injured","tag-sergino-dest"],"acf":[],"yoast_head":"<!-- This site is optimized with the Yoast SEO plugin v27.3 - https:\/\/yoast.com\/product\/yoast-seo-wordpress\/ -->\n<title>Dest alarm! Sergi\u00f1o retired injured and is a doubt for the Cl\u00e1sico<\/title>\n<meta name=\"description\" content=\"The right side of the Bar\u00e7a, Sergi\u00f1o Dest, withdrew of the field in the party against the Galatasaray by an apparent muscular injury. The player, that reempla...\" \/>\n<meta name=\"robots\" content=\"index, follow, max-snippet:-1, max-image-preview:large, max-video-preview:-1\" \/>\n<link rel=\"canonical\" href=\"https:\/\/www.fcbarcelonanoticias.com\/en\/players\/alarm-dest-sergino-retired-injured-is-doubt-classic_278628_102.html\" \/>\n<meta property=\"og:locale\" content=\"en_US\" \/>\n<meta property=\"og:type\" content=\"article\" \/>\n<meta property=\"og:title\" content=\"Dest alarm! Sergi\u00f1o retired injured and is a doubt for the Cl\u00e1sico\" \/>\n<meta property=\"og:description\" content=\"The right side of the Bar\u00e7a, Sergi\u00f1o Dest, withdrew of the field in the party against the Galatasaray by an apparent muscular injury. The player, that reempla...\" \/>\n<meta property=\"og:url\" content=\"https:\/\/www.fcbarcelonanoticias.com\/en\/players\/alarm-dest-sergino-retired-injured-is-doubt-classic_278628_102.html\" \/>\n<meta property=\"og:site_name\" content=\"EN - FC Barcelona Noticias\" \/>\n<meta property=\"article:published_time\" content=\"2022-03-17T19:18:00+00:00\" \/>\n<meta property=\"article:modified_time\" content=\"2022-03-17T21:36:00+00:00\" \/>\n<meta property=\"og:image\" content=\"https:\/\/www.fcbarcelonanoticias.com\/en\/wp-content\/uploads\/sites\/2\/2022\/03\/dest-lesion-barca.jpeg\" \/>\n\t<meta property=\"og:image:width\" content=\"1200\" \/>\n\t<meta property=\"og:image:height\" content=\"689\" \/>\n\t<meta property=\"og:image:type\" content=\"image\/jpeg\" \/>\n<meta name=\"author\" content=\"Juan Pablo Berdugo\" \/>\n<meta name=\"twitter:card\" content=\"summary_large_image\" \/>\n<meta name=\"twitter:label1\" content=\"Written by\" \/>\n\t<meta name=\"twitter:data1\" content=\"Juan Pablo Berdugo\" \/>\n\t<meta name=\"twitter:label2\" content=\"Est. reading time\" \/>\n\t<meta name=\"twitter:data2\" content=\"1 minute\" \/>\n<script type=\"application\/ld+json\" class=\"yoast-schema-graph\">{\"@context\":\"https:\\\/\\\/schema.org\",\"@graph\":[{\"@type\":\"Article\",\"@id\":\"https:\\\/\\\/www.fcbarcelonanoticias.com\\\/en\\\/players\\\/alarm-dest-sergino-retired-injured-is-doubt-classic_278628_102.html#article\",\"isPartOf\":{\"@id\":\"https:\\\/\\\/www.fcbarcelonanoticias.com\\\/en\\\/players\\\/alarm-dest-sergino-retired-injured-is-doubt-classic_278628_102.html\"},\"author\":{\"name\":\"Juan Pablo Berdugo\",\"@id\":\"https:\\\/\\\/www.fcbarcelonanoticias.com\\\/en\\\/#\\\/schema\\\/person\\\/88d756918a0a1ae9fa593b5edddd1815\"},\"headline\":\"Dest alarm! Sergi\u00f1o retired injured and is a doubt for the Cl\u00e1sico\",\"datePublished\":\"2022-03-17T19:18:00+00:00\",\"dateModified\":\"2022-03-17T21:36:00+00:00\",\"mainEntityOfPage\":{\"@id\":\"https:\\\/\\\/www.fcbarcelonanoticias.com\\\/en\\\/players\\\/alarm-dest-sergino-retired-injured-is-doubt-classic_278628_102.html\"},\"wordCount\":137,\"image\":{\"@id\":\"https:\\\/\\\/www.fcbarcelonanoticias.com\\\/en\\\/players\\\/alarm-dest-sergino-retired-injured-is-doubt-classic_278628_102.html#primaryimage\"},\"thumbnailUrl\":\"https:\\\/\\\/www.fcbarcelonanoticias.com\\\/en\\\/wp-content\\\/uploads\\\/sites\\\/2\\\/2022\\\/03\\\/dest-lesion-barca.jpeg\",\"keywords\":[\"El Cl\u00e1sico\",\"Galatasaray\",\"injured\",\"Sergi\u00f1o Dest\"],\"articleSection\":[\"Players\",\"Players\"],\"inLanguage\":\"en-US\"},{\"@type\":\"WebPage\",\"@id\":\"https:\\\/\\\/www.fcbarcelonanoticias.com\\\/en\\\/players\\\/alarm-dest-sergino-retired-injured-is-doubt-classic_278628_102.html\",\"url\":\"https:\\\/\\\/www.fcbarcelonanoticias.com\\\/en\\\/players\\\/alarm-dest-sergino-retired-injured-is-doubt-classic_278628_102.html\",\"name\":\"Dest alarm! Sergi\u00f1o retired injured and is a doubt for the Cl\u00e1sico\",\"isPartOf\":{\"@id\":\"https:\\\/\\\/www.fcbarcelonanoticias.com\\\/en\\\/#website\"},\"primaryImageOfPage\":{\"@id\":\"https:\\\/\\\/www.fcbarcelonanoticias.com\\\/en\\\/players\\\/alarm-dest-sergino-retired-injured-is-doubt-classic_278628_102.html#primaryimage\"},\"image\":{\"@id\":\"https:\\\/\\\/www.fcbarcelonanoticias.com\\\/en\\\/players\\\/alarm-dest-sergino-retired-injured-is-doubt-classic_278628_102.html#primaryimage\"},\"thumbnailUrl\":\"https:\\\/\\\/www.fcbarcelonanoticias.com\\\/en\\\/wp-content\\\/uploads\\\/sites\\\/2\\\/2022\\\/03\\\/dest-lesion-barca.jpeg\",\"datePublished\":\"2022-03-17T19:18:00+00:00\",\"dateModified\":\"2022-03-17T21:36:00+00:00\",\"author\":{\"@id\":\"https:\\\/\\\/www.fcbarcelonanoticias.com\\\/en\\\/#\\\/schema\\\/person\\\/88d756918a0a1ae9fa593b5edddd1815\"},\"description\":\"The right side of the Bar\u00e7a, Sergi\u00f1o Dest, withdrew of the field in the party against the Galatasaray by an apparent muscular injury. The player, that reempla...\",\"breadcrumb\":{\"@id\":\"https:\\\/\\\/www.fcbarcelonanoticias.com\\\/en\\\/players\\\/alarm-dest-sergino-retired-injured-is-doubt-classic_278628_102.html#breadcrumb\"},\"inLanguage\":\"en-US\",\"potentialAction\":[{\"@type\":\"ReadAction\",\"target\":[\"https:\\\/\\\/www.fcbarcelonanoticias.com\\\/en\\\/players\\\/alarm-dest-sergino-retired-injured-is-doubt-classic_278628_102.html\"]}]},{\"@type\":\"ImageObject\",\"inLanguage\":\"en-US\",\"@id\":\"https:\\\/\\\/www.fcbarcelonanoticias.com\\\/en\\\/players\\\/alarm-dest-sergino-retired-injured-is-doubt-classic_278628_102.html#primaryimage\",\"url\":\"https:\\\/\\\/www.fcbarcelonanoticias.com\\\/en\\\/wp-content\\\/uploads\\\/sites\\\/2\\\/2022\\\/03\\\/dest-lesion-barca.jpeg\",\"contentUrl\":\"https:\\\/\\\/www.fcbarcelonanoticias.com\\\/en\\\/wp-content\\\/uploads\\\/sites\\\/2\\\/2022\\\/03\\\/dest-lesion-barca.jpeg\",\"width\":1200,\"height\":689},{\"@type\":\"BreadcrumbList\",\"@id\":\"https:\\\/\\\/www.fcbarcelonanoticias.com\\\/en\\\/players\\\/alarm-dest-sergino-retired-injured-is-doubt-classic_278628_102.html#breadcrumb\",\"itemListElement\":[{\"@type\":\"ListItem\",\"position\":1,\"name\":\"Portada\",\"item\":\"https:\\\/\\\/www.fcbarcelonanoticias.com\\\/en\\\/\"},{\"@type\":\"ListItem\",\"position\":2,\"name\":\"Dest alarm! Sergi\u00f1o retired injured and is a doubt for the Cl\u00e1sico\"}]},{\"@type\":\"WebSite\",\"@id\":\"https:\\\/\\\/www.fcbarcelonanoticias.com\\\/en\\\/#website\",\"url\":\"https:\\\/\\\/www.fcbarcelonanoticias.com\\\/en\\\/\",\"name\":\"EN - FC Barcelona Noticias\",\"description\":\"\",\"potentialAction\":[{\"@type\":\"SearchAction\",\"target\":{\"@type\":\"EntryPoint\",\"urlTemplate\":\"https:\\\/\\\/www.fcbarcelonanoticias.com\\\/en\\\/?s={search_term_string}\"},\"query-input\":{\"@type\":\"PropertyValueSpecification\",\"valueRequired\":true,\"valueName\":\"search_term_string\"}}],\"inLanguage\":\"en-US\"},{\"@type\":\"Person\",\"@id\":\"https:\\\/\\\/www.fcbarcelonanoticias.com\\\/en\\\/#\\\/schema\\\/person\\\/88d756918a0a1ae9fa593b5edddd1815\",\"name\":\"Juan Pablo Berdugo\",\"image\":{\"@type\":\"ImageObject\",\"inLanguage\":\"en-US\",\"@id\":\"https:\\\/\\\/secure.gravatar.com\\\/avatar\\\/?s=96&d=mm&r=g\",\"url\":\"https:\\\/\\\/secure.gravatar.com\\\/avatar\\\/?s=96&d=mm&r=g\",\"contentUrl\":\"https:\\\/\\\/secure.gravatar.com\\\/avatar\\\/?s=96&d=mm&r=g\",\"caption\":\"Juan Pablo Berdugo\"},\"description\":\"Juan Pablo Berdugo es graduado en Periodismo. Colabora con FCBN como especialista en informaci\u00f3n del primer equipo del FC Barcelona, f\u00fatbol internacional y mercado de fichajes. Destaca por su enfoque anal\u00edtico, su rigor informativo y su capacidad para detectar tendencias emergentes en el f\u00fatbol global.\",\"url\":\"https:\\\/\\\/www.fcbarcelonanoticias.com\\\/en\\\/fc-barcelona\\\/juan-pablo-berdugo_18_115.html\"}]}<\/script>\n<!-- \/ Yoast SEO plugin. -->","yoast_head_json":{"title":"Dest alarm! Sergi\u00f1o retired injured and is a doubt for the Cl\u00e1sico","description":"The right side of the Bar\u00e7a, Sergi\u00f1o Dest, withdrew of the field in the party against the Galatasaray by an apparent muscular injury. The player, that reempla...","robots":{"index":"index","follow":"follow","max-snippet":"max-snippet:-1","max-image-preview":"max-image-preview:large","max-video-preview":"max-video-preview:-1"},"canonical":"https:\/\/www.fcbarcelonanoticias.com\/en\/players\/alarm-dest-sergino-retired-injured-is-doubt-classic_278628_102.html","og_locale":"en_US","og_type":"article","og_title":"Dest alarm! Sergi\u00f1o retired injured and is a doubt for the Cl\u00e1sico","og_description":"The right side of the Bar\u00e7a, Sergi\u00f1o Dest, withdrew of the field in the party against the Galatasaray by an apparent muscular injury. The player, that reempla...","og_url":"https:\/\/www.fcbarcelonanoticias.com\/en\/players\/alarm-dest-sergino-retired-injured-is-doubt-classic_278628_102.html","og_site_name":"EN - FC Barcelona Noticias","article_published_time":"2022-03-17T19:18:00+00:00","article_modified_time":"2022-03-17T21:36:00+00:00","og_image":[{"width":1200,"height":689,"url":"https:\/\/www.fcbarcelonanoticias.com\/en\/wp-content\/uploads\/sites\/2\/2022\/03\/dest-lesion-barca.jpeg","type":"image\/jpeg"}],"author":"Juan Pablo Berdugo","twitter_card":"summary_large_image","twitter_misc":{"Written by":"Juan Pablo Berdugo","Est. reading time":"1 minute"},"schema":{"@context":"https:\/\/schema.org","@graph":[{"@type":"Article","@id":"https:\/\/www.fcbarcelonanoticias.com\/en\/players\/alarm-dest-sergino-retired-injured-is-doubt-classic_278628_102.html#article","isPartOf":{"@id":"https:\/\/www.fcbarcelonanoticias.com\/en\/players\/alarm-dest-sergino-retired-injured-is-doubt-classic_278628_102.html"},"author":{"name":"Juan Pablo Berdugo","@id":"https:\/\/www.fcbarcelonanoticias.com\/en\/#\/schema\/person\/88d756918a0a1ae9fa593b5edddd1815"},"headline":"Dest alarm! Sergi\u00f1o retired injured and is a doubt for the Cl\u00e1sico","datePublished":"2022-03-17T19:18:00+00:00","dateModified":"2022-03-17T21:36:00+00:00","mainEntityOfPage":{"@id":"https:\/\/www.fcbarcelonanoticias.com\/en\/players\/alarm-dest-sergino-retired-injured-is-doubt-classic_278628_102.html"},"wordCount":137,"image":{"@id":"https:\/\/www.fcbarcelonanoticias.com\/en\/players\/alarm-dest-sergino-retired-injured-is-doubt-classic_278628_102.html#primaryimage"},"thumbnailUrl":"https:\/\/www.fcbarcelonanoticias.com\/en\/wp-content\/uploads\/sites\/2\/2022\/03\/dest-lesion-barca.jpeg","keywords":["El Cl\u00e1sico","Galatasaray","injured","Sergi\u00f1o Dest"],"articleSection":["Players","Players"],"inLanguage":"en-US"},{"@type":"WebPage","@id":"https:\/\/www.fcbarcelonanoticias.com\/en\/players\/alarm-dest-sergino-retired-injured-is-doubt-classic_278628_102.html","url":"https:\/\/www.fcbarcelonanoticias.com\/en\/players\/alarm-dest-sergino-retired-injured-is-doubt-classic_278628_102.html","name":"Dest alarm! Sergi\u00f1o retired injured and is a doubt for the Cl\u00e1sico","isPartOf":{"@id":"https:\/\/www.fcbarcelonanoticias.com\/en\/#website"},"primaryImageOfPage":{"@id":"https:\/\/www.fcbarcelonanoticias.com\/en\/players\/alarm-dest-sergino-retired-injured-is-doubt-classic_278628_102.html#primaryimage"},"image":{"@id":"https:\/\/www.fcbarcelonanoticias.com\/en\/players\/alarm-dest-sergino-retired-injured-is-doubt-classic_278628_102.html#primaryimage"},"thumbnailUrl":"https:\/\/www.fcbarcelonanoticias.com\/en\/wp-content\/uploads\/sites\/2\/2022\/03\/dest-lesion-barca.jpeg","datePublished":"2022-03-17T19:18:00+00:00","dateModified":"2022-03-17T21:36:00+00:00","author":{"@id":"https:\/\/www.fcbarcelonanoticias.com\/en\/#\/schema\/person\/88d756918a0a1ae9fa593b5edddd1815"},"description":"The right side of the Bar\u00e7a, Sergi\u00f1o Dest, withdrew of the field in the party against the Galatasaray by an apparent muscular injury. The player, that reempla...","breadcrumb":{"@id":"https:\/\/www.fcbarcelonanoticias.com\/en\/players\/alarm-dest-sergino-retired-injured-is-doubt-classic_278628_102.html#breadcrumb"},"inLanguage":"en-US","potentialAction":[{"@type":"ReadAction","target":["https:\/\/www.fcbarcelonanoticias.com\/en\/players\/alarm-dest-sergino-retired-injured-is-doubt-classic_278628_102.html"]}]},{"@type":"ImageObject","inLanguage":"en-US","@id":"https:\/\/www.fcbarcelonanoticias.com\/en\/players\/alarm-dest-sergino-retired-injured-is-doubt-classic_278628_102.html#primaryimage","url":"https:\/\/www.fcbarcelonanoticias.com\/en\/wp-content\/uploads\/sites\/2\/2022\/03\/dest-lesion-barca.jpeg","contentUrl":"https:\/\/www.fcbarcelonanoticias.com\/en\/wp-content\/uploads\/sites\/2\/2022\/03\/dest-lesion-barca.jpeg","width":1200,"height":689},{"@type":"BreadcrumbList","@id":"https:\/\/www.fcbarcelonanoticias.com\/en\/players\/alarm-dest-sergino-retired-injured-is-doubt-classic_278628_102.html#breadcrumb","itemListElement":[{"@type":"ListItem","position":1,"name":"Portada","item":"https:\/\/www.fcbarcelonanoticias.com\/en\/"},{"@type":"ListItem","position":2,"name":"Dest alarm! Sergi\u00f1o retired injured and is a doubt for the Cl\u00e1sico"}]},{"@type":"WebSite","@id":"https:\/\/www.fcbarcelonanoticias.com\/en\/#website","url":"https:\/\/www.fcbarcelonanoticias.com\/en\/","name":"EN - FC Barcelona Noticias","description":"","potentialAction":[{"@type":"SearchAction","target":{"@type":"EntryPoint","urlTemplate":"https:\/\/www.fcbarcelonanoticias.com\/en\/?s={search_term_string}"},"query-input":{"@type":"PropertyValueSpecification","valueRequired":true,"valueName":"search_term_string"}}],"inLanguage":"en-US"},{"@type":"Person","@id":"https:\/\/www.fcbarcelonanoticias.com\/en\/#\/schema\/person\/88d756918a0a1ae9fa593b5edddd1815","name":"Juan Pablo Berdugo","image":{"@type":"ImageObject","inLanguage":"en-US","@id":"https:\/\/secure.gravatar.com\/avatar\/?s=96&d=mm&r=g","url":"https:\/\/secure.gravatar.com\/avatar\/?s=96&d=mm&r=g","contentUrl":"https:\/\/secure.gravatar.com\/avatar\/?s=96&d=mm&r=g","caption":"Juan Pablo Berdugo"},"description":"Juan Pablo Berdugo es graduado en Periodismo. Colabora con FCBN como especialista en informaci\u00f3n del primer equipo del FC Barcelona, f\u00fatbol internacional y mercado de fichajes. Destaca por su enfoque anal\u00edtico, su rigor informativo y su capacidad para detectar tendencias emergentes en el f\u00fatbol global.","url":"https:\/\/www.fcbarcelonanoticias.com\/en\/fc-barcelona\/juan-pablo-berdugo_18_115.html"}]}},"_links":{"self":[{"href":"https:\/\/www.fcbarcelonanoticias.com\/en\/wp-json\/wp\/v2\/posts\/71044","targetHints":{"allow":["GET"]}}],"collection":[{"href":"https:\/\/www.fcbarcelonanoticias.com\/en\/wp-json\/wp\/v2\/posts"}],"about":[{"href":"https:\/\/www.fcbarcelonanoticias.com\/en\/wp-json\/wp\/v2\/types\/post"}],"author":[{"embeddable":true,"href":"https:\/\/www.fcbarcelonanoticias.com\/en\/wp-json\/wp\/v2\/users\/358"}],"replies":[{"embeddable":true,"href":"https:\/\/www.fcbarcelonanoticias.com\/en\/wp-json\/wp\/v2\/comments?post=71044"}],"version-history":[{"count":1,"href":"https:\/\/www.fcbarcelonanoticias.com\/en\/wp-json\/wp\/v2\/posts\/71044\/revisions"}],"predecessor-version":[{"id":121388,"href":"https:\/\/www.fcbarcelonanoticias.com\/en\/wp-json\/wp\/v2\/posts\/71044\/revisions\/121388"}],"wp:featuredmedia":[{"embeddable":true,"href":"https:\/\/www.fcbarcelonanoticias.com\/en\/wp-json\/wp\/v2\/media\/71049"}],"wp:attachment":[{"href":"https:\/\/www.fcbarcelonanoticias.com\/en\/wp-json\/wp\/v2\/media?parent=71044"}],"wp:term":[{"taxonomy":"category","embeddable":true,"href":"https:\/\/www.fcbarcelonanoticias.com\/en\/wp-json\/wp\/v2\/categories?post=71044"},{"taxonomy":"post_tag","embeddable":true,"href":"https:\/\/www.fcbarcelonanoticias.com\/en\/wp-json\/wp\/v2\/tags?post=71044"}],"curies":[{"name":"wp","href":"https:\/\/api.w.org\/{rel}","templated":true}]}}