{"id":7106,"date":"2022-08-07T08:35:00","date_gmt":"2022-08-07T06:35:00","guid":{"rendered":"https:\/\/weisetech.dev\/fc-barcelona-noticias\/en\/carpetas-tiene-solucionar-barcelona-antes-inicio-curso_282971_102\/"},"modified":"2022-08-07T12:13:00","modified_gmt":"2022-08-07T10:13:00","slug":"carpetas-tiene-solucionar-barcelona-antes-inicio-curso_282971_102","status":"publish","type":"post","link":"https:\/\/www.fcbarcelonanoticias.com\/en\/club\/carpetas-tiene-solucionar-barcelona-antes-inicio-curso_282971_102.html","title":{"rendered":"The &#8216;folders&#8217; that Bar\u00e7a has to solve before the start of the course"},"content":{"rendered":"<h2 class=\"wp-block-heading\">FC Barcelona will officially start the 2022-23 season next Saturday. One week before the start of LaLiga, the club still has several &#8216;folders&#8217; to solve, including the cases of up to 10 players on the squad<\/h2>  \r\n<div class=\"article-addons\">\r\n    <a href=\"https:\/\/www.fcbarcelonanoticias.com\/en\/fc-barcelona\/calendar-fc-barcelona.html\"\r\n       target=\"_self\"\r\n       title=\"Calendar of FC Barcelona\"\r\n       class=\"blue-gredient-btn\">\r\n       \r\n        Calendar of FC Barcelona    <\/a>\r\n<\/div>   <p>One week before FC Barcelona&#8217;s debut in LaLiga, time is running out at Can Bar\u00e7a to finalize the 2022-23 squad. <strong>With six reinforcements and at least a couple more on the waiting list (<a data-external=\"0\" data-intl-links-en=\"https:\/\/www.fcbarcelonanoticias.com\/en\/transfers\/thomas-tuchel-confirms-the-exit-of-marcos-alonso-with-destination-to-the-barca_282964_102.html\" data-intl-links-es=\"https:\/\/www.fcbarcelonanoticias.com\/fichajes\/thomas-tuchel-confirma-salida-marcos-alonso-con-destino-barcelona_282964_102.html\" href=\"https:\/\/www.fcbarcelonanoticias.com\/en\/fc-barcelona\/transfers\/thomas-tuchel-confirms-the-exit-of-marcos-alonso-with-destination-to-the-barca_282964_102.html\" rel=\"follow\" target=\"_self\" title=\"Thomas Tuchel confirms the departure of Marcos Alonso to Bar\u00e7a\">Marcos Alonso<\/a> and Bernardo Silva)<\/strong>, the board needs to release quotas and salary bills in the first team, for which it must decide the future of up to 10 footballers, three of them youth squad of the subsidiary.<\/p>  <p>They are <strong>Ez Abde, \u00c1lex Collado and Alejandro Bald<\/strong>e. The Moroccan winger knows that he has no place in the squad after the renewal of Ousmane Demb\u00e9l\u00e9 and the signing of Raphinha, <strong>so his departure will be processed shortly<\/strong>, probably on loan. In the case of Collado, the midfielder traveled with the team to the US tour, <strong>but the overpopulation of players in the midfield will force him to go out <\/strong>on loan after renewing his contract until 2024. <strong>The same fate awaits Balde<\/strong>, who will lose his place in the squad before the imminent arrival of Marcos Alonso.<\/p>  <p>With regard to the first team players, the case closest to being resolved is that of <strong>Neto<\/strong>. The Brazilian goalkeeper <strong>is very close to closing his transfer to Bournemouth<\/strong>, after several weeks of frustrated negotiations. The opposite case occurs with <strong>Samuel Umtiti, for whom no formal offer has been received so far<\/strong>, beyond various rumors coming from Turkey and France, mainly.<\/p>  <p>In the case of <strong>Martin Braithwaite<\/strong>, the Dane has a juicy offer to go to Saudi Arabia, although the striker would prefer to continue playing in LaLiga. <strong>Getafe and Rayo Vallecano are his probable destinations<\/strong>, as long as Bar\u00e7a chooses to give him a letter of freedom, as will happen with Neto and, probably, with Umtiti. More complicated looks the case of <strong>Miralem Pjanic<\/strong>. The Bosnian likes Xavi Hern\u00e1ndez a lot,<strong> but his permanence would imply the departure of Nico Gonz\u00e1lez if <a data-external=\"0\" data-intl-links-en=\"https:\/\/www.fcbarcelonanoticias.com\/en\/opinion\/survey-which-would-be-the-xi-of-the-barca-if-it-arrives-bernardo-silva-and-remains-of-jong_282966_102.html\" data-intl-links-es=\"https:\/\/www.fcbarcelonanoticias.com\/opinion\/encuesta-cual-seria-xi-barcelona-si-llega-bernardo-silva-se-queda-jong_282966_102.html\" href=\"https:\/\/www.fcbarcelonanoticias.com\/en\/fc-barcelona\/opinion\/survey-which-would-be-the-xi-of-the-barca-if-it-arrives-bernardo-silva-and-remains-of-jong_282966_102.html\" rel=\"follow\" target=\"_self\" title=\"POLL: What would Bar\u00e7a's XI be if Bernardo Silva arrives and De Jong stays?\">Bernardo Silva<\/a> arrived<\/strong>.<\/p>  <p>However, the arrival of the Portuguese is linked to the possible transfer of <strong>Frenkie de Jong<\/strong>. Arkel&#8217;s man has already ruled out going to Manchester United and <strong>now Chelsea is the club that intends to take him to England<\/strong>. Meanwhile, the midfielder remains firm in his intention to stay, but Joan Laporta and Mateu Alemany have already been clear with him: <strong>either his salary is lowered or he will have to leave<\/strong>, since the club cannot assume his current record.<\/p>  <h3>Memphis and Dest, two &#8216;soap operas&#8217; to solve<\/h3>  <p>Another &#8216;discard&#8217; who is running out of days to find a team is <strong>Memphis Depay<\/strong>. The &#8216;9&#8217; has already given his number to Robert Lewandowski and has known for several weeks that he has no place in the squad for 2022-23. <strong>Bar\u00e7a hopes to cash in on him, as they have good options of going to Juventus or Chelsea<\/strong>. In the event that he refuses to leave, the club will have no problem giving him a release letter, since he arrived a year ago &#8216;at zero cost&#8217;.<\/p>  <p>On the other hand, <strong>Sergi\u00f1o Dest&#8217;s situation<\/strong> is much more complex. Xavi tried Ronald Ara\u00fajo as a right-back in the preseason and <strong>Sergi Roberto seems to have won the American job<\/strong> after renewing until 2023. However,<strong> the non-arrival of C\u00e9sar Azpilicueta will mean that one of the two stays <\/strong>and, if the &#8216;2 &#8216; refuses to leave, it may be more feasible to transfer Sergi to the LA Galaxy, a club that could present a good offer for the youth squad soon.<\/p>  <p>In this way, Laporta and Alemany will work intensely to resolve most of these &#8216;folders&#8217; before the start of LaLiga. <strong>Selling and transferring players to free up wage bill, together with the activation of the <a data-external=\"0\" data-intl-links-en=\"https:\/\/www.fcbarcelonanoticias.com\/en\/club\/the-barca-works-to-activate-his-fourth-crowbar-economic_282933_102.html\" data-intl-links-es=\"https:\/\/www.fcbarcelonanoticias.com\/club\/barcelona-trabaja-activar-su-cuarta-palanca-economica_282933_102.html\" href=\"https:\/\/www.fcbarcelonanoticias.com\/en\/club\/barcelona-trabaja-activar-su-cuarta-palanca-economica_282933_102.html\" rel=\"follow\" target=\"_self\" title=\"Bar\u00e7a works to activate its fourth economic 'lever'\">fourth economic &#8216;lever&#8217;<\/a><\/strong> (the sale of the remaining 24.5% of Bar\u00e7a Studios) will allow LaLiga to adjust to financial &#8216;fair play&#8217; and have all the reinforcements available to welcome Rayo Vallecano on Saturday at the Spotify Camp Nou. The cul\u00e9 board is betting on this.<\/p> ","protected":false},"excerpt":{"rendered":"<p>FC Barcelona will officially start the 2022-23 season next Saturday. One week before the start of LaLiga, the club still has several &#8216;folders&#8217; to solve, including the cases of up to 10 players on the squad One week before FC Barcelona&#8217;s debut in LaLiga, time is running out at Can Bar\u00e7a to finalize the 2022-23 [&hellip;]<\/p>\n","protected":false},"author":347,"featured_media":7107,"comment_status":"closed","ping_status":"open","sticky":false,"template":"","format":"standard","meta":{"_acf_changed":false,"inline_featured_image":false,"_nextfly_llmd_date_locked":false,"footnotes":""},"categories":[1],"tags":[158,329],"class_list":["post-7106","post","type-post","status-publish","format-standard","has-post-thumbnail","hentry","category-sin-categoria","tag-joan-laporta","tag-mateu-alemany"],"acf":[],"yoast_head":"<!-- This site is optimized with the Yoast SEO plugin v27.3 - https:\/\/yoast.com\/product\/yoast-seo-wordpress\/ -->\n<title>The &#039;folders&#039; that Bar\u00e7a has to solve before the start of the course<\/title>\n<meta name=\"description\" content=\"The FC Barcelona will begin officially the season 2022-23 next Saturday. To a week of the start of LaLiga, the club has still several &#039;folders&#039; by sun...\" \/>\n<meta name=\"robots\" content=\"index, follow, max-snippet:-1, max-image-preview:large, max-video-preview:-1\" \/>\n<link rel=\"canonical\" href=\"https:\/\/www.fcbarcelonanoticias.com\/en\/club\/carpetas-tiene-solucionar-barcelona-antes-inicio-curso_282971_102.html\" \/>\n<meta property=\"og:locale\" content=\"en_US\" \/>\n<meta property=\"og:type\" content=\"article\" \/>\n<meta property=\"og:title\" content=\"The &#039;folders&#039; that Bar\u00e7a has to solve before the start of the course\" \/>\n<meta property=\"og:description\" content=\"The FC Barcelona will begin officially the season 2022-23 next Saturday. To a week of the start of LaLiga, the club has still several &#039;folders&#039; by sun...\" \/>\n<meta property=\"og:url\" content=\"https:\/\/www.fcbarcelonanoticias.com\/en\/club\/carpetas-tiene-solucionar-barcelona-antes-inicio-curso_282971_102.html\" \/>\n<meta property=\"og:site_name\" content=\"EN - FC Barcelona Noticias\" \/>\n<meta property=\"article:published_time\" content=\"2022-08-07T06:35:00+00:00\" \/>\n<meta property=\"article:modified_time\" content=\"2022-08-07T10:13:00+00:00\" \/>\n<meta property=\"og:image\" content=\"https:\/\/www.fcbarcelonanoticias.com\/en\/wp-content\/uploads\/sites\/2\/2022\/08\/mateu-alemany-y-jordi-cruyff.jpeg\" \/>\n\t<meta property=\"og:image:width\" content=\"1300\" \/>\n\t<meta property=\"og:image:height\" content=\"737\" \/>\n\t<meta property=\"og:image:type\" content=\"image\/jpeg\" \/>\n<meta name=\"author\" content=\"Andr\u00e9s Quiroz\" \/>\n<meta name=\"twitter:card\" content=\"summary_large_image\" \/>\n<meta name=\"twitter:label1\" content=\"Written by\" \/>\n\t<meta name=\"twitter:data1\" content=\"Andr\u00e9s Quiroz\" \/>\n\t<meta name=\"twitter:label2\" content=\"Est. reading time\" \/>\n\t<meta name=\"twitter:data2\" content=\"3 minutes\" \/>\n<script type=\"application\/ld+json\" class=\"yoast-schema-graph\">{\"@context\":\"https:\\\/\\\/schema.org\",\"@graph\":[{\"@type\":\"Article\",\"@id\":\"https:\\\/\\\/www.fcbarcelonanoticias.com\\\/en\\\/club\\\/carpetas-tiene-solucionar-barcelona-antes-inicio-curso_282971_102.html#article\",\"isPartOf\":{\"@id\":\"https:\\\/\\\/www.fcbarcelonanoticias.com\\\/en\\\/club\\\/carpetas-tiene-solucionar-barcelona-antes-inicio-curso_282971_102.html\"},\"author\":{\"name\":\"Andr\u00e9s Quiroz\",\"@id\":\"https:\\\/\\\/www.fcbarcelonanoticias.com\\\/en\\\/#\\\/schema\\\/person\\\/c2cd9f6fa1af5c0d0eccd0fefa575c88\"},\"headline\":\"The &#8216;folders&#8217; that Bar\u00e7a has to solve before the start of the course\",\"datePublished\":\"2022-08-07T06:35:00+00:00\",\"dateModified\":\"2022-08-07T10:13:00+00:00\",\"mainEntityOfPage\":{\"@id\":\"https:\\\/\\\/www.fcbarcelonanoticias.com\\\/en\\\/club\\\/carpetas-tiene-solucionar-barcelona-antes-inicio-curso_282971_102.html\"},\"wordCount\":708,\"image\":{\"@id\":\"https:\\\/\\\/www.fcbarcelonanoticias.com\\\/en\\\/club\\\/carpetas-tiene-solucionar-barcelona-antes-inicio-curso_282971_102.html#primaryimage\"},\"thumbnailUrl\":\"https:\\\/\\\/www.fcbarcelonanoticias.com\\\/en\\\/wp-content\\\/uploads\\\/sites\\\/2\\\/2022\\\/08\\\/mateu-alemany-y-jordi-cruyff.jpeg\",\"keywords\":[\"Joan Laporta\",\"Mateu Alemany\"],\"articleSection\":[\"Sin categor\u00eda\"],\"inLanguage\":\"en-US\"},{\"@type\":\"WebPage\",\"@id\":\"https:\\\/\\\/www.fcbarcelonanoticias.com\\\/en\\\/club\\\/carpetas-tiene-solucionar-barcelona-antes-inicio-curso_282971_102.html\",\"url\":\"https:\\\/\\\/www.fcbarcelonanoticias.com\\\/en\\\/club\\\/carpetas-tiene-solucionar-barcelona-antes-inicio-curso_282971_102.html\",\"name\":\"The 'folders' that Bar\u00e7a has to solve before the start of the course\",\"isPartOf\":{\"@id\":\"https:\\\/\\\/www.fcbarcelonanoticias.com\\\/en\\\/#website\"},\"primaryImageOfPage\":{\"@id\":\"https:\\\/\\\/www.fcbarcelonanoticias.com\\\/en\\\/club\\\/carpetas-tiene-solucionar-barcelona-antes-inicio-curso_282971_102.html#primaryimage\"},\"image\":{\"@id\":\"https:\\\/\\\/www.fcbarcelonanoticias.com\\\/en\\\/club\\\/carpetas-tiene-solucionar-barcelona-antes-inicio-curso_282971_102.html#primaryimage\"},\"thumbnailUrl\":\"https:\\\/\\\/www.fcbarcelonanoticias.com\\\/en\\\/wp-content\\\/uploads\\\/sites\\\/2\\\/2022\\\/08\\\/mateu-alemany-y-jordi-cruyff.jpeg\",\"datePublished\":\"2022-08-07T06:35:00+00:00\",\"dateModified\":\"2022-08-07T10:13:00+00:00\",\"author\":{\"@id\":\"https:\\\/\\\/www.fcbarcelonanoticias.com\\\/en\\\/#\\\/schema\\\/person\\\/c2cd9f6fa1af5c0d0eccd0fefa575c88\"},\"description\":\"The FC Barcelona will begin officially the season 2022-23 next Saturday. To a week of the start of LaLiga, the club has still several 'folders' by sun...\",\"breadcrumb\":{\"@id\":\"https:\\\/\\\/www.fcbarcelonanoticias.com\\\/en\\\/club\\\/carpetas-tiene-solucionar-barcelona-antes-inicio-curso_282971_102.html#breadcrumb\"},\"inLanguage\":\"en-US\",\"potentialAction\":[{\"@type\":\"ReadAction\",\"target\":[\"https:\\\/\\\/www.fcbarcelonanoticias.com\\\/en\\\/club\\\/carpetas-tiene-solucionar-barcelona-antes-inicio-curso_282971_102.html\"]}]},{\"@type\":\"ImageObject\",\"inLanguage\":\"en-US\",\"@id\":\"https:\\\/\\\/www.fcbarcelonanoticias.com\\\/en\\\/club\\\/carpetas-tiene-solucionar-barcelona-antes-inicio-curso_282971_102.html#primaryimage\",\"url\":\"https:\\\/\\\/www.fcbarcelonanoticias.com\\\/en\\\/wp-content\\\/uploads\\\/sites\\\/2\\\/2022\\\/08\\\/mateu-alemany-y-jordi-cruyff.jpeg\",\"contentUrl\":\"https:\\\/\\\/www.fcbarcelonanoticias.com\\\/en\\\/wp-content\\\/uploads\\\/sites\\\/2\\\/2022\\\/08\\\/mateu-alemany-y-jordi-cruyff.jpeg\",\"width\":1300,\"height\":737},{\"@type\":\"BreadcrumbList\",\"@id\":\"https:\\\/\\\/www.fcbarcelonanoticias.com\\\/en\\\/club\\\/carpetas-tiene-solucionar-barcelona-antes-inicio-curso_282971_102.html#breadcrumb\",\"itemListElement\":[{\"@type\":\"ListItem\",\"position\":1,\"name\":\"Portada\",\"item\":\"https:\\\/\\\/www.fcbarcelonanoticias.com\\\/en\\\/\"},{\"@type\":\"ListItem\",\"position\":2,\"name\":\"The &#8216;folders&#8217; that Bar\u00e7a has to solve before the start of the course\"}]},{\"@type\":\"WebSite\",\"@id\":\"https:\\\/\\\/www.fcbarcelonanoticias.com\\\/en\\\/#website\",\"url\":\"https:\\\/\\\/www.fcbarcelonanoticias.com\\\/en\\\/\",\"name\":\"EN - FC Barcelona Noticias\",\"description\":\"\",\"potentialAction\":[{\"@type\":\"SearchAction\",\"target\":{\"@type\":\"EntryPoint\",\"urlTemplate\":\"https:\\\/\\\/www.fcbarcelonanoticias.com\\\/en\\\/?s={search_term_string}\"},\"query-input\":{\"@type\":\"PropertyValueSpecification\",\"valueRequired\":true,\"valueName\":\"search_term_string\"}}],\"inLanguage\":\"en-US\"},{\"@type\":\"Person\",\"@id\":\"https:\\\/\\\/www.fcbarcelonanoticias.com\\\/en\\\/#\\\/schema\\\/person\\\/c2cd9f6fa1af5c0d0eccd0fefa575c88\",\"name\":\"Andr\u00e9s Quiroz\",\"image\":{\"@type\":\"ImageObject\",\"inLanguage\":\"en-US\",\"@id\":\"https:\\\/\\\/secure.gravatar.com\\\/avatar\\\/?s=96&d=mm&r=g\",\"url\":\"https:\\\/\\\/secure.gravatar.com\\\/avatar\\\/?s=96&d=mm&r=g\",\"contentUrl\":\"https:\\\/\\\/secure.gravatar.com\\\/avatar\\\/?s=96&d=mm&r=g\",\"caption\":\"Andr\u00e9s Quiroz\"},\"description\":\"Licenciado en Periodismo por la Universidad de los Andes. Me encargo de analizar y compartir los contenidos m\u00e1s destacados de la\u00a0actualidad del F\u00fatbol Club Barcelona, Mercado de Fichajes y F\u00fatbol Internacional en FCBN. La informaci\u00f3n es poder, pero tambi\u00e9n conocimiento.\",\"url\":\"https:\\\/\\\/www.fcbarcelonanoticias.com\\\/en\\\/fc-barcelona\\\/andres-quiroz_17_115.html\"}]}<\/script>\n<!-- \/ Yoast SEO plugin. -->","yoast_head_json":{"title":"The 'folders' that Bar\u00e7a has to solve before the start of the course","description":"The FC Barcelona will begin officially the season 2022-23 next Saturday. To a week of the start of LaLiga, the club has still several 'folders' by sun...","robots":{"index":"index","follow":"follow","max-snippet":"max-snippet:-1","max-image-preview":"max-image-preview:large","max-video-preview":"max-video-preview:-1"},"canonical":"https:\/\/www.fcbarcelonanoticias.com\/en\/club\/carpetas-tiene-solucionar-barcelona-antes-inicio-curso_282971_102.html","og_locale":"en_US","og_type":"article","og_title":"The 'folders' that Bar\u00e7a has to solve before the start of the course","og_description":"The FC Barcelona will begin officially the season 2022-23 next Saturday. To a week of the start of LaLiga, the club has still several 'folders' by sun...","og_url":"https:\/\/www.fcbarcelonanoticias.com\/en\/club\/carpetas-tiene-solucionar-barcelona-antes-inicio-curso_282971_102.html","og_site_name":"EN - FC Barcelona Noticias","article_published_time":"2022-08-07T06:35:00+00:00","article_modified_time":"2022-08-07T10:13:00+00:00","og_image":[{"width":1300,"height":737,"url":"https:\/\/www.fcbarcelonanoticias.com\/en\/wp-content\/uploads\/sites\/2\/2022\/08\/mateu-alemany-y-jordi-cruyff.jpeg","type":"image\/jpeg"}],"author":"Andr\u00e9s Quiroz","twitter_card":"summary_large_image","twitter_misc":{"Written by":"Andr\u00e9s Quiroz","Est. reading time":"3 minutes"},"schema":{"@context":"https:\/\/schema.org","@graph":[{"@type":"Article","@id":"https:\/\/www.fcbarcelonanoticias.com\/en\/club\/carpetas-tiene-solucionar-barcelona-antes-inicio-curso_282971_102.html#article","isPartOf":{"@id":"https:\/\/www.fcbarcelonanoticias.com\/en\/club\/carpetas-tiene-solucionar-barcelona-antes-inicio-curso_282971_102.html"},"author":{"name":"Andr\u00e9s Quiroz","@id":"https:\/\/www.fcbarcelonanoticias.com\/en\/#\/schema\/person\/c2cd9f6fa1af5c0d0eccd0fefa575c88"},"headline":"The &#8216;folders&#8217; that Bar\u00e7a has to solve before the start of the course","datePublished":"2022-08-07T06:35:00+00:00","dateModified":"2022-08-07T10:13:00+00:00","mainEntityOfPage":{"@id":"https:\/\/www.fcbarcelonanoticias.com\/en\/club\/carpetas-tiene-solucionar-barcelona-antes-inicio-curso_282971_102.html"},"wordCount":708,"image":{"@id":"https:\/\/www.fcbarcelonanoticias.com\/en\/club\/carpetas-tiene-solucionar-barcelona-antes-inicio-curso_282971_102.html#primaryimage"},"thumbnailUrl":"https:\/\/www.fcbarcelonanoticias.com\/en\/wp-content\/uploads\/sites\/2\/2022\/08\/mateu-alemany-y-jordi-cruyff.jpeg","keywords":["Joan Laporta","Mateu Alemany"],"articleSection":["Sin categor\u00eda"],"inLanguage":"en-US"},{"@type":"WebPage","@id":"https:\/\/www.fcbarcelonanoticias.com\/en\/club\/carpetas-tiene-solucionar-barcelona-antes-inicio-curso_282971_102.html","url":"https:\/\/www.fcbarcelonanoticias.com\/en\/club\/carpetas-tiene-solucionar-barcelona-antes-inicio-curso_282971_102.html","name":"The 'folders' that Bar\u00e7a has to solve before the start of the course","isPartOf":{"@id":"https:\/\/www.fcbarcelonanoticias.com\/en\/#website"},"primaryImageOfPage":{"@id":"https:\/\/www.fcbarcelonanoticias.com\/en\/club\/carpetas-tiene-solucionar-barcelona-antes-inicio-curso_282971_102.html#primaryimage"},"image":{"@id":"https:\/\/www.fcbarcelonanoticias.com\/en\/club\/carpetas-tiene-solucionar-barcelona-antes-inicio-curso_282971_102.html#primaryimage"},"thumbnailUrl":"https:\/\/www.fcbarcelonanoticias.com\/en\/wp-content\/uploads\/sites\/2\/2022\/08\/mateu-alemany-y-jordi-cruyff.jpeg","datePublished":"2022-08-07T06:35:00+00:00","dateModified":"2022-08-07T10:13:00+00:00","author":{"@id":"https:\/\/www.fcbarcelonanoticias.com\/en\/#\/schema\/person\/c2cd9f6fa1af5c0d0eccd0fefa575c88"},"description":"The FC Barcelona will begin officially the season 2022-23 next Saturday. To a week of the start of LaLiga, the club has still several 'folders' by sun...","breadcrumb":{"@id":"https:\/\/www.fcbarcelonanoticias.com\/en\/club\/carpetas-tiene-solucionar-barcelona-antes-inicio-curso_282971_102.html#breadcrumb"},"inLanguage":"en-US","potentialAction":[{"@type":"ReadAction","target":["https:\/\/www.fcbarcelonanoticias.com\/en\/club\/carpetas-tiene-solucionar-barcelona-antes-inicio-curso_282971_102.html"]}]},{"@type":"ImageObject","inLanguage":"en-US","@id":"https:\/\/www.fcbarcelonanoticias.com\/en\/club\/carpetas-tiene-solucionar-barcelona-antes-inicio-curso_282971_102.html#primaryimage","url":"https:\/\/www.fcbarcelonanoticias.com\/en\/wp-content\/uploads\/sites\/2\/2022\/08\/mateu-alemany-y-jordi-cruyff.jpeg","contentUrl":"https:\/\/www.fcbarcelonanoticias.com\/en\/wp-content\/uploads\/sites\/2\/2022\/08\/mateu-alemany-y-jordi-cruyff.jpeg","width":1300,"height":737},{"@type":"BreadcrumbList","@id":"https:\/\/www.fcbarcelonanoticias.com\/en\/club\/carpetas-tiene-solucionar-barcelona-antes-inicio-curso_282971_102.html#breadcrumb","itemListElement":[{"@type":"ListItem","position":1,"name":"Portada","item":"https:\/\/www.fcbarcelonanoticias.com\/en\/"},{"@type":"ListItem","position":2,"name":"The &#8216;folders&#8217; that Bar\u00e7a has to solve before the start of the course"}]},{"@type":"WebSite","@id":"https:\/\/www.fcbarcelonanoticias.com\/en\/#website","url":"https:\/\/www.fcbarcelonanoticias.com\/en\/","name":"EN - FC Barcelona Noticias","description":"","potentialAction":[{"@type":"SearchAction","target":{"@type":"EntryPoint","urlTemplate":"https:\/\/www.fcbarcelonanoticias.com\/en\/?s={search_term_string}"},"query-input":{"@type":"PropertyValueSpecification","valueRequired":true,"valueName":"search_term_string"}}],"inLanguage":"en-US"},{"@type":"Person","@id":"https:\/\/www.fcbarcelonanoticias.com\/en\/#\/schema\/person\/c2cd9f6fa1af5c0d0eccd0fefa575c88","name":"Andr\u00e9s Quiroz","image":{"@type":"ImageObject","inLanguage":"en-US","@id":"https:\/\/secure.gravatar.com\/avatar\/?s=96&d=mm&r=g","url":"https:\/\/secure.gravatar.com\/avatar\/?s=96&d=mm&r=g","contentUrl":"https:\/\/secure.gravatar.com\/avatar\/?s=96&d=mm&r=g","caption":"Andr\u00e9s Quiroz"},"description":"Licenciado en Periodismo por la Universidad de los Andes. Me encargo de analizar y compartir los contenidos m\u00e1s destacados de la\u00a0actualidad del F\u00fatbol Club Barcelona, Mercado de Fichajes y F\u00fatbol Internacional en FCBN. La informaci\u00f3n es poder, pero tambi\u00e9n conocimiento.","url":"https:\/\/www.fcbarcelonanoticias.com\/en\/fc-barcelona\/andres-quiroz_17_115.html"}]}},"_links":{"self":[{"href":"https:\/\/www.fcbarcelonanoticias.com\/en\/wp-json\/wp\/v2\/posts\/7106","targetHints":{"allow":["GET"]}}],"collection":[{"href":"https:\/\/www.fcbarcelonanoticias.com\/en\/wp-json\/wp\/v2\/posts"}],"about":[{"href":"https:\/\/www.fcbarcelonanoticias.com\/en\/wp-json\/wp\/v2\/types\/post"}],"author":[{"embeddable":true,"href":"https:\/\/www.fcbarcelonanoticias.com\/en\/wp-json\/wp\/v2\/users\/347"}],"replies":[{"embeddable":true,"href":"https:\/\/www.fcbarcelonanoticias.com\/en\/wp-json\/wp\/v2\/comments?post=7106"}],"version-history":[{"count":8,"href":"https:\/\/www.fcbarcelonanoticias.com\/en\/wp-json\/wp\/v2\/posts\/7106\/revisions"}],"predecessor-version":[{"id":10382,"href":"https:\/\/www.fcbarcelonanoticias.com\/en\/wp-json\/wp\/v2\/posts\/7106\/revisions\/10382"}],"wp:featuredmedia":[{"embeddable":true,"href":"https:\/\/www.fcbarcelonanoticias.com\/en\/wp-json\/wp\/v2\/media\/7107"}],"wp:attachment":[{"href":"https:\/\/www.fcbarcelonanoticias.com\/en\/wp-json\/wp\/v2\/media?parent=7106"}],"wp:term":[{"taxonomy":"category","embeddable":true,"href":"https:\/\/www.fcbarcelonanoticias.com\/en\/wp-json\/wp\/v2\/categories?post=7106"},{"taxonomy":"post_tag","embeddable":true,"href":"https:\/\/www.fcbarcelonanoticias.com\/en\/wp-json\/wp\/v2\/tags?post=7106"}],"curies":[{"name":"wp","href":"https:\/\/api.w.org\/{rel}","templated":true}]}}