{"id":71063,"date":"2022-05-10T22:57:00","date_gmt":"2022-05-10T20:57:00","guid":{"rendered":"https:\/\/weisetech.dev\/fc-barcelona-noticias\/en\/alarm-ronald-araujo-abandoned-the-barca-celtic-in-stretcher_280178_102\/"},"modified":"2022-05-11T02:03:00","modified_gmt":"2022-05-11T00:03:00","slug":"alarm-ronald-araujo-abandoned-the-barca-celtic-in-stretcher_280178_102","status":"publish","type":"post","link":"https:\/\/www.fcbarcelonanoticias.com\/en\/players\/alarm-ronald-araujo-abandoned-the-barca-celtic-in-stretcher_280178_102.html","title":{"rendered":"ALARM: Ronald Ara\u00fajo abandoned the Bar\u00e7a-Celtic in stretcher"},"content":{"rendered":"<h2 class=\"wp-block-heading\">Alarms lit in the FC Barcelona: Ronald Ara\u00fajo abandoned the terrain of game happened the hour of party, against the Celtic of Vigo, after a hard crash with Gavi that left him &#8216;KO&#8217;<\/h2>  \r\n<div class=\"article-addons\">\r\n    <a href=\"https:\/\/www.fcbarcelonanoticias.com\/en\/calendar-fc-barcelona.html\"\r\n       target=\"_self\"\r\n       title=\"Calendar of FC Barcelona\"\r\n       class=\"blue-gredient-btn\">\r\n       \r\n        Calendar of FC Barcelona    <\/a>\r\n<\/div>   <p>You alarm lit in the FC Barcelona! Ronald Ara\u00fajo left lesionado, in stretcher and ambulance after a hard crash with Gavi happened the hour of party against the Celtic of Vigo. The central charr\u00faa remained adolorido in the head and the medical services saw forced to ingresar to the field to carry it, probably direct to the hospital of Barcelona.<\/p>  <p>(IN BRIEF will EXPAND THE INFORMATION).<\/p> ","protected":false},"excerpt":{"rendered":"<p>Alarms lit in the FC Barcelona: Ronald Ara\u00fajo abandoned the terrain of game happened the hour of party, against the Celtic of Vigo, after a hard crash with Gavi that left him &#8216;KO&#8217; You alarm lit in the FC Barcelona! Ronald Ara\u00fajo left lesionado, in stretcher and ambulance after a hard crash with Gavi happened [&hellip;]<\/p>\n","protected":false},"author":352,"featured_media":71067,"comment_status":"closed","ping_status":"open","sticky":false,"template":"","format":"standard","meta":{"_acf_changed":false,"inline_featured_image":false,"_nextfly_llmd_date_locked":false,"footnotes":""},"categories":[107,453],"tags":[],"class_list":["post-71063","post","type-post","status-publish","format-standard","has-post-thumbnail","hentry","category-players","category-players-2"],"acf":[],"yoast_head":"<!-- This site is optimized with the Yoast SEO plugin v27.3 - https:\/\/yoast.com\/product\/yoast-seo-wordpress\/ -->\n<title>ALARM: Ronald Ara\u00fajo abandoned the Bar\u00e7a-Celtic in stretcher<\/title>\n<meta name=\"description\" content=\"Alarms lit in the FC Barcelona: Ronald Ara\u00fajo abandoned the terrain of game happened the hour of party, against the Celtic of Vigo, after a hard crash with...\" \/>\n<meta name=\"robots\" content=\"index, follow, max-snippet:-1, max-image-preview:large, max-video-preview:-1\" \/>\n<link rel=\"canonical\" href=\"https:\/\/www.fcbarcelonanoticias.com\/en\/players\/alarm-ronald-araujo-abandoned-the-barca-celtic-in-stretcher_280178_102.html\" \/>\n<meta property=\"og:locale\" content=\"en_US\" \/>\n<meta property=\"og:type\" content=\"article\" \/>\n<meta property=\"og:title\" content=\"ALARM: Ronald Ara\u00fajo abandoned the Bar\u00e7a-Celtic in stretcher\" \/>\n<meta property=\"og:description\" content=\"Alarms lit in the FC Barcelona: Ronald Ara\u00fajo abandoned the terrain of game happened the hour of party, against the Celtic of Vigo, after a hard crash with...\" \/>\n<meta property=\"og:url\" content=\"https:\/\/www.fcbarcelonanoticias.com\/en\/players\/alarm-ronald-araujo-abandoned-the-barca-celtic-in-stretcher_280178_102.html\" \/>\n<meta property=\"og:site_name\" content=\"EN - FC Barcelona Noticias\" \/>\n<meta property=\"article:published_time\" content=\"2022-05-10T20:57:00+00:00\" \/>\n<meta property=\"article:modified_time\" content=\"2022-05-11T00:03:00+00:00\" \/>\n<meta property=\"og:image\" content=\"https:\/\/www.fcbarcelonanoticias.com\/en\/wp-content\/uploads\/sites\/2\/2022\/05\/los-servicios-me-dicos-atienden-a-ronald-arau-jo.jpeg\" \/>\n\t<meta property=\"og:image:width\" content=\"1200\" \/>\n\t<meta property=\"og:image:height\" content=\"675\" \/>\n\t<meta property=\"og:image:type\" content=\"image\/jpeg\" \/>\n<meta name=\"author\" content=\"Paola Guevara\" \/>\n<meta name=\"twitter:card\" content=\"summary_large_image\" \/>\n<meta name=\"twitter:label1\" content=\"Written by\" \/>\n\t<meta name=\"twitter:data1\" content=\"Paola Guevara\" \/>\n\t<meta name=\"twitter:label2\" content=\"Est. reading time\" \/>\n\t<meta name=\"twitter:data2\" content=\"1 minute\" \/>\n<script type=\"application\/ld+json\" class=\"yoast-schema-graph\">{\"@context\":\"https:\\\/\\\/schema.org\",\"@graph\":[{\"@type\":\"Article\",\"@id\":\"https:\\\/\\\/www.fcbarcelonanoticias.com\\\/en\\\/players\\\/alarm-ronald-araujo-abandoned-the-barca-celtic-in-stretcher_280178_102.html#article\",\"isPartOf\":{\"@id\":\"https:\\\/\\\/www.fcbarcelonanoticias.com\\\/en\\\/players\\\/alarm-ronald-araujo-abandoned-the-barca-celtic-in-stretcher_280178_102.html\"},\"author\":{\"name\":\"Paola Guevara\",\"@id\":\"https:\\\/\\\/www.fcbarcelonanoticias.com\\\/en\\\/#\\\/schema\\\/person\\\/3b408513ee236e64c3043ec901f019ee\"},\"headline\":\"ALARM: Ronald Ara\u00fajo abandoned the Bar\u00e7a-Celtic in stretcher\",\"datePublished\":\"2022-05-10T20:57:00+00:00\",\"dateModified\":\"2022-05-11T00:03:00+00:00\",\"mainEntityOfPage\":{\"@id\":\"https:\\\/\\\/www.fcbarcelonanoticias.com\\\/en\\\/players\\\/alarm-ronald-araujo-abandoned-the-barca-celtic-in-stretcher_280178_102.html\"},\"wordCount\":112,\"image\":{\"@id\":\"https:\\\/\\\/www.fcbarcelonanoticias.com\\\/en\\\/players\\\/alarm-ronald-araujo-abandoned-the-barca-celtic-in-stretcher_280178_102.html#primaryimage\"},\"thumbnailUrl\":\"https:\\\/\\\/www.fcbarcelonanoticias.com\\\/en\\\/wp-content\\\/uploads\\\/sites\\\/2\\\/2022\\\/05\\\/los-servicios-me-dicos-atienden-a-ronald-arau-jo.jpeg\",\"articleSection\":[\"Players\",\"Players\"],\"inLanguage\":\"en-US\"},{\"@type\":\"WebPage\",\"@id\":\"https:\\\/\\\/www.fcbarcelonanoticias.com\\\/en\\\/players\\\/alarm-ronald-araujo-abandoned-the-barca-celtic-in-stretcher_280178_102.html\",\"url\":\"https:\\\/\\\/www.fcbarcelonanoticias.com\\\/en\\\/players\\\/alarm-ronald-araujo-abandoned-the-barca-celtic-in-stretcher_280178_102.html\",\"name\":\"ALARM: Ronald Ara\u00fajo abandoned the Bar\u00e7a-Celtic in stretcher\",\"isPartOf\":{\"@id\":\"https:\\\/\\\/www.fcbarcelonanoticias.com\\\/en\\\/#website\"},\"primaryImageOfPage\":{\"@id\":\"https:\\\/\\\/www.fcbarcelonanoticias.com\\\/en\\\/players\\\/alarm-ronald-araujo-abandoned-the-barca-celtic-in-stretcher_280178_102.html#primaryimage\"},\"image\":{\"@id\":\"https:\\\/\\\/www.fcbarcelonanoticias.com\\\/en\\\/players\\\/alarm-ronald-araujo-abandoned-the-barca-celtic-in-stretcher_280178_102.html#primaryimage\"},\"thumbnailUrl\":\"https:\\\/\\\/www.fcbarcelonanoticias.com\\\/en\\\/wp-content\\\/uploads\\\/sites\\\/2\\\/2022\\\/05\\\/los-servicios-me-dicos-atienden-a-ronald-arau-jo.jpeg\",\"datePublished\":\"2022-05-10T20:57:00+00:00\",\"dateModified\":\"2022-05-11T00:03:00+00:00\",\"author\":{\"@id\":\"https:\\\/\\\/www.fcbarcelonanoticias.com\\\/en\\\/#\\\/schema\\\/person\\\/3b408513ee236e64c3043ec901f019ee\"},\"description\":\"Alarms lit in the FC Barcelona: Ronald Ara\u00fajo abandoned the terrain of game happened the hour of party, against the Celtic of Vigo, after a hard crash with...\",\"breadcrumb\":{\"@id\":\"https:\\\/\\\/www.fcbarcelonanoticias.com\\\/en\\\/players\\\/alarm-ronald-araujo-abandoned-the-barca-celtic-in-stretcher_280178_102.html#breadcrumb\"},\"inLanguage\":\"en-US\",\"potentialAction\":[{\"@type\":\"ReadAction\",\"target\":[\"https:\\\/\\\/www.fcbarcelonanoticias.com\\\/en\\\/players\\\/alarm-ronald-araujo-abandoned-the-barca-celtic-in-stretcher_280178_102.html\"]}]},{\"@type\":\"ImageObject\",\"inLanguage\":\"en-US\",\"@id\":\"https:\\\/\\\/www.fcbarcelonanoticias.com\\\/en\\\/players\\\/alarm-ronald-araujo-abandoned-the-barca-celtic-in-stretcher_280178_102.html#primaryimage\",\"url\":\"https:\\\/\\\/www.fcbarcelonanoticias.com\\\/en\\\/wp-content\\\/uploads\\\/sites\\\/2\\\/2022\\\/05\\\/los-servicios-me-dicos-atienden-a-ronald-arau-jo.jpeg\",\"contentUrl\":\"https:\\\/\\\/www.fcbarcelonanoticias.com\\\/en\\\/wp-content\\\/uploads\\\/sites\\\/2\\\/2022\\\/05\\\/los-servicios-me-dicos-atienden-a-ronald-arau-jo.jpeg\",\"width\":1200,\"height\":675},{\"@type\":\"BreadcrumbList\",\"@id\":\"https:\\\/\\\/www.fcbarcelonanoticias.com\\\/en\\\/players\\\/alarm-ronald-araujo-abandoned-the-barca-celtic-in-stretcher_280178_102.html#breadcrumb\",\"itemListElement\":[{\"@type\":\"ListItem\",\"position\":1,\"name\":\"Portada\",\"item\":\"https:\\\/\\\/www.fcbarcelonanoticias.com\\\/en\\\/\"},{\"@type\":\"ListItem\",\"position\":2,\"name\":\"ALARM: Ronald Ara\u00fajo abandoned the Bar\u00e7a-Celtic in stretcher\"}]},{\"@type\":\"WebSite\",\"@id\":\"https:\\\/\\\/www.fcbarcelonanoticias.com\\\/en\\\/#website\",\"url\":\"https:\\\/\\\/www.fcbarcelonanoticias.com\\\/en\\\/\",\"name\":\"EN - FC Barcelona Noticias\",\"description\":\"\",\"potentialAction\":[{\"@type\":\"SearchAction\",\"target\":{\"@type\":\"EntryPoint\",\"urlTemplate\":\"https:\\\/\\\/www.fcbarcelonanoticias.com\\\/en\\\/?s={search_term_string}\"},\"query-input\":{\"@type\":\"PropertyValueSpecification\",\"valueRequired\":true,\"valueName\":\"search_term_string\"}}],\"inLanguage\":\"en-US\"},{\"@type\":\"Person\",\"@id\":\"https:\\\/\\\/www.fcbarcelonanoticias.com\\\/en\\\/#\\\/schema\\\/person\\\/3b408513ee236e64c3043ec901f019ee\",\"name\":\"Paola Guevara\",\"image\":{\"@type\":\"ImageObject\",\"inLanguage\":\"en-US\",\"@id\":\"https:\\\/\\\/secure.gravatar.com\\\/avatar\\\/?s=96&d=mm&r=g\",\"url\":\"https:\\\/\\\/secure.gravatar.com\\\/avatar\\\/?s=96&d=mm&r=g\",\"contentUrl\":\"https:\\\/\\\/secure.gravatar.com\\\/avatar\\\/?s=96&d=mm&r=g\",\"caption\":\"Paola Guevara\"},\"url\":\"https:\\\/\\\/www.fcbarcelonanoticias.com\\\/en\\\/fc-barcelona\\\/paola-guevara_9_115.html\"}]}<\/script>\n<!-- \/ Yoast SEO plugin. -->","yoast_head_json":{"title":"ALARM: Ronald Ara\u00fajo abandoned the Bar\u00e7a-Celtic in stretcher","description":"Alarms lit in the FC Barcelona: Ronald Ara\u00fajo abandoned the terrain of game happened the hour of party, against the Celtic of Vigo, after a hard crash with...","robots":{"index":"index","follow":"follow","max-snippet":"max-snippet:-1","max-image-preview":"max-image-preview:large","max-video-preview":"max-video-preview:-1"},"canonical":"https:\/\/www.fcbarcelonanoticias.com\/en\/players\/alarm-ronald-araujo-abandoned-the-barca-celtic-in-stretcher_280178_102.html","og_locale":"en_US","og_type":"article","og_title":"ALARM: Ronald Ara\u00fajo abandoned the Bar\u00e7a-Celtic in stretcher","og_description":"Alarms lit in the FC Barcelona: Ronald Ara\u00fajo abandoned the terrain of game happened the hour of party, against the Celtic of Vigo, after a hard crash with...","og_url":"https:\/\/www.fcbarcelonanoticias.com\/en\/players\/alarm-ronald-araujo-abandoned-the-barca-celtic-in-stretcher_280178_102.html","og_site_name":"EN - FC Barcelona Noticias","article_published_time":"2022-05-10T20:57:00+00:00","article_modified_time":"2022-05-11T00:03:00+00:00","og_image":[{"width":1200,"height":675,"url":"https:\/\/www.fcbarcelonanoticias.com\/en\/wp-content\/uploads\/sites\/2\/2022\/05\/los-servicios-me-dicos-atienden-a-ronald-arau-jo.jpeg","type":"image\/jpeg"}],"author":"Paola Guevara","twitter_card":"summary_large_image","twitter_misc":{"Written by":"Paola Guevara","Est. reading time":"1 minute"},"schema":{"@context":"https:\/\/schema.org","@graph":[{"@type":"Article","@id":"https:\/\/www.fcbarcelonanoticias.com\/en\/players\/alarm-ronald-araujo-abandoned-the-barca-celtic-in-stretcher_280178_102.html#article","isPartOf":{"@id":"https:\/\/www.fcbarcelonanoticias.com\/en\/players\/alarm-ronald-araujo-abandoned-the-barca-celtic-in-stretcher_280178_102.html"},"author":{"name":"Paola Guevara","@id":"https:\/\/www.fcbarcelonanoticias.com\/en\/#\/schema\/person\/3b408513ee236e64c3043ec901f019ee"},"headline":"ALARM: Ronald Ara\u00fajo abandoned the Bar\u00e7a-Celtic in stretcher","datePublished":"2022-05-10T20:57:00+00:00","dateModified":"2022-05-11T00:03:00+00:00","mainEntityOfPage":{"@id":"https:\/\/www.fcbarcelonanoticias.com\/en\/players\/alarm-ronald-araujo-abandoned-the-barca-celtic-in-stretcher_280178_102.html"},"wordCount":112,"image":{"@id":"https:\/\/www.fcbarcelonanoticias.com\/en\/players\/alarm-ronald-araujo-abandoned-the-barca-celtic-in-stretcher_280178_102.html#primaryimage"},"thumbnailUrl":"https:\/\/www.fcbarcelonanoticias.com\/en\/wp-content\/uploads\/sites\/2\/2022\/05\/los-servicios-me-dicos-atienden-a-ronald-arau-jo.jpeg","articleSection":["Players","Players"],"inLanguage":"en-US"},{"@type":"WebPage","@id":"https:\/\/www.fcbarcelonanoticias.com\/en\/players\/alarm-ronald-araujo-abandoned-the-barca-celtic-in-stretcher_280178_102.html","url":"https:\/\/www.fcbarcelonanoticias.com\/en\/players\/alarm-ronald-araujo-abandoned-the-barca-celtic-in-stretcher_280178_102.html","name":"ALARM: Ronald Ara\u00fajo abandoned the Bar\u00e7a-Celtic in stretcher","isPartOf":{"@id":"https:\/\/www.fcbarcelonanoticias.com\/en\/#website"},"primaryImageOfPage":{"@id":"https:\/\/www.fcbarcelonanoticias.com\/en\/players\/alarm-ronald-araujo-abandoned-the-barca-celtic-in-stretcher_280178_102.html#primaryimage"},"image":{"@id":"https:\/\/www.fcbarcelonanoticias.com\/en\/players\/alarm-ronald-araujo-abandoned-the-barca-celtic-in-stretcher_280178_102.html#primaryimage"},"thumbnailUrl":"https:\/\/www.fcbarcelonanoticias.com\/en\/wp-content\/uploads\/sites\/2\/2022\/05\/los-servicios-me-dicos-atienden-a-ronald-arau-jo.jpeg","datePublished":"2022-05-10T20:57:00+00:00","dateModified":"2022-05-11T00:03:00+00:00","author":{"@id":"https:\/\/www.fcbarcelonanoticias.com\/en\/#\/schema\/person\/3b408513ee236e64c3043ec901f019ee"},"description":"Alarms lit in the FC Barcelona: Ronald Ara\u00fajo abandoned the terrain of game happened the hour of party, against the Celtic of Vigo, after a hard crash with...","breadcrumb":{"@id":"https:\/\/www.fcbarcelonanoticias.com\/en\/players\/alarm-ronald-araujo-abandoned-the-barca-celtic-in-stretcher_280178_102.html#breadcrumb"},"inLanguage":"en-US","potentialAction":[{"@type":"ReadAction","target":["https:\/\/www.fcbarcelonanoticias.com\/en\/players\/alarm-ronald-araujo-abandoned-the-barca-celtic-in-stretcher_280178_102.html"]}]},{"@type":"ImageObject","inLanguage":"en-US","@id":"https:\/\/www.fcbarcelonanoticias.com\/en\/players\/alarm-ronald-araujo-abandoned-the-barca-celtic-in-stretcher_280178_102.html#primaryimage","url":"https:\/\/www.fcbarcelonanoticias.com\/en\/wp-content\/uploads\/sites\/2\/2022\/05\/los-servicios-me-dicos-atienden-a-ronald-arau-jo.jpeg","contentUrl":"https:\/\/www.fcbarcelonanoticias.com\/en\/wp-content\/uploads\/sites\/2\/2022\/05\/los-servicios-me-dicos-atienden-a-ronald-arau-jo.jpeg","width":1200,"height":675},{"@type":"BreadcrumbList","@id":"https:\/\/www.fcbarcelonanoticias.com\/en\/players\/alarm-ronald-araujo-abandoned-the-barca-celtic-in-stretcher_280178_102.html#breadcrumb","itemListElement":[{"@type":"ListItem","position":1,"name":"Portada","item":"https:\/\/www.fcbarcelonanoticias.com\/en\/"},{"@type":"ListItem","position":2,"name":"ALARM: Ronald Ara\u00fajo abandoned the Bar\u00e7a-Celtic in stretcher"}]},{"@type":"WebSite","@id":"https:\/\/www.fcbarcelonanoticias.com\/en\/#website","url":"https:\/\/www.fcbarcelonanoticias.com\/en\/","name":"EN - FC Barcelona Noticias","description":"","potentialAction":[{"@type":"SearchAction","target":{"@type":"EntryPoint","urlTemplate":"https:\/\/www.fcbarcelonanoticias.com\/en\/?s={search_term_string}"},"query-input":{"@type":"PropertyValueSpecification","valueRequired":true,"valueName":"search_term_string"}}],"inLanguage":"en-US"},{"@type":"Person","@id":"https:\/\/www.fcbarcelonanoticias.com\/en\/#\/schema\/person\/3b408513ee236e64c3043ec901f019ee","name":"Paola Guevara","image":{"@type":"ImageObject","inLanguage":"en-US","@id":"https:\/\/secure.gravatar.com\/avatar\/?s=96&d=mm&r=g","url":"https:\/\/secure.gravatar.com\/avatar\/?s=96&d=mm&r=g","contentUrl":"https:\/\/secure.gravatar.com\/avatar\/?s=96&d=mm&r=g","caption":"Paola Guevara"},"url":"https:\/\/www.fcbarcelonanoticias.com\/en\/fc-barcelona\/paola-guevara_9_115.html"}]}},"_links":{"self":[{"href":"https:\/\/www.fcbarcelonanoticias.com\/en\/wp-json\/wp\/v2\/posts\/71063","targetHints":{"allow":["GET"]}}],"collection":[{"href":"https:\/\/www.fcbarcelonanoticias.com\/en\/wp-json\/wp\/v2\/posts"}],"about":[{"href":"https:\/\/www.fcbarcelonanoticias.com\/en\/wp-json\/wp\/v2\/types\/post"}],"author":[{"embeddable":true,"href":"https:\/\/www.fcbarcelonanoticias.com\/en\/wp-json\/wp\/v2\/users\/352"}],"replies":[{"embeddable":true,"href":"https:\/\/www.fcbarcelonanoticias.com\/en\/wp-json\/wp\/v2\/comments?post=71063"}],"version-history":[{"count":1,"href":"https:\/\/www.fcbarcelonanoticias.com\/en\/wp-json\/wp\/v2\/posts\/71063\/revisions"}],"predecessor-version":[{"id":71064,"href":"https:\/\/www.fcbarcelonanoticias.com\/en\/wp-json\/wp\/v2\/posts\/71063\/revisions\/71064"}],"wp:featuredmedia":[{"embeddable":true,"href":"https:\/\/www.fcbarcelonanoticias.com\/en\/wp-json\/wp\/v2\/media\/71067"}],"wp:attachment":[{"href":"https:\/\/www.fcbarcelonanoticias.com\/en\/wp-json\/wp\/v2\/media?parent=71063"}],"wp:term":[{"taxonomy":"category","embeddable":true,"href":"https:\/\/www.fcbarcelonanoticias.com\/en\/wp-json\/wp\/v2\/categories?post=71063"},{"taxonomy":"post_tag","embeddable":true,"href":"https:\/\/www.fcbarcelonanoticias.com\/en\/wp-json\/wp\/v2\/tags?post=71063"}],"curies":[{"name":"wp","href":"https:\/\/api.w.org\/{rel}","templated":true}]}}