{"id":71091,"date":"2022-11-03T17:05:00","date_gmt":"2022-11-03T16:05:00","guid":{"rendered":"https:\/\/weisetech.dev\/fc-barcelona-noticias\/en\/data-benzema-in-champions-makes-clear-his-terrible-state-form_286172_102\/"},"modified":"2022-11-03T17:09:00","modified_gmt":"2022-11-03T16:09:00","slug":"data-benzema-in-champions-makes-clear-his-terrible-state-form_286172_102","status":"publish","type":"post","link":"https:\/\/www.fcbarcelonanoticias.com\/en\/players\/data-benzema-in-champions-makes-clear-his-terrible-state-form_286172_102.html","title":{"rendered":"Benzema&#8217;s figure in the Champions that makes clear his terrible state of form"},"content":{"rendered":"<h2 class=\"wp-block-heading\">Karim Benzema has had a difficult start to the season. The various physical setbacks he has suffered in recent weeks have reduced his performance and this was evident in the Champions League, where the &#8216;9&#8217; has not yet celebrated a goal<\/h2>  \r\n<div class=\"article-addons\">\r\n    <a href=\"https:\/\/www.fcbarcelonanoticias.com\/en\/calendar-fc-barcelona.html\"\r\n       target=\"_self\"\r\n       title=\"Calendar of FC Barcelona\"\r\n       class=\"blue-gredient-btn\">\r\n       \r\n        Calendar of FC Barcelona    <\/a>\r\n<\/div>   <p>The season 2021-2022 was a &#8216;dreamed&#8217; for Karim Benzema. The French, that has done charge to lead the attack of the <a data-external=\"0\" data-intl-links-en=\"https:\/\/www.fcbarcelonanoticias.com\/en\/real-madrid\" data-intl-links-es=\"https:\/\/www.fcbarcelonanoticias.com\/real-madrid\" href=\"https:\/\/www.fcbarcelonanoticias.com\/en\/football-soccer\/real-madrid.html\" rel=\"follow\" target=\"_self\" title=\"Real Madrid\">Real Madrid<\/a> from the exit of <a data-external=\"0\" data-intl-links-en=\"https:\/\/www.fcbarcelonanoticias.com\/en\/tags\/cristiano-ronaldo\" data-intl-links-es=\"https:\/\/www.fcbarcelonanoticias.com\/tags\/cristiano-ronaldo\" href=\"https:\/\/www.fcbarcelonanoticias.com\/en\/tags\/cristiano-ronaldo.html\" rel=\"follow\" target=\"_self\" title=\"Cristiano Ronaldo\">Cristiano Ronaldo<\/a>, finished of &#8216;explode&#8217; all his potential and was the maximum figure of the &#8216;triplete&#8217; achieved by the merengues, <strong>those who attained to raise the League, the Champions League and the Supercopa of Spain with the &#8216;cat&#8217; as leading<\/strong>. This big level carried him to be awarded with the Balloon of Gold, that was the &#8216;guinda&#8217; of a course excelso of the &#8216;9&#8217;.<\/p>  <p>However, the present campaign of the forward has not gone as it expected . The footballer is accusing the enormous physical effort made during the year and has been very punished by the injuries, <strong>that have kept him in the dry dam in 7 of the 18 parties contested by the group directed by Carlo Ancelotti in what it goes of season<\/strong>. To the not being to 100%, the performance of the player has seen extremely mermado, leaving in the happened the level showed in the 21-22.<\/p>  <p>This has remained in evidence in the phase of groups of the current edition of the UEFA Champions League. Benzema Did not annotate neither an alone goal in the four parties of which formed part, <strong>being the first time in all his career that remains without celebrating some so much in this stage of the European competition<\/strong>. In spite of that only it played two complete meetings, the true is that the one of Lyon follows being very far of his best version.<\/p>  <p>And it is that the international with the French selection <strong>carried 17 consecutive seasons marking, at least, a target in the first round of the championship<\/strong>. A series that saw cut because of the abysmal state of form in which I find the &#8216;star&#8217; madridista. The footballer went back to the terrains of games the past Wednesday in the crash in front of the Celtic after being 10 days of drop, and although the party already was sentenced, the ariete could not add to the list of goleadores.<\/p>  <h3>The youngsters take a step forward<\/h3>  <p>In front of the absence of Karim, has been the trio of youngsters &#8216;cracks&#8217; of the Madrid those who have guided to the team. Vin\u00edcius Jr., Rodrygo and Fede Valverde took the &#8216;witness&#8217; of Frenchman and have consecrated like the maximum scorers of the White House in what it goes of campaign. <strong>Vini Leads the ranking with 10 so many, gone on down the &#8216;falcon&#8217; with 8 and the ex of the Saints with 7<\/strong>. Behind them it finds Benzema, that has celebrated 6 targets while it has been available and will look for to increase his once recovered account of his physical problems.<\/p> ","protected":false},"excerpt":{"rendered":"<p>Karim Benzema has had a difficult start to the season. The various physical setbacks he has suffered in recent weeks have reduced his performance and this was evident in the Champions League, where the &#8216;9&#8217; has not yet celebrated a goal The season 2021-2022 was a &#8216;dreamed&#8217; for Karim Benzema. The French, that has done [&hellip;]<\/p>\n","protected":false},"author":358,"featured_media":50365,"comment_status":"closed","ping_status":"open","sticky":false,"template":"","format":"standard","meta":{"_acf_changed":false,"inline_featured_image":false,"_nextfly_llmd_date_locked":false,"footnotes":""},"categories":[453,107],"tags":[],"class_list":["post-71091","post","type-post","status-publish","format-standard","has-post-thumbnail","hentry","category-players-2","category-players"],"acf":[],"yoast_head":"<!-- This site is optimized with the Yoast SEO plugin v27.3 - https:\/\/yoast.com\/product\/yoast-seo-wordpress\/ -->\n<title>Benzema&#039;s figure in the Champions that makes clear his terrible state of form<\/title>\n<meta name=\"description\" content=\"Karim Benzema has lived a start of season complicated. The diverse physical setbacks that has suffered in the last weeks have mermado his rendimie...\" \/>\n<meta name=\"robots\" content=\"index, follow, max-snippet:-1, max-image-preview:large, max-video-preview:-1\" \/>\n<link rel=\"canonical\" href=\"https:\/\/www.fcbarcelonanoticias.com\/en\/players\/data-benzema-in-champions-makes-clear-his-terrible-state-form_286172_102.html\" \/>\n<meta property=\"og:locale\" content=\"en_US\" \/>\n<meta property=\"og:type\" content=\"article\" \/>\n<meta property=\"og:title\" content=\"Benzema&#039;s figure in the Champions that makes clear his terrible state of form\" \/>\n<meta property=\"og:description\" content=\"Karim Benzema has lived a start of season complicated. The diverse physical setbacks that has suffered in the last weeks have mermado his rendimie...\" \/>\n<meta property=\"og:url\" content=\"https:\/\/www.fcbarcelonanoticias.com\/en\/players\/data-benzema-in-champions-makes-clear-his-terrible-state-form_286172_102.html\" \/>\n<meta property=\"og:site_name\" content=\"EN - FC Barcelona Noticias\" \/>\n<meta property=\"article:published_time\" content=\"2022-11-03T16:05:00+00:00\" \/>\n<meta property=\"article:modified_time\" content=\"2022-11-03T16:09:00+00:00\" \/>\n<meta property=\"og:image\" content=\"https:\/\/www.fcbarcelonanoticias.com\/en\/wp-content\/uploads\/sites\/2\/2022\/09\/celtic-fc-v-real-madrid-group-f-uefa-champions-league-1.jpeg\" \/>\n\t<meta property=\"og:image:width\" content=\"1200\" \/>\n\t<meta property=\"og:image:height\" content=\"749\" \/>\n\t<meta property=\"og:image:type\" content=\"image\/jpeg\" \/>\n<meta name=\"author\" content=\"Juan Pablo Berdugo\" \/>\n<meta name=\"twitter:card\" content=\"summary_large_image\" \/>\n<meta name=\"twitter:label1\" content=\"Written by\" \/>\n\t<meta name=\"twitter:data1\" content=\"Juan Pablo Berdugo\" \/>\n\t<meta name=\"twitter:label2\" content=\"Est. reading time\" \/>\n\t<meta name=\"twitter:data2\" content=\"2 minutes\" \/>\n<script type=\"application\/ld+json\" class=\"yoast-schema-graph\">{\"@context\":\"https:\\\/\\\/schema.org\",\"@graph\":[{\"@type\":\"Article\",\"@id\":\"https:\\\/\\\/www.fcbarcelonanoticias.com\\\/en\\\/players\\\/data-benzema-in-champions-makes-clear-his-terrible-state-form_286172_102.html#article\",\"isPartOf\":{\"@id\":\"https:\\\/\\\/www.fcbarcelonanoticias.com\\\/en\\\/players\\\/data-benzema-in-champions-makes-clear-his-terrible-state-form_286172_102.html\"},\"author\":{\"name\":\"Juan Pablo Berdugo\",\"@id\":\"https:\\\/\\\/www.fcbarcelonanoticias.com\\\/en\\\/#\\\/schema\\\/person\\\/88d756918a0a1ae9fa593b5edddd1815\"},\"headline\":\"Benzema&#8217;s figure in the Champions that makes clear his terrible state of form\",\"datePublished\":\"2022-11-03T16:05:00+00:00\",\"dateModified\":\"2022-11-03T16:09:00+00:00\",\"mainEntityOfPage\":{\"@id\":\"https:\\\/\\\/www.fcbarcelonanoticias.com\\\/en\\\/players\\\/data-benzema-in-champions-makes-clear-his-terrible-state-form_286172_102.html\"},\"wordCount\":503,\"image\":{\"@id\":\"https:\\\/\\\/www.fcbarcelonanoticias.com\\\/en\\\/players\\\/data-benzema-in-champions-makes-clear-his-terrible-state-form_286172_102.html#primaryimage\"},\"thumbnailUrl\":\"https:\\\/\\\/www.fcbarcelonanoticias.com\\\/en\\\/wp-content\\\/uploads\\\/sites\\\/2\\\/2022\\\/09\\\/celtic-fc-v-real-madrid-group-f-uefa-champions-league-1.jpeg\",\"articleSection\":[\"Players\",\"Players\"],\"inLanguage\":\"en-US\"},{\"@type\":\"WebPage\",\"@id\":\"https:\\\/\\\/www.fcbarcelonanoticias.com\\\/en\\\/players\\\/data-benzema-in-champions-makes-clear-his-terrible-state-form_286172_102.html\",\"url\":\"https:\\\/\\\/www.fcbarcelonanoticias.com\\\/en\\\/players\\\/data-benzema-in-champions-makes-clear-his-terrible-state-form_286172_102.html\",\"name\":\"Benzema's figure in the Champions that makes clear his terrible state of form\",\"isPartOf\":{\"@id\":\"https:\\\/\\\/www.fcbarcelonanoticias.com\\\/en\\\/#website\"},\"primaryImageOfPage\":{\"@id\":\"https:\\\/\\\/www.fcbarcelonanoticias.com\\\/en\\\/players\\\/data-benzema-in-champions-makes-clear-his-terrible-state-form_286172_102.html#primaryimage\"},\"image\":{\"@id\":\"https:\\\/\\\/www.fcbarcelonanoticias.com\\\/en\\\/players\\\/data-benzema-in-champions-makes-clear-his-terrible-state-form_286172_102.html#primaryimage\"},\"thumbnailUrl\":\"https:\\\/\\\/www.fcbarcelonanoticias.com\\\/en\\\/wp-content\\\/uploads\\\/sites\\\/2\\\/2022\\\/09\\\/celtic-fc-v-real-madrid-group-f-uefa-champions-league-1.jpeg\",\"datePublished\":\"2022-11-03T16:05:00+00:00\",\"dateModified\":\"2022-11-03T16:09:00+00:00\",\"author\":{\"@id\":\"https:\\\/\\\/www.fcbarcelonanoticias.com\\\/en\\\/#\\\/schema\\\/person\\\/88d756918a0a1ae9fa593b5edddd1815\"},\"description\":\"Karim Benzema has lived a start of season complicated. The diverse physical setbacks that has suffered in the last weeks have mermado his rendimie...\",\"breadcrumb\":{\"@id\":\"https:\\\/\\\/www.fcbarcelonanoticias.com\\\/en\\\/players\\\/data-benzema-in-champions-makes-clear-his-terrible-state-form_286172_102.html#breadcrumb\"},\"inLanguage\":\"en-US\",\"potentialAction\":[{\"@type\":\"ReadAction\",\"target\":[\"https:\\\/\\\/www.fcbarcelonanoticias.com\\\/en\\\/players\\\/data-benzema-in-champions-makes-clear-his-terrible-state-form_286172_102.html\"]}]},{\"@type\":\"ImageObject\",\"inLanguage\":\"en-US\",\"@id\":\"https:\\\/\\\/www.fcbarcelonanoticias.com\\\/en\\\/players\\\/data-benzema-in-champions-makes-clear-his-terrible-state-form_286172_102.html#primaryimage\",\"url\":\"https:\\\/\\\/www.fcbarcelonanoticias.com\\\/en\\\/wp-content\\\/uploads\\\/sites\\\/2\\\/2022\\\/09\\\/celtic-fc-v-real-madrid-group-f-uefa-champions-league-1.jpeg\",\"contentUrl\":\"https:\\\/\\\/www.fcbarcelonanoticias.com\\\/en\\\/wp-content\\\/uploads\\\/sites\\\/2\\\/2022\\\/09\\\/celtic-fc-v-real-madrid-group-f-uefa-champions-league-1.jpeg\",\"width\":1200,\"height\":749},{\"@type\":\"BreadcrumbList\",\"@id\":\"https:\\\/\\\/www.fcbarcelonanoticias.com\\\/en\\\/players\\\/data-benzema-in-champions-makes-clear-his-terrible-state-form_286172_102.html#breadcrumb\",\"itemListElement\":[{\"@type\":\"ListItem\",\"position\":1,\"name\":\"Portada\",\"item\":\"https:\\\/\\\/www.fcbarcelonanoticias.com\\\/en\\\/\"},{\"@type\":\"ListItem\",\"position\":2,\"name\":\"Benzema&#8217;s figure in the Champions that makes clear his terrible state of form\"}]},{\"@type\":\"WebSite\",\"@id\":\"https:\\\/\\\/www.fcbarcelonanoticias.com\\\/en\\\/#website\",\"url\":\"https:\\\/\\\/www.fcbarcelonanoticias.com\\\/en\\\/\",\"name\":\"EN - FC Barcelona Noticias\",\"description\":\"\",\"potentialAction\":[{\"@type\":\"SearchAction\",\"target\":{\"@type\":\"EntryPoint\",\"urlTemplate\":\"https:\\\/\\\/www.fcbarcelonanoticias.com\\\/en\\\/?s={search_term_string}\"},\"query-input\":{\"@type\":\"PropertyValueSpecification\",\"valueRequired\":true,\"valueName\":\"search_term_string\"}}],\"inLanguage\":\"en-US\"},{\"@type\":\"Person\",\"@id\":\"https:\\\/\\\/www.fcbarcelonanoticias.com\\\/en\\\/#\\\/schema\\\/person\\\/88d756918a0a1ae9fa593b5edddd1815\",\"name\":\"Juan Pablo Berdugo\",\"image\":{\"@type\":\"ImageObject\",\"inLanguage\":\"en-US\",\"@id\":\"https:\\\/\\\/secure.gravatar.com\\\/avatar\\\/?s=96&d=mm&r=g\",\"url\":\"https:\\\/\\\/secure.gravatar.com\\\/avatar\\\/?s=96&d=mm&r=g\",\"contentUrl\":\"https:\\\/\\\/secure.gravatar.com\\\/avatar\\\/?s=96&d=mm&r=g\",\"caption\":\"Juan Pablo Berdugo\"},\"description\":\"Juan Pablo Berdugo es graduado en Periodismo. Colabora con FCBN como especialista en informaci\u00f3n del primer equipo del FC Barcelona, f\u00fatbol internacional y mercado de fichajes. Destaca por su enfoque anal\u00edtico, su rigor informativo y su capacidad para detectar tendencias emergentes en el f\u00fatbol global.\",\"url\":\"https:\\\/\\\/www.fcbarcelonanoticias.com\\\/en\\\/fc-barcelona\\\/juan-pablo-berdugo_18_115.html\"}]}<\/script>\n<!-- \/ Yoast SEO plugin. -->","yoast_head_json":{"title":"Benzema's figure in the Champions that makes clear his terrible state of form","description":"Karim Benzema has lived a start of season complicated. The diverse physical setbacks that has suffered in the last weeks have mermado his rendimie...","robots":{"index":"index","follow":"follow","max-snippet":"max-snippet:-1","max-image-preview":"max-image-preview:large","max-video-preview":"max-video-preview:-1"},"canonical":"https:\/\/www.fcbarcelonanoticias.com\/en\/players\/data-benzema-in-champions-makes-clear-his-terrible-state-form_286172_102.html","og_locale":"en_US","og_type":"article","og_title":"Benzema's figure in the Champions that makes clear his terrible state of form","og_description":"Karim Benzema has lived a start of season complicated. The diverse physical setbacks that has suffered in the last weeks have mermado his rendimie...","og_url":"https:\/\/www.fcbarcelonanoticias.com\/en\/players\/data-benzema-in-champions-makes-clear-his-terrible-state-form_286172_102.html","og_site_name":"EN - FC Barcelona Noticias","article_published_time":"2022-11-03T16:05:00+00:00","article_modified_time":"2022-11-03T16:09:00+00:00","og_image":[{"width":1200,"height":749,"url":"https:\/\/www.fcbarcelonanoticias.com\/en\/wp-content\/uploads\/sites\/2\/2022\/09\/celtic-fc-v-real-madrid-group-f-uefa-champions-league-1.jpeg","type":"image\/jpeg"}],"author":"Juan Pablo Berdugo","twitter_card":"summary_large_image","twitter_misc":{"Written by":"Juan Pablo Berdugo","Est. reading time":"2 minutes"},"schema":{"@context":"https:\/\/schema.org","@graph":[{"@type":"Article","@id":"https:\/\/www.fcbarcelonanoticias.com\/en\/players\/data-benzema-in-champions-makes-clear-his-terrible-state-form_286172_102.html#article","isPartOf":{"@id":"https:\/\/www.fcbarcelonanoticias.com\/en\/players\/data-benzema-in-champions-makes-clear-his-terrible-state-form_286172_102.html"},"author":{"name":"Juan Pablo Berdugo","@id":"https:\/\/www.fcbarcelonanoticias.com\/en\/#\/schema\/person\/88d756918a0a1ae9fa593b5edddd1815"},"headline":"Benzema&#8217;s figure in the Champions that makes clear his terrible state of form","datePublished":"2022-11-03T16:05:00+00:00","dateModified":"2022-11-03T16:09:00+00:00","mainEntityOfPage":{"@id":"https:\/\/www.fcbarcelonanoticias.com\/en\/players\/data-benzema-in-champions-makes-clear-his-terrible-state-form_286172_102.html"},"wordCount":503,"image":{"@id":"https:\/\/www.fcbarcelonanoticias.com\/en\/players\/data-benzema-in-champions-makes-clear-his-terrible-state-form_286172_102.html#primaryimage"},"thumbnailUrl":"https:\/\/www.fcbarcelonanoticias.com\/en\/wp-content\/uploads\/sites\/2\/2022\/09\/celtic-fc-v-real-madrid-group-f-uefa-champions-league-1.jpeg","articleSection":["Players","Players"],"inLanguage":"en-US"},{"@type":"WebPage","@id":"https:\/\/www.fcbarcelonanoticias.com\/en\/players\/data-benzema-in-champions-makes-clear-his-terrible-state-form_286172_102.html","url":"https:\/\/www.fcbarcelonanoticias.com\/en\/players\/data-benzema-in-champions-makes-clear-his-terrible-state-form_286172_102.html","name":"Benzema's figure in the Champions that makes clear his terrible state of form","isPartOf":{"@id":"https:\/\/www.fcbarcelonanoticias.com\/en\/#website"},"primaryImageOfPage":{"@id":"https:\/\/www.fcbarcelonanoticias.com\/en\/players\/data-benzema-in-champions-makes-clear-his-terrible-state-form_286172_102.html#primaryimage"},"image":{"@id":"https:\/\/www.fcbarcelonanoticias.com\/en\/players\/data-benzema-in-champions-makes-clear-his-terrible-state-form_286172_102.html#primaryimage"},"thumbnailUrl":"https:\/\/www.fcbarcelonanoticias.com\/en\/wp-content\/uploads\/sites\/2\/2022\/09\/celtic-fc-v-real-madrid-group-f-uefa-champions-league-1.jpeg","datePublished":"2022-11-03T16:05:00+00:00","dateModified":"2022-11-03T16:09:00+00:00","author":{"@id":"https:\/\/www.fcbarcelonanoticias.com\/en\/#\/schema\/person\/88d756918a0a1ae9fa593b5edddd1815"},"description":"Karim Benzema has lived a start of season complicated. The diverse physical setbacks that has suffered in the last weeks have mermado his rendimie...","breadcrumb":{"@id":"https:\/\/www.fcbarcelonanoticias.com\/en\/players\/data-benzema-in-champions-makes-clear-his-terrible-state-form_286172_102.html#breadcrumb"},"inLanguage":"en-US","potentialAction":[{"@type":"ReadAction","target":["https:\/\/www.fcbarcelonanoticias.com\/en\/players\/data-benzema-in-champions-makes-clear-his-terrible-state-form_286172_102.html"]}]},{"@type":"ImageObject","inLanguage":"en-US","@id":"https:\/\/www.fcbarcelonanoticias.com\/en\/players\/data-benzema-in-champions-makes-clear-his-terrible-state-form_286172_102.html#primaryimage","url":"https:\/\/www.fcbarcelonanoticias.com\/en\/wp-content\/uploads\/sites\/2\/2022\/09\/celtic-fc-v-real-madrid-group-f-uefa-champions-league-1.jpeg","contentUrl":"https:\/\/www.fcbarcelonanoticias.com\/en\/wp-content\/uploads\/sites\/2\/2022\/09\/celtic-fc-v-real-madrid-group-f-uefa-champions-league-1.jpeg","width":1200,"height":749},{"@type":"BreadcrumbList","@id":"https:\/\/www.fcbarcelonanoticias.com\/en\/players\/data-benzema-in-champions-makes-clear-his-terrible-state-form_286172_102.html#breadcrumb","itemListElement":[{"@type":"ListItem","position":1,"name":"Portada","item":"https:\/\/www.fcbarcelonanoticias.com\/en\/"},{"@type":"ListItem","position":2,"name":"Benzema&#8217;s figure in the Champions that makes clear his terrible state of form"}]},{"@type":"WebSite","@id":"https:\/\/www.fcbarcelonanoticias.com\/en\/#website","url":"https:\/\/www.fcbarcelonanoticias.com\/en\/","name":"EN - FC Barcelona Noticias","description":"","potentialAction":[{"@type":"SearchAction","target":{"@type":"EntryPoint","urlTemplate":"https:\/\/www.fcbarcelonanoticias.com\/en\/?s={search_term_string}"},"query-input":{"@type":"PropertyValueSpecification","valueRequired":true,"valueName":"search_term_string"}}],"inLanguage":"en-US"},{"@type":"Person","@id":"https:\/\/www.fcbarcelonanoticias.com\/en\/#\/schema\/person\/88d756918a0a1ae9fa593b5edddd1815","name":"Juan Pablo Berdugo","image":{"@type":"ImageObject","inLanguage":"en-US","@id":"https:\/\/secure.gravatar.com\/avatar\/?s=96&d=mm&r=g","url":"https:\/\/secure.gravatar.com\/avatar\/?s=96&d=mm&r=g","contentUrl":"https:\/\/secure.gravatar.com\/avatar\/?s=96&d=mm&r=g","caption":"Juan Pablo Berdugo"},"description":"Juan Pablo Berdugo es graduado en Periodismo. Colabora con FCBN como especialista en informaci\u00f3n del primer equipo del FC Barcelona, f\u00fatbol internacional y mercado de fichajes. Destaca por su enfoque anal\u00edtico, su rigor informativo y su capacidad para detectar tendencias emergentes en el f\u00fatbol global.","url":"https:\/\/www.fcbarcelonanoticias.com\/en\/fc-barcelona\/juan-pablo-berdugo_18_115.html"}]}},"_links":{"self":[{"href":"https:\/\/www.fcbarcelonanoticias.com\/en\/wp-json\/wp\/v2\/posts\/71091","targetHints":{"allow":["GET"]}}],"collection":[{"href":"https:\/\/www.fcbarcelonanoticias.com\/en\/wp-json\/wp\/v2\/posts"}],"about":[{"href":"https:\/\/www.fcbarcelonanoticias.com\/en\/wp-json\/wp\/v2\/types\/post"}],"author":[{"embeddable":true,"href":"https:\/\/www.fcbarcelonanoticias.com\/en\/wp-json\/wp\/v2\/users\/358"}],"replies":[{"embeddable":true,"href":"https:\/\/www.fcbarcelonanoticias.com\/en\/wp-json\/wp\/v2\/comments?post=71091"}],"version-history":[{"count":1,"href":"https:\/\/www.fcbarcelonanoticias.com\/en\/wp-json\/wp\/v2\/posts\/71091\/revisions"}],"predecessor-version":[{"id":121071,"href":"https:\/\/www.fcbarcelonanoticias.com\/en\/wp-json\/wp\/v2\/posts\/71091\/revisions\/121071"}],"wp:featuredmedia":[{"embeddable":true,"href":"https:\/\/www.fcbarcelonanoticias.com\/en\/wp-json\/wp\/v2\/media\/50365"}],"wp:attachment":[{"href":"https:\/\/www.fcbarcelonanoticias.com\/en\/wp-json\/wp\/v2\/media?parent=71091"}],"wp:term":[{"taxonomy":"category","embeddable":true,"href":"https:\/\/www.fcbarcelonanoticias.com\/en\/wp-json\/wp\/v2\/categories?post=71091"},{"taxonomy":"post_tag","embeddable":true,"href":"https:\/\/www.fcbarcelonanoticias.com\/en\/wp-json\/wp\/v2\/tags?post=71091"}],"curies":[{"name":"wp","href":"https:\/\/api.w.org\/{rel}","templated":true}]}}