{"id":71266,"date":"2023-08-30T10:32:00","date_gmt":"2023-08-30T08:32:00","guid":{"rendered":"https:\/\/weisetech.dev\/fc-barcelona-noticias\/en\/final-sentence-fc-barcelona-with-vitor-roque_295627_102\/"},"modified":"2023-08-30T10:32:00","modified_gmt":"2023-08-30T08:32:00","slug":"final-sentence-fc-barcelona-with-vitor-roque_295627_102","status":"publish","type":"post","link":"https:\/\/www.fcbarcelonanoticias.com\/en\/players\/final-sentence-fc-barcelona-with-vitor-roque_295627_102.html","title":{"rendered":"The final &#8216;sentence&#8217; of FC Barcelona with Vitor Roque"},"content":{"rendered":"<h2 class=\"wp-block-heading\">New information from &#8216;SPORT&#8217; suggests that FC Barcelona went back to test the possibility that Vitor Roque &#8216;go ahead&#8217; with his landing in Barcelona, but they have given up<\/h2>  \r\n<div class=\"article-addons\">\r\n    <a href=\"https:\/\/www.fcbarcelonanoticias.com\/en\/calendar-fc-barcelona.html\"\r\n       target=\"_self\"\r\n       title=\"Calendar of FC Barcelona\"\r\n       class=\"blue-gredient-btn\">\r\n       \r\n        Calendar of FC Barcelona    <\/a>\r\n<\/div>   <p><strong>They are many the small histories that live during the market of signings estival.<\/strong> From it does some time was rumore\u00e1ndose that the <a data-external=\"0\" data-intl-links-en=\"https:\/\/www.fcbarcelonanoticias.com\/en\/fc-barcelona\" data-intl-links-es=\"https:\/\/www.fcbarcelonanoticias.com\/fc-barcelona\" href=\"https:\/\/www.fcbarcelonanoticias.com\/en\/football-soccer\/fc-barcelona.html\" rel=\"follow\" target=\"_self\" title=\"FC Barcelona\">FC Barcelona<\/a> was tanteando the possibility to advance the landing of Vitor Roque in the City Condal. The possibility increased after the exit of Ousmane Demb\u00e9l\u00e9 to the Paris Saint-Germain and, although from Brazil closed in band, the cul\u00e9s have tried it until the last day, without success.<\/p>  <p>The main reason by which the Bar\u00e7a insisted with so much strength was by Xavi Hern\u00e1ndez, the one who although of public way confirmed that the attacker of 18 years recalar\u00eda in January and that did not go to move of the initial plan<strong>, wanted to have Roque so prompt as it was possible.<\/strong> There are not doubts on what can offer to the Barcelona picture, place has showed to be a &#8216;machine&#8217; to generate danger, occasions and, more important still, goals.<\/p>  <h2>The Bar\u00e7a has insisted by Roque<\/h2>  <p>As &#8216;SPORT&#8217;, although publicly from the club affirmed that they did not go to alter the plans of the Athletico Paranaense, the reality is that until does very few days would have been negotiating the possibility by means of his agent, Andr\u00e9 Cury, the one who tried to serve of &#8216;link&#8217; to help to the cul\u00e9s. From the beginning, in any case,<strong> knew that it was a very complicated option to carry out, but had intention to exhaust all the possibilities. <\/strong><\/p>  <p>It is necessary to put in context that the rumours began when, after the exit of Demb\u00e9l\u00e9, the Paranaense was to the doors to be deleted of the Glass Libertadores. It was the big aim in this year, by what in case to remain &#8216;KO&#8217; opened the doors to that they left to go out to &#8216;Triguinho&#8217;. However, the leaders of the club closed the doors to the possibility arguing that they still had to litigate by the S\u00e9rie To and that they had to classify to the next edition of the continental tournament.<\/p>  <h2>In January will arrive Vitor Roque<\/h2>  <p>The options of the Bar\u00e7a <strong>went through to pay an economic compensation to the ones of Curitiba, but from the club did not see it so clear.<\/strong> However, the conversations kept to try arrive to an agreement. Xavi Hern\u00e1ndez was the main impulsor and Deco, sportive director, seconded him, although at all times they were conscious of the difficulties no only to convince to the Paranaense, but to include the agreement of the player in the Fair Play of LaLiga. This summer was very, very difficult and in January, by the &#8216;eases&#8217; that puts the patronal, there will be any problem.<\/p> ","protected":false},"excerpt":{"rendered":"<p>New information from &#8216;SPORT&#8217; suggests that FC Barcelona went back to test the possibility that Vitor Roque &#8216;go ahead&#8217; with his landing in Barcelona, but they have given up They are many the small histories that live during the market of signings estival. From it does some time was rumore\u00e1ndose that the FC Barcelona was [&hellip;]<\/p>\n","protected":false},"author":0,"featured_media":14524,"comment_status":"closed","ping_status":"open","sticky":false,"template":"","format":"standard","meta":{"_acf_changed":false,"inline_featured_image":false,"_nextfly_llmd_date_locked":false,"footnotes":""},"categories":[453,107],"tags":[327],"class_list":["post-71266","post","type-post","status-publish","format-standard","has-post-thumbnail","hentry","category-players-2","category-players","tag-vitor-roque"],"acf":[],"yoast_head":"<!-- This site is optimized with the Yoast SEO plugin v27.3 - https:\/\/yoast.com\/product\/yoast-seo-wordpress\/ -->\n<title>The final &#039;sentence&#039; of FC Barcelona with Vitor Roque<\/title>\n<meta name=\"description\" content=\"A new information of &#039;SPORT&#039; suggests that the FC Barcelona went back to tantear the possibility that Vitor Roque &#039;advance&#039; his landing in the City Condal, but have given by defeated\" \/>\n<meta name=\"robots\" content=\"index, follow, max-snippet:-1, max-image-preview:large, max-video-preview:-1\" \/>\n<link rel=\"canonical\" href=\"https:\/\/www.fcbarcelonanoticias.com\/en\/players\/final-sentence-fc-barcelona-with-vitor-roque_295627_102.html\" \/>\n<meta property=\"og:locale\" content=\"en_US\" \/>\n<meta property=\"og:type\" content=\"article\" \/>\n<meta property=\"og:title\" content=\"The final &#039;sentence&#039; of FC Barcelona with Vitor Roque\" \/>\n<meta property=\"og:description\" content=\"A new information of &#039;SPORT&#039; suggests that the FC Barcelona went back to tantear the possibility that Vitor Roque &#039;advance&#039; his landing in the City Condal, but have given by defeated\" \/>\n<meta property=\"og:url\" content=\"https:\/\/www.fcbarcelonanoticias.com\/en\/players\/final-sentence-fc-barcelona-with-vitor-roque_295627_102.html\" \/>\n<meta property=\"og:site_name\" content=\"EN - FC Barcelona Noticias\" \/>\n<meta property=\"article:published_time\" content=\"2023-08-30T08:32:00+00:00\" \/>\n<meta property=\"og:image\" content=\"https:\/\/www.fcbarcelonanoticias.com\/en\/wp-content\/uploads\/sites\/2\/2023\/11\/vitor-roque-partido7.jpeg\" \/>\n\t<meta property=\"og:image:width\" content=\"1300\" \/>\n\t<meta property=\"og:image:height\" content=\"733\" \/>\n\t<meta property=\"og:image:type\" content=\"image\/jpeg\" \/>\n<meta name=\"twitter:card\" content=\"summary_large_image\" \/>\n<meta name=\"twitter:label1\" content=\"Est. reading time\" \/>\n\t<meta name=\"twitter:data1\" content=\"2 minutes\" \/>\n<script type=\"application\/ld+json\" class=\"yoast-schema-graph\">{\"@context\":\"https:\\\/\\\/schema.org\",\"@graph\":[{\"@type\":\"Article\",\"@id\":\"https:\\\/\\\/www.fcbarcelonanoticias.com\\\/en\\\/players\\\/final-sentence-fc-barcelona-with-vitor-roque_295627_102.html#article\",\"isPartOf\":{\"@id\":\"https:\\\/\\\/www.fcbarcelonanoticias.com\\\/en\\\/players\\\/final-sentence-fc-barcelona-with-vitor-roque_295627_102.html\"},\"author\":{\"name\":\"\",\"@id\":\"\"},\"headline\":\"The final &#8216;sentence&#8217; of FC Barcelona with Vitor Roque\",\"datePublished\":\"2023-08-30T08:32:00+00:00\",\"mainEntityOfPage\":{\"@id\":\"https:\\\/\\\/www.fcbarcelonanoticias.com\\\/en\\\/players\\\/final-sentence-fc-barcelona-with-vitor-roque_295627_102.html\"},\"wordCount\":490,\"image\":{\"@id\":\"https:\\\/\\\/www.fcbarcelonanoticias.com\\\/en\\\/players\\\/final-sentence-fc-barcelona-with-vitor-roque_295627_102.html#primaryimage\"},\"thumbnailUrl\":\"https:\\\/\\\/www.fcbarcelonanoticias.com\\\/en\\\/wp-content\\\/uploads\\\/sites\\\/2\\\/2023\\\/11\\\/vitor-roque-partido7.jpeg\",\"keywords\":[\"Vitor Roque\"],\"articleSection\":[\"Players\",\"Players\"],\"inLanguage\":\"en-US\"},{\"@type\":\"WebPage\",\"@id\":\"https:\\\/\\\/www.fcbarcelonanoticias.com\\\/en\\\/players\\\/final-sentence-fc-barcelona-with-vitor-roque_295627_102.html\",\"url\":\"https:\\\/\\\/www.fcbarcelonanoticias.com\\\/en\\\/players\\\/final-sentence-fc-barcelona-with-vitor-roque_295627_102.html\",\"name\":\"The final 'sentence' of FC Barcelona with Vitor Roque\",\"isPartOf\":{\"@id\":\"https:\\\/\\\/www.fcbarcelonanoticias.com\\\/en\\\/#website\"},\"primaryImageOfPage\":{\"@id\":\"https:\\\/\\\/www.fcbarcelonanoticias.com\\\/en\\\/players\\\/final-sentence-fc-barcelona-with-vitor-roque_295627_102.html#primaryimage\"},\"image\":{\"@id\":\"https:\\\/\\\/www.fcbarcelonanoticias.com\\\/en\\\/players\\\/final-sentence-fc-barcelona-with-vitor-roque_295627_102.html#primaryimage\"},\"thumbnailUrl\":\"https:\\\/\\\/www.fcbarcelonanoticias.com\\\/en\\\/wp-content\\\/uploads\\\/sites\\\/2\\\/2023\\\/11\\\/vitor-roque-partido7.jpeg\",\"datePublished\":\"2023-08-30T08:32:00+00:00\",\"author\":{\"@id\":\"\"},\"description\":\"A new information of 'SPORT' suggests that the FC Barcelona went back to tantear the possibility that Vitor Roque 'advance' his landing in the City Condal, but have given by defeated\",\"breadcrumb\":{\"@id\":\"https:\\\/\\\/www.fcbarcelonanoticias.com\\\/en\\\/players\\\/final-sentence-fc-barcelona-with-vitor-roque_295627_102.html#breadcrumb\"},\"inLanguage\":\"en-US\",\"potentialAction\":[{\"@type\":\"ReadAction\",\"target\":[\"https:\\\/\\\/www.fcbarcelonanoticias.com\\\/en\\\/players\\\/final-sentence-fc-barcelona-with-vitor-roque_295627_102.html\"]}]},{\"@type\":\"ImageObject\",\"inLanguage\":\"en-US\",\"@id\":\"https:\\\/\\\/www.fcbarcelonanoticias.com\\\/en\\\/players\\\/final-sentence-fc-barcelona-with-vitor-roque_295627_102.html#primaryimage\",\"url\":\"https:\\\/\\\/www.fcbarcelonanoticias.com\\\/en\\\/wp-content\\\/uploads\\\/sites\\\/2\\\/2023\\\/11\\\/vitor-roque-partido7.jpeg\",\"contentUrl\":\"https:\\\/\\\/www.fcbarcelonanoticias.com\\\/en\\\/wp-content\\\/uploads\\\/sites\\\/2\\\/2023\\\/11\\\/vitor-roque-partido7.jpeg\",\"width\":1300,\"height\":733},{\"@type\":\"BreadcrumbList\",\"@id\":\"https:\\\/\\\/www.fcbarcelonanoticias.com\\\/en\\\/players\\\/final-sentence-fc-barcelona-with-vitor-roque_295627_102.html#breadcrumb\",\"itemListElement\":[{\"@type\":\"ListItem\",\"position\":1,\"name\":\"Portada\",\"item\":\"https:\\\/\\\/www.fcbarcelonanoticias.com\\\/en\\\/\"},{\"@type\":\"ListItem\",\"position\":2,\"name\":\"The final &#8216;sentence&#8217; of FC Barcelona with Vitor Roque\"}]},{\"@type\":\"WebSite\",\"@id\":\"https:\\\/\\\/www.fcbarcelonanoticias.com\\\/en\\\/#website\",\"url\":\"https:\\\/\\\/www.fcbarcelonanoticias.com\\\/en\\\/\",\"name\":\"EN - FC Barcelona Noticias\",\"description\":\"\",\"potentialAction\":[{\"@type\":\"SearchAction\",\"target\":{\"@type\":\"EntryPoint\",\"urlTemplate\":\"https:\\\/\\\/www.fcbarcelonanoticias.com\\\/en\\\/?s={search_term_string}\"},\"query-input\":{\"@type\":\"PropertyValueSpecification\",\"valueRequired\":true,\"valueName\":\"search_term_string\"}}],\"inLanguage\":\"en-US\"}]}<\/script>\n<!-- \/ Yoast SEO plugin. -->","yoast_head_json":{"title":"The final 'sentence' of FC Barcelona with Vitor Roque","description":"A new information of 'SPORT' suggests that the FC Barcelona went back to tantear the possibility that Vitor Roque 'advance' his landing in the City Condal, but have given by defeated","robots":{"index":"index","follow":"follow","max-snippet":"max-snippet:-1","max-image-preview":"max-image-preview:large","max-video-preview":"max-video-preview:-1"},"canonical":"https:\/\/www.fcbarcelonanoticias.com\/en\/players\/final-sentence-fc-barcelona-with-vitor-roque_295627_102.html","og_locale":"en_US","og_type":"article","og_title":"The final 'sentence' of FC Barcelona with Vitor Roque","og_description":"A new information of 'SPORT' suggests that the FC Barcelona went back to tantear the possibility that Vitor Roque 'advance' his landing in the City Condal, but have given by defeated","og_url":"https:\/\/www.fcbarcelonanoticias.com\/en\/players\/final-sentence-fc-barcelona-with-vitor-roque_295627_102.html","og_site_name":"EN - FC Barcelona Noticias","article_published_time":"2023-08-30T08:32:00+00:00","og_image":[{"width":1300,"height":733,"url":"https:\/\/www.fcbarcelonanoticias.com\/en\/wp-content\/uploads\/sites\/2\/2023\/11\/vitor-roque-partido7.jpeg","type":"image\/jpeg"}],"twitter_card":"summary_large_image","twitter_misc":{"Est. reading time":"2 minutes"},"schema":{"@context":"https:\/\/schema.org","@graph":[{"@type":"Article","@id":"https:\/\/www.fcbarcelonanoticias.com\/en\/players\/final-sentence-fc-barcelona-with-vitor-roque_295627_102.html#article","isPartOf":{"@id":"https:\/\/www.fcbarcelonanoticias.com\/en\/players\/final-sentence-fc-barcelona-with-vitor-roque_295627_102.html"},"author":{"name":"","@id":""},"headline":"The final &#8216;sentence&#8217; of FC Barcelona with Vitor Roque","datePublished":"2023-08-30T08:32:00+00:00","mainEntityOfPage":{"@id":"https:\/\/www.fcbarcelonanoticias.com\/en\/players\/final-sentence-fc-barcelona-with-vitor-roque_295627_102.html"},"wordCount":490,"image":{"@id":"https:\/\/www.fcbarcelonanoticias.com\/en\/players\/final-sentence-fc-barcelona-with-vitor-roque_295627_102.html#primaryimage"},"thumbnailUrl":"https:\/\/www.fcbarcelonanoticias.com\/en\/wp-content\/uploads\/sites\/2\/2023\/11\/vitor-roque-partido7.jpeg","keywords":["Vitor Roque"],"articleSection":["Players","Players"],"inLanguage":"en-US"},{"@type":"WebPage","@id":"https:\/\/www.fcbarcelonanoticias.com\/en\/players\/final-sentence-fc-barcelona-with-vitor-roque_295627_102.html","url":"https:\/\/www.fcbarcelonanoticias.com\/en\/players\/final-sentence-fc-barcelona-with-vitor-roque_295627_102.html","name":"The final 'sentence' of FC Barcelona with Vitor Roque","isPartOf":{"@id":"https:\/\/www.fcbarcelonanoticias.com\/en\/#website"},"primaryImageOfPage":{"@id":"https:\/\/www.fcbarcelonanoticias.com\/en\/players\/final-sentence-fc-barcelona-with-vitor-roque_295627_102.html#primaryimage"},"image":{"@id":"https:\/\/www.fcbarcelonanoticias.com\/en\/players\/final-sentence-fc-barcelona-with-vitor-roque_295627_102.html#primaryimage"},"thumbnailUrl":"https:\/\/www.fcbarcelonanoticias.com\/en\/wp-content\/uploads\/sites\/2\/2023\/11\/vitor-roque-partido7.jpeg","datePublished":"2023-08-30T08:32:00+00:00","author":{"@id":""},"description":"A new information of 'SPORT' suggests that the FC Barcelona went back to tantear the possibility that Vitor Roque 'advance' his landing in the City Condal, but have given by defeated","breadcrumb":{"@id":"https:\/\/www.fcbarcelonanoticias.com\/en\/players\/final-sentence-fc-barcelona-with-vitor-roque_295627_102.html#breadcrumb"},"inLanguage":"en-US","potentialAction":[{"@type":"ReadAction","target":["https:\/\/www.fcbarcelonanoticias.com\/en\/players\/final-sentence-fc-barcelona-with-vitor-roque_295627_102.html"]}]},{"@type":"ImageObject","inLanguage":"en-US","@id":"https:\/\/www.fcbarcelonanoticias.com\/en\/players\/final-sentence-fc-barcelona-with-vitor-roque_295627_102.html#primaryimage","url":"https:\/\/www.fcbarcelonanoticias.com\/en\/wp-content\/uploads\/sites\/2\/2023\/11\/vitor-roque-partido7.jpeg","contentUrl":"https:\/\/www.fcbarcelonanoticias.com\/en\/wp-content\/uploads\/sites\/2\/2023\/11\/vitor-roque-partido7.jpeg","width":1300,"height":733},{"@type":"BreadcrumbList","@id":"https:\/\/www.fcbarcelonanoticias.com\/en\/players\/final-sentence-fc-barcelona-with-vitor-roque_295627_102.html#breadcrumb","itemListElement":[{"@type":"ListItem","position":1,"name":"Portada","item":"https:\/\/www.fcbarcelonanoticias.com\/en\/"},{"@type":"ListItem","position":2,"name":"The final &#8216;sentence&#8217; of FC Barcelona with Vitor Roque"}]},{"@type":"WebSite","@id":"https:\/\/www.fcbarcelonanoticias.com\/en\/#website","url":"https:\/\/www.fcbarcelonanoticias.com\/en\/","name":"EN - FC Barcelona Noticias","description":"","potentialAction":[{"@type":"SearchAction","target":{"@type":"EntryPoint","urlTemplate":"https:\/\/www.fcbarcelonanoticias.com\/en\/?s={search_term_string}"},"query-input":{"@type":"PropertyValueSpecification","valueRequired":true,"valueName":"search_term_string"}}],"inLanguage":"en-US"}]}},"_links":{"self":[{"href":"https:\/\/www.fcbarcelonanoticias.com\/en\/wp-json\/wp\/v2\/posts\/71266","targetHints":{"allow":["GET"]}}],"collection":[{"href":"https:\/\/www.fcbarcelonanoticias.com\/en\/wp-json\/wp\/v2\/posts"}],"about":[{"href":"https:\/\/www.fcbarcelonanoticias.com\/en\/wp-json\/wp\/v2\/types\/post"}],"replies":[{"embeddable":true,"href":"https:\/\/www.fcbarcelonanoticias.com\/en\/wp-json\/wp\/v2\/comments?post=71266"}],"version-history":[{"count":1,"href":"https:\/\/www.fcbarcelonanoticias.com\/en\/wp-json\/wp\/v2\/posts\/71266\/revisions"}],"predecessor-version":[{"id":119051,"href":"https:\/\/www.fcbarcelonanoticias.com\/en\/wp-json\/wp\/v2\/posts\/71266\/revisions\/119051"}],"wp:featuredmedia":[{"embeddable":true,"href":"https:\/\/www.fcbarcelonanoticias.com\/en\/wp-json\/wp\/v2\/media\/14524"}],"wp:attachment":[{"href":"https:\/\/www.fcbarcelonanoticias.com\/en\/wp-json\/wp\/v2\/media?parent=71266"}],"wp:term":[{"taxonomy":"category","embeddable":true,"href":"https:\/\/www.fcbarcelonanoticias.com\/en\/wp-json\/wp\/v2\/categories?post=71266"},{"taxonomy":"post_tag","embeddable":true,"href":"https:\/\/www.fcbarcelonanoticias.com\/en\/wp-json\/wp\/v2\/tags?post=71266"}],"curies":[{"name":"wp","href":"https:\/\/api.w.org\/{rel}","templated":true}]}}