{"id":7129,"date":"2023-03-17T16:25:00","date_gmt":"2023-03-17T15:25:00","guid":{"rendered":"https:\/\/weisetech.dev\/fc-barcelona-noticias\/en\/contundente-mensaje-laporta-por-caso-negreira-quieren-quedarse-con-barca_290615_102\/"},"modified":"2023-03-17T16:25:00","modified_gmt":"2023-03-17T15:25:00","slug":"contundente-mensaje-laporta-por-caso-negreira-quieren-quedarse-con-barca_290615_102","status":"publish","type":"post","link":"https:\/\/www.fcbarcelonanoticias.com\/en\/club\/contundente-mensaje-laporta-por-caso-negreira-quieren-quedarse-con-barca_290615_102.html","title":{"rendered":"Laporta&#8217;s forceful message for the &#8216;Negreira case&#8217;: &#8220;They want to stay with Bar\u00e7a&#8221;"},"content":{"rendered":"<h2 class=\"wp-block-heading\">In the run-up to the Cl\u00e1sico and with the &#8216;Negreira case&#8217; at its most important point, the president of FC Barcelona, Joan Laporta, has spoken again about the complaint with a forceful message that makes it clear that the cul\u00e9 entity will not stand by crusaders<\/h2>  \r\n<div class=\"article-addons\">\r\n    <a href=\"https:\/\/www.fcbarcelonanoticias.com\/en\/fc-barcelona\/calendar-fc-barcelona.html\"\r\n       target=\"_self\"\r\n       title=\"Calendar of FC Barcelona\"\r\n       class=\"blue-gredient-btn\">\r\n       \r\n        Calendar of FC Barcelona    <\/a>\r\n<\/div>   <p><a data-external=\"0\" data-intl-links-en=\"https:\/\/www.fcbarcelonanoticias.com\/en\/club\/accusations-possible-consequences-that-could-happen-to-barcelona-due-to-negreira-case_290559_102.html\" data-intl-links-es=\"https:\/\/www.fcbarcelonanoticias.com\/club\/acusaciones-posibles-consecuencias-que-podria-pasarle-barcelona-por-caso-negreira_290559_102.html\" href=\"https:\/\/www.fcbarcelonanoticias.com\/en\/club\/accusations-possible-consequences-that-could-happen-to-barcelona-due-to-negreira-case_290559_102.html\" rel=\"follow\" target=\"_self\" title=\"Acusaciones y posibles consecuencias, \u00bfqu\u00e9 podr\u00eda pasarle al Bar\u00e7a por el 'Caso Negreira'?\">The &#8216;case Negreira&#8217; dominates the actuality of the FC Barcelona<\/a>, <strong>especially after it admitted the complaint of the Fiscal\u00eda. The investigations have begun, definitively, and the Catalan entity is in the eye of the hurricane.<\/strong> Joan Laporta, president of the club, has gone back to speak on the indictments against of the Bar\u00e7a and reaffirms that it treats of a campaign for desestabilizar.<\/p>  <p>In the previous of the dispute of the Classical and in front of the means of the club,<strong> the maximum mandator has kept the posture that had left to glimpse after the Real Madrid admitted that it went to personar in the &#8216;case Negreira&#8217;.<\/strong> This time, has left a very conclusive message, ensuring that the Bar\u00e7a will go until the bottom so that they have consequences against of which that lead the &#8216;campaign&#8217; against of the barcelonistas.<\/p>  <h2>Laporta Asks patience to the Bar\u00e7a and will give explanations<\/h2>  <p>In the message of Joan Laporta, has left clear that &#8220;the campaign that are suffering is not casualidad and has like<strong> aim desestabilizar in the short term to the team<\/strong> and to half term control and remain with the Bar\u00e7a. Will have time to explain you who, why and how want to orquestar this campaign&#8221;, reaffirming that it does not be necessary to have any doubt with that the club will defend and will attack when it was pertinent.<\/p>  <p>In concrete, signalled that &#8220;you do not have any doubt that<strong> we will defend us. And no only this, also will attack.<\/strong> But now we have to concentrate us in encouraging to our players because the first aim that have is desestabilizar to the team and have to encourage to our technicians and footballers so that they win the party. I think that we do not have to be centred in other respects that divert the attention of our players. Come to encourage more than ever. Encourage to the Bar\u00e7a because we want to to the Bar\u00e7a&#8221;.<\/p>  <h2>Environment &#8216;hot&#8217; in the previous of the Classical<\/h2>  <p>The &#8216;case Negreira&#8217; has exploded, more than ever, in the previous of the visit of the Real Madrid to the FC Barcelona by the Classical that it can begin to define LaLiga Santander 2022-2023. In case to achieve the victory, the ones of Xavi Hern\u00e1ndez would achieve an advantage inmejorable of 12 points, reason by which from the club ask absolute support:<strong> &#8220;This Sunday have a big party. Come to encourage the team more than ever&#8221;, said Joan Laporta. <\/strong><\/p> ","protected":false},"excerpt":{"rendered":"<p>In the run-up to the Cl\u00e1sico and with the &#8216;Negreira case&#8217; at its most important point, the president of FC Barcelona, Joan Laporta, has spoken again about the complaint with a forceful message that makes it clear that the cul\u00e9 entity will not stand by crusaders The &#8216;case Negreira&#8217; dominates the actuality of the FC [&hellip;]<\/p>\n","protected":false},"author":0,"featured_media":7095,"comment_status":"closed","ping_status":"open","sticky":false,"template":"","format":"standard","meta":{"_acf_changed":false,"inline_featured_image":false,"_nextfly_llmd_date_locked":false,"footnotes":""},"categories":[111],"tags":[158],"class_list":["post-7129","post","type-post","status-publish","format-standard","has-post-thumbnail","hentry","category-fc-barcelona","tag-joan-laporta"],"acf":[],"yoast_head":"<!-- This site is optimized with the Yoast SEO plugin v27.3 - https:\/\/yoast.com\/product\/yoast-seo-wordpress\/ -->\n<title>Laporta&#039;s forceful message for the &#039;Negreira case&#039;: &quot;They want to stay with Bar\u00e7a&quot;<\/title>\n<meta name=\"description\" content=\"In the previous of the Classical and with the &#039;case Negreira&#039; in his more important point, the president of the FC Barcelona, Joan Laporta, has gone back to speak on the complaint with a conclusive message that leaves clear that the entity cul\u00e9 will not remain of arms crossed\" \/>\n<meta name=\"robots\" content=\"index, follow, max-snippet:-1, max-image-preview:large, max-video-preview:-1\" \/>\n<link rel=\"canonical\" href=\"https:\/\/www.fcbarcelonanoticias.com\/en\/club\/contundente-mensaje-laporta-por-caso-negreira-quieren-quedarse-con-barca_290615_102.html\" \/>\n<meta property=\"og:locale\" content=\"en_US\" \/>\n<meta property=\"og:type\" content=\"article\" \/>\n<meta property=\"og:title\" content=\"Laporta&#039;s forceful message for the &#039;Negreira case&#039;: &quot;They want to stay with Bar\u00e7a&quot;\" \/>\n<meta property=\"og:description\" content=\"In the previous of the Classical and with the &#039;case Negreira&#039; in his more important point, the president of the FC Barcelona, Joan Laporta, has gone back to speak on the complaint with a conclusive message that leaves clear that the entity cul\u00e9 will not remain of arms crossed\" \/>\n<meta property=\"og:url\" content=\"https:\/\/www.fcbarcelonanoticias.com\/en\/club\/contundente-mensaje-laporta-por-caso-negreira-quieren-quedarse-con-barca_290615_102.html\" \/>\n<meta property=\"og:site_name\" content=\"EN - FC Barcelona Noticias\" \/>\n<meta property=\"article:published_time\" content=\"2023-03-17T15:25:00+00:00\" \/>\n<meta property=\"og:image\" content=\"https:\/\/www.fcbarcelonanoticias.com\/en\/wp-content\/uploads\/sites\/2\/2022\/08\/joan-laporta-presidente-del-fc-barcelona-copy.jpeg\" \/>\n\t<meta property=\"og:image:width\" content=\"1200\" \/>\n\t<meta property=\"og:image:height\" content=\"675\" \/>\n\t<meta property=\"og:image:type\" content=\"image\/jpeg\" \/>\n<meta name=\"twitter:card\" content=\"summary_large_image\" \/>\n<meta name=\"twitter:label1\" content=\"Est. reading time\" \/>\n\t<meta name=\"twitter:data1\" content=\"2 minutes\" \/>\n<script type=\"application\/ld+json\" class=\"yoast-schema-graph\">{\"@context\":\"https:\\\/\\\/schema.org\",\"@graph\":[{\"@type\":\"Article\",\"@id\":\"https:\\\/\\\/www.fcbarcelonanoticias.com\\\/en\\\/club\\\/contundente-mensaje-laporta-por-caso-negreira-quieren-quedarse-con-barca_290615_102.html#article\",\"isPartOf\":{\"@id\":\"https:\\\/\\\/www.fcbarcelonanoticias.com\\\/en\\\/club\\\/contundente-mensaje-laporta-por-caso-negreira-quieren-quedarse-con-barca_290615_102.html\"},\"author\":{\"name\":\"\",\"@id\":\"\"},\"headline\":\"Laporta&#8217;s forceful message for the &#8216;Negreira case&#8217;: &#8220;They want to stay with Bar\u00e7a&#8221;\",\"datePublished\":\"2023-03-17T15:25:00+00:00\",\"mainEntityOfPage\":{\"@id\":\"https:\\\/\\\/www.fcbarcelonanoticias.com\\\/en\\\/club\\\/contundente-mensaje-laporta-por-caso-negreira-quieren-quedarse-con-barca_290615_102.html\"},\"wordCount\":482,\"image\":{\"@id\":\"https:\\\/\\\/www.fcbarcelonanoticias.com\\\/en\\\/club\\\/contundente-mensaje-laporta-por-caso-negreira-quieren-quedarse-con-barca_290615_102.html#primaryimage\"},\"thumbnailUrl\":\"https:\\\/\\\/www.fcbarcelonanoticias.com\\\/en\\\/wp-content\\\/uploads\\\/sites\\\/2\\\/2022\\\/08\\\/joan-laporta-presidente-del-fc-barcelona-copy.jpeg\",\"keywords\":[\"Joan Laporta\"],\"articleSection\":[\"FC Barcelona\"],\"inLanguage\":\"en-US\"},{\"@type\":\"WebPage\",\"@id\":\"https:\\\/\\\/www.fcbarcelonanoticias.com\\\/en\\\/club\\\/contundente-mensaje-laporta-por-caso-negreira-quieren-quedarse-con-barca_290615_102.html\",\"url\":\"https:\\\/\\\/www.fcbarcelonanoticias.com\\\/en\\\/club\\\/contundente-mensaje-laporta-por-caso-negreira-quieren-quedarse-con-barca_290615_102.html\",\"name\":\"Laporta's forceful message for the 'Negreira case': \\\"They want to stay with Bar\u00e7a\\\"\",\"isPartOf\":{\"@id\":\"https:\\\/\\\/www.fcbarcelonanoticias.com\\\/en\\\/#website\"},\"primaryImageOfPage\":{\"@id\":\"https:\\\/\\\/www.fcbarcelonanoticias.com\\\/en\\\/club\\\/contundente-mensaje-laporta-por-caso-negreira-quieren-quedarse-con-barca_290615_102.html#primaryimage\"},\"image\":{\"@id\":\"https:\\\/\\\/www.fcbarcelonanoticias.com\\\/en\\\/club\\\/contundente-mensaje-laporta-por-caso-negreira-quieren-quedarse-con-barca_290615_102.html#primaryimage\"},\"thumbnailUrl\":\"https:\\\/\\\/www.fcbarcelonanoticias.com\\\/en\\\/wp-content\\\/uploads\\\/sites\\\/2\\\/2022\\\/08\\\/joan-laporta-presidente-del-fc-barcelona-copy.jpeg\",\"datePublished\":\"2023-03-17T15:25:00+00:00\",\"author\":{\"@id\":\"\"},\"description\":\"In the previous of the Classical and with the 'case Negreira' in his more important point, the president of the FC Barcelona, Joan Laporta, has gone back to speak on the complaint with a conclusive message that leaves clear that the entity cul\u00e9 will not remain of arms crossed\",\"breadcrumb\":{\"@id\":\"https:\\\/\\\/www.fcbarcelonanoticias.com\\\/en\\\/club\\\/contundente-mensaje-laporta-por-caso-negreira-quieren-quedarse-con-barca_290615_102.html#breadcrumb\"},\"inLanguage\":\"en-US\",\"potentialAction\":[{\"@type\":\"ReadAction\",\"target\":[\"https:\\\/\\\/www.fcbarcelonanoticias.com\\\/en\\\/club\\\/contundente-mensaje-laporta-por-caso-negreira-quieren-quedarse-con-barca_290615_102.html\"]}]},{\"@type\":\"ImageObject\",\"inLanguage\":\"en-US\",\"@id\":\"https:\\\/\\\/www.fcbarcelonanoticias.com\\\/en\\\/club\\\/contundente-mensaje-laporta-por-caso-negreira-quieren-quedarse-con-barca_290615_102.html#primaryimage\",\"url\":\"https:\\\/\\\/www.fcbarcelonanoticias.com\\\/en\\\/wp-content\\\/uploads\\\/sites\\\/2\\\/2022\\\/08\\\/joan-laporta-presidente-del-fc-barcelona-copy.jpeg\",\"contentUrl\":\"https:\\\/\\\/www.fcbarcelonanoticias.com\\\/en\\\/wp-content\\\/uploads\\\/sites\\\/2\\\/2022\\\/08\\\/joan-laporta-presidente-del-fc-barcelona-copy.jpeg\",\"width\":1200,\"height\":675},{\"@type\":\"BreadcrumbList\",\"@id\":\"https:\\\/\\\/www.fcbarcelonanoticias.com\\\/en\\\/club\\\/contundente-mensaje-laporta-por-caso-negreira-quieren-quedarse-con-barca_290615_102.html#breadcrumb\",\"itemListElement\":[{\"@type\":\"ListItem\",\"position\":1,\"name\":\"Portada\",\"item\":\"https:\\\/\\\/www.fcbarcelonanoticias.com\\\/en\\\/\"},{\"@type\":\"ListItem\",\"position\":2,\"name\":\"Laporta&#8217;s forceful message for the &#8216;Negreira case&#8217;: &#8220;They want to stay with Bar\u00e7a&#8221;\"}]},{\"@type\":\"WebSite\",\"@id\":\"https:\\\/\\\/www.fcbarcelonanoticias.com\\\/en\\\/#website\",\"url\":\"https:\\\/\\\/www.fcbarcelonanoticias.com\\\/en\\\/\",\"name\":\"EN - FC Barcelona Noticias\",\"description\":\"\",\"potentialAction\":[{\"@type\":\"SearchAction\",\"target\":{\"@type\":\"EntryPoint\",\"urlTemplate\":\"https:\\\/\\\/www.fcbarcelonanoticias.com\\\/en\\\/?s={search_term_string}\"},\"query-input\":{\"@type\":\"PropertyValueSpecification\",\"valueRequired\":true,\"valueName\":\"search_term_string\"}}],\"inLanguage\":\"en-US\"}]}<\/script>\n<!-- \/ Yoast SEO plugin. -->","yoast_head_json":{"title":"Laporta's forceful message for the 'Negreira case': \"They want to stay with Bar\u00e7a\"","description":"In the previous of the Classical and with the 'case Negreira' in his more important point, the president of the FC Barcelona, Joan Laporta, has gone back to speak on the complaint with a conclusive message that leaves clear that the entity cul\u00e9 will not remain of arms crossed","robots":{"index":"index","follow":"follow","max-snippet":"max-snippet:-1","max-image-preview":"max-image-preview:large","max-video-preview":"max-video-preview:-1"},"canonical":"https:\/\/www.fcbarcelonanoticias.com\/en\/club\/contundente-mensaje-laporta-por-caso-negreira-quieren-quedarse-con-barca_290615_102.html","og_locale":"en_US","og_type":"article","og_title":"Laporta's forceful message for the 'Negreira case': \"They want to stay with Bar\u00e7a\"","og_description":"In the previous of the Classical and with the 'case Negreira' in his more important point, the president of the FC Barcelona, Joan Laporta, has gone back to speak on the complaint with a conclusive message that leaves clear that the entity cul\u00e9 will not remain of arms crossed","og_url":"https:\/\/www.fcbarcelonanoticias.com\/en\/club\/contundente-mensaje-laporta-por-caso-negreira-quieren-quedarse-con-barca_290615_102.html","og_site_name":"EN - FC Barcelona Noticias","article_published_time":"2023-03-17T15:25:00+00:00","og_image":[{"width":1200,"height":675,"url":"https:\/\/www.fcbarcelonanoticias.com\/en\/wp-content\/uploads\/sites\/2\/2022\/08\/joan-laporta-presidente-del-fc-barcelona-copy.jpeg","type":"image\/jpeg"}],"twitter_card":"summary_large_image","twitter_misc":{"Est. reading time":"2 minutes"},"schema":{"@context":"https:\/\/schema.org","@graph":[{"@type":"Article","@id":"https:\/\/www.fcbarcelonanoticias.com\/en\/club\/contundente-mensaje-laporta-por-caso-negreira-quieren-quedarse-con-barca_290615_102.html#article","isPartOf":{"@id":"https:\/\/www.fcbarcelonanoticias.com\/en\/club\/contundente-mensaje-laporta-por-caso-negreira-quieren-quedarse-con-barca_290615_102.html"},"author":{"name":"","@id":""},"headline":"Laporta&#8217;s forceful message for the &#8216;Negreira case&#8217;: &#8220;They want to stay with Bar\u00e7a&#8221;","datePublished":"2023-03-17T15:25:00+00:00","mainEntityOfPage":{"@id":"https:\/\/www.fcbarcelonanoticias.com\/en\/club\/contundente-mensaje-laporta-por-caso-negreira-quieren-quedarse-con-barca_290615_102.html"},"wordCount":482,"image":{"@id":"https:\/\/www.fcbarcelonanoticias.com\/en\/club\/contundente-mensaje-laporta-por-caso-negreira-quieren-quedarse-con-barca_290615_102.html#primaryimage"},"thumbnailUrl":"https:\/\/www.fcbarcelonanoticias.com\/en\/wp-content\/uploads\/sites\/2\/2022\/08\/joan-laporta-presidente-del-fc-barcelona-copy.jpeg","keywords":["Joan Laporta"],"articleSection":["FC Barcelona"],"inLanguage":"en-US"},{"@type":"WebPage","@id":"https:\/\/www.fcbarcelonanoticias.com\/en\/club\/contundente-mensaje-laporta-por-caso-negreira-quieren-quedarse-con-barca_290615_102.html","url":"https:\/\/www.fcbarcelonanoticias.com\/en\/club\/contundente-mensaje-laporta-por-caso-negreira-quieren-quedarse-con-barca_290615_102.html","name":"Laporta's forceful message for the 'Negreira case': \"They want to stay with Bar\u00e7a\"","isPartOf":{"@id":"https:\/\/www.fcbarcelonanoticias.com\/en\/#website"},"primaryImageOfPage":{"@id":"https:\/\/www.fcbarcelonanoticias.com\/en\/club\/contundente-mensaje-laporta-por-caso-negreira-quieren-quedarse-con-barca_290615_102.html#primaryimage"},"image":{"@id":"https:\/\/www.fcbarcelonanoticias.com\/en\/club\/contundente-mensaje-laporta-por-caso-negreira-quieren-quedarse-con-barca_290615_102.html#primaryimage"},"thumbnailUrl":"https:\/\/www.fcbarcelonanoticias.com\/en\/wp-content\/uploads\/sites\/2\/2022\/08\/joan-laporta-presidente-del-fc-barcelona-copy.jpeg","datePublished":"2023-03-17T15:25:00+00:00","author":{"@id":""},"description":"In the previous of the Classical and with the 'case Negreira' in his more important point, the president of the FC Barcelona, Joan Laporta, has gone back to speak on the complaint with a conclusive message that leaves clear that the entity cul\u00e9 will not remain of arms crossed","breadcrumb":{"@id":"https:\/\/www.fcbarcelonanoticias.com\/en\/club\/contundente-mensaje-laporta-por-caso-negreira-quieren-quedarse-con-barca_290615_102.html#breadcrumb"},"inLanguage":"en-US","potentialAction":[{"@type":"ReadAction","target":["https:\/\/www.fcbarcelonanoticias.com\/en\/club\/contundente-mensaje-laporta-por-caso-negreira-quieren-quedarse-con-barca_290615_102.html"]}]},{"@type":"ImageObject","inLanguage":"en-US","@id":"https:\/\/www.fcbarcelonanoticias.com\/en\/club\/contundente-mensaje-laporta-por-caso-negreira-quieren-quedarse-con-barca_290615_102.html#primaryimage","url":"https:\/\/www.fcbarcelonanoticias.com\/en\/wp-content\/uploads\/sites\/2\/2022\/08\/joan-laporta-presidente-del-fc-barcelona-copy.jpeg","contentUrl":"https:\/\/www.fcbarcelonanoticias.com\/en\/wp-content\/uploads\/sites\/2\/2022\/08\/joan-laporta-presidente-del-fc-barcelona-copy.jpeg","width":1200,"height":675},{"@type":"BreadcrumbList","@id":"https:\/\/www.fcbarcelonanoticias.com\/en\/club\/contundente-mensaje-laporta-por-caso-negreira-quieren-quedarse-con-barca_290615_102.html#breadcrumb","itemListElement":[{"@type":"ListItem","position":1,"name":"Portada","item":"https:\/\/www.fcbarcelonanoticias.com\/en\/"},{"@type":"ListItem","position":2,"name":"Laporta&#8217;s forceful message for the &#8216;Negreira case&#8217;: &#8220;They want to stay with Bar\u00e7a&#8221;"}]},{"@type":"WebSite","@id":"https:\/\/www.fcbarcelonanoticias.com\/en\/#website","url":"https:\/\/www.fcbarcelonanoticias.com\/en\/","name":"EN - FC Barcelona Noticias","description":"","potentialAction":[{"@type":"SearchAction","target":{"@type":"EntryPoint","urlTemplate":"https:\/\/www.fcbarcelonanoticias.com\/en\/?s={search_term_string}"},"query-input":{"@type":"PropertyValueSpecification","valueRequired":true,"valueName":"search_term_string"}}],"inLanguage":"en-US"}]}},"_links":{"self":[{"href":"https:\/\/www.fcbarcelonanoticias.com\/en\/wp-json\/wp\/v2\/posts\/7129","targetHints":{"allow":["GET"]}}],"collection":[{"href":"https:\/\/www.fcbarcelonanoticias.com\/en\/wp-json\/wp\/v2\/posts"}],"about":[{"href":"https:\/\/www.fcbarcelonanoticias.com\/en\/wp-json\/wp\/v2\/types\/post"}],"replies":[{"embeddable":true,"href":"https:\/\/www.fcbarcelonanoticias.com\/en\/wp-json\/wp\/v2\/comments?post=7129"}],"version-history":[{"count":8,"href":"https:\/\/www.fcbarcelonanoticias.com\/en\/wp-json\/wp\/v2\/posts\/7129\/revisions"}],"predecessor-version":[{"id":10121,"href":"https:\/\/www.fcbarcelonanoticias.com\/en\/wp-json\/wp\/v2\/posts\/7129\/revisions\/10121"}],"wp:featuredmedia":[{"embeddable":true,"href":"https:\/\/www.fcbarcelonanoticias.com\/en\/wp-json\/wp\/v2\/media\/7095"}],"wp:attachment":[{"href":"https:\/\/www.fcbarcelonanoticias.com\/en\/wp-json\/wp\/v2\/media?parent=7129"}],"wp:term":[{"taxonomy":"category","embeddable":true,"href":"https:\/\/www.fcbarcelonanoticias.com\/en\/wp-json\/wp\/v2\/categories?post=7129"},{"taxonomy":"post_tag","embeddable":true,"href":"https:\/\/www.fcbarcelonanoticias.com\/en\/wp-json\/wp\/v2\/tags?post=7129"}],"curies":[{"name":"wp","href":"https:\/\/api.w.org\/{rel}","templated":true}]}}