{"id":71291,"date":"2022-05-30T13:54:00","date_gmt":"2022-05-30T11:54:00","guid":{"rendered":"https:\/\/weisetech.dev\/fc-barcelona-noticias\/en\/felt-farewell-of-isco-of-the-madrid-with-recado-to-mbappe_280769_102\/"},"modified":"2022-05-30T13:54:00","modified_gmt":"2022-05-30T11:54:00","slug":"felt-farewell-of-isco-of-the-madrid-with-recado-to-mbappe_280769_102","status":"publish","type":"post","link":"https:\/\/www.fcbarcelonanoticias.com\/en\/players\/felt-farewell-of-isco-of-the-madrid-with-recado-to-mbappe_280769_102.html","title":{"rendered":"Heartfelt farewell of Isco from Madrid with &#8216;message&#8217; to Mbapp\u00e9"},"content":{"rendered":"<h2 class=\"wp-block-heading\">The new &#8216;orejona&#8217; in the showcases of Real Madrid also brought several farewells. Players such as Marcelo, Gareth Bale and Isco will leave the Bernabeu. The Spaniard officially said goodbye, leaving a &#8216;dart&#8217; for Kylian Mbapp\u00e9<\/h2>  \r\n<div class=\"article-addons\">\r\n    <a href=\"https:\/\/www.fcbarcelonanoticias.com\/en\/calendar-fc-barcelona.html\"\r\n       target=\"_self\"\r\n       title=\"Calendar of FC Barcelona\"\r\n       class=\"blue-gredient-btn\">\r\n       \r\n        Calendar of FC Barcelona    <\/a>\r\n<\/div>   <p><a data-external=\"0\" data-intl-links-en=\"https:\/\/www.fcbarcelonanoticias.com\/en\/tags\/isco\" data-intl-links-es=\"https:\/\/www.fcbarcelonanoticias.com\/tags\/isco\" href=\"https:\/\/www.fcbarcelonanoticias.com\/en\/tags\/isco.html\" rel=\"follow\" target=\"_self\" title=\"Isco\">Isco Alarc\u00f3n<\/a> will finish the next 30 June his stage like player of the <a data-external=\"0\" data-intl-links-en=\"https:\/\/www.fcbarcelonanoticias.com\/en\/real-madrid\" data-intl-links-es=\"https:\/\/www.fcbarcelonanoticias.com\/real-madrid\" href=\"https:\/\/www.fcbarcelonanoticias.com\/en\/football-soccer\/real-madrid.html\" rel=\"follow\" target=\"_self\" title=\"Real Madrid\">Real Madrid<\/a>. The malague\u00f1o, that arrived nine years ago to the Bernab\u00e9u, and has topped his path with a new Champions,<strong> has sacked of the fans and of his mates with a moving letter in social networks, in which it also does a reference to Kylian Mbapp\u00e9.<\/strong><\/p>  <p>Like this, rememorando his arrival to the white club in 2013, accompanied his initial sentence with <strong>a &#8220;to the Real Madrid no can him neither has to him say that no although always there are exceptions&#8221; <\/strong>with an image of a turtle accompanied of the emoticono of some laughs. This, throwing a &#8216;dart&#8217; to the French forward that recently preferred the renewal with his PSG.<\/p>  <p><strong>Isco Leaves the Real Madrid after 352 parties in which it has marked 51 goals and delivered 56 assistances. In his list of winners stand out three championships of League and five Glasses of Europe<\/strong>, although in this last raised in Paris did not contest neither an alone minute. In fact, according to the rules UEFA, this could mean him that it could not add, officially, this last European title to his list.<\/p>  <h3>Farewell of the &#8217;22&#8217;<\/h3>  <p>&#8220;When it was in the M\u00e1laga and wise that had to go me. I engaged me with another team. But it called to my door the Real Madrid and to the Real Madrid no can him neither has to him say that no although always there are exceptions. I remember to say him to my people <strong>&#8220;fuck the Madrid carries a lot of years without winning the Champions and presiento that is when falling&#8221;. And I arrive THE TENTH, all what comes afterwards already is history.<\/strong><\/p>  <p>Nine years later finish my stage in the club that has made possible that it fulfil all the dreams that had when it was small. To part to fulfil dreams, win more titles of which had imagined, play with the biggest, know incredible people: <strong>I have happened it to Me of p*** mother and that remove me the danced. Because definitely I remain me with the well and expect that you also do it!! I want to appreciate to mates, trainers, technical body, fisios, utilleros, workers of Valdebebas and Santiago Bernab\u00e9u<\/strong> all the work, the affection and the support that all the world needs and that to me never has been missing me.&#8221;<\/p> ","protected":false},"excerpt":{"rendered":"<p>The new &#8216;orejona&#8217; in the showcases of Real Madrid also brought several farewells. Players such as Marcelo, Gareth Bale and Isco will leave the Bernabeu. The Spaniard officially said goodbye, leaving a &#8216;dart&#8217; for Kylian Mbapp\u00e9 Isco Alarc\u00f3n will finish the next 30 June his stage like player of the Real Madrid. The malague\u00f1o, that [&hellip;]<\/p>\n","protected":false},"author":391,"featured_media":71298,"comment_status":"closed","ping_status":"open","sticky":false,"template":"","format":"standard","meta":{"_acf_changed":false,"inline_featured_image":false,"_nextfly_llmd_date_locked":false,"footnotes":""},"categories":[453,107],"tags":[351,171],"class_list":["post-71291","post","type-post","status-publish","format-standard","has-post-thumbnail","hentry","category-players-2","category-players","tag-isco","tag-mbappe"],"acf":[],"yoast_head":"<!-- This site is optimized with the Yoast SEO plugin v27.3 - https:\/\/yoast.com\/product\/yoast-seo-wordpress\/ -->\n<title>Heartfelt farewell of Isco from Madrid with &#039;message&#039; to Mbapp\u00e9<\/title>\n<meta name=\"description\" content=\"The new &#039;orejona&#039; in the showcases of Real Madrid also brought several farewells. Players such as Marcelo, Gareth Bale and Isco will leave the Bernabeu. The Spa...\" \/>\n<meta name=\"robots\" content=\"index, follow, max-snippet:-1, max-image-preview:large, max-video-preview:-1\" \/>\n<link rel=\"canonical\" href=\"https:\/\/www.fcbarcelonanoticias.com\/en\/players\/felt-farewell-of-isco-of-the-madrid-with-recado-to-mbappe_280769_102.html\" \/>\n<meta property=\"og:locale\" content=\"en_US\" \/>\n<meta property=\"og:type\" content=\"article\" \/>\n<meta property=\"og:title\" content=\"Heartfelt farewell of Isco from Madrid with &#039;message&#039; to Mbapp\u00e9\" \/>\n<meta property=\"og:description\" content=\"The new &#039;orejona&#039; in the showcases of Real Madrid also brought several farewells. Players such as Marcelo, Gareth Bale and Isco will leave the Bernabeu. The Spa...\" \/>\n<meta property=\"og:url\" content=\"https:\/\/www.fcbarcelonanoticias.com\/en\/players\/felt-farewell-of-isco-of-the-madrid-with-recado-to-mbappe_280769_102.html\" \/>\n<meta property=\"og:site_name\" content=\"EN - FC Barcelona Noticias\" \/>\n<meta property=\"article:published_time\" content=\"2022-05-30T11:54:00+00:00\" \/>\n<meta property=\"og:image\" content=\"https:\/\/www.fcbarcelonanoticias.com\/en\/wp-content\/uploads\/sites\/2\/2022\/05\/isco-madrid-chao.jpeg\" \/>\n\t<meta property=\"og:image:width\" content=\"1300\" \/>\n\t<meta property=\"og:image:height\" content=\"741\" \/>\n\t<meta property=\"og:image:type\" content=\"image\/jpeg\" \/>\n<meta name=\"author\" content=\"user_4047\" \/>\n<meta name=\"twitter:card\" content=\"summary_large_image\" \/>\n<meta name=\"twitter:label1\" content=\"Written by\" \/>\n\t<meta name=\"twitter:data1\" content=\"user_4047\" \/>\n\t<meta name=\"twitter:label2\" content=\"Est. reading time\" \/>\n\t<meta name=\"twitter:data2\" content=\"2 minutes\" \/>\n<script type=\"application\/ld+json\" class=\"yoast-schema-graph\">{\"@context\":\"https:\\\/\\\/schema.org\",\"@graph\":[{\"@type\":\"Article\",\"@id\":\"https:\\\/\\\/www.fcbarcelonanoticias.com\\\/en\\\/players\\\/felt-farewell-of-isco-of-the-madrid-with-recado-to-mbappe_280769_102.html#article\",\"isPartOf\":{\"@id\":\"https:\\\/\\\/www.fcbarcelonanoticias.com\\\/en\\\/players\\\/felt-farewell-of-isco-of-the-madrid-with-recado-to-mbappe_280769_102.html\"},\"author\":{\"name\":\"user_4047\",\"@id\":\"https:\\\/\\\/www.fcbarcelonanoticias.com\\\/en\\\/#\\\/schema\\\/person\\\/11b0290c4a189d9189a42eebb154b6e8\"},\"headline\":\"Heartfelt farewell of Isco from Madrid with &#8216;message&#8217; to Mbapp\u00e9\",\"datePublished\":\"2022-05-30T11:54:00+00:00\",\"mainEntityOfPage\":{\"@id\":\"https:\\\/\\\/www.fcbarcelonanoticias.com\\\/en\\\/players\\\/felt-farewell-of-isco-of-the-madrid-with-recado-to-mbappe_280769_102.html\"},\"wordCount\":447,\"image\":{\"@id\":\"https:\\\/\\\/www.fcbarcelonanoticias.com\\\/en\\\/players\\\/felt-farewell-of-isco-of-the-madrid-with-recado-to-mbappe_280769_102.html#primaryimage\"},\"thumbnailUrl\":\"https:\\\/\\\/www.fcbarcelonanoticias.com\\\/en\\\/wp-content\\\/uploads\\\/sites\\\/2\\\/2022\\\/05\\\/isco-madrid-chao.jpeg\",\"keywords\":[\"Isco\",\"Mbapp\u00e9\"],\"articleSection\":[\"Players\",\"Players\"],\"inLanguage\":\"en-US\"},{\"@type\":\"WebPage\",\"@id\":\"https:\\\/\\\/www.fcbarcelonanoticias.com\\\/en\\\/players\\\/felt-farewell-of-isco-of-the-madrid-with-recado-to-mbappe_280769_102.html\",\"url\":\"https:\\\/\\\/www.fcbarcelonanoticias.com\\\/en\\\/players\\\/felt-farewell-of-isco-of-the-madrid-with-recado-to-mbappe_280769_102.html\",\"name\":\"Heartfelt farewell of Isco from Madrid with 'message' to Mbapp\u00e9\",\"isPartOf\":{\"@id\":\"https:\\\/\\\/www.fcbarcelonanoticias.com\\\/en\\\/#website\"},\"primaryImageOfPage\":{\"@id\":\"https:\\\/\\\/www.fcbarcelonanoticias.com\\\/en\\\/players\\\/felt-farewell-of-isco-of-the-madrid-with-recado-to-mbappe_280769_102.html#primaryimage\"},\"image\":{\"@id\":\"https:\\\/\\\/www.fcbarcelonanoticias.com\\\/en\\\/players\\\/felt-farewell-of-isco-of-the-madrid-with-recado-to-mbappe_280769_102.html#primaryimage\"},\"thumbnailUrl\":\"https:\\\/\\\/www.fcbarcelonanoticias.com\\\/en\\\/wp-content\\\/uploads\\\/sites\\\/2\\\/2022\\\/05\\\/isco-madrid-chao.jpeg\",\"datePublished\":\"2022-05-30T11:54:00+00:00\",\"author\":{\"@id\":\"https:\\\/\\\/www.fcbarcelonanoticias.com\\\/en\\\/#\\\/schema\\\/person\\\/11b0290c4a189d9189a42eebb154b6e8\"},\"description\":\"The new 'orejona' in the showcases of Real Madrid also brought several farewells. Players such as Marcelo, Gareth Bale and Isco will leave the Bernabeu. The Spa...\",\"breadcrumb\":{\"@id\":\"https:\\\/\\\/www.fcbarcelonanoticias.com\\\/en\\\/players\\\/felt-farewell-of-isco-of-the-madrid-with-recado-to-mbappe_280769_102.html#breadcrumb\"},\"inLanguage\":\"en-US\",\"potentialAction\":[{\"@type\":\"ReadAction\",\"target\":[\"https:\\\/\\\/www.fcbarcelonanoticias.com\\\/en\\\/players\\\/felt-farewell-of-isco-of-the-madrid-with-recado-to-mbappe_280769_102.html\"]}]},{\"@type\":\"ImageObject\",\"inLanguage\":\"en-US\",\"@id\":\"https:\\\/\\\/www.fcbarcelonanoticias.com\\\/en\\\/players\\\/felt-farewell-of-isco-of-the-madrid-with-recado-to-mbappe_280769_102.html#primaryimage\",\"url\":\"https:\\\/\\\/www.fcbarcelonanoticias.com\\\/en\\\/wp-content\\\/uploads\\\/sites\\\/2\\\/2022\\\/05\\\/isco-madrid-chao.jpeg\",\"contentUrl\":\"https:\\\/\\\/www.fcbarcelonanoticias.com\\\/en\\\/wp-content\\\/uploads\\\/sites\\\/2\\\/2022\\\/05\\\/isco-madrid-chao.jpeg\",\"width\":1300,\"height\":741},{\"@type\":\"BreadcrumbList\",\"@id\":\"https:\\\/\\\/www.fcbarcelonanoticias.com\\\/en\\\/players\\\/felt-farewell-of-isco-of-the-madrid-with-recado-to-mbappe_280769_102.html#breadcrumb\",\"itemListElement\":[{\"@type\":\"ListItem\",\"position\":1,\"name\":\"Portada\",\"item\":\"https:\\\/\\\/www.fcbarcelonanoticias.com\\\/en\\\/\"},{\"@type\":\"ListItem\",\"position\":2,\"name\":\"Heartfelt farewell of Isco from Madrid with &#8216;message&#8217; to Mbapp\u00e9\"}]},{\"@type\":\"WebSite\",\"@id\":\"https:\\\/\\\/www.fcbarcelonanoticias.com\\\/en\\\/#website\",\"url\":\"https:\\\/\\\/www.fcbarcelonanoticias.com\\\/en\\\/\",\"name\":\"EN - FC Barcelona Noticias\",\"description\":\"\",\"potentialAction\":[{\"@type\":\"SearchAction\",\"target\":{\"@type\":\"EntryPoint\",\"urlTemplate\":\"https:\\\/\\\/www.fcbarcelonanoticias.com\\\/en\\\/?s={search_term_string}\"},\"query-input\":{\"@type\":\"PropertyValueSpecification\",\"valueRequired\":true,\"valueName\":\"search_term_string\"}}],\"inLanguage\":\"en-US\"},{\"@type\":\"Person\",\"@id\":\"https:\\\/\\\/www.fcbarcelonanoticias.com\\\/en\\\/#\\\/schema\\\/person\\\/11b0290c4a189d9189a42eebb154b6e8\",\"name\":\"user_4047\",\"image\":{\"@type\":\"ImageObject\",\"inLanguage\":\"en-US\",\"@id\":\"https:\\\/\\\/secure.gravatar.com\\\/avatar\\\/?s=96&d=mm&r=g\",\"url\":\"https:\\\/\\\/secure.gravatar.com\\\/avatar\\\/?s=96&d=mm&r=g\",\"contentUrl\":\"https:\\\/\\\/secure.gravatar.com\\\/avatar\\\/?s=96&d=mm&r=g\",\"caption\":\"user_4047\"},\"url\":\"https:\\\/\\\/www.fcbarcelonanoticias.com\\\/en\\\/user_4047.html\"}]}<\/script>\n<!-- \/ Yoast SEO plugin. -->","yoast_head_json":{"title":"Heartfelt farewell of Isco from Madrid with 'message' to Mbapp\u00e9","description":"The new 'orejona' in the showcases of Real Madrid also brought several farewells. Players such as Marcelo, Gareth Bale and Isco will leave the Bernabeu. The Spa...","robots":{"index":"index","follow":"follow","max-snippet":"max-snippet:-1","max-image-preview":"max-image-preview:large","max-video-preview":"max-video-preview:-1"},"canonical":"https:\/\/www.fcbarcelonanoticias.com\/en\/players\/felt-farewell-of-isco-of-the-madrid-with-recado-to-mbappe_280769_102.html","og_locale":"en_US","og_type":"article","og_title":"Heartfelt farewell of Isco from Madrid with 'message' to Mbapp\u00e9","og_description":"The new 'orejona' in the showcases of Real Madrid also brought several farewells. Players such as Marcelo, Gareth Bale and Isco will leave the Bernabeu. The Spa...","og_url":"https:\/\/www.fcbarcelonanoticias.com\/en\/players\/felt-farewell-of-isco-of-the-madrid-with-recado-to-mbappe_280769_102.html","og_site_name":"EN - FC Barcelona Noticias","article_published_time":"2022-05-30T11:54:00+00:00","og_image":[{"width":1300,"height":741,"url":"https:\/\/www.fcbarcelonanoticias.com\/en\/wp-content\/uploads\/sites\/2\/2022\/05\/isco-madrid-chao.jpeg","type":"image\/jpeg"}],"author":"user_4047","twitter_card":"summary_large_image","twitter_misc":{"Written by":"user_4047","Est. reading time":"2 minutes"},"schema":{"@context":"https:\/\/schema.org","@graph":[{"@type":"Article","@id":"https:\/\/www.fcbarcelonanoticias.com\/en\/players\/felt-farewell-of-isco-of-the-madrid-with-recado-to-mbappe_280769_102.html#article","isPartOf":{"@id":"https:\/\/www.fcbarcelonanoticias.com\/en\/players\/felt-farewell-of-isco-of-the-madrid-with-recado-to-mbappe_280769_102.html"},"author":{"name":"user_4047","@id":"https:\/\/www.fcbarcelonanoticias.com\/en\/#\/schema\/person\/11b0290c4a189d9189a42eebb154b6e8"},"headline":"Heartfelt farewell of Isco from Madrid with &#8216;message&#8217; to Mbapp\u00e9","datePublished":"2022-05-30T11:54:00+00:00","mainEntityOfPage":{"@id":"https:\/\/www.fcbarcelonanoticias.com\/en\/players\/felt-farewell-of-isco-of-the-madrid-with-recado-to-mbappe_280769_102.html"},"wordCount":447,"image":{"@id":"https:\/\/www.fcbarcelonanoticias.com\/en\/players\/felt-farewell-of-isco-of-the-madrid-with-recado-to-mbappe_280769_102.html#primaryimage"},"thumbnailUrl":"https:\/\/www.fcbarcelonanoticias.com\/en\/wp-content\/uploads\/sites\/2\/2022\/05\/isco-madrid-chao.jpeg","keywords":["Isco","Mbapp\u00e9"],"articleSection":["Players","Players"],"inLanguage":"en-US"},{"@type":"WebPage","@id":"https:\/\/www.fcbarcelonanoticias.com\/en\/players\/felt-farewell-of-isco-of-the-madrid-with-recado-to-mbappe_280769_102.html","url":"https:\/\/www.fcbarcelonanoticias.com\/en\/players\/felt-farewell-of-isco-of-the-madrid-with-recado-to-mbappe_280769_102.html","name":"Heartfelt farewell of Isco from Madrid with 'message' to Mbapp\u00e9","isPartOf":{"@id":"https:\/\/www.fcbarcelonanoticias.com\/en\/#website"},"primaryImageOfPage":{"@id":"https:\/\/www.fcbarcelonanoticias.com\/en\/players\/felt-farewell-of-isco-of-the-madrid-with-recado-to-mbappe_280769_102.html#primaryimage"},"image":{"@id":"https:\/\/www.fcbarcelonanoticias.com\/en\/players\/felt-farewell-of-isco-of-the-madrid-with-recado-to-mbappe_280769_102.html#primaryimage"},"thumbnailUrl":"https:\/\/www.fcbarcelonanoticias.com\/en\/wp-content\/uploads\/sites\/2\/2022\/05\/isco-madrid-chao.jpeg","datePublished":"2022-05-30T11:54:00+00:00","author":{"@id":"https:\/\/www.fcbarcelonanoticias.com\/en\/#\/schema\/person\/11b0290c4a189d9189a42eebb154b6e8"},"description":"The new 'orejona' in the showcases of Real Madrid also brought several farewells. Players such as Marcelo, Gareth Bale and Isco will leave the Bernabeu. The Spa...","breadcrumb":{"@id":"https:\/\/www.fcbarcelonanoticias.com\/en\/players\/felt-farewell-of-isco-of-the-madrid-with-recado-to-mbappe_280769_102.html#breadcrumb"},"inLanguage":"en-US","potentialAction":[{"@type":"ReadAction","target":["https:\/\/www.fcbarcelonanoticias.com\/en\/players\/felt-farewell-of-isco-of-the-madrid-with-recado-to-mbappe_280769_102.html"]}]},{"@type":"ImageObject","inLanguage":"en-US","@id":"https:\/\/www.fcbarcelonanoticias.com\/en\/players\/felt-farewell-of-isco-of-the-madrid-with-recado-to-mbappe_280769_102.html#primaryimage","url":"https:\/\/www.fcbarcelonanoticias.com\/en\/wp-content\/uploads\/sites\/2\/2022\/05\/isco-madrid-chao.jpeg","contentUrl":"https:\/\/www.fcbarcelonanoticias.com\/en\/wp-content\/uploads\/sites\/2\/2022\/05\/isco-madrid-chao.jpeg","width":1300,"height":741},{"@type":"BreadcrumbList","@id":"https:\/\/www.fcbarcelonanoticias.com\/en\/players\/felt-farewell-of-isco-of-the-madrid-with-recado-to-mbappe_280769_102.html#breadcrumb","itemListElement":[{"@type":"ListItem","position":1,"name":"Portada","item":"https:\/\/www.fcbarcelonanoticias.com\/en\/"},{"@type":"ListItem","position":2,"name":"Heartfelt farewell of Isco from Madrid with &#8216;message&#8217; to Mbapp\u00e9"}]},{"@type":"WebSite","@id":"https:\/\/www.fcbarcelonanoticias.com\/en\/#website","url":"https:\/\/www.fcbarcelonanoticias.com\/en\/","name":"EN - FC Barcelona Noticias","description":"","potentialAction":[{"@type":"SearchAction","target":{"@type":"EntryPoint","urlTemplate":"https:\/\/www.fcbarcelonanoticias.com\/en\/?s={search_term_string}"},"query-input":{"@type":"PropertyValueSpecification","valueRequired":true,"valueName":"search_term_string"}}],"inLanguage":"en-US"},{"@type":"Person","@id":"https:\/\/www.fcbarcelonanoticias.com\/en\/#\/schema\/person\/11b0290c4a189d9189a42eebb154b6e8","name":"user_4047","image":{"@type":"ImageObject","inLanguage":"en-US","@id":"https:\/\/secure.gravatar.com\/avatar\/?s=96&d=mm&r=g","url":"https:\/\/secure.gravatar.com\/avatar\/?s=96&d=mm&r=g","contentUrl":"https:\/\/secure.gravatar.com\/avatar\/?s=96&d=mm&r=g","caption":"user_4047"},"url":"https:\/\/www.fcbarcelonanoticias.com\/en\/user_4047.html"}]}},"_links":{"self":[{"href":"https:\/\/www.fcbarcelonanoticias.com\/en\/wp-json\/wp\/v2\/posts\/71291","targetHints":{"allow":["GET"]}}],"collection":[{"href":"https:\/\/www.fcbarcelonanoticias.com\/en\/wp-json\/wp\/v2\/posts"}],"about":[{"href":"https:\/\/www.fcbarcelonanoticias.com\/en\/wp-json\/wp\/v2\/types\/post"}],"author":[{"embeddable":true,"href":"https:\/\/www.fcbarcelonanoticias.com\/en\/wp-json\/wp\/v2\/users\/391"}],"replies":[{"embeddable":true,"href":"https:\/\/www.fcbarcelonanoticias.com\/en\/wp-json\/wp\/v2\/comments?post=71291"}],"version-history":[{"count":1,"href":"https:\/\/www.fcbarcelonanoticias.com\/en\/wp-json\/wp\/v2\/posts\/71291\/revisions"}],"predecessor-version":[{"id":118948,"href":"https:\/\/www.fcbarcelonanoticias.com\/en\/wp-json\/wp\/v2\/posts\/71291\/revisions\/118948"}],"wp:featuredmedia":[{"embeddable":true,"href":"https:\/\/www.fcbarcelonanoticias.com\/en\/wp-json\/wp\/v2\/media\/71298"}],"wp:attachment":[{"href":"https:\/\/www.fcbarcelonanoticias.com\/en\/wp-json\/wp\/v2\/media?parent=71291"}],"wp:term":[{"taxonomy":"category","embeddable":true,"href":"https:\/\/www.fcbarcelonanoticias.com\/en\/wp-json\/wp\/v2\/categories?post=71291"},{"taxonomy":"post_tag","embeddable":true,"href":"https:\/\/www.fcbarcelonanoticias.com\/en\/wp-json\/wp\/v2\/tags?post=71291"}],"curies":[{"name":"wp","href":"https:\/\/api.w.org\/{rel}","templated":true}]}}