{"id":71300,"date":"2023-08-29T23:45:00","date_gmt":"2023-08-29T21:45:00","guid":{"rendered":"https:\/\/weisetech.dev\/fc-barcelona-noticias\/en\/fede-valverde-leaves-side-rivalry-surrenders-ronald-araujo_295615_102\/"},"modified":"2023-08-30T17:05:00","modified_gmt":"2023-08-30T15:05:00","slug":"fede-valverde-leaves-side-rivalry-surrenders-ronald-araujo_295615_102","status":"publish","type":"post","link":"https:\/\/www.fcbarcelonanoticias.com\/en\/players\/fede-valverde-leaves-side-rivalry-surrenders-ronald-araujo_295615_102.html","title":{"rendered":"Fede Valverde puts rivalry aside and &#8216;surrenders&#8217; to Ronald Ara\u00fajo"},"content":{"rendered":"<h2 class=\"wp-block-heading\">Fede Valverde and Ronald Ara\u00fajo have maintained an excellent relationship despite their rivalry in Spanish football. In a recent interview, the Real Madrid midfielder did not hesitate to praise the FC Barcelona centre-back, for whom he is very fond<\/h2>  \r\n<div class=\"article-addons\">\r\n    <a href=\"https:\/\/www.fcbarcelonanoticias.com\/en\/calendar-fc-barcelona.html\"\r\n       target=\"_self\"\r\n       title=\"Calendar of FC Barcelona\"\r\n       class=\"blue-gredient-btn\">\r\n       \r\n        Calendar of FC Barcelona    <\/a>\r\n<\/div>   <p>The Classical between the FC Barcelona and the Real Madrid is used to to open the door to individual duels between footballers of the same country. This is the case of Fede Valverde and Ronald Ara\u00fajo, those who <strong>have had to confront in the last three seasons, without seeing affected the affection that feel mutually<\/strong>. Consulted by who is the best and the worst player of the Bar\u00e7a, the mediocentro &#8216;merengue&#8217; left clear his respect to his compatriot and the staff blaugrana in a recent interview.<\/p>  <p><strong>&#8220;The best is Ronald Araujo. I want it. It is my fellow also, is Uruguayan&#8230; The worst? It would not say it, I think that each one deserves his place and respect. They work very hard, so I give them respect&#8221;,<\/strong> said the player of the Madrid, one of the &#8216;fixed&#8217; in the eleven of Carlo Ancelotti in spite of the arrival of Jude Bellingham. In fact the one of Montevideo is, for the time being, the only &#8216;intocable&#8217; for the Italian technician in the centre of the field, beside the &#8216;crack&#8217; English.<\/p>  <h2>Ara\u00fajo Also has showed his affection to Valverde<\/h2>  <p>Before the World-wide, the central cul\u00e9 also had praises for his mate in the &#8216;celestial&#8217;. <strong>&#8220;Confront it in LaLiga is hard, all know the quality that has Fede<\/strong>. And afterwards have it in the selection is tremendo, because it is an exceptional player and gives us a jump of quality very high to our selection&#8221;, commented Ronald in an interview for the chain &#8216;ESPN&#8217;.<\/p>  <p>The past season, only Valverde gave the taste of &#8216;wet&#8217; in the Classical. It was in the triumph &#8216;merengue&#8217; by 3-1 in the first duel between both in League. <strong>Previously, the central cul\u00e9 had followed suit, also by League and in Chamart\u00edn, in the remembered 0-4 of the Bar\u00e7a to the Madrid in April of 2022<\/strong>. In the 2022\/23, the group blaugrana finish the season with positive balance in the Classical, with three consecutive victories that allowed to the ones of Xavi Hern\u00e1ndez remain with LaLiga and the Supercopa Spanish, while the &#8216;White House&#8217; had to conform with the Glass of Rey.<\/p>  <h2>Ara\u00fajo And Valverde will go back to confront in October<\/h2>  <p>The next clash between Fede and Ronald will be <strong>on 29 October in the Classical in Montju\u00efc by the day 11 of LaLiga<\/strong>. With luck, both will be available to play if they do not suffer some physical setback. In fact, <a data-external=\"0\" data-intl-links-en=\"https:\/\/www.fcbarcelonanoticias.com\/en\/fc-barcelona\/fc-barcelona-will-preserve-ronald-araujo-during-next-stop-selections_295294_102.html\" data-intl-links-es=\"https:\/\/www.fcbarcelonanoticias.com\/fc-barcelona\/fc-barcelona-preservara-ronald-araujo-durante-proximo-paron-selecciones_295294_102.html\" href=\"https:\/\/www.fcbarcelonanoticias.com\/en\/fc-barcelona\/fc-barcelona-will-preserve-ronald-araujo-during-next-stop-selections_295294_102.html\" rel=\"follow\" target=\"_self\" title=\"El Bar\u00e7a preservar\u00e1 a Ronald Ara\u00fajo durante el pr\u00f3ximo par\u00f3n de selecciones\">the defender of 24 years will be drop with his selection<\/a> for the beginning of the eliminatory sudamericanas to the World-wide 2026. Fede yes will be available for the parties in front of Chile and Ecuador.<\/p> ","protected":false},"excerpt":{"rendered":"<p>Fede Valverde and Ronald Ara\u00fajo have maintained an excellent relationship despite their rivalry in Spanish football. In a recent interview, the Real Madrid midfielder did not hesitate to praise the FC Barcelona centre-back, for whom he is very fond The Classical between the FC Barcelona and the Real Madrid is used to to open the [&hellip;]<\/p>\n","protected":false},"author":347,"featured_media":60280,"comment_status":"closed","ping_status":"open","sticky":false,"template":"","format":"standard","meta":{"_acf_changed":false,"inline_featured_image":false,"_nextfly_llmd_date_locked":false,"footnotes":""},"categories":[453,107],"tags":[],"class_list":["post-71300","post","type-post","status-publish","format-standard","has-post-thumbnail","hentry","category-players-2","category-players"],"acf":[],"yoast_head":"<!-- This site is optimized with the Yoast SEO plugin v27.3 - https:\/\/yoast.com\/product\/yoast-seo-wordpress\/ -->\n<title>Fede Valverde puts rivalry aside and &#039;surrenders&#039; to Ronald Ara\u00fajo<\/title>\n<meta name=\"description\" content=\"Fede Valverde and Ronald Ara\u00fajo have maintained an excellent relationship despite their rivalry in Spanish football. In a recent interview, the Real Madrid midfielder did not hesitate to praise the FC Barcelona centre-back, for whom he is very fond\" \/>\n<meta name=\"robots\" content=\"index, follow, max-snippet:-1, max-image-preview:large, max-video-preview:-1\" \/>\n<link rel=\"canonical\" href=\"https:\/\/www.fcbarcelonanoticias.com\/en\/players\/fede-valverde-leaves-side-rivalry-surrenders-ronald-araujo_295615_102.html\" \/>\n<meta property=\"og:locale\" content=\"en_US\" \/>\n<meta property=\"og:type\" content=\"article\" \/>\n<meta property=\"og:title\" content=\"Fede Valverde puts rivalry aside and &#039;surrenders&#039; to Ronald Ara\u00fajo\" \/>\n<meta property=\"og:description\" content=\"Fede Valverde and Ronald Ara\u00fajo have maintained an excellent relationship despite their rivalry in Spanish football. In a recent interview, the Real Madrid midfielder did not hesitate to praise the FC Barcelona centre-back, for whom he is very fond\" \/>\n<meta property=\"og:url\" content=\"https:\/\/www.fcbarcelonanoticias.com\/en\/players\/fede-valverde-leaves-side-rivalry-surrenders-ronald-araujo_295615_102.html\" \/>\n<meta property=\"og:site_name\" content=\"EN - FC Barcelona Noticias\" \/>\n<meta property=\"article:published_time\" content=\"2023-08-29T21:45:00+00:00\" \/>\n<meta property=\"article:modified_time\" content=\"2023-08-30T15:05:00+00:00\" \/>\n<meta property=\"og:image\" content=\"https:\/\/www.fcbarcelonanoticias.com\/en\/wp-content\/uploads\/sites\/2\/2023\/03\/vini-cius-jr-y-ronald-arau-jo-en-el-barc-a-vs-real-madrid-de-laliga-2.jpeg\" \/>\n\t<meta property=\"og:image:width\" content=\"1200\" \/>\n\t<meta property=\"og:image:height\" content=\"675\" \/>\n\t<meta property=\"og:image:type\" content=\"image\/jpeg\" \/>\n<meta name=\"author\" content=\"Andr\u00e9s Quiroz\" \/>\n<meta name=\"twitter:card\" content=\"summary_large_image\" \/>\n<meta name=\"twitter:label1\" content=\"Written by\" \/>\n\t<meta name=\"twitter:data1\" content=\"Andr\u00e9s Quiroz\" \/>\n\t<meta name=\"twitter:label2\" content=\"Est. reading time\" \/>\n\t<meta name=\"twitter:data2\" content=\"2 minutes\" \/>\n<script type=\"application\/ld+json\" class=\"yoast-schema-graph\">{\"@context\":\"https:\\\/\\\/schema.org\",\"@graph\":[{\"@type\":\"Article\",\"@id\":\"https:\\\/\\\/www.fcbarcelonanoticias.com\\\/en\\\/players\\\/fede-valverde-leaves-side-rivalry-surrenders-ronald-araujo_295615_102.html#article\",\"isPartOf\":{\"@id\":\"https:\\\/\\\/www.fcbarcelonanoticias.com\\\/en\\\/players\\\/fede-valverde-leaves-side-rivalry-surrenders-ronald-araujo_295615_102.html\"},\"author\":{\"name\":\"Andr\u00e9s Quiroz\",\"@id\":\"https:\\\/\\\/www.fcbarcelonanoticias.com\\\/en\\\/#\\\/schema\\\/person\\\/c2cd9f6fa1af5c0d0eccd0fefa575c88\"},\"headline\":\"Fede Valverde puts rivalry aside and &#8216;surrenders&#8217; to Ronald Ara\u00fajo\",\"datePublished\":\"2023-08-29T21:45:00+00:00\",\"dateModified\":\"2023-08-30T15:05:00+00:00\",\"mainEntityOfPage\":{\"@id\":\"https:\\\/\\\/www.fcbarcelonanoticias.com\\\/en\\\/players\\\/fede-valverde-leaves-side-rivalry-surrenders-ronald-araujo_295615_102.html\"},\"wordCount\":493,\"image\":{\"@id\":\"https:\\\/\\\/www.fcbarcelonanoticias.com\\\/en\\\/players\\\/fede-valverde-leaves-side-rivalry-surrenders-ronald-araujo_295615_102.html#primaryimage\"},\"thumbnailUrl\":\"https:\\\/\\\/www.fcbarcelonanoticias.com\\\/en\\\/wp-content\\\/uploads\\\/sites\\\/2\\\/2023\\\/03\\\/vini-cius-jr-y-ronald-arau-jo-en-el-barc-a-vs-real-madrid-de-laliga-2.jpeg\",\"articleSection\":[\"Players\",\"Players\"],\"inLanguage\":\"en-US\"},{\"@type\":\"WebPage\",\"@id\":\"https:\\\/\\\/www.fcbarcelonanoticias.com\\\/en\\\/players\\\/fede-valverde-leaves-side-rivalry-surrenders-ronald-araujo_295615_102.html\",\"url\":\"https:\\\/\\\/www.fcbarcelonanoticias.com\\\/en\\\/players\\\/fede-valverde-leaves-side-rivalry-surrenders-ronald-araujo_295615_102.html\",\"name\":\"Fede Valverde puts rivalry aside and 'surrenders' to Ronald Ara\u00fajo\",\"isPartOf\":{\"@id\":\"https:\\\/\\\/www.fcbarcelonanoticias.com\\\/en\\\/#website\"},\"primaryImageOfPage\":{\"@id\":\"https:\\\/\\\/www.fcbarcelonanoticias.com\\\/en\\\/players\\\/fede-valverde-leaves-side-rivalry-surrenders-ronald-araujo_295615_102.html#primaryimage\"},\"image\":{\"@id\":\"https:\\\/\\\/www.fcbarcelonanoticias.com\\\/en\\\/players\\\/fede-valverde-leaves-side-rivalry-surrenders-ronald-araujo_295615_102.html#primaryimage\"},\"thumbnailUrl\":\"https:\\\/\\\/www.fcbarcelonanoticias.com\\\/en\\\/wp-content\\\/uploads\\\/sites\\\/2\\\/2023\\\/03\\\/vini-cius-jr-y-ronald-arau-jo-en-el-barc-a-vs-real-madrid-de-laliga-2.jpeg\",\"datePublished\":\"2023-08-29T21:45:00+00:00\",\"dateModified\":\"2023-08-30T15:05:00+00:00\",\"author\":{\"@id\":\"https:\\\/\\\/www.fcbarcelonanoticias.com\\\/en\\\/#\\\/schema\\\/person\\\/c2cd9f6fa1af5c0d0eccd0fefa575c88\"},\"description\":\"Fede Valverde and Ronald Ara\u00fajo have maintained an excellent relationship despite their rivalry in Spanish football. In a recent interview, the Real Madrid midfielder did not hesitate to praise the FC Barcelona centre-back, for whom he is very fond\",\"breadcrumb\":{\"@id\":\"https:\\\/\\\/www.fcbarcelonanoticias.com\\\/en\\\/players\\\/fede-valverde-leaves-side-rivalry-surrenders-ronald-araujo_295615_102.html#breadcrumb\"},\"inLanguage\":\"en-US\",\"potentialAction\":[{\"@type\":\"ReadAction\",\"target\":[\"https:\\\/\\\/www.fcbarcelonanoticias.com\\\/en\\\/players\\\/fede-valverde-leaves-side-rivalry-surrenders-ronald-araujo_295615_102.html\"]}]},{\"@type\":\"ImageObject\",\"inLanguage\":\"en-US\",\"@id\":\"https:\\\/\\\/www.fcbarcelonanoticias.com\\\/en\\\/players\\\/fede-valverde-leaves-side-rivalry-surrenders-ronald-araujo_295615_102.html#primaryimage\",\"url\":\"https:\\\/\\\/www.fcbarcelonanoticias.com\\\/en\\\/wp-content\\\/uploads\\\/sites\\\/2\\\/2023\\\/03\\\/vini-cius-jr-y-ronald-arau-jo-en-el-barc-a-vs-real-madrid-de-laliga-2.jpeg\",\"contentUrl\":\"https:\\\/\\\/www.fcbarcelonanoticias.com\\\/en\\\/wp-content\\\/uploads\\\/sites\\\/2\\\/2023\\\/03\\\/vini-cius-jr-y-ronald-arau-jo-en-el-barc-a-vs-real-madrid-de-laliga-2.jpeg\",\"width\":1200,\"height\":675},{\"@type\":\"BreadcrumbList\",\"@id\":\"https:\\\/\\\/www.fcbarcelonanoticias.com\\\/en\\\/players\\\/fede-valverde-leaves-side-rivalry-surrenders-ronald-araujo_295615_102.html#breadcrumb\",\"itemListElement\":[{\"@type\":\"ListItem\",\"position\":1,\"name\":\"Portada\",\"item\":\"https:\\\/\\\/www.fcbarcelonanoticias.com\\\/en\\\/\"},{\"@type\":\"ListItem\",\"position\":2,\"name\":\"Fede Valverde puts rivalry aside and &#8216;surrenders&#8217; to Ronald Ara\u00fajo\"}]},{\"@type\":\"WebSite\",\"@id\":\"https:\\\/\\\/www.fcbarcelonanoticias.com\\\/en\\\/#website\",\"url\":\"https:\\\/\\\/www.fcbarcelonanoticias.com\\\/en\\\/\",\"name\":\"EN - FC Barcelona Noticias\",\"description\":\"\",\"potentialAction\":[{\"@type\":\"SearchAction\",\"target\":{\"@type\":\"EntryPoint\",\"urlTemplate\":\"https:\\\/\\\/www.fcbarcelonanoticias.com\\\/en\\\/?s={search_term_string}\"},\"query-input\":{\"@type\":\"PropertyValueSpecification\",\"valueRequired\":true,\"valueName\":\"search_term_string\"}}],\"inLanguage\":\"en-US\"},{\"@type\":\"Person\",\"@id\":\"https:\\\/\\\/www.fcbarcelonanoticias.com\\\/en\\\/#\\\/schema\\\/person\\\/c2cd9f6fa1af5c0d0eccd0fefa575c88\",\"name\":\"Andr\u00e9s Quiroz\",\"image\":{\"@type\":\"ImageObject\",\"inLanguage\":\"en-US\",\"@id\":\"https:\\\/\\\/secure.gravatar.com\\\/avatar\\\/?s=96&d=mm&r=g\",\"url\":\"https:\\\/\\\/secure.gravatar.com\\\/avatar\\\/?s=96&d=mm&r=g\",\"contentUrl\":\"https:\\\/\\\/secure.gravatar.com\\\/avatar\\\/?s=96&d=mm&r=g\",\"caption\":\"Andr\u00e9s Quiroz\"},\"description\":\"Licenciado en Periodismo por la Universidad de los Andes. Me encargo de analizar y compartir los contenidos m\u00e1s destacados de la\u00a0actualidad del F\u00fatbol Club Barcelona, Mercado de Fichajes y F\u00fatbol Internacional en FCBN. La informaci\u00f3n es poder, pero tambi\u00e9n conocimiento.\",\"url\":\"https:\\\/\\\/www.fcbarcelonanoticias.com\\\/en\\\/fc-barcelona\\\/andres-quiroz_17_115.html\"}]}<\/script>\n<!-- \/ Yoast SEO plugin. -->","yoast_head_json":{"title":"Fede Valverde puts rivalry aside and 'surrenders' to Ronald Ara\u00fajo","description":"Fede Valverde and Ronald Ara\u00fajo have maintained an excellent relationship despite their rivalry in Spanish football. In a recent interview, the Real Madrid midfielder did not hesitate to praise the FC Barcelona centre-back, for whom he is very fond","robots":{"index":"index","follow":"follow","max-snippet":"max-snippet:-1","max-image-preview":"max-image-preview:large","max-video-preview":"max-video-preview:-1"},"canonical":"https:\/\/www.fcbarcelonanoticias.com\/en\/players\/fede-valverde-leaves-side-rivalry-surrenders-ronald-araujo_295615_102.html","og_locale":"en_US","og_type":"article","og_title":"Fede Valverde puts rivalry aside and 'surrenders' to Ronald Ara\u00fajo","og_description":"Fede Valverde and Ronald Ara\u00fajo have maintained an excellent relationship despite their rivalry in Spanish football. In a recent interview, the Real Madrid midfielder did not hesitate to praise the FC Barcelona centre-back, for whom he is very fond","og_url":"https:\/\/www.fcbarcelonanoticias.com\/en\/players\/fede-valverde-leaves-side-rivalry-surrenders-ronald-araujo_295615_102.html","og_site_name":"EN - FC Barcelona Noticias","article_published_time":"2023-08-29T21:45:00+00:00","article_modified_time":"2023-08-30T15:05:00+00:00","og_image":[{"width":1200,"height":675,"url":"https:\/\/www.fcbarcelonanoticias.com\/en\/wp-content\/uploads\/sites\/2\/2023\/03\/vini-cius-jr-y-ronald-arau-jo-en-el-barc-a-vs-real-madrid-de-laliga-2.jpeg","type":"image\/jpeg"}],"author":"Andr\u00e9s Quiroz","twitter_card":"summary_large_image","twitter_misc":{"Written by":"Andr\u00e9s Quiroz","Est. reading time":"2 minutes"},"schema":{"@context":"https:\/\/schema.org","@graph":[{"@type":"Article","@id":"https:\/\/www.fcbarcelonanoticias.com\/en\/players\/fede-valverde-leaves-side-rivalry-surrenders-ronald-araujo_295615_102.html#article","isPartOf":{"@id":"https:\/\/www.fcbarcelonanoticias.com\/en\/players\/fede-valverde-leaves-side-rivalry-surrenders-ronald-araujo_295615_102.html"},"author":{"name":"Andr\u00e9s Quiroz","@id":"https:\/\/www.fcbarcelonanoticias.com\/en\/#\/schema\/person\/c2cd9f6fa1af5c0d0eccd0fefa575c88"},"headline":"Fede Valverde puts rivalry aside and &#8216;surrenders&#8217; to Ronald Ara\u00fajo","datePublished":"2023-08-29T21:45:00+00:00","dateModified":"2023-08-30T15:05:00+00:00","mainEntityOfPage":{"@id":"https:\/\/www.fcbarcelonanoticias.com\/en\/players\/fede-valverde-leaves-side-rivalry-surrenders-ronald-araujo_295615_102.html"},"wordCount":493,"image":{"@id":"https:\/\/www.fcbarcelonanoticias.com\/en\/players\/fede-valverde-leaves-side-rivalry-surrenders-ronald-araujo_295615_102.html#primaryimage"},"thumbnailUrl":"https:\/\/www.fcbarcelonanoticias.com\/en\/wp-content\/uploads\/sites\/2\/2023\/03\/vini-cius-jr-y-ronald-arau-jo-en-el-barc-a-vs-real-madrid-de-laliga-2.jpeg","articleSection":["Players","Players"],"inLanguage":"en-US"},{"@type":"WebPage","@id":"https:\/\/www.fcbarcelonanoticias.com\/en\/players\/fede-valverde-leaves-side-rivalry-surrenders-ronald-araujo_295615_102.html","url":"https:\/\/www.fcbarcelonanoticias.com\/en\/players\/fede-valverde-leaves-side-rivalry-surrenders-ronald-araujo_295615_102.html","name":"Fede Valverde puts rivalry aside and 'surrenders' to Ronald Ara\u00fajo","isPartOf":{"@id":"https:\/\/www.fcbarcelonanoticias.com\/en\/#website"},"primaryImageOfPage":{"@id":"https:\/\/www.fcbarcelonanoticias.com\/en\/players\/fede-valverde-leaves-side-rivalry-surrenders-ronald-araujo_295615_102.html#primaryimage"},"image":{"@id":"https:\/\/www.fcbarcelonanoticias.com\/en\/players\/fede-valverde-leaves-side-rivalry-surrenders-ronald-araujo_295615_102.html#primaryimage"},"thumbnailUrl":"https:\/\/www.fcbarcelonanoticias.com\/en\/wp-content\/uploads\/sites\/2\/2023\/03\/vini-cius-jr-y-ronald-arau-jo-en-el-barc-a-vs-real-madrid-de-laliga-2.jpeg","datePublished":"2023-08-29T21:45:00+00:00","dateModified":"2023-08-30T15:05:00+00:00","author":{"@id":"https:\/\/www.fcbarcelonanoticias.com\/en\/#\/schema\/person\/c2cd9f6fa1af5c0d0eccd0fefa575c88"},"description":"Fede Valverde and Ronald Ara\u00fajo have maintained an excellent relationship despite their rivalry in Spanish football. In a recent interview, the Real Madrid midfielder did not hesitate to praise the FC Barcelona centre-back, for whom he is very fond","breadcrumb":{"@id":"https:\/\/www.fcbarcelonanoticias.com\/en\/players\/fede-valverde-leaves-side-rivalry-surrenders-ronald-araujo_295615_102.html#breadcrumb"},"inLanguage":"en-US","potentialAction":[{"@type":"ReadAction","target":["https:\/\/www.fcbarcelonanoticias.com\/en\/players\/fede-valverde-leaves-side-rivalry-surrenders-ronald-araujo_295615_102.html"]}]},{"@type":"ImageObject","inLanguage":"en-US","@id":"https:\/\/www.fcbarcelonanoticias.com\/en\/players\/fede-valverde-leaves-side-rivalry-surrenders-ronald-araujo_295615_102.html#primaryimage","url":"https:\/\/www.fcbarcelonanoticias.com\/en\/wp-content\/uploads\/sites\/2\/2023\/03\/vini-cius-jr-y-ronald-arau-jo-en-el-barc-a-vs-real-madrid-de-laliga-2.jpeg","contentUrl":"https:\/\/www.fcbarcelonanoticias.com\/en\/wp-content\/uploads\/sites\/2\/2023\/03\/vini-cius-jr-y-ronald-arau-jo-en-el-barc-a-vs-real-madrid-de-laliga-2.jpeg","width":1200,"height":675},{"@type":"BreadcrumbList","@id":"https:\/\/www.fcbarcelonanoticias.com\/en\/players\/fede-valverde-leaves-side-rivalry-surrenders-ronald-araujo_295615_102.html#breadcrumb","itemListElement":[{"@type":"ListItem","position":1,"name":"Portada","item":"https:\/\/www.fcbarcelonanoticias.com\/en\/"},{"@type":"ListItem","position":2,"name":"Fede Valverde puts rivalry aside and &#8216;surrenders&#8217; to Ronald Ara\u00fajo"}]},{"@type":"WebSite","@id":"https:\/\/www.fcbarcelonanoticias.com\/en\/#website","url":"https:\/\/www.fcbarcelonanoticias.com\/en\/","name":"EN - FC Barcelona Noticias","description":"","potentialAction":[{"@type":"SearchAction","target":{"@type":"EntryPoint","urlTemplate":"https:\/\/www.fcbarcelonanoticias.com\/en\/?s={search_term_string}"},"query-input":{"@type":"PropertyValueSpecification","valueRequired":true,"valueName":"search_term_string"}}],"inLanguage":"en-US"},{"@type":"Person","@id":"https:\/\/www.fcbarcelonanoticias.com\/en\/#\/schema\/person\/c2cd9f6fa1af5c0d0eccd0fefa575c88","name":"Andr\u00e9s Quiroz","image":{"@type":"ImageObject","inLanguage":"en-US","@id":"https:\/\/secure.gravatar.com\/avatar\/?s=96&d=mm&r=g","url":"https:\/\/secure.gravatar.com\/avatar\/?s=96&d=mm&r=g","contentUrl":"https:\/\/secure.gravatar.com\/avatar\/?s=96&d=mm&r=g","caption":"Andr\u00e9s Quiroz"},"description":"Licenciado en Periodismo por la Universidad de los Andes. Me encargo de analizar y compartir los contenidos m\u00e1s destacados de la\u00a0actualidad del F\u00fatbol Club Barcelona, Mercado de Fichajes y F\u00fatbol Internacional en FCBN. La informaci\u00f3n es poder, pero tambi\u00e9n conocimiento.","url":"https:\/\/www.fcbarcelonanoticias.com\/en\/fc-barcelona\/andres-quiroz_17_115.html"}]}},"_links":{"self":[{"href":"https:\/\/www.fcbarcelonanoticias.com\/en\/wp-json\/wp\/v2\/posts\/71300","targetHints":{"allow":["GET"]}}],"collection":[{"href":"https:\/\/www.fcbarcelonanoticias.com\/en\/wp-json\/wp\/v2\/posts"}],"about":[{"href":"https:\/\/www.fcbarcelonanoticias.com\/en\/wp-json\/wp\/v2\/types\/post"}],"author":[{"embeddable":true,"href":"https:\/\/www.fcbarcelonanoticias.com\/en\/wp-json\/wp\/v2\/users\/347"}],"replies":[{"embeddable":true,"href":"https:\/\/www.fcbarcelonanoticias.com\/en\/wp-json\/wp\/v2\/comments?post=71300"}],"version-history":[{"count":1,"href":"https:\/\/www.fcbarcelonanoticias.com\/en\/wp-json\/wp\/v2\/posts\/71300\/revisions"}],"predecessor-version":[{"id":119091,"href":"https:\/\/www.fcbarcelonanoticias.com\/en\/wp-json\/wp\/v2\/posts\/71300\/revisions\/119091"}],"wp:featuredmedia":[{"embeddable":true,"href":"https:\/\/www.fcbarcelonanoticias.com\/en\/wp-json\/wp\/v2\/media\/60280"}],"wp:attachment":[{"href":"https:\/\/www.fcbarcelonanoticias.com\/en\/wp-json\/wp\/v2\/media?parent=71300"}],"wp:term":[{"taxonomy":"category","embeddable":true,"href":"https:\/\/www.fcbarcelonanoticias.com\/en\/wp-json\/wp\/v2\/categories?post=71300"},{"taxonomy":"post_tag","embeddable":true,"href":"https:\/\/www.fcbarcelonanoticias.com\/en\/wp-json\/wp\/v2\/tags?post=71300"}],"curies":[{"name":"wp","href":"https:\/\/api.w.org\/{rel}","templated":true}]}}