{"id":71302,"date":"2024-01-18T23:40:00","date_gmt":"2024-01-18T22:40:00","guid":{"rendered":"https:\/\/weisetech.dev\/fc-barcelona-noticias\/en\/ferran-torres-consolidates-his-position-as-barcas-2nd-top-scorer_300033_102\/"},"modified":"2024-01-18T23:40:00","modified_gmt":"2024-01-18T22:40:00","slug":"ferran-torres-consolidates-his-position-as-barcas-2nd-top-scorer_300033_102","status":"publish","type":"post","link":"https:\/\/www.fcbarcelonanoticias.com\/en\/players\/ferran-torres-consolidates-his-position-as-barcas-2nd-top-scorer_300033_102.html","title":{"rendered":"Ferran Torres consolidates his position as Bar\u00e7a&#8217;s 2nd top scorer"},"content":{"rendered":"<h2 class=\"wp-block-heading\">Bar\u00e7a&#8217;s irregularity in defense is an issue that does not seem to be solved, but in the meantime the Bar\u00e7a team still has a Ferran Torres determined to score every time he has an opportunity<\/h2>  \r\n<div class=\"article-addons\">\r\n    <a href=\"https:\/\/www.fcbarcelonanoticias.com\/en\/calendar-fc-barcelona.html\"\r\n       target=\"_self\"\r\n       title=\"Calendar of FC Barcelona\"\r\n       class=\"blue-gredient-btn\">\r\n       \r\n        Calendar of FC Barcelona    <\/a>\r\n<\/div>   <p>Ferran Torres was one of the leading maxima <a data-external=\"0\" data-intl-links-en=\"https:\/\/www.fcbarcelonanoticias.com\/en\/copa-del-rey\/unionistas-cf-fc-barcelona-1-3-video-summary-goals-and-better-played-of-the-party_300027_102.html\" data-intl-links-es=\"https:\/\/www.fcbarcelonanoticias.com\/copa-del-rey\/unionistas-cf-fc-barcelona-1-3-video-resumen-goles-mejores-jugadas-partido_300027_102.html\" href=\"https:\/\/www.fcbarcelonanoticias.com\/en\/copa-del-rey\/unionistas-cf-fc-barcelona-1-3-video-summary-goals-and-better-played-of-the-party_300027_102.html\" rel=\"follow\" target=\"_self\" title=\"UNIONISTAS CF-FC BARCELONA (1-3): V\u00eddeo resumen, goles y mejores jugadas del partido\">in the party of the FC Barcelona in front of Unionistas of Salamanca of this Thursday<\/a>. <strong>The forward annotated an important goal that meant the tie of the Barcelona in front of the team salmantino in Queen Sofia (1-1)<\/strong> so that both teams went to the rest with a parity in the marker that at least gave something of tranquility for the ones of Xavi Hern\u00e1ndez.<\/p>  <p>The Valencian finalised a played in which the cul\u00e9s took advantage of a kickoff of corner of Unionistas to go to contragolpe. Joao F\u00e9lix commanded a good pass for the career of Ferran that it did not have opposition to leave until the rival area and approach the maximum possible to the goal. <strong>Eighth goal of the season for the &#8216;7&#8217; of the Bar\u00e7a, strengthening as well as the maximum second goleador of the team and achieving already, near of the equator of the season, his greater number of so many since it arrived to the City Condal in January of 2022. <\/strong><\/p>  <blockquote class=\"twitter-tweet\"> <p dir=\"ltr\" lang=\"es\">\u26bd\ufe0f GOOOOOOL OF FERRAAAAAN!! EMPATA THE BAR\u00c7AAAAA!!<br><br> Big definition of the international attacker after a galloped from his area.<br><br> \ud83c\udd9a <a href=\"https:\/\/twitter.com\/en\/UnionistasCF?ref_src=twsrc%5Etfw\">@UnionistasCF<\/a> | 1-1 | <a href=\"https:\/\/twitter.com\/en\/FCBarcelona_es?ref_src=twsrc%5Etfw\">@FCBarcelona_is<\/a> | 44&#8242;<br><br> \ud83d\udcfa <a href=\"https:\/\/twitter.com\/en\/MovistarPlus?ref_src=twsrc%5Etfw\">@MovistarPlus<\/a><br><br> \u2139\ufe0f Minute-by-minute: <a href=\"https:\/\/t.co\/en\/CAQw8fCr6Y\">https:\/\/t.co\/caqw8fcr6y<\/a> <a href=\"https:\/\/twitter.com\/en\/hashtag\/LaCopaMola?src=hash&amp;ref_src=twsrc%5Etfw\">#LaCopaMola<\/a>\ud83c\udfc6 | <a href=\"https:\/\/twitter.com\/en\/hashtag\/CopaDelRey?src=hash&amp;ref_src=twsrc%5Etfw\">#CopaDelRey<\/a> <a href=\"https:\/\/t.co\/en\/Vd5lfazELT\">pic.twitter.com\/vd5lfazelt<\/a><\/p> \u2014 RFEF (@rfef) <a href=\"https:\/\/twitter.com\/en\/rfef\/status\/1748062069281243248?ref_src=twsrc%5Etfw\">January 18, 2024<\/a> <\/blockquote> <h2>Ferran, with two actions that marked him also his visit to Salamanca<\/h2>  <p>It is worthwhile to highlight also that the extreme no only stood out by his goal but by two other situations on the field, each one generating impressions very contrary in the own stadium and in social networks. <strong>First, after beating to Iv\u00e1n Mart\u00ednez, the ex Manchester City carried the hand to the ear to celebrate in front of the terracing maddened of Salamanca.<\/strong><\/p>  <p>A pair of minutes afterwards, when it left to the changing rooms, would arrive another action that gave a lot that speak, but in this occasion without generating controversy. Ferran saw to a girl in the band and did not doubt in taking out his T-shirt to give it and melt in an embrace with her. <strong>A fantastic detail of the of Foios, that already marked in League and Champions and in Salamanca also attained to expand his registers in Glass of Rey.<\/strong><\/p> ","protected":false},"excerpt":{"rendered":"<p>Bar\u00e7a&#8217;s irregularity in defense is an issue that does not seem to be solved, but in the meantime the Bar\u00e7a team still has a Ferran Torres determined to score every time he has an opportunity Ferran Torres was one of the leading maxima in the party of the FC Barcelona in front of Unionistas of [&hellip;]<\/p>\n","protected":false},"author":345,"featured_media":71307,"comment_status":"closed","ping_status":"open","sticky":false,"template":"","format":"standard","meta":{"_acf_changed":false,"inline_featured_image":false,"_nextfly_llmd_date_locked":false,"footnotes":""},"categories":[107,453],"tags":[310,327,48],"class_list":["post-71302","post","type-post","status-publish","format-standard","has-post-thumbnail","hentry","category-players","category-players-2","tag-marc-guiu","tag-vitor-roque","tag-xavi-hernandez"],"acf":[],"yoast_head":"<!-- This site is optimized with the Yoast SEO plugin v27.3 - https:\/\/yoast.com\/product\/yoast-seo-wordpress\/ -->\n<title>Ferran Torres consolidates his position as Bar\u00e7a&#039;s 2nd top scorer<\/title>\n<meta name=\"description\" content=\"Bar\u00e7a&#039;s irregularity in defense is an issue that does not seem to be solved, but in the meantime the Bar\u00e7a team still has a Ferran Torres determined to score every time he has an opportunity\" \/>\n<meta name=\"robots\" content=\"index, follow, max-snippet:-1, max-image-preview:large, max-video-preview:-1\" \/>\n<link rel=\"canonical\" href=\"https:\/\/www.fcbarcelonanoticias.com\/en\/players\/ferran-torres-consolidates-his-position-as-barcas-2nd-top-scorer_300033_102.html\" \/>\n<meta property=\"og:locale\" content=\"en_US\" \/>\n<meta property=\"og:type\" content=\"article\" \/>\n<meta property=\"og:title\" content=\"Ferran Torres consolidates his position as Bar\u00e7a&#039;s 2nd top scorer\" \/>\n<meta property=\"og:description\" content=\"Bar\u00e7a&#039;s irregularity in defense is an issue that does not seem to be solved, but in the meantime the Bar\u00e7a team still has a Ferran Torres determined to score every time he has an opportunity\" \/>\n<meta property=\"og:url\" content=\"https:\/\/www.fcbarcelonanoticias.com\/en\/players\/ferran-torres-consolidates-his-position-as-barcas-2nd-top-scorer_300033_102.html\" \/>\n<meta property=\"og:site_name\" content=\"EN - FC Barcelona Noticias\" \/>\n<meta property=\"article:published_time\" content=\"2024-01-18T22:40:00+00:00\" \/>\n<meta property=\"og:image\" content=\"https:\/\/www.fcbarcelonanoticias.com\/en\/wp-content\/uploads\/sites\/2\/2024\/01\/ferran-torres-unionistas.jpeg\" \/>\n\t<meta property=\"og:image:width\" content=\"1300\" \/>\n\t<meta property=\"og:image:height\" content=\"733\" \/>\n\t<meta property=\"og:image:type\" content=\"image\/jpeg\" \/>\n<meta name=\"author\" content=\"Carlos Montenegro\" \/>\n<meta name=\"twitter:card\" content=\"summary_large_image\" \/>\n<meta name=\"twitter:label1\" content=\"Written by\" \/>\n\t<meta name=\"twitter:data1\" content=\"Carlos Montenegro\" \/>\n\t<meta name=\"twitter:label2\" content=\"Est. reading time\" \/>\n\t<meta name=\"twitter:data2\" content=\"2 minutes\" \/>\n<script type=\"application\/ld+json\" class=\"yoast-schema-graph\">{\"@context\":\"https:\\\/\\\/schema.org\",\"@graph\":[{\"@type\":\"Article\",\"@id\":\"https:\\\/\\\/www.fcbarcelonanoticias.com\\\/en\\\/players\\\/ferran-torres-consolidates-his-position-as-barcas-2nd-top-scorer_300033_102.html#article\",\"isPartOf\":{\"@id\":\"https:\\\/\\\/www.fcbarcelonanoticias.com\\\/en\\\/players\\\/ferran-torres-consolidates-his-position-as-barcas-2nd-top-scorer_300033_102.html\"},\"author\":{\"name\":\"Carlos Montenegro\",\"@id\":\"https:\\\/\\\/www.fcbarcelonanoticias.com\\\/en\\\/#\\\/schema\\\/person\\\/aa1d038709c262cb247e240f6b39bbf5\"},\"headline\":\"Ferran Torres consolidates his position as Bar\u00e7a&#8217;s 2nd top scorer\",\"datePublished\":\"2024-01-18T22:40:00+00:00\",\"mainEntityOfPage\":{\"@id\":\"https:\\\/\\\/www.fcbarcelonanoticias.com\\\/en\\\/players\\\/ferran-torres-consolidates-his-position-as-barcas-2nd-top-scorer_300033_102.html\"},\"wordCount\":430,\"image\":{\"@id\":\"https:\\\/\\\/www.fcbarcelonanoticias.com\\\/en\\\/players\\\/ferran-torres-consolidates-his-position-as-barcas-2nd-top-scorer_300033_102.html#primaryimage\"},\"thumbnailUrl\":\"https:\\\/\\\/www.fcbarcelonanoticias.com\\\/en\\\/wp-content\\\/uploads\\\/sites\\\/2\\\/2024\\\/01\\\/ferran-torres-unionistas.jpeg\",\"keywords\":[\"Marc Guiu\",\"Vitor Roque\",\"Xavi Hern\u00e1ndez\"],\"articleSection\":[\"Players\",\"Players\"],\"inLanguage\":\"en-US\"},{\"@type\":\"WebPage\",\"@id\":\"https:\\\/\\\/www.fcbarcelonanoticias.com\\\/en\\\/players\\\/ferran-torres-consolidates-his-position-as-barcas-2nd-top-scorer_300033_102.html\",\"url\":\"https:\\\/\\\/www.fcbarcelonanoticias.com\\\/en\\\/players\\\/ferran-torres-consolidates-his-position-as-barcas-2nd-top-scorer_300033_102.html\",\"name\":\"Ferran Torres consolidates his position as Bar\u00e7a's 2nd top scorer\",\"isPartOf\":{\"@id\":\"https:\\\/\\\/www.fcbarcelonanoticias.com\\\/en\\\/#website\"},\"primaryImageOfPage\":{\"@id\":\"https:\\\/\\\/www.fcbarcelonanoticias.com\\\/en\\\/players\\\/ferran-torres-consolidates-his-position-as-barcas-2nd-top-scorer_300033_102.html#primaryimage\"},\"image\":{\"@id\":\"https:\\\/\\\/www.fcbarcelonanoticias.com\\\/en\\\/players\\\/ferran-torres-consolidates-his-position-as-barcas-2nd-top-scorer_300033_102.html#primaryimage\"},\"thumbnailUrl\":\"https:\\\/\\\/www.fcbarcelonanoticias.com\\\/en\\\/wp-content\\\/uploads\\\/sites\\\/2\\\/2024\\\/01\\\/ferran-torres-unionistas.jpeg\",\"datePublished\":\"2024-01-18T22:40:00+00:00\",\"author\":{\"@id\":\"https:\\\/\\\/www.fcbarcelonanoticias.com\\\/en\\\/#\\\/schema\\\/person\\\/aa1d038709c262cb247e240f6b39bbf5\"},\"description\":\"Bar\u00e7a's irregularity in defense is an issue that does not seem to be solved, but in the meantime the Bar\u00e7a team still has a Ferran Torres determined to score every time he has an opportunity\",\"breadcrumb\":{\"@id\":\"https:\\\/\\\/www.fcbarcelonanoticias.com\\\/en\\\/players\\\/ferran-torres-consolidates-his-position-as-barcas-2nd-top-scorer_300033_102.html#breadcrumb\"},\"inLanguage\":\"en-US\",\"potentialAction\":[{\"@type\":\"ReadAction\",\"target\":[\"https:\\\/\\\/www.fcbarcelonanoticias.com\\\/en\\\/players\\\/ferran-torres-consolidates-his-position-as-barcas-2nd-top-scorer_300033_102.html\"]}]},{\"@type\":\"ImageObject\",\"inLanguage\":\"en-US\",\"@id\":\"https:\\\/\\\/www.fcbarcelonanoticias.com\\\/en\\\/players\\\/ferran-torres-consolidates-his-position-as-barcas-2nd-top-scorer_300033_102.html#primaryimage\",\"url\":\"https:\\\/\\\/www.fcbarcelonanoticias.com\\\/en\\\/wp-content\\\/uploads\\\/sites\\\/2\\\/2024\\\/01\\\/ferran-torres-unionistas.jpeg\",\"contentUrl\":\"https:\\\/\\\/www.fcbarcelonanoticias.com\\\/en\\\/wp-content\\\/uploads\\\/sites\\\/2\\\/2024\\\/01\\\/ferran-torres-unionistas.jpeg\",\"width\":1300,\"height\":733},{\"@type\":\"BreadcrumbList\",\"@id\":\"https:\\\/\\\/www.fcbarcelonanoticias.com\\\/en\\\/players\\\/ferran-torres-consolidates-his-position-as-barcas-2nd-top-scorer_300033_102.html#breadcrumb\",\"itemListElement\":[{\"@type\":\"ListItem\",\"position\":1,\"name\":\"Portada\",\"item\":\"https:\\\/\\\/www.fcbarcelonanoticias.com\\\/en\\\/\"},{\"@type\":\"ListItem\",\"position\":2,\"name\":\"Ferran Torres consolidates his position as Bar\u00e7a&#8217;s 2nd top scorer\"}]},{\"@type\":\"WebSite\",\"@id\":\"https:\\\/\\\/www.fcbarcelonanoticias.com\\\/en\\\/#website\",\"url\":\"https:\\\/\\\/www.fcbarcelonanoticias.com\\\/en\\\/\",\"name\":\"EN - FC Barcelona Noticias\",\"description\":\"\",\"potentialAction\":[{\"@type\":\"SearchAction\",\"target\":{\"@type\":\"EntryPoint\",\"urlTemplate\":\"https:\\\/\\\/www.fcbarcelonanoticias.com\\\/en\\\/?s={search_term_string}\"},\"query-input\":{\"@type\":\"PropertyValueSpecification\",\"valueRequired\":true,\"valueName\":\"search_term_string\"}}],\"inLanguage\":\"en-US\"},{\"@type\":\"Person\",\"@id\":\"https:\\\/\\\/www.fcbarcelonanoticias.com\\\/en\\\/#\\\/schema\\\/person\\\/aa1d038709c262cb247e240f6b39bbf5\",\"name\":\"Carlos Montenegro\",\"image\":{\"@type\":\"ImageObject\",\"inLanguage\":\"en-US\",\"@id\":\"https:\\\/\\\/secure.gravatar.com\\\/avatar\\\/?s=96&d=mm&r=g\",\"url\":\"https:\\\/\\\/secure.gravatar.com\\\/avatar\\\/?s=96&d=mm&r=g\",\"contentUrl\":\"https:\\\/\\\/secure.gravatar.com\\\/avatar\\\/?s=96&d=mm&r=g\",\"caption\":\"Carlos Montenegro\"},\"url\":\"https:\\\/\\\/www.fcbarcelonanoticias.com\\\/en\\\/carlos-montenegro_20_115.html\"}]}<\/script>\n<!-- \/ Yoast SEO plugin. -->","yoast_head_json":{"title":"Ferran Torres consolidates his position as Bar\u00e7a's 2nd top scorer","description":"Bar\u00e7a's irregularity in defense is an issue that does not seem to be solved, but in the meantime the Bar\u00e7a team still has a Ferran Torres determined to score every time he has an opportunity","robots":{"index":"index","follow":"follow","max-snippet":"max-snippet:-1","max-image-preview":"max-image-preview:large","max-video-preview":"max-video-preview:-1"},"canonical":"https:\/\/www.fcbarcelonanoticias.com\/en\/players\/ferran-torres-consolidates-his-position-as-barcas-2nd-top-scorer_300033_102.html","og_locale":"en_US","og_type":"article","og_title":"Ferran Torres consolidates his position as Bar\u00e7a's 2nd top scorer","og_description":"Bar\u00e7a's irregularity in defense is an issue that does not seem to be solved, but in the meantime the Bar\u00e7a team still has a Ferran Torres determined to score every time he has an opportunity","og_url":"https:\/\/www.fcbarcelonanoticias.com\/en\/players\/ferran-torres-consolidates-his-position-as-barcas-2nd-top-scorer_300033_102.html","og_site_name":"EN - FC Barcelona Noticias","article_published_time":"2024-01-18T22:40:00+00:00","og_image":[{"width":1300,"height":733,"url":"https:\/\/www.fcbarcelonanoticias.com\/en\/wp-content\/uploads\/sites\/2\/2024\/01\/ferran-torres-unionistas.jpeg","type":"image\/jpeg"}],"author":"Carlos Montenegro","twitter_card":"summary_large_image","twitter_misc":{"Written by":"Carlos Montenegro","Est. reading time":"2 minutes"},"schema":{"@context":"https:\/\/schema.org","@graph":[{"@type":"Article","@id":"https:\/\/www.fcbarcelonanoticias.com\/en\/players\/ferran-torres-consolidates-his-position-as-barcas-2nd-top-scorer_300033_102.html#article","isPartOf":{"@id":"https:\/\/www.fcbarcelonanoticias.com\/en\/players\/ferran-torres-consolidates-his-position-as-barcas-2nd-top-scorer_300033_102.html"},"author":{"name":"Carlos Montenegro","@id":"https:\/\/www.fcbarcelonanoticias.com\/en\/#\/schema\/person\/aa1d038709c262cb247e240f6b39bbf5"},"headline":"Ferran Torres consolidates his position as Bar\u00e7a&#8217;s 2nd top scorer","datePublished":"2024-01-18T22:40:00+00:00","mainEntityOfPage":{"@id":"https:\/\/www.fcbarcelonanoticias.com\/en\/players\/ferran-torres-consolidates-his-position-as-barcas-2nd-top-scorer_300033_102.html"},"wordCount":430,"image":{"@id":"https:\/\/www.fcbarcelonanoticias.com\/en\/players\/ferran-torres-consolidates-his-position-as-barcas-2nd-top-scorer_300033_102.html#primaryimage"},"thumbnailUrl":"https:\/\/www.fcbarcelonanoticias.com\/en\/wp-content\/uploads\/sites\/2\/2024\/01\/ferran-torres-unionistas.jpeg","keywords":["Marc Guiu","Vitor Roque","Xavi Hern\u00e1ndez"],"articleSection":["Players","Players"],"inLanguage":"en-US"},{"@type":"WebPage","@id":"https:\/\/www.fcbarcelonanoticias.com\/en\/players\/ferran-torres-consolidates-his-position-as-barcas-2nd-top-scorer_300033_102.html","url":"https:\/\/www.fcbarcelonanoticias.com\/en\/players\/ferran-torres-consolidates-his-position-as-barcas-2nd-top-scorer_300033_102.html","name":"Ferran Torres consolidates his position as Bar\u00e7a's 2nd top scorer","isPartOf":{"@id":"https:\/\/www.fcbarcelonanoticias.com\/en\/#website"},"primaryImageOfPage":{"@id":"https:\/\/www.fcbarcelonanoticias.com\/en\/players\/ferran-torres-consolidates-his-position-as-barcas-2nd-top-scorer_300033_102.html#primaryimage"},"image":{"@id":"https:\/\/www.fcbarcelonanoticias.com\/en\/players\/ferran-torres-consolidates-his-position-as-barcas-2nd-top-scorer_300033_102.html#primaryimage"},"thumbnailUrl":"https:\/\/www.fcbarcelonanoticias.com\/en\/wp-content\/uploads\/sites\/2\/2024\/01\/ferran-torres-unionistas.jpeg","datePublished":"2024-01-18T22:40:00+00:00","author":{"@id":"https:\/\/www.fcbarcelonanoticias.com\/en\/#\/schema\/person\/aa1d038709c262cb247e240f6b39bbf5"},"description":"Bar\u00e7a's irregularity in defense is an issue that does not seem to be solved, but in the meantime the Bar\u00e7a team still has a Ferran Torres determined to score every time he has an opportunity","breadcrumb":{"@id":"https:\/\/www.fcbarcelonanoticias.com\/en\/players\/ferran-torres-consolidates-his-position-as-barcas-2nd-top-scorer_300033_102.html#breadcrumb"},"inLanguage":"en-US","potentialAction":[{"@type":"ReadAction","target":["https:\/\/www.fcbarcelonanoticias.com\/en\/players\/ferran-torres-consolidates-his-position-as-barcas-2nd-top-scorer_300033_102.html"]}]},{"@type":"ImageObject","inLanguage":"en-US","@id":"https:\/\/www.fcbarcelonanoticias.com\/en\/players\/ferran-torres-consolidates-his-position-as-barcas-2nd-top-scorer_300033_102.html#primaryimage","url":"https:\/\/www.fcbarcelonanoticias.com\/en\/wp-content\/uploads\/sites\/2\/2024\/01\/ferran-torres-unionistas.jpeg","contentUrl":"https:\/\/www.fcbarcelonanoticias.com\/en\/wp-content\/uploads\/sites\/2\/2024\/01\/ferran-torres-unionistas.jpeg","width":1300,"height":733},{"@type":"BreadcrumbList","@id":"https:\/\/www.fcbarcelonanoticias.com\/en\/players\/ferran-torres-consolidates-his-position-as-barcas-2nd-top-scorer_300033_102.html#breadcrumb","itemListElement":[{"@type":"ListItem","position":1,"name":"Portada","item":"https:\/\/www.fcbarcelonanoticias.com\/en\/"},{"@type":"ListItem","position":2,"name":"Ferran Torres consolidates his position as Bar\u00e7a&#8217;s 2nd top scorer"}]},{"@type":"WebSite","@id":"https:\/\/www.fcbarcelonanoticias.com\/en\/#website","url":"https:\/\/www.fcbarcelonanoticias.com\/en\/","name":"EN - FC Barcelona Noticias","description":"","potentialAction":[{"@type":"SearchAction","target":{"@type":"EntryPoint","urlTemplate":"https:\/\/www.fcbarcelonanoticias.com\/en\/?s={search_term_string}"},"query-input":{"@type":"PropertyValueSpecification","valueRequired":true,"valueName":"search_term_string"}}],"inLanguage":"en-US"},{"@type":"Person","@id":"https:\/\/www.fcbarcelonanoticias.com\/en\/#\/schema\/person\/aa1d038709c262cb247e240f6b39bbf5","name":"Carlos Montenegro","image":{"@type":"ImageObject","inLanguage":"en-US","@id":"https:\/\/secure.gravatar.com\/avatar\/?s=96&d=mm&r=g","url":"https:\/\/secure.gravatar.com\/avatar\/?s=96&d=mm&r=g","contentUrl":"https:\/\/secure.gravatar.com\/avatar\/?s=96&d=mm&r=g","caption":"Carlos Montenegro"},"url":"https:\/\/www.fcbarcelonanoticias.com\/en\/carlos-montenegro_20_115.html"}]}},"_links":{"self":[{"href":"https:\/\/www.fcbarcelonanoticias.com\/en\/wp-json\/wp\/v2\/posts\/71302","targetHints":{"allow":["GET"]}}],"collection":[{"href":"https:\/\/www.fcbarcelonanoticias.com\/en\/wp-json\/wp\/v2\/posts"}],"about":[{"href":"https:\/\/www.fcbarcelonanoticias.com\/en\/wp-json\/wp\/v2\/types\/post"}],"author":[{"embeddable":true,"href":"https:\/\/www.fcbarcelonanoticias.com\/en\/wp-json\/wp\/v2\/users\/345"}],"replies":[{"embeddable":true,"href":"https:\/\/www.fcbarcelonanoticias.com\/en\/wp-json\/wp\/v2\/comments?post=71302"}],"version-history":[{"count":1,"href":"https:\/\/www.fcbarcelonanoticias.com\/en\/wp-json\/wp\/v2\/posts\/71302\/revisions"}],"predecessor-version":[{"id":119108,"href":"https:\/\/www.fcbarcelonanoticias.com\/en\/wp-json\/wp\/v2\/posts\/71302\/revisions\/119108"}],"wp:featuredmedia":[{"embeddable":true,"href":"https:\/\/www.fcbarcelonanoticias.com\/en\/wp-json\/wp\/v2\/media\/71307"}],"wp:attachment":[{"href":"https:\/\/www.fcbarcelonanoticias.com\/en\/wp-json\/wp\/v2\/media?parent=71302"}],"wp:term":[{"taxonomy":"category","embeddable":true,"href":"https:\/\/www.fcbarcelonanoticias.com\/en\/wp-json\/wp\/v2\/categories?post=71302"},{"taxonomy":"post_tag","embeddable":true,"href":"https:\/\/www.fcbarcelonanoticias.com\/en\/wp-json\/wp\/v2\/tags?post=71302"}],"curies":[{"name":"wp","href":"https:\/\/api.w.org\/{rel}","templated":true}]}}