{"id":71339,"date":"2023-12-05T10:12:00","date_gmt":"2023-12-05T09:12:00","guid":{"rendered":"https:\/\/weisetech.dev\/fc-barcelona-noticias\/en\/felt-goodbye-of-vitor-roque-to-the-fans-of-the-paranaense-before-leaving-to-barca_298733_102\/"},"modified":"2023-12-05T10:12:00","modified_gmt":"2023-12-05T09:12:00","slug":"felt-goodbye-of-vitor-roque-to-the-fans-of-the-paranaense-before-leaving-to-barca_298733_102","status":"publish","type":"post","link":"https:\/\/www.fcbarcelonanoticias.com\/en\/players\/felt-goodbye-of-vitor-roque-to-the-fans-of-the-paranaense-before-leaving-to-barca_298733_102.html","title":{"rendered":"Vitor Roque&#8217;s heartfelt farewell to the Paranaense fans before leaving for Bar\u00e7a"},"content":{"rendered":"<h2 class=\"wp-block-heading\">Vitor Roque Is to few hours to be announced like the first reinforcement of the Bar\u00e7a in the next market of winter and thus the &#8216;9&#8217; took advantage of to sack  of his current fans<\/h2>  \r\n<div class=\"article-addons\">\r\n    <a href=\"https:\/\/www.fcbarcelonanoticias.com\/en\/calendar-fc-barcelona.html\"\r\n       target=\"_self\"\r\n       title=\"Calendar of FC Barcelona\"\r\n       class=\"blue-gredient-btn\">\r\n       \r\n        Calendar of FC Barcelona    <\/a>\r\n<\/div>   <p>The FC Barcelona still has not announced of official way <a data-external=\"0\" data-intl-links-en=\"https:\/\/www.fcbarcelonanoticias.com\/en\/transfers\/vitor-roque-officially-announces-his-arrival-at-barca_298696_102.html\" data-intl-links-es=\"https:\/\/www.fcbarcelonanoticias.com\/fichajes\/vitor-roque-se-pronuncia-oficialmente-sobre-su-llegada-barca_298696_102.html\" href=\"https:\/\/www.fcbarcelonanoticias.com\/en\/transfers\/vitor-roque-officially-announces-his-arrival-at-barca_298696_102.html\" rel=\"follow\" target=\"_self\" title=\"FICHAJES: Vitor Roque se pronuncia oficialmente sobre su llegada al Bar\u00e7a\">the arrival of Vitor Roque<\/a> in the market of winter, although it already has remained clear this past weekend that the forward already prepares his cases to travel to Spain in the next days. <strong>And it is that the Athletico Paranaense spread through his social networks the course of his goleador and from the room of press Xavi, after the victory in front of the Athletic of Madrid, admitted publicly that expects his immediate incorporation.<\/strong><\/p>  <blockquote class=\"twitter-tweet\"> <p dir=\"ltr\" lang=\"pt\">\u26a1\ufe0f\ud83c\udf2a\ufe0f You frames gives farewell!<br> Acompanhamos All you passos do Vitor Roque na vit\u00f3ria on or Santos. It gives concentra\u00e7\u00e3or no CAT Caju ao final do jogo na Ligga Sand.<br><br> Imperd\u00edvel! Assista ao Complete video:<br> \ud83c\udfa5 <a href=\"https:\/\/t.co\/en\/9OSIdWwgHT\">https:\/\/t.co\/9osidwwght<\/a> <a href=\"https:\/\/twitter.com\/en\/hashtag\/Athletico?src=hash&amp;ref_src=twsrc%5Etfw\">#Athletico<\/a> <a href=\"https:\/\/twitter.com\/en\/hashtag\/Brasileir%C3%A3o?src=hash&amp;ref_src=twsrc%5Etfw\">#Brasileir\u00e3Or<\/a> <a href=\"https:\/\/t.co\/en\/Gtv0Hqa9Uu\">pic.twitter.com\/gtv0hqa9uu<\/a><\/p> \u2014 Athletico Paranaense (@AthleticoPR) <a href=\"https:\/\/twitter.com\/en\/AthleticoPR\/status\/1731788704027386039?ref_src=twsrc%5Etfw\">December 4, 2023<\/a> <\/blockquote> <p>&#8220;Yes, ojal\u00e1 can come in January&#8221;, cleared the Barcelona trainer, trusted that the inclusion of the forward in the staff solve one of the evils that atenazan to his team. &#8220;We generate occasions, but is missing us effectiveness&#8221;, explained Xavi. <strong>After that also has arrived the message &#8216;official&#8217; of the player, sacking of which has been his fans the last almost two years.<\/strong><\/p>  <h2>Vitor Roque Has done idol in very little time<\/h2>  <p>The international Brazilian appreciated the ovation that devoted him his fans, mentioning that &#8220;I will carry to all in my heart by the rest of my life and always will remember the wonderful moments that lived here&#8221;, stood out Roque.<strong> Of equal way did not doubt in appreciating &#8220;for doing me a better professional and, especially, for enriching this way that share. An UNTIL PROMPT&#8221;, wrote Vitor Roque in his account of Instagram. <\/strong><\/p>  <p>The farewell besides coincides with an information of &#8216;Sport&#8217; in which the newspaper signals that <strong>Vitor Roque will not be summoned by his technician to contest the Wednesday (01:30 hours of the Thursday) the meeting that the Athl\u00e9tico Paranaense will contest in Cuiab\u00e1 and that corresponds to the last day of the Brasileirao 2023.<\/strong> Like this, the forward seems to have remained smart for already travel to the City Condal after some days of rest.<\/p>  <h2>Lewandowski Will receive more support and competition in brief<\/h2>  <p>Thinking in his arrival, and the possibility to play from 1 January, the reality is that right now the Bar\u00e7a misses in Robert Lewandowski, the one who adds only two goals in his last ten parties <a data-external=\"0\" data-intl-links-en=\"https:\/\/www.fcbarcelonanoticias.com\/en\/players\/lewandowski-follows-without-being-and-begins-to-be-worrisome-case_298702_102.html\" data-intl-links-es=\"https:\/\/www.fcbarcelonanoticias.com\/jugadores\/lewandowski-sigue-sin-estar-empieza-ser-caso-preocupante_298702_102.html\" href=\"https:\/\/www.fcbarcelonanoticias.com\/en\/players\/lewandowski-follows-without-being-and-begins-to-be-worrisome-case_298702_102.html\" rel=\"follow\" target=\"_self\" title=\"Lewandowski sigue sin estar y empieza a ser un caso preocupante\">and whose performance has fallen<\/a>. The Sunday the Pole had several occasions to redeem against the Athletic, <strong>but his fault of tarpaulin prevented a new celebration of the &#8216;9&#8217;, the one who now will have a new footballer to help him, but also a direct competitor in the role of leading centre.<\/strong><\/p> ","protected":false},"excerpt":{"rendered":"<p>Vitor Roque Is to few hours to be announced like the first reinforcement of the Bar\u00e7a in the next market of winter and thus the &#8216;9&#8217; took advantage of to sack of his current fans The FC Barcelona still has not announced of official way the arrival of Vitor Roque in the market of winter, [&hellip;]<\/p>\n","protected":false},"author":345,"featured_media":71342,"comment_status":"closed","ping_status":"open","sticky":false,"template":"","format":"standard","meta":{"_acf_changed":false,"inline_featured_image":false,"_nextfly_llmd_date_locked":false,"footnotes":""},"categories":[453,107],"tags":[335,327,48],"class_list":["post-71339","post","type-post","status-publish","format-standard","has-post-thumbnail","hentry","category-players-2","category-players","tag-deco","tag-vitor-roque","tag-xavi-hernandez"],"acf":[],"yoast_head":"<!-- This site is optimized with the Yoast SEO plugin v27.3 - https:\/\/yoast.com\/product\/yoast-seo-wordpress\/ -->\n<title>Vitor Roque&#039;s heartfelt farewell to the Paranaense fans before leaving for Bar\u00e7a<\/title>\n<meta name=\"description\" content=\"Vitor Roque Is to few hours to be announced like the first reinforcement of the Bar\u00e7a in the next market of winter and thus the &#039;9&#039; took advantage of to sack of his current fans\" \/>\n<meta name=\"robots\" content=\"index, follow, max-snippet:-1, max-image-preview:large, max-video-preview:-1\" \/>\n<link rel=\"canonical\" href=\"https:\/\/www.fcbarcelonanoticias.com\/en\/players\/felt-goodbye-of-vitor-roque-to-the-fans-of-the-paranaense-before-leaving-to-barca_298733_102.html\" \/>\n<meta property=\"og:locale\" content=\"en_US\" \/>\n<meta property=\"og:type\" content=\"article\" \/>\n<meta property=\"og:title\" content=\"Vitor Roque&#039;s heartfelt farewell to the Paranaense fans before leaving for Bar\u00e7a\" \/>\n<meta property=\"og:description\" content=\"Vitor Roque Is to few hours to be announced like the first reinforcement of the Bar\u00e7a in the next market of winter and thus the &#039;9&#039; took advantage of to sack of his current fans\" \/>\n<meta property=\"og:url\" content=\"https:\/\/www.fcbarcelonanoticias.com\/en\/players\/felt-goodbye-of-vitor-roque-to-the-fans-of-the-paranaense-before-leaving-to-barca_298733_102.html\" \/>\n<meta property=\"og:site_name\" content=\"EN - FC Barcelona Noticias\" \/>\n<meta property=\"article:published_time\" content=\"2023-12-05T09:12:00+00:00\" \/>\n<meta property=\"og:image\" content=\"https:\/\/www.fcbarcelonanoticias.com\/en\/wp-content\/uploads\/sites\/2\/2023\/12\/vitor-roque-celebrando-un-gol.jpeg\" \/>\n\t<meta property=\"og:image:width\" content=\"1300\" \/>\n\t<meta property=\"og:image:height\" content=\"750\" \/>\n\t<meta property=\"og:image:type\" content=\"image\/jpeg\" \/>\n<meta name=\"author\" content=\"Carlos Montenegro\" \/>\n<meta name=\"twitter:card\" content=\"summary_large_image\" \/>\n<meta name=\"twitter:label1\" content=\"Written by\" \/>\n\t<meta name=\"twitter:data1\" content=\"Carlos Montenegro\" \/>\n\t<meta name=\"twitter:label2\" content=\"Est. reading time\" \/>\n\t<meta name=\"twitter:data2\" content=\"2 minutes\" \/>\n<script type=\"application\/ld+json\" class=\"yoast-schema-graph\">{\"@context\":\"https:\\\/\\\/schema.org\",\"@graph\":[{\"@type\":\"Article\",\"@id\":\"https:\\\/\\\/www.fcbarcelonanoticias.com\\\/en\\\/players\\\/felt-goodbye-of-vitor-roque-to-the-fans-of-the-paranaense-before-leaving-to-barca_298733_102.html#article\",\"isPartOf\":{\"@id\":\"https:\\\/\\\/www.fcbarcelonanoticias.com\\\/en\\\/players\\\/felt-goodbye-of-vitor-roque-to-the-fans-of-the-paranaense-before-leaving-to-barca_298733_102.html\"},\"author\":{\"name\":\"Carlos Montenegro\",\"@id\":\"https:\\\/\\\/www.fcbarcelonanoticias.com\\\/en\\\/#\\\/schema\\\/person\\\/aa1d038709c262cb247e240f6b39bbf5\"},\"headline\":\"Vitor Roque&#8217;s heartfelt farewell to the Paranaense fans before leaving for Bar\u00e7a\",\"datePublished\":\"2023-12-05T09:12:00+00:00\",\"mainEntityOfPage\":{\"@id\":\"https:\\\/\\\/www.fcbarcelonanoticias.com\\\/en\\\/players\\\/felt-goodbye-of-vitor-roque-to-the-fans-of-the-paranaense-before-leaving-to-barca_298733_102.html\"},\"wordCount\":503,\"image\":{\"@id\":\"https:\\\/\\\/www.fcbarcelonanoticias.com\\\/en\\\/players\\\/felt-goodbye-of-vitor-roque-to-the-fans-of-the-paranaense-before-leaving-to-barca_298733_102.html#primaryimage\"},\"thumbnailUrl\":\"https:\\\/\\\/www.fcbarcelonanoticias.com\\\/en\\\/wp-content\\\/uploads\\\/sites\\\/2\\\/2023\\\/12\\\/vitor-roque-celebrando-un-gol.jpeg\",\"keywords\":[\"Deco\",\"Vitor Roque\",\"Xavi Hern\u00e1ndez\"],\"articleSection\":[\"Players\",\"Players\"],\"inLanguage\":\"en-US\"},{\"@type\":\"WebPage\",\"@id\":\"https:\\\/\\\/www.fcbarcelonanoticias.com\\\/en\\\/players\\\/felt-goodbye-of-vitor-roque-to-the-fans-of-the-paranaense-before-leaving-to-barca_298733_102.html\",\"url\":\"https:\\\/\\\/www.fcbarcelonanoticias.com\\\/en\\\/players\\\/felt-goodbye-of-vitor-roque-to-the-fans-of-the-paranaense-before-leaving-to-barca_298733_102.html\",\"name\":\"Vitor Roque's heartfelt farewell to the Paranaense fans before leaving for Bar\u00e7a\",\"isPartOf\":{\"@id\":\"https:\\\/\\\/www.fcbarcelonanoticias.com\\\/en\\\/#website\"},\"primaryImageOfPage\":{\"@id\":\"https:\\\/\\\/www.fcbarcelonanoticias.com\\\/en\\\/players\\\/felt-goodbye-of-vitor-roque-to-the-fans-of-the-paranaense-before-leaving-to-barca_298733_102.html#primaryimage\"},\"image\":{\"@id\":\"https:\\\/\\\/www.fcbarcelonanoticias.com\\\/en\\\/players\\\/felt-goodbye-of-vitor-roque-to-the-fans-of-the-paranaense-before-leaving-to-barca_298733_102.html#primaryimage\"},\"thumbnailUrl\":\"https:\\\/\\\/www.fcbarcelonanoticias.com\\\/en\\\/wp-content\\\/uploads\\\/sites\\\/2\\\/2023\\\/12\\\/vitor-roque-celebrando-un-gol.jpeg\",\"datePublished\":\"2023-12-05T09:12:00+00:00\",\"author\":{\"@id\":\"https:\\\/\\\/www.fcbarcelonanoticias.com\\\/en\\\/#\\\/schema\\\/person\\\/aa1d038709c262cb247e240f6b39bbf5\"},\"description\":\"Vitor Roque Is to few hours to be announced like the first reinforcement of the Bar\u00e7a in the next market of winter and thus the '9' took advantage of to sack of his current fans\",\"breadcrumb\":{\"@id\":\"https:\\\/\\\/www.fcbarcelonanoticias.com\\\/en\\\/players\\\/felt-goodbye-of-vitor-roque-to-the-fans-of-the-paranaense-before-leaving-to-barca_298733_102.html#breadcrumb\"},\"inLanguage\":\"en-US\",\"potentialAction\":[{\"@type\":\"ReadAction\",\"target\":[\"https:\\\/\\\/www.fcbarcelonanoticias.com\\\/en\\\/players\\\/felt-goodbye-of-vitor-roque-to-the-fans-of-the-paranaense-before-leaving-to-barca_298733_102.html\"]}]},{\"@type\":\"ImageObject\",\"inLanguage\":\"en-US\",\"@id\":\"https:\\\/\\\/www.fcbarcelonanoticias.com\\\/en\\\/players\\\/felt-goodbye-of-vitor-roque-to-the-fans-of-the-paranaense-before-leaving-to-barca_298733_102.html#primaryimage\",\"url\":\"https:\\\/\\\/www.fcbarcelonanoticias.com\\\/en\\\/wp-content\\\/uploads\\\/sites\\\/2\\\/2023\\\/12\\\/vitor-roque-celebrando-un-gol.jpeg\",\"contentUrl\":\"https:\\\/\\\/www.fcbarcelonanoticias.com\\\/en\\\/wp-content\\\/uploads\\\/sites\\\/2\\\/2023\\\/12\\\/vitor-roque-celebrando-un-gol.jpeg\",\"width\":1300,\"height\":750},{\"@type\":\"BreadcrumbList\",\"@id\":\"https:\\\/\\\/www.fcbarcelonanoticias.com\\\/en\\\/players\\\/felt-goodbye-of-vitor-roque-to-the-fans-of-the-paranaense-before-leaving-to-barca_298733_102.html#breadcrumb\",\"itemListElement\":[{\"@type\":\"ListItem\",\"position\":1,\"name\":\"Portada\",\"item\":\"https:\\\/\\\/www.fcbarcelonanoticias.com\\\/en\\\/\"},{\"@type\":\"ListItem\",\"position\":2,\"name\":\"Vitor Roque&#8217;s heartfelt farewell to the Paranaense fans before leaving for Bar\u00e7a\"}]},{\"@type\":\"WebSite\",\"@id\":\"https:\\\/\\\/www.fcbarcelonanoticias.com\\\/en\\\/#website\",\"url\":\"https:\\\/\\\/www.fcbarcelonanoticias.com\\\/en\\\/\",\"name\":\"EN - FC Barcelona Noticias\",\"description\":\"\",\"potentialAction\":[{\"@type\":\"SearchAction\",\"target\":{\"@type\":\"EntryPoint\",\"urlTemplate\":\"https:\\\/\\\/www.fcbarcelonanoticias.com\\\/en\\\/?s={search_term_string}\"},\"query-input\":{\"@type\":\"PropertyValueSpecification\",\"valueRequired\":true,\"valueName\":\"search_term_string\"}}],\"inLanguage\":\"en-US\"},{\"@type\":\"Person\",\"@id\":\"https:\\\/\\\/www.fcbarcelonanoticias.com\\\/en\\\/#\\\/schema\\\/person\\\/aa1d038709c262cb247e240f6b39bbf5\",\"name\":\"Carlos Montenegro\",\"image\":{\"@type\":\"ImageObject\",\"inLanguage\":\"en-US\",\"@id\":\"https:\\\/\\\/secure.gravatar.com\\\/avatar\\\/?s=96&d=mm&r=g\",\"url\":\"https:\\\/\\\/secure.gravatar.com\\\/avatar\\\/?s=96&d=mm&r=g\",\"contentUrl\":\"https:\\\/\\\/secure.gravatar.com\\\/avatar\\\/?s=96&d=mm&r=g\",\"caption\":\"Carlos Montenegro\"},\"url\":\"https:\\\/\\\/www.fcbarcelonanoticias.com\\\/en\\\/carlos-montenegro_20_115.html\"}]}<\/script>\n<!-- \/ Yoast SEO plugin. -->","yoast_head_json":{"title":"Vitor Roque's heartfelt farewell to the Paranaense fans before leaving for Bar\u00e7a","description":"Vitor Roque Is to few hours to be announced like the first reinforcement of the Bar\u00e7a in the next market of winter and thus the '9' took advantage of to sack of his current fans","robots":{"index":"index","follow":"follow","max-snippet":"max-snippet:-1","max-image-preview":"max-image-preview:large","max-video-preview":"max-video-preview:-1"},"canonical":"https:\/\/www.fcbarcelonanoticias.com\/en\/players\/felt-goodbye-of-vitor-roque-to-the-fans-of-the-paranaense-before-leaving-to-barca_298733_102.html","og_locale":"en_US","og_type":"article","og_title":"Vitor Roque's heartfelt farewell to the Paranaense fans before leaving for Bar\u00e7a","og_description":"Vitor Roque Is to few hours to be announced like the first reinforcement of the Bar\u00e7a in the next market of winter and thus the '9' took advantage of to sack of his current fans","og_url":"https:\/\/www.fcbarcelonanoticias.com\/en\/players\/felt-goodbye-of-vitor-roque-to-the-fans-of-the-paranaense-before-leaving-to-barca_298733_102.html","og_site_name":"EN - FC Barcelona Noticias","article_published_time":"2023-12-05T09:12:00+00:00","og_image":[{"width":1300,"height":750,"url":"https:\/\/www.fcbarcelonanoticias.com\/en\/wp-content\/uploads\/sites\/2\/2023\/12\/vitor-roque-celebrando-un-gol.jpeg","type":"image\/jpeg"}],"author":"Carlos Montenegro","twitter_card":"summary_large_image","twitter_misc":{"Written by":"Carlos Montenegro","Est. reading time":"2 minutes"},"schema":{"@context":"https:\/\/schema.org","@graph":[{"@type":"Article","@id":"https:\/\/www.fcbarcelonanoticias.com\/en\/players\/felt-goodbye-of-vitor-roque-to-the-fans-of-the-paranaense-before-leaving-to-barca_298733_102.html#article","isPartOf":{"@id":"https:\/\/www.fcbarcelonanoticias.com\/en\/players\/felt-goodbye-of-vitor-roque-to-the-fans-of-the-paranaense-before-leaving-to-barca_298733_102.html"},"author":{"name":"Carlos Montenegro","@id":"https:\/\/www.fcbarcelonanoticias.com\/en\/#\/schema\/person\/aa1d038709c262cb247e240f6b39bbf5"},"headline":"Vitor Roque&#8217;s heartfelt farewell to the Paranaense fans before leaving for Bar\u00e7a","datePublished":"2023-12-05T09:12:00+00:00","mainEntityOfPage":{"@id":"https:\/\/www.fcbarcelonanoticias.com\/en\/players\/felt-goodbye-of-vitor-roque-to-the-fans-of-the-paranaense-before-leaving-to-barca_298733_102.html"},"wordCount":503,"image":{"@id":"https:\/\/www.fcbarcelonanoticias.com\/en\/players\/felt-goodbye-of-vitor-roque-to-the-fans-of-the-paranaense-before-leaving-to-barca_298733_102.html#primaryimage"},"thumbnailUrl":"https:\/\/www.fcbarcelonanoticias.com\/en\/wp-content\/uploads\/sites\/2\/2023\/12\/vitor-roque-celebrando-un-gol.jpeg","keywords":["Deco","Vitor Roque","Xavi Hern\u00e1ndez"],"articleSection":["Players","Players"],"inLanguage":"en-US"},{"@type":"WebPage","@id":"https:\/\/www.fcbarcelonanoticias.com\/en\/players\/felt-goodbye-of-vitor-roque-to-the-fans-of-the-paranaense-before-leaving-to-barca_298733_102.html","url":"https:\/\/www.fcbarcelonanoticias.com\/en\/players\/felt-goodbye-of-vitor-roque-to-the-fans-of-the-paranaense-before-leaving-to-barca_298733_102.html","name":"Vitor Roque's heartfelt farewell to the Paranaense fans before leaving for Bar\u00e7a","isPartOf":{"@id":"https:\/\/www.fcbarcelonanoticias.com\/en\/#website"},"primaryImageOfPage":{"@id":"https:\/\/www.fcbarcelonanoticias.com\/en\/players\/felt-goodbye-of-vitor-roque-to-the-fans-of-the-paranaense-before-leaving-to-barca_298733_102.html#primaryimage"},"image":{"@id":"https:\/\/www.fcbarcelonanoticias.com\/en\/players\/felt-goodbye-of-vitor-roque-to-the-fans-of-the-paranaense-before-leaving-to-barca_298733_102.html#primaryimage"},"thumbnailUrl":"https:\/\/www.fcbarcelonanoticias.com\/en\/wp-content\/uploads\/sites\/2\/2023\/12\/vitor-roque-celebrando-un-gol.jpeg","datePublished":"2023-12-05T09:12:00+00:00","author":{"@id":"https:\/\/www.fcbarcelonanoticias.com\/en\/#\/schema\/person\/aa1d038709c262cb247e240f6b39bbf5"},"description":"Vitor Roque Is to few hours to be announced like the first reinforcement of the Bar\u00e7a in the next market of winter and thus the '9' took advantage of to sack of his current fans","breadcrumb":{"@id":"https:\/\/www.fcbarcelonanoticias.com\/en\/players\/felt-goodbye-of-vitor-roque-to-the-fans-of-the-paranaense-before-leaving-to-barca_298733_102.html#breadcrumb"},"inLanguage":"en-US","potentialAction":[{"@type":"ReadAction","target":["https:\/\/www.fcbarcelonanoticias.com\/en\/players\/felt-goodbye-of-vitor-roque-to-the-fans-of-the-paranaense-before-leaving-to-barca_298733_102.html"]}]},{"@type":"ImageObject","inLanguage":"en-US","@id":"https:\/\/www.fcbarcelonanoticias.com\/en\/players\/felt-goodbye-of-vitor-roque-to-the-fans-of-the-paranaense-before-leaving-to-barca_298733_102.html#primaryimage","url":"https:\/\/www.fcbarcelonanoticias.com\/en\/wp-content\/uploads\/sites\/2\/2023\/12\/vitor-roque-celebrando-un-gol.jpeg","contentUrl":"https:\/\/www.fcbarcelonanoticias.com\/en\/wp-content\/uploads\/sites\/2\/2023\/12\/vitor-roque-celebrando-un-gol.jpeg","width":1300,"height":750},{"@type":"BreadcrumbList","@id":"https:\/\/www.fcbarcelonanoticias.com\/en\/players\/felt-goodbye-of-vitor-roque-to-the-fans-of-the-paranaense-before-leaving-to-barca_298733_102.html#breadcrumb","itemListElement":[{"@type":"ListItem","position":1,"name":"Portada","item":"https:\/\/www.fcbarcelonanoticias.com\/en\/"},{"@type":"ListItem","position":2,"name":"Vitor Roque&#8217;s heartfelt farewell to the Paranaense fans before leaving for Bar\u00e7a"}]},{"@type":"WebSite","@id":"https:\/\/www.fcbarcelonanoticias.com\/en\/#website","url":"https:\/\/www.fcbarcelonanoticias.com\/en\/","name":"EN - FC Barcelona Noticias","description":"","potentialAction":[{"@type":"SearchAction","target":{"@type":"EntryPoint","urlTemplate":"https:\/\/www.fcbarcelonanoticias.com\/en\/?s={search_term_string}"},"query-input":{"@type":"PropertyValueSpecification","valueRequired":true,"valueName":"search_term_string"}}],"inLanguage":"en-US"},{"@type":"Person","@id":"https:\/\/www.fcbarcelonanoticias.com\/en\/#\/schema\/person\/aa1d038709c262cb247e240f6b39bbf5","name":"Carlos Montenegro","image":{"@type":"ImageObject","inLanguage":"en-US","@id":"https:\/\/secure.gravatar.com\/avatar\/?s=96&d=mm&r=g","url":"https:\/\/secure.gravatar.com\/avatar\/?s=96&d=mm&r=g","contentUrl":"https:\/\/secure.gravatar.com\/avatar\/?s=96&d=mm&r=g","caption":"Carlos Montenegro"},"url":"https:\/\/www.fcbarcelonanoticias.com\/en\/carlos-montenegro_20_115.html"}]}},"_links":{"self":[{"href":"https:\/\/www.fcbarcelonanoticias.com\/en\/wp-json\/wp\/v2\/posts\/71339","targetHints":{"allow":["GET"]}}],"collection":[{"href":"https:\/\/www.fcbarcelonanoticias.com\/en\/wp-json\/wp\/v2\/posts"}],"about":[{"href":"https:\/\/www.fcbarcelonanoticias.com\/en\/wp-json\/wp\/v2\/types\/post"}],"author":[{"embeddable":true,"href":"https:\/\/www.fcbarcelonanoticias.com\/en\/wp-json\/wp\/v2\/users\/345"}],"replies":[{"embeddable":true,"href":"https:\/\/www.fcbarcelonanoticias.com\/en\/wp-json\/wp\/v2\/comments?post=71339"}],"version-history":[{"count":1,"href":"https:\/\/www.fcbarcelonanoticias.com\/en\/wp-json\/wp\/v2\/posts\/71339\/revisions"}],"predecessor-version":[{"id":119020,"href":"https:\/\/www.fcbarcelonanoticias.com\/en\/wp-json\/wp\/v2\/posts\/71339\/revisions\/119020"}],"wp:featuredmedia":[{"embeddable":true,"href":"https:\/\/www.fcbarcelonanoticias.com\/en\/wp-json\/wp\/v2\/media\/71342"}],"wp:attachment":[{"href":"https:\/\/www.fcbarcelonanoticias.com\/en\/wp-json\/wp\/v2\/media?parent=71339"}],"wp:term":[{"taxonomy":"category","embeddable":true,"href":"https:\/\/www.fcbarcelonanoticias.com\/en\/wp-json\/wp\/v2\/categories?post=71339"},{"taxonomy":"post_tag","embeddable":true,"href":"https:\/\/www.fcbarcelonanoticias.com\/en\/wp-json\/wp\/v2\/tags?post=71339"}],"curies":[{"name":"wp","href":"https:\/\/api.w.org\/{rel}","templated":true}]}}