{"id":71417,"date":"2023-02-17T23:10:00","date_gmt":"2023-02-17T22:10:00","guid":{"rendered":"https:\/\/weisetech.dev\/fc-barcelona-noticias\/en\/dembele-pedri-busquets-this-infirmary-barcelona_289730_102\/"},"modified":"2023-02-17T23:10:00","modified_gmt":"2023-02-17T22:10:00","slug":"dembele-pedri-busquets-this-infirmary-barcelona_289730_102","status":"publish","type":"post","link":"https:\/\/www.fcbarcelonanoticias.com\/en\/players\/dembele-pedri-busquets-this-infirmary-barcelona_289730_102.html","title":{"rendered":"Demb\u00e9l\u00e9, Pedri, Busquets&#8230; This is the Bar\u00e7a infirmary"},"content":{"rendered":"<h2 class=\"wp-block-heading\">BUSQUETS WILL BE BACK SOON<\/h2>  \r\n<div class=\"article-addons\">\r\n    <a href=\"https:\/\/www.fcbarcelonanoticias.com\/en\/calendar-fc-barcelona.html\"\r\n       target=\"_self\"\r\n       title=\"Calendar of FC Barcelona\"\r\n       class=\"blue-gredient-btn\">\r\n       \r\n        Calendar of FC Barcelona    <\/a>\r\n<\/div>   <p>The season was being very good for the FC Barcelona in the section of the injuries, because the players were not suffering physical setbacks constantly unlike previous years. However, the situation has given a dump of ciento eighty degrees in the last weeks, in which the medical services have received in the infirmary to three footballers: <strong>Ousmane Demb\u00e9l\u00e9, Sergio Busquets and <a data-external=\"0\" data-intl-links-en=\"https:\/\/www.fcbarcelonanoticias.com\/en\/players\/official-tests-barcelona-confirm-painful-injury-pedri_289706_102.html\" data-intl-links-es=\"https:\/\/www.fcbarcelonanoticias.com\/jugadores\/oficial-pruebas-barcelona-confirman-dolorosa-lesion-pedri_289706_102.html\" href=\"https:\/\/www.fcbarcelonanoticias.com\/en\/players\/official-tests-barcelona-confirm-painful-injury-pedri_289706_102.html\" rel=\"follow\" target=\"_self\" title=\"OFICIAL: Las pruebas del Bar\u00e7a confirman la dolorosa lesi\u00f3n de Pedri\">a Pedri Gonz\u00e1lez that remained &#8216;KO&#8217;<\/a> in the first part of the party against the Manchester United. <\/strong><\/p>  <p>The Barcelona captain will be the first in receiving the high medical and, in fact, expects him in the announcement for the party of this Sunday in front of the C\u00e1diz. It suffered <strong>a sprain in the external lateral ligament of the left ankle in the party against the Seville<\/strong>, two weeks ago, and this Friday has trained with the rest of his mates. Xavi Hern\u00e1ndez relieved him with Franck Kessi\u00e9 and did not notice , practically, his absence.<\/p>  <p><strong>It foresees that in the crash against the group gaditano split like acting<\/strong> and that take action in the second half. The aim is that it was to 100% for the decisive<a data-external=\"0\" data-intl-links-en=\"https:\/\/www.fcbarcelonanoticias.com\/en\/calendar-fc-barcelona.html\" data-intl-links-es=\"https:\/\/www.fcbarcelonanoticias.com\/calendario-fcbarcelona.html\" href=\"https:\/\/www.fcbarcelonanoticias.com\/en\/calendar-fc-barcelona.html\" rel=\"follow\" target=\"_self\" title=\"Calendario FC Barcelona\"> crash of the next Thursday<\/a>, against the Manchester United, in the turn of the dieciseisavos of final of the Europe League in which it will define the pass to the eighth after the sufrid\u00edsimo 2-2 in the Spotify Camp Nou.<\/p>  <p>They do not have so much &#8216;luck&#8217; Demb\u00e9l\u00e9 neither Pedri, that will take more in taking action with the Bar\u00e7a. In the case of the international with France, that has gone back to work on the lawn, <strong>suffered an injury in the previous rectum of the left thigh<\/strong> in the visit to the Girona, to finals of January, that in principle would keep him went until the second week of March.<\/p>  <p>&#8216;Dembouz&#8217; Came being the most decisive player of the Barcelona group and the offensive leader of the team, by what his absence has been difficult to digest although the Bar\u00e7a is still in a very positive dynamics. S<strong>And foresees that it can be back, to 100%, for the Classical against the Real Madrid<\/strong> of the -possibly- 19 March by LaLiga. The crash will contest in the Spotify Camp Nou.<\/p>  <h3>Pedri, \u00fatlimo lesionado<\/h3>  <p>The midfield player, of 20 years, has been the last in adding to the list of lesionados. It could not complete the party against the United and <strong>saw forced to ask the change before it finalised the first part, to give entrance to Sergi Roberto.<\/strong> The Barcelona club confirmed this Friday that suffers an injury in the previous rectum of the right thigh.<\/p>  <p>The forecast is that it went by a month, by what would be returning beside Demb\u00e9l\u00e9. Pedri Is a fundamental piece in the diagram of Xavi, by what it will be necessary to see how achieves a form that no &#8216;extra\u00f1e&#8217; so much on the terrain of game,<strong> especially next Thursday in Old Trafford, crash <a data-external=\"0\" data-intl-links-en=\"https:\/\/www.fcbarcelonanoticias.com\/en\/europa-league\/gavi-low-sensitive-barcelona-visit-old-trafford_289696_102.html\" data-intl-links-es=\"https:\/\/www.fcbarcelonanoticias.com\/europa-league\/gavi-baja-sensible-barca-visita-old-trafford_289696_102.html\" href=\"https:\/\/www.fcbarcelonanoticias.com\/en\/europa-league\/gavi-low-sensitive-barcelona-visit-old-trafford_289696_102.html\" rel=\"follow\" target=\"_self\" title=\"Gavi, baja sensible del Bar\u00e7a para la visita al Old Trafford\">in which it neither will be Gavi by sanction.<\/a><\/strong><\/p> ","protected":false},"excerpt":{"rendered":"<p>BUSQUETS WILL BE BACK SOON The season was being very good for the FC Barcelona in the section of the injuries, because the players were not suffering physical setbacks constantly unlike previous years. However, the situation has given a dump of ciento eighty degrees in the last weeks, in which the medical services have received [&hellip;]<\/p>\n","protected":false},"author":0,"featured_media":71423,"comment_status":"closed","ping_status":"open","sticky":false,"template":"","format":"standard","meta":{"_acf_changed":false,"inline_featured_image":false,"_nextfly_llmd_date_locked":false,"footnotes":""},"categories":[453,107],"tags":[146,136,166],"class_list":["post-71417","post","type-post","status-publish","format-standard","has-post-thumbnail","hentry","category-players-2","category-players","tag-dembele","tag-injured","tag-sergio-busquets"],"acf":[],"yoast_head":"<!-- This site is optimized with the Yoast SEO plugin v27.3 - https:\/\/yoast.com\/product\/yoast-seo-wordpress\/ -->\n<title>Demb\u00e9l\u00e9, Pedri, Busquets... This is the Bar\u00e7a infirmary<\/title>\n<meta name=\"description\" content=\"Although the FC Barcelona grieve was suffering physical setbacks in this season, in the last three weeks have fallen lesionados three footballers. Pedri Gonz\u00e1lez has been the last\" \/>\n<meta name=\"robots\" content=\"index, follow, max-snippet:-1, max-image-preview:large, max-video-preview:-1\" \/>\n<link rel=\"canonical\" href=\"https:\/\/www.fcbarcelonanoticias.com\/en\/players\/dembele-pedri-busquets-this-infirmary-barcelona_289730_102.html\" \/>\n<meta property=\"og:locale\" content=\"en_US\" \/>\n<meta property=\"og:type\" content=\"article\" \/>\n<meta property=\"og:title\" content=\"Demb\u00e9l\u00e9, Pedri, Busquets... This is the Bar\u00e7a infirmary\" \/>\n<meta property=\"og:description\" content=\"Although the FC Barcelona grieve was suffering physical setbacks in this season, in the last three weeks have fallen lesionados three footballers. Pedri Gonz\u00e1lez has been the last\" \/>\n<meta property=\"og:url\" content=\"https:\/\/www.fcbarcelonanoticias.com\/en\/players\/dembele-pedri-busquets-this-infirmary-barcelona_289730_102.html\" \/>\n<meta property=\"og:site_name\" content=\"EN - FC Barcelona Noticias\" \/>\n<meta property=\"article:published_time\" content=\"2023-02-17T22:10:00+00:00\" \/>\n<meta property=\"og:image\" content=\"https:\/\/www.fcbarcelonanoticias.com\/en\/wp-content\/uploads\/sites\/2\/2023\/02\/busquets-pedri-y-dembe-le-jugadores-del-barc-a.jpeg\" \/>\n\t<meta property=\"og:image:width\" content=\"1200\" \/>\n\t<meta property=\"og:image:height\" content=\"700\" \/>\n\t<meta property=\"og:image:type\" content=\"image\/jpeg\" \/>\n<meta name=\"twitter:card\" content=\"summary_large_image\" \/>\n<meta name=\"twitter:label1\" content=\"Est. reading time\" \/>\n\t<meta name=\"twitter:data1\" content=\"3 minutes\" \/>\n<script type=\"application\/ld+json\" class=\"yoast-schema-graph\">{\"@context\":\"https:\\\/\\\/schema.org\",\"@graph\":[{\"@type\":\"Article\",\"@id\":\"https:\\\/\\\/www.fcbarcelonanoticias.com\\\/en\\\/players\\\/dembele-pedri-busquets-this-infirmary-barcelona_289730_102.html#article\",\"isPartOf\":{\"@id\":\"https:\\\/\\\/www.fcbarcelonanoticias.com\\\/en\\\/players\\\/dembele-pedri-busquets-this-infirmary-barcelona_289730_102.html\"},\"author\":{\"name\":\"\",\"@id\":\"\"},\"headline\":\"Demb\u00e9l\u00e9, Pedri, Busquets&#8230; This is the Bar\u00e7a infirmary\",\"datePublished\":\"2023-02-17T22:10:00+00:00\",\"mainEntityOfPage\":{\"@id\":\"https:\\\/\\\/www.fcbarcelonanoticias.com\\\/en\\\/players\\\/dembele-pedri-busquets-this-infirmary-barcelona_289730_102.html\"},\"wordCount\":519,\"image\":{\"@id\":\"https:\\\/\\\/www.fcbarcelonanoticias.com\\\/en\\\/players\\\/dembele-pedri-busquets-this-infirmary-barcelona_289730_102.html#primaryimage\"},\"thumbnailUrl\":\"https:\\\/\\\/www.fcbarcelonanoticias.com\\\/en\\\/wp-content\\\/uploads\\\/sites\\\/2\\\/2023\\\/02\\\/busquets-pedri-y-dembe-le-jugadores-del-barc-a.jpeg\",\"keywords\":[\"Demb\u00e9l\u00e9\",\"injured\",\"Sergio Busquets\"],\"articleSection\":[\"Players\",\"Players\"],\"inLanguage\":\"en-US\"},{\"@type\":\"WebPage\",\"@id\":\"https:\\\/\\\/www.fcbarcelonanoticias.com\\\/en\\\/players\\\/dembele-pedri-busquets-this-infirmary-barcelona_289730_102.html\",\"url\":\"https:\\\/\\\/www.fcbarcelonanoticias.com\\\/en\\\/players\\\/dembele-pedri-busquets-this-infirmary-barcelona_289730_102.html\",\"name\":\"Demb\u00e9l\u00e9, Pedri, Busquets... This is the Bar\u00e7a infirmary\",\"isPartOf\":{\"@id\":\"https:\\\/\\\/www.fcbarcelonanoticias.com\\\/en\\\/#website\"},\"primaryImageOfPage\":{\"@id\":\"https:\\\/\\\/www.fcbarcelonanoticias.com\\\/en\\\/players\\\/dembele-pedri-busquets-this-infirmary-barcelona_289730_102.html#primaryimage\"},\"image\":{\"@id\":\"https:\\\/\\\/www.fcbarcelonanoticias.com\\\/en\\\/players\\\/dembele-pedri-busquets-this-infirmary-barcelona_289730_102.html#primaryimage\"},\"thumbnailUrl\":\"https:\\\/\\\/www.fcbarcelonanoticias.com\\\/en\\\/wp-content\\\/uploads\\\/sites\\\/2\\\/2023\\\/02\\\/busquets-pedri-y-dembe-le-jugadores-del-barc-a.jpeg\",\"datePublished\":\"2023-02-17T22:10:00+00:00\",\"author\":{\"@id\":\"\"},\"description\":\"Although the FC Barcelona grieve was suffering physical setbacks in this season, in the last three weeks have fallen lesionados three footballers. Pedri Gonz\u00e1lez has been the last\",\"breadcrumb\":{\"@id\":\"https:\\\/\\\/www.fcbarcelonanoticias.com\\\/en\\\/players\\\/dembele-pedri-busquets-this-infirmary-barcelona_289730_102.html#breadcrumb\"},\"inLanguage\":\"en-US\",\"potentialAction\":[{\"@type\":\"ReadAction\",\"target\":[\"https:\\\/\\\/www.fcbarcelonanoticias.com\\\/en\\\/players\\\/dembele-pedri-busquets-this-infirmary-barcelona_289730_102.html\"]}]},{\"@type\":\"ImageObject\",\"inLanguage\":\"en-US\",\"@id\":\"https:\\\/\\\/www.fcbarcelonanoticias.com\\\/en\\\/players\\\/dembele-pedri-busquets-this-infirmary-barcelona_289730_102.html#primaryimage\",\"url\":\"https:\\\/\\\/www.fcbarcelonanoticias.com\\\/en\\\/wp-content\\\/uploads\\\/sites\\\/2\\\/2023\\\/02\\\/busquets-pedri-y-dembe-le-jugadores-del-barc-a.jpeg\",\"contentUrl\":\"https:\\\/\\\/www.fcbarcelonanoticias.com\\\/en\\\/wp-content\\\/uploads\\\/sites\\\/2\\\/2023\\\/02\\\/busquets-pedri-y-dembe-le-jugadores-del-barc-a.jpeg\",\"width\":1200,\"height\":700},{\"@type\":\"BreadcrumbList\",\"@id\":\"https:\\\/\\\/www.fcbarcelonanoticias.com\\\/en\\\/players\\\/dembele-pedri-busquets-this-infirmary-barcelona_289730_102.html#breadcrumb\",\"itemListElement\":[{\"@type\":\"ListItem\",\"position\":1,\"name\":\"Portada\",\"item\":\"https:\\\/\\\/www.fcbarcelonanoticias.com\\\/en\\\/\"},{\"@type\":\"ListItem\",\"position\":2,\"name\":\"Demb\u00e9l\u00e9, Pedri, Busquets&#8230; This is the Bar\u00e7a infirmary\"}]},{\"@type\":\"WebSite\",\"@id\":\"https:\\\/\\\/www.fcbarcelonanoticias.com\\\/en\\\/#website\",\"url\":\"https:\\\/\\\/www.fcbarcelonanoticias.com\\\/en\\\/\",\"name\":\"EN - FC Barcelona Noticias\",\"description\":\"\",\"potentialAction\":[{\"@type\":\"SearchAction\",\"target\":{\"@type\":\"EntryPoint\",\"urlTemplate\":\"https:\\\/\\\/www.fcbarcelonanoticias.com\\\/en\\\/?s={search_term_string}\"},\"query-input\":{\"@type\":\"PropertyValueSpecification\",\"valueRequired\":true,\"valueName\":\"search_term_string\"}}],\"inLanguage\":\"en-US\"}]}<\/script>\n<!-- \/ Yoast SEO plugin. -->","yoast_head_json":{"title":"Demb\u00e9l\u00e9, Pedri, Busquets... This is the Bar\u00e7a infirmary","description":"Although the FC Barcelona grieve was suffering physical setbacks in this season, in the last three weeks have fallen lesionados three footballers. Pedri Gonz\u00e1lez has been the last","robots":{"index":"index","follow":"follow","max-snippet":"max-snippet:-1","max-image-preview":"max-image-preview:large","max-video-preview":"max-video-preview:-1"},"canonical":"https:\/\/www.fcbarcelonanoticias.com\/en\/players\/dembele-pedri-busquets-this-infirmary-barcelona_289730_102.html","og_locale":"en_US","og_type":"article","og_title":"Demb\u00e9l\u00e9, Pedri, Busquets... This is the Bar\u00e7a infirmary","og_description":"Although the FC Barcelona grieve was suffering physical setbacks in this season, in the last three weeks have fallen lesionados three footballers. Pedri Gonz\u00e1lez has been the last","og_url":"https:\/\/www.fcbarcelonanoticias.com\/en\/players\/dembele-pedri-busquets-this-infirmary-barcelona_289730_102.html","og_site_name":"EN - FC Barcelona Noticias","article_published_time":"2023-02-17T22:10:00+00:00","og_image":[{"width":1200,"height":700,"url":"https:\/\/www.fcbarcelonanoticias.com\/en\/wp-content\/uploads\/sites\/2\/2023\/02\/busquets-pedri-y-dembe-le-jugadores-del-barc-a.jpeg","type":"image\/jpeg"}],"twitter_card":"summary_large_image","twitter_misc":{"Est. reading time":"3 minutes"},"schema":{"@context":"https:\/\/schema.org","@graph":[{"@type":"Article","@id":"https:\/\/www.fcbarcelonanoticias.com\/en\/players\/dembele-pedri-busquets-this-infirmary-barcelona_289730_102.html#article","isPartOf":{"@id":"https:\/\/www.fcbarcelonanoticias.com\/en\/players\/dembele-pedri-busquets-this-infirmary-barcelona_289730_102.html"},"author":{"name":"","@id":""},"headline":"Demb\u00e9l\u00e9, Pedri, Busquets&#8230; This is the Bar\u00e7a infirmary","datePublished":"2023-02-17T22:10:00+00:00","mainEntityOfPage":{"@id":"https:\/\/www.fcbarcelonanoticias.com\/en\/players\/dembele-pedri-busquets-this-infirmary-barcelona_289730_102.html"},"wordCount":519,"image":{"@id":"https:\/\/www.fcbarcelonanoticias.com\/en\/players\/dembele-pedri-busquets-this-infirmary-barcelona_289730_102.html#primaryimage"},"thumbnailUrl":"https:\/\/www.fcbarcelonanoticias.com\/en\/wp-content\/uploads\/sites\/2\/2023\/02\/busquets-pedri-y-dembe-le-jugadores-del-barc-a.jpeg","keywords":["Demb\u00e9l\u00e9","injured","Sergio Busquets"],"articleSection":["Players","Players"],"inLanguage":"en-US"},{"@type":"WebPage","@id":"https:\/\/www.fcbarcelonanoticias.com\/en\/players\/dembele-pedri-busquets-this-infirmary-barcelona_289730_102.html","url":"https:\/\/www.fcbarcelonanoticias.com\/en\/players\/dembele-pedri-busquets-this-infirmary-barcelona_289730_102.html","name":"Demb\u00e9l\u00e9, Pedri, Busquets... This is the Bar\u00e7a infirmary","isPartOf":{"@id":"https:\/\/www.fcbarcelonanoticias.com\/en\/#website"},"primaryImageOfPage":{"@id":"https:\/\/www.fcbarcelonanoticias.com\/en\/players\/dembele-pedri-busquets-this-infirmary-barcelona_289730_102.html#primaryimage"},"image":{"@id":"https:\/\/www.fcbarcelonanoticias.com\/en\/players\/dembele-pedri-busquets-this-infirmary-barcelona_289730_102.html#primaryimage"},"thumbnailUrl":"https:\/\/www.fcbarcelonanoticias.com\/en\/wp-content\/uploads\/sites\/2\/2023\/02\/busquets-pedri-y-dembe-le-jugadores-del-barc-a.jpeg","datePublished":"2023-02-17T22:10:00+00:00","author":{"@id":""},"description":"Although the FC Barcelona grieve was suffering physical setbacks in this season, in the last three weeks have fallen lesionados three footballers. Pedri Gonz\u00e1lez has been the last","breadcrumb":{"@id":"https:\/\/www.fcbarcelonanoticias.com\/en\/players\/dembele-pedri-busquets-this-infirmary-barcelona_289730_102.html#breadcrumb"},"inLanguage":"en-US","potentialAction":[{"@type":"ReadAction","target":["https:\/\/www.fcbarcelonanoticias.com\/en\/players\/dembele-pedri-busquets-this-infirmary-barcelona_289730_102.html"]}]},{"@type":"ImageObject","inLanguage":"en-US","@id":"https:\/\/www.fcbarcelonanoticias.com\/en\/players\/dembele-pedri-busquets-this-infirmary-barcelona_289730_102.html#primaryimage","url":"https:\/\/www.fcbarcelonanoticias.com\/en\/wp-content\/uploads\/sites\/2\/2023\/02\/busquets-pedri-y-dembe-le-jugadores-del-barc-a.jpeg","contentUrl":"https:\/\/www.fcbarcelonanoticias.com\/en\/wp-content\/uploads\/sites\/2\/2023\/02\/busquets-pedri-y-dembe-le-jugadores-del-barc-a.jpeg","width":1200,"height":700},{"@type":"BreadcrumbList","@id":"https:\/\/www.fcbarcelonanoticias.com\/en\/players\/dembele-pedri-busquets-this-infirmary-barcelona_289730_102.html#breadcrumb","itemListElement":[{"@type":"ListItem","position":1,"name":"Portada","item":"https:\/\/www.fcbarcelonanoticias.com\/en\/"},{"@type":"ListItem","position":2,"name":"Demb\u00e9l\u00e9, Pedri, Busquets&#8230; This is the Bar\u00e7a infirmary"}]},{"@type":"WebSite","@id":"https:\/\/www.fcbarcelonanoticias.com\/en\/#website","url":"https:\/\/www.fcbarcelonanoticias.com\/en\/","name":"EN - FC Barcelona Noticias","description":"","potentialAction":[{"@type":"SearchAction","target":{"@type":"EntryPoint","urlTemplate":"https:\/\/www.fcbarcelonanoticias.com\/en\/?s={search_term_string}"},"query-input":{"@type":"PropertyValueSpecification","valueRequired":true,"valueName":"search_term_string"}}],"inLanguage":"en-US"}]}},"_links":{"self":[{"href":"https:\/\/www.fcbarcelonanoticias.com\/en\/wp-json\/wp\/v2\/posts\/71417","targetHints":{"allow":["GET"]}}],"collection":[{"href":"https:\/\/www.fcbarcelonanoticias.com\/en\/wp-json\/wp\/v2\/posts"}],"about":[{"href":"https:\/\/www.fcbarcelonanoticias.com\/en\/wp-json\/wp\/v2\/types\/post"}],"replies":[{"embeddable":true,"href":"https:\/\/www.fcbarcelonanoticias.com\/en\/wp-json\/wp\/v2\/comments?post=71417"}],"version-history":[{"count":1,"href":"https:\/\/www.fcbarcelonanoticias.com\/en\/wp-json\/wp\/v2\/posts\/71417\/revisions"}],"predecessor-version":[{"id":121126,"href":"https:\/\/www.fcbarcelonanoticias.com\/en\/wp-json\/wp\/v2\/posts\/71417\/revisions\/121126"}],"wp:featuredmedia":[{"embeddable":true,"href":"https:\/\/www.fcbarcelonanoticias.com\/en\/wp-json\/wp\/v2\/media\/71423"}],"wp:attachment":[{"href":"https:\/\/www.fcbarcelonanoticias.com\/en\/wp-json\/wp\/v2\/media?parent=71417"}],"wp:term":[{"taxonomy":"category","embeddable":true,"href":"https:\/\/www.fcbarcelonanoticias.com\/en\/wp-json\/wp\/v2\/categories?post=71417"},{"taxonomy":"post_tag","embeddable":true,"href":"https:\/\/www.fcbarcelonanoticias.com\/en\/wp-json\/wp\/v2\/tags?post=71417"}],"curies":[{"name":"wp","href":"https:\/\/api.w.org\/{rel}","templated":true}]}}