{"id":71578,"date":"2017-11-04T22:19:00","date_gmt":"2017-11-04T21:19:00","guid":{"rendered":"https:\/\/weisetech.dev\/fc-barcelona-noticias\/en\/doublet-and-ovation-the-best-night-of-alcacer-in-the-barca_206221_102\/"},"modified":"2026-04-16T09:45:07","modified_gmt":"2026-04-16T07:45:07","slug":"doublet-and-ovation-the-best-night-of-alcacer-in-the-barca_206221_102","status":"publish","type":"post","link":"https:\/\/www.fcbarcelonanoticias.com\/en\/players\/doublet-and-ovation-the-best-night-of-alcacer-in-the-barca_206221_102.html","title":{"rendered":"Doublet and ovation: The best night of Alc\u00e1cer in the Bar\u00e7a"},"content":{"rendered":"<h2 class=\"wp-block-heading\">Paco Alc\u00e1cer sure that it did not expect, before the party in front of the Seville, that would be headline and that besides would mark a &#8216;doublet&#8217; magistral with the FC Barcelona. The Valencian forward  destap\u00f3 like the &#8216;killer&#8217; of area that is and enamor\u00f3 to the Camp Nou<\/h2>  \r\n<div class=\"article-addons\">\r\n    <a href=\"https:\/\/www.fcbarcelonanoticias.com\/en\/calendar-fc-barcelona.html\"\r\n       target=\"_self\"\r\n       title=\"Calendar of FC Barcelona\"\r\n       class=\"blue-gredient-btn\">\r\n       \r\n        Calendar of FC Barcelona    <\/a>\r\n<\/div>   <p>Rainy night in the Camp Nou, but perfect for Paco Alc\u00e1cer that, this Saturday, <strong>achieved to reflect on the lawn his best night since you saw the colours of the FC Barcelona<\/strong>. The Valencian forward annotated two goals to the first touch to advance to the Barcelona by double game in front of the Seville, just when the team more needed him.<\/p> <p>And it is that <strong><a href=\"https:\/\/www.fcbarcelonanoticias.com\/en\/jugadores\/lionel-messi.html\">Leo Messi<\/a> and <a href=\"https:\/\/www.fcbarcelonanoticias.com\/en\/tags\/luis-suarez.html\">Luis Su\u00e1rez<\/a> were not of the all fine<\/strong> during big part of the meeting, but Paco Alc\u00e1cer appeared by surprise in the eleven headline to answer to perfection, with a &#8216;doublet&#8217; that allowed him leave some minutes after the second goal with an audible ovation of the Camp Nou, visibly appreciated by the contribution and implication of the Valencian.<\/p> <p><a href=\"https:\/\/www.fcbarcelonanoticias.com\/fc-barcelona\/paco-alcacer-responde-a-valverde-con-un-gol-importante_206217_102.html\"><strong>Paco Alc\u00e1cer annotated the first so much in the minute 23 of party<\/strong><\/a>, thanks to a desmarque perfect and thanks to a bad clear of Escudero, the one who allowed him define with a touch subtle in front of the exit of Soria to try cover spaces.<\/p> <p>In the second time, and hardly five minutes after Guido Pizarro there was empatado of head, <strong>Alc\u00e1cer achieved to bend his contribution realizadora when arriving in the just moment to a perfect centre of Ivan Rakitic<\/strong>, that finished with the tip of the boot to cancel the exit in false of Soria and advance to the contrary defender, Kjaer.<\/p> <h2>Alc\u00e1cer Wins  the opportunities<\/h2> <p>Without place to doubts, the best night for Paco Alc\u00e1cer since it is in the FC Barcelona, and proof of this is that <strong>it left  with a smile and appreciating to the public of the Camp Nou<\/strong> all the support received along the party.<\/p> <p>After this party, is clear that <strong>Alc\u00e1cer deserves more minutes of face to the future commitments of the FC Barcelona<\/strong>, and even more taking into account the bad state of form in which it finds  at present Luis Su\u00e1rez. The Bar\u00e7a, luckily has goal also from the bench.<\/p> ","protected":false},"excerpt":{"rendered":"<p>Paco Alc\u00e1cer sure that it did not expect, before the party in front of the Seville, that would be headline and that besides would mark a &#8216;doublet&#8217; magistral with the FC Barcelona. The Valencian forward destap\u00f3 like the &#8216;killer&#8217; of area that is and enamor\u00f3 to the Camp Nou Rainy night in the Camp Nou, [&hellip;]<\/p>\n","protected":false},"author":366,"featured_media":71585,"comment_status":"closed","ping_status":"open","sticky":false,"template":"","format":"standard","meta":{"_acf_changed":false,"inline_featured_image":false,"_nextfly_llmd_date_locked":false,"footnotes":""},"categories":[107,453],"tags":[179,74],"class_list":["post-71578","post","type-post","status-publish","format-standard","has-post-thumbnail","hentry","category-players","category-players-2","tag-paco-alcacer","tag-sevilla-fc"],"acf":[],"yoast_head":"<!-- This site is optimized with the Yoast SEO plugin v27.3 - https:\/\/yoast.com\/product\/yoast-seo-wordpress\/ -->\n<title>Doublet and ovation: The best night of Alc\u00e1cer in the Bar\u00e7a<\/title>\n<meta name=\"description\" content=\"Paco Alc\u00e1cer sure that it did not expect, before the party in front of the Seville, that would be headline and that besides would mark a &#039;doublet&#039; magistral with the...\" \/>\n<meta name=\"robots\" content=\"index, follow, max-snippet:-1, max-image-preview:large, max-video-preview:-1\" \/>\n<link rel=\"canonical\" href=\"https:\/\/www.fcbarcelonanoticias.com\/en\/players\/doublet-and-ovation-the-best-night-of-alcacer-in-the-barca_206221_102.html\" \/>\n<meta property=\"og:locale\" content=\"en_US\" \/>\n<meta property=\"og:type\" content=\"article\" \/>\n<meta property=\"og:title\" content=\"Doublet and ovation: The best night of Alc\u00e1cer in the Bar\u00e7a\" \/>\n<meta property=\"og:description\" content=\"Paco Alc\u00e1cer sure that it did not expect, before the party in front of the Seville, that would be headline and that besides would mark a &#039;doublet&#039; magistral with the...\" \/>\n<meta property=\"og:url\" content=\"https:\/\/www.fcbarcelonanoticias.com\/en\/players\/doublet-and-ovation-the-best-night-of-alcacer-in-the-barca_206221_102.html\" \/>\n<meta property=\"og:site_name\" content=\"EN - FC Barcelona Noticias\" \/>\n<meta property=\"article:published_time\" content=\"2017-11-04T21:19:00+00:00\" \/>\n<meta property=\"article:modified_time\" content=\"2026-04-16T07:45:07+00:00\" \/>\n<meta property=\"og:image\" content=\"https:\/\/www.fcbarcelonanoticias.com\/en\/wp-content\/uploads\/sites\/2\/2017\/11\/alcacer-232916.jpeg\" \/>\n\t<meta property=\"og:image:width\" content=\"760\" \/>\n\t<meta property=\"og:image:height\" content=\"428\" \/>\n\t<meta property=\"og:image:type\" content=\"image\/jpeg\" \/>\n<meta name=\"author\" content=\"Carlos Dom\u00ednguez\" \/>\n<meta name=\"twitter:card\" content=\"summary_large_image\" \/>\n<meta name=\"twitter:label1\" content=\"Written by\" \/>\n\t<meta name=\"twitter:data1\" content=\"Carlos Dom\u00ednguez\" \/>\n\t<meta name=\"twitter:label2\" content=\"Est. reading time\" \/>\n\t<meta name=\"twitter:data2\" content=\"2 minutes\" \/>\n<script type=\"application\/ld+json\" class=\"yoast-schema-graph\">{\"@context\":\"https:\\\/\\\/schema.org\",\"@graph\":[{\"@type\":\"Article\",\"@id\":\"https:\\\/\\\/www.fcbarcelonanoticias.com\\\/en\\\/players\\\/doublet-and-ovation-the-best-night-of-alcacer-in-the-barca_206221_102.html#article\",\"isPartOf\":{\"@id\":\"https:\\\/\\\/www.fcbarcelonanoticias.com\\\/en\\\/players\\\/doublet-and-ovation-the-best-night-of-alcacer-in-the-barca_206221_102.html\"},\"author\":{\"name\":\"Carlos Dom\u00ednguez\",\"@id\":\"https:\\\/\\\/www.fcbarcelonanoticias.com\\\/en\\\/#\\\/schema\\\/person\\\/888e29b17b79c70d1c617d8a7bc9b8c6\"},\"headline\":\"Doublet and ovation: The best night of Alc\u00e1cer in the Bar\u00e7a\",\"datePublished\":\"2017-11-04T21:19:00+00:00\",\"dateModified\":\"2026-04-16T07:45:07+00:00\",\"mainEntityOfPage\":{\"@id\":\"https:\\\/\\\/www.fcbarcelonanoticias.com\\\/en\\\/players\\\/doublet-and-ovation-the-best-night-of-alcacer-in-the-barca_206221_102.html\"},\"wordCount\":402,\"image\":{\"@id\":\"https:\\\/\\\/www.fcbarcelonanoticias.com\\\/en\\\/players\\\/doublet-and-ovation-the-best-night-of-alcacer-in-the-barca_206221_102.html#primaryimage\"},\"thumbnailUrl\":\"https:\\\/\\\/www.fcbarcelonanoticias.com\\\/en\\\/wp-content\\\/uploads\\\/sites\\\/2\\\/2017\\\/11\\\/alcacer-232916.jpeg\",\"keywords\":[\"Paco Alc\u00e1cer\",\"Sevilla FC\"],\"articleSection\":[\"Players\",\"Players\"],\"inLanguage\":\"en-US\"},{\"@type\":\"WebPage\",\"@id\":\"https:\\\/\\\/www.fcbarcelonanoticias.com\\\/en\\\/players\\\/doublet-and-ovation-the-best-night-of-alcacer-in-the-barca_206221_102.html\",\"url\":\"https:\\\/\\\/www.fcbarcelonanoticias.com\\\/en\\\/players\\\/doublet-and-ovation-the-best-night-of-alcacer-in-the-barca_206221_102.html\",\"name\":\"Doublet and ovation: The best night of Alc\u00e1cer in the Bar\u00e7a\",\"isPartOf\":{\"@id\":\"https:\\\/\\\/www.fcbarcelonanoticias.com\\\/en\\\/#website\"},\"primaryImageOfPage\":{\"@id\":\"https:\\\/\\\/www.fcbarcelonanoticias.com\\\/en\\\/players\\\/doublet-and-ovation-the-best-night-of-alcacer-in-the-barca_206221_102.html#primaryimage\"},\"image\":{\"@id\":\"https:\\\/\\\/www.fcbarcelonanoticias.com\\\/en\\\/players\\\/doublet-and-ovation-the-best-night-of-alcacer-in-the-barca_206221_102.html#primaryimage\"},\"thumbnailUrl\":\"https:\\\/\\\/www.fcbarcelonanoticias.com\\\/en\\\/wp-content\\\/uploads\\\/sites\\\/2\\\/2017\\\/11\\\/alcacer-232916.jpeg\",\"datePublished\":\"2017-11-04T21:19:00+00:00\",\"dateModified\":\"2026-04-16T07:45:07+00:00\",\"author\":{\"@id\":\"https:\\\/\\\/www.fcbarcelonanoticias.com\\\/en\\\/#\\\/schema\\\/person\\\/888e29b17b79c70d1c617d8a7bc9b8c6\"},\"description\":\"Paco Alc\u00e1cer sure that it did not expect, before the party in front of the Seville, that would be headline and that besides would mark a 'doublet' magistral with the...\",\"breadcrumb\":{\"@id\":\"https:\\\/\\\/www.fcbarcelonanoticias.com\\\/en\\\/players\\\/doublet-and-ovation-the-best-night-of-alcacer-in-the-barca_206221_102.html#breadcrumb\"},\"inLanguage\":\"en-US\",\"potentialAction\":[{\"@type\":\"ReadAction\",\"target\":[\"https:\\\/\\\/www.fcbarcelonanoticias.com\\\/en\\\/players\\\/doublet-and-ovation-the-best-night-of-alcacer-in-the-barca_206221_102.html\"]}]},{\"@type\":\"ImageObject\",\"inLanguage\":\"en-US\",\"@id\":\"https:\\\/\\\/www.fcbarcelonanoticias.com\\\/en\\\/players\\\/doublet-and-ovation-the-best-night-of-alcacer-in-the-barca_206221_102.html#primaryimage\",\"url\":\"https:\\\/\\\/www.fcbarcelonanoticias.com\\\/en\\\/wp-content\\\/uploads\\\/sites\\\/2\\\/2017\\\/11\\\/alcacer-232916.jpeg\",\"contentUrl\":\"https:\\\/\\\/www.fcbarcelonanoticias.com\\\/en\\\/wp-content\\\/uploads\\\/sites\\\/2\\\/2017\\\/11\\\/alcacer-232916.jpeg\",\"width\":760,\"height\":428},{\"@type\":\"BreadcrumbList\",\"@id\":\"https:\\\/\\\/www.fcbarcelonanoticias.com\\\/en\\\/players\\\/doublet-and-ovation-the-best-night-of-alcacer-in-the-barca_206221_102.html#breadcrumb\",\"itemListElement\":[{\"@type\":\"ListItem\",\"position\":1,\"name\":\"Portada\",\"item\":\"https:\\\/\\\/www.fcbarcelonanoticias.com\\\/en\\\/\"},{\"@type\":\"ListItem\",\"position\":2,\"name\":\"Doublet and ovation: The best night of Alc\u00e1cer in the Bar\u00e7a\"}]},{\"@type\":\"WebSite\",\"@id\":\"https:\\\/\\\/www.fcbarcelonanoticias.com\\\/en\\\/#website\",\"url\":\"https:\\\/\\\/www.fcbarcelonanoticias.com\\\/en\\\/\",\"name\":\"EN - FC Barcelona Noticias\",\"description\":\"\",\"potentialAction\":[{\"@type\":\"SearchAction\",\"target\":{\"@type\":\"EntryPoint\",\"urlTemplate\":\"https:\\\/\\\/www.fcbarcelonanoticias.com\\\/en\\\/?s={search_term_string}\"},\"query-input\":{\"@type\":\"PropertyValueSpecification\",\"valueRequired\":true,\"valueName\":\"search_term_string\"}}],\"inLanguage\":\"en-US\"},{\"@type\":\"Person\",\"@id\":\"https:\\\/\\\/www.fcbarcelonanoticias.com\\\/en\\\/#\\\/schema\\\/person\\\/888e29b17b79c70d1c617d8a7bc9b8c6\",\"name\":\"Carlos Dom\u00ednguez\",\"image\":{\"@type\":\"ImageObject\",\"inLanguage\":\"en-US\",\"@id\":\"https:\\\/\\\/secure.gravatar.com\\\/avatar\\\/?s=96&d=mm&r=g\",\"url\":\"https:\\\/\\\/secure.gravatar.com\\\/avatar\\\/?s=96&d=mm&r=g\",\"contentUrl\":\"https:\\\/\\\/secure.gravatar.com\\\/avatar\\\/?s=96&d=mm&r=g\",\"caption\":\"Carlos Dom\u00ednguez\"},\"url\":\"https:\\\/\\\/www.fcbarcelonanoticias.com\\\/en\\\/carlos-dominguez_2_115.html\"}]}<\/script>\n<!-- \/ Yoast SEO plugin. -->","yoast_head_json":{"title":"Doublet and ovation: The best night of Alc\u00e1cer in the Bar\u00e7a","description":"Paco Alc\u00e1cer sure that it did not expect, before the party in front of the Seville, that would be headline and that besides would mark a 'doublet' magistral with the...","robots":{"index":"index","follow":"follow","max-snippet":"max-snippet:-1","max-image-preview":"max-image-preview:large","max-video-preview":"max-video-preview:-1"},"canonical":"https:\/\/www.fcbarcelonanoticias.com\/en\/players\/doublet-and-ovation-the-best-night-of-alcacer-in-the-barca_206221_102.html","og_locale":"en_US","og_type":"article","og_title":"Doublet and ovation: The best night of Alc\u00e1cer in the Bar\u00e7a","og_description":"Paco Alc\u00e1cer sure that it did not expect, before the party in front of the Seville, that would be headline and that besides would mark a 'doublet' magistral with the...","og_url":"https:\/\/www.fcbarcelonanoticias.com\/en\/players\/doublet-and-ovation-the-best-night-of-alcacer-in-the-barca_206221_102.html","og_site_name":"EN - FC Barcelona Noticias","article_published_time":"2017-11-04T21:19:00+00:00","article_modified_time":"2026-04-16T07:45:07+00:00","og_image":[{"width":760,"height":428,"url":"https:\/\/www.fcbarcelonanoticias.com\/en\/wp-content\/uploads\/sites\/2\/2017\/11\/alcacer-232916.jpeg","type":"image\/jpeg"}],"author":"Carlos Dom\u00ednguez","twitter_card":"summary_large_image","twitter_misc":{"Written by":"Carlos Dom\u00ednguez","Est. reading time":"2 minutes"},"schema":{"@context":"https:\/\/schema.org","@graph":[{"@type":"Article","@id":"https:\/\/www.fcbarcelonanoticias.com\/en\/players\/doublet-and-ovation-the-best-night-of-alcacer-in-the-barca_206221_102.html#article","isPartOf":{"@id":"https:\/\/www.fcbarcelonanoticias.com\/en\/players\/doublet-and-ovation-the-best-night-of-alcacer-in-the-barca_206221_102.html"},"author":{"name":"Carlos Dom\u00ednguez","@id":"https:\/\/www.fcbarcelonanoticias.com\/en\/#\/schema\/person\/888e29b17b79c70d1c617d8a7bc9b8c6"},"headline":"Doublet and ovation: The best night of Alc\u00e1cer in the Bar\u00e7a","datePublished":"2017-11-04T21:19:00+00:00","dateModified":"2026-04-16T07:45:07+00:00","mainEntityOfPage":{"@id":"https:\/\/www.fcbarcelonanoticias.com\/en\/players\/doublet-and-ovation-the-best-night-of-alcacer-in-the-barca_206221_102.html"},"wordCount":402,"image":{"@id":"https:\/\/www.fcbarcelonanoticias.com\/en\/players\/doublet-and-ovation-the-best-night-of-alcacer-in-the-barca_206221_102.html#primaryimage"},"thumbnailUrl":"https:\/\/www.fcbarcelonanoticias.com\/en\/wp-content\/uploads\/sites\/2\/2017\/11\/alcacer-232916.jpeg","keywords":["Paco Alc\u00e1cer","Sevilla FC"],"articleSection":["Players","Players"],"inLanguage":"en-US"},{"@type":"WebPage","@id":"https:\/\/www.fcbarcelonanoticias.com\/en\/players\/doublet-and-ovation-the-best-night-of-alcacer-in-the-barca_206221_102.html","url":"https:\/\/www.fcbarcelonanoticias.com\/en\/players\/doublet-and-ovation-the-best-night-of-alcacer-in-the-barca_206221_102.html","name":"Doublet and ovation: The best night of Alc\u00e1cer in the Bar\u00e7a","isPartOf":{"@id":"https:\/\/www.fcbarcelonanoticias.com\/en\/#website"},"primaryImageOfPage":{"@id":"https:\/\/www.fcbarcelonanoticias.com\/en\/players\/doublet-and-ovation-the-best-night-of-alcacer-in-the-barca_206221_102.html#primaryimage"},"image":{"@id":"https:\/\/www.fcbarcelonanoticias.com\/en\/players\/doublet-and-ovation-the-best-night-of-alcacer-in-the-barca_206221_102.html#primaryimage"},"thumbnailUrl":"https:\/\/www.fcbarcelonanoticias.com\/en\/wp-content\/uploads\/sites\/2\/2017\/11\/alcacer-232916.jpeg","datePublished":"2017-11-04T21:19:00+00:00","dateModified":"2026-04-16T07:45:07+00:00","author":{"@id":"https:\/\/www.fcbarcelonanoticias.com\/en\/#\/schema\/person\/888e29b17b79c70d1c617d8a7bc9b8c6"},"description":"Paco Alc\u00e1cer sure that it did not expect, before the party in front of the Seville, that would be headline and that besides would mark a 'doublet' magistral with the...","breadcrumb":{"@id":"https:\/\/www.fcbarcelonanoticias.com\/en\/players\/doublet-and-ovation-the-best-night-of-alcacer-in-the-barca_206221_102.html#breadcrumb"},"inLanguage":"en-US","potentialAction":[{"@type":"ReadAction","target":["https:\/\/www.fcbarcelonanoticias.com\/en\/players\/doublet-and-ovation-the-best-night-of-alcacer-in-the-barca_206221_102.html"]}]},{"@type":"ImageObject","inLanguage":"en-US","@id":"https:\/\/www.fcbarcelonanoticias.com\/en\/players\/doublet-and-ovation-the-best-night-of-alcacer-in-the-barca_206221_102.html#primaryimage","url":"https:\/\/www.fcbarcelonanoticias.com\/en\/wp-content\/uploads\/sites\/2\/2017\/11\/alcacer-232916.jpeg","contentUrl":"https:\/\/www.fcbarcelonanoticias.com\/en\/wp-content\/uploads\/sites\/2\/2017\/11\/alcacer-232916.jpeg","width":760,"height":428},{"@type":"BreadcrumbList","@id":"https:\/\/www.fcbarcelonanoticias.com\/en\/players\/doublet-and-ovation-the-best-night-of-alcacer-in-the-barca_206221_102.html#breadcrumb","itemListElement":[{"@type":"ListItem","position":1,"name":"Portada","item":"https:\/\/www.fcbarcelonanoticias.com\/en\/"},{"@type":"ListItem","position":2,"name":"Doublet and ovation: The best night of Alc\u00e1cer in the Bar\u00e7a"}]},{"@type":"WebSite","@id":"https:\/\/www.fcbarcelonanoticias.com\/en\/#website","url":"https:\/\/www.fcbarcelonanoticias.com\/en\/","name":"EN - FC Barcelona Noticias","description":"","potentialAction":[{"@type":"SearchAction","target":{"@type":"EntryPoint","urlTemplate":"https:\/\/www.fcbarcelonanoticias.com\/en\/?s={search_term_string}"},"query-input":{"@type":"PropertyValueSpecification","valueRequired":true,"valueName":"search_term_string"}}],"inLanguage":"en-US"},{"@type":"Person","@id":"https:\/\/www.fcbarcelonanoticias.com\/en\/#\/schema\/person\/888e29b17b79c70d1c617d8a7bc9b8c6","name":"Carlos Dom\u00ednguez","image":{"@type":"ImageObject","inLanguage":"en-US","@id":"https:\/\/secure.gravatar.com\/avatar\/?s=96&d=mm&r=g","url":"https:\/\/secure.gravatar.com\/avatar\/?s=96&d=mm&r=g","contentUrl":"https:\/\/secure.gravatar.com\/avatar\/?s=96&d=mm&r=g","caption":"Carlos Dom\u00ednguez"},"url":"https:\/\/www.fcbarcelonanoticias.com\/en\/carlos-dominguez_2_115.html"}]}},"_links":{"self":[{"href":"https:\/\/www.fcbarcelonanoticias.com\/en\/wp-json\/wp\/v2\/posts\/71578","targetHints":{"allow":["GET"]}}],"collection":[{"href":"https:\/\/www.fcbarcelonanoticias.com\/en\/wp-json\/wp\/v2\/posts"}],"about":[{"href":"https:\/\/www.fcbarcelonanoticias.com\/en\/wp-json\/wp\/v2\/types\/post"}],"author":[{"embeddable":true,"href":"https:\/\/www.fcbarcelonanoticias.com\/en\/wp-json\/wp\/v2\/users\/366"}],"replies":[{"embeddable":true,"href":"https:\/\/www.fcbarcelonanoticias.com\/en\/wp-json\/wp\/v2\/comments?post=71578"}],"version-history":[{"count":2,"href":"https:\/\/www.fcbarcelonanoticias.com\/en\/wp-json\/wp\/v2\/posts\/71578\/revisions"}],"predecessor-version":[{"id":179594,"href":"https:\/\/www.fcbarcelonanoticias.com\/en\/wp-json\/wp\/v2\/posts\/71578\/revisions\/179594"}],"wp:featuredmedia":[{"embeddable":true,"href":"https:\/\/www.fcbarcelonanoticias.com\/en\/wp-json\/wp\/v2\/media\/71585"}],"wp:attachment":[{"href":"https:\/\/www.fcbarcelonanoticias.com\/en\/wp-json\/wp\/v2\/media?parent=71578"}],"wp:term":[{"taxonomy":"category","embeddable":true,"href":"https:\/\/www.fcbarcelonanoticias.com\/en\/wp-json\/wp\/v2\/categories?post=71578"},{"taxonomy":"post_tag","embeddable":true,"href":"https:\/\/www.fcbarcelonanoticias.com\/en\/wp-json\/wp\/v2\/tags?post=71578"}],"curies":[{"name":"wp","href":"https:\/\/api.w.org\/{rel}","templated":true}]}}