{"id":71689,"date":"2017-04-03T16:30:00","date_gmt":"2017-04-03T14:30:00","guid":{"rendered":"https:\/\/weisetech.dev\/fc-barcelona-noticias\/en\/enigmatic-situation-of-andres-iniesta-in-the-fc-barcelona_198538_102\/"},"modified":"2026-04-16T09:33:24","modified_gmt":"2026-04-16T07:33:24","slug":"enigmatic-situation-of-andres-iniesta-in-the-fc-barcelona_198538_102","status":"publish","type":"post","link":"https:\/\/www.fcbarcelonanoticias.com\/en\/players\/enigmatic-situation-of-andres-iniesta-in-the-fc-barcelona_198538_102.html","title":{"rendered":"Enigmatic situation of Andr\u00e9s Iniesta in the FC Barcelona"},"content":{"rendered":"<h2 class=\"wp-block-heading\">The captain of the FC Barcelona, Andr\u00e9s Iniesta, went back to be acting in front of the Granada CF in The C\u00e1rmenes and did not jump to the terrain of game until entrance the second half. Only it has played 8 parties of 29 possible in what it goes of League 2016-17<\/h2>  \r\n<div class=\"article-addons\">\r\n    <a href=\"https:\/\/www.fcbarcelonanoticias.com\/en\/calendar-fc-barcelona.html\"\r\n       target=\"_self\"\r\n       title=\"Calendar of FC Barcelona\"\r\n       class=\"blue-gredient-btn\">\r\n       \r\n        Calendar of FC Barcelona    <\/a>\r\n<\/div>   <p>The alignment of the FC Barcelona to confront  Granada this Sunday in The C\u00e1rmenes, in the day 29 of League, went back to have an unexpected surprise: <a href=\"https:\/\/www.fcbarcelonanoticias.com\/fc-barcelona\/sin-messi-ni-iniesta-el-barca-volvio-al-4-3-3-en-granada_198504_102.html\"><strong>the new absence of Andr\u00e9s Iniesta<\/strong><\/a>, to the one who the majority quinielas gave like titling indisputable, but that saw from the party the first-half and part of the second, with <strong>Andr\u00e9 Gomes and Rafinha Alc\u00e1ntara by in front his<\/strong> in the order of priorities of Luis Enrique.<\/p> <p>The captain of the FC Barcelona went back to be reserved by &#8220;Struggle&#8221;, in this occasion thinking surely in <strong>the party intersemanal against the Seville FC in the Camp Nou<\/strong>, but calls the attention increasingly the situation that crosses the captain manchego of the Barcelona, that <strong>only has been headline in 8 of the 29 parties<\/strong> that has contested the team this season 2016-17 in League.<\/p> <p>Besides, it fits to remember also a statistics of the most remarkable: <strong>Iniesta is the less used midfield player in what it goes of championship by Luis Enrique<\/strong>, hardly some 815 minutes, already was by injuries or because the trainer has wanted to reserve him.<\/p> <p><a href=\"https:\/\/www.fcbarcelonanoticias.com\/jugadores-fcbarcelona.html\"><strong>Players<\/strong><\/a> like Jeremy Mathieu, that have been lesionados more time that Iniesta, <strong>have added this season more minutes that the captain of the FC Barcelona<\/strong>. It is clear that Luis Enrique has the will to reserve to the maximum to one of the big genii of the staff blaugrana, although it will be missing to see until which point the quantity of minutes in the bench of Iniesta is or no exaggerated.<\/p> <h2>Andr\u00e9s Iniesta, increasingly reserves in the Bar\u00e7a<\/h2> <p>It is necessary to take into account, no in vain, that Iniesta has suffered this season three injuries -two in the knee and a muscular- that have forced him to remain 81 days of drop, <strong>losing 18 meetings between League and <a href=\"https:\/\/www.fcbarcelonanoticias.com\/champions-league-calendario-y-resultados.html\">Champions League<\/a><\/strong>.<\/p> <p>When it has touched him play in the last parties, besides, <strong>to Andr\u00e9s Iniesta no has been able to him  see to the best possible level<\/strong>. It could be owing to the intermittence, although the true is that it does some weeks the same player the one who confirmed that it still does not find  to the one hundred by one hundred physically, in spite of having surpassed from does time his physical problems.<\/p> <p><strong>&#8220;It could be better, find me trying add minutes and feelings<\/strong>. I expect that this week was definite, that can play calm and follow contributing things&#8221;, commented the one of Fuentealbilla. We will see if little by little it goes back to be a &#8220;intocable&#8221; in the Bar\u00e7a.<\/p> ","protected":false},"excerpt":{"rendered":"<p>The captain of the FC Barcelona, Andr\u00e9s Iniesta, went back to be acting in front of the Granada CF in The C\u00e1rmenes and did not jump to the terrain of game until entrance the second half. Only it has played 8 parties of 29 possible in what it goes of League 2016-17 The alignment of [&hellip;]<\/p>\n","protected":false},"author":366,"featured_media":71693,"comment_status":"closed","ping_status":"open","sticky":false,"template":"","format":"standard","meta":{"_acf_changed":false,"inline_featured_image":false,"_nextfly_llmd_date_locked":false,"footnotes":""},"categories":[107,453],"tags":[168,148],"class_list":["post-71689","post","type-post","status-publish","format-standard","has-post-thumbnail","hentry","category-players","category-players-2","tag-andres-iniesta","tag-luis-enrique"],"acf":[],"yoast_head":"<!-- This site is optimized with the Yoast SEO plugin v27.3 - https:\/\/yoast.com\/product\/yoast-seo-wordpress\/ -->\n<title>Enigmatic situation of Andr\u00e9s Iniesta in the FC Barcelona<\/title>\n<meta name=\"description\" content=\"The captain of the FC Barcelona, Andr\u00e9s Iniesta, went back to be acting in front of the Granada CF in The C\u00e1rmenes and did not jump to the terrain of game until...\" \/>\n<meta name=\"robots\" content=\"index, follow, max-snippet:-1, max-image-preview:large, max-video-preview:-1\" \/>\n<link rel=\"canonical\" href=\"https:\/\/www.fcbarcelonanoticias.com\/en\/players\/enigmatic-situation-of-andres-iniesta-in-the-fc-barcelona_198538_102.html\" \/>\n<meta property=\"og:locale\" content=\"en_US\" \/>\n<meta property=\"og:type\" content=\"article\" \/>\n<meta property=\"og:title\" content=\"Enigmatic situation of Andr\u00e9s Iniesta in the FC Barcelona\" \/>\n<meta property=\"og:description\" content=\"The captain of the FC Barcelona, Andr\u00e9s Iniesta, went back to be acting in front of the Granada CF in The C\u00e1rmenes and did not jump to the terrain of game until...\" \/>\n<meta property=\"og:url\" content=\"https:\/\/www.fcbarcelonanoticias.com\/en\/players\/enigmatic-situation-of-andres-iniesta-in-the-fc-barcelona_198538_102.html\" \/>\n<meta property=\"og:site_name\" content=\"EN - FC Barcelona Noticias\" \/>\n<meta property=\"article:published_time\" content=\"2017-04-03T14:30:00+00:00\" \/>\n<meta property=\"article:modified_time\" content=\"2026-04-16T07:33:24+00:00\" \/>\n<meta property=\"og:image\" content=\"https:\/\/www.fcbarcelonanoticias.com\/en\/wp-content\/uploads\/sites\/2\/2017\/04\/andres-iniesta-214424.jpeg\" \/>\n\t<meta property=\"og:image:width\" content=\"761\" \/>\n\t<meta property=\"og:image:height\" content=\"428\" \/>\n\t<meta property=\"og:image:type\" content=\"image\/jpeg\" \/>\n<meta name=\"author\" content=\"Carlos Dom\u00ednguez\" \/>\n<meta name=\"twitter:card\" content=\"summary_large_image\" \/>\n<meta name=\"twitter:label1\" content=\"Written by\" \/>\n\t<meta name=\"twitter:data1\" content=\"Carlos Dom\u00ednguez\" \/>\n\t<meta name=\"twitter:label2\" content=\"Est. reading time\" \/>\n\t<meta name=\"twitter:data2\" content=\"2 minutes\" \/>\n<script type=\"application\/ld+json\" class=\"yoast-schema-graph\">{\"@context\":\"https:\\\/\\\/schema.org\",\"@graph\":[{\"@type\":\"Article\",\"@id\":\"https:\\\/\\\/www.fcbarcelonanoticias.com\\\/en\\\/players\\\/enigmatic-situation-of-andres-iniesta-in-the-fc-barcelona_198538_102.html#article\",\"isPartOf\":{\"@id\":\"https:\\\/\\\/www.fcbarcelonanoticias.com\\\/en\\\/players\\\/enigmatic-situation-of-andres-iniesta-in-the-fc-barcelona_198538_102.html\"},\"author\":{\"name\":\"Carlos Dom\u00ednguez\",\"@id\":\"https:\\\/\\\/www.fcbarcelonanoticias.com\\\/en\\\/#\\\/schema\\\/person\\\/888e29b17b79c70d1c617d8a7bc9b8c6\"},\"headline\":\"Enigmatic situation of Andr\u00e9s Iniesta in the FC Barcelona\",\"datePublished\":\"2017-04-03T14:30:00+00:00\",\"dateModified\":\"2026-04-16T07:33:24+00:00\",\"mainEntityOfPage\":{\"@id\":\"https:\\\/\\\/www.fcbarcelonanoticias.com\\\/en\\\/players\\\/enigmatic-situation-of-andres-iniesta-in-the-fc-barcelona_198538_102.html\"},\"wordCount\":493,\"image\":{\"@id\":\"https:\\\/\\\/www.fcbarcelonanoticias.com\\\/en\\\/players\\\/enigmatic-situation-of-andres-iniesta-in-the-fc-barcelona_198538_102.html#primaryimage\"},\"thumbnailUrl\":\"https:\\\/\\\/www.fcbarcelonanoticias.com\\\/en\\\/wp-content\\\/uploads\\\/sites\\\/2\\\/2017\\\/04\\\/andres-iniesta-214424.jpeg\",\"keywords\":[\"Andr\u00e9s Iniesta\",\"Luis Enrique\"],\"articleSection\":[\"Players\",\"Players\"],\"inLanguage\":\"en-US\"},{\"@type\":\"WebPage\",\"@id\":\"https:\\\/\\\/www.fcbarcelonanoticias.com\\\/en\\\/players\\\/enigmatic-situation-of-andres-iniesta-in-the-fc-barcelona_198538_102.html\",\"url\":\"https:\\\/\\\/www.fcbarcelonanoticias.com\\\/en\\\/players\\\/enigmatic-situation-of-andres-iniesta-in-the-fc-barcelona_198538_102.html\",\"name\":\"Enigmatic situation of Andr\u00e9s Iniesta in the FC Barcelona\",\"isPartOf\":{\"@id\":\"https:\\\/\\\/www.fcbarcelonanoticias.com\\\/en\\\/#website\"},\"primaryImageOfPage\":{\"@id\":\"https:\\\/\\\/www.fcbarcelonanoticias.com\\\/en\\\/players\\\/enigmatic-situation-of-andres-iniesta-in-the-fc-barcelona_198538_102.html#primaryimage\"},\"image\":{\"@id\":\"https:\\\/\\\/www.fcbarcelonanoticias.com\\\/en\\\/players\\\/enigmatic-situation-of-andres-iniesta-in-the-fc-barcelona_198538_102.html#primaryimage\"},\"thumbnailUrl\":\"https:\\\/\\\/www.fcbarcelonanoticias.com\\\/en\\\/wp-content\\\/uploads\\\/sites\\\/2\\\/2017\\\/04\\\/andres-iniesta-214424.jpeg\",\"datePublished\":\"2017-04-03T14:30:00+00:00\",\"dateModified\":\"2026-04-16T07:33:24+00:00\",\"author\":{\"@id\":\"https:\\\/\\\/www.fcbarcelonanoticias.com\\\/en\\\/#\\\/schema\\\/person\\\/888e29b17b79c70d1c617d8a7bc9b8c6\"},\"description\":\"The captain of the FC Barcelona, Andr\u00e9s Iniesta, went back to be acting in front of the Granada CF in The C\u00e1rmenes and did not jump to the terrain of game until...\",\"breadcrumb\":{\"@id\":\"https:\\\/\\\/www.fcbarcelonanoticias.com\\\/en\\\/players\\\/enigmatic-situation-of-andres-iniesta-in-the-fc-barcelona_198538_102.html#breadcrumb\"},\"inLanguage\":\"en-US\",\"potentialAction\":[{\"@type\":\"ReadAction\",\"target\":[\"https:\\\/\\\/www.fcbarcelonanoticias.com\\\/en\\\/players\\\/enigmatic-situation-of-andres-iniesta-in-the-fc-barcelona_198538_102.html\"]}]},{\"@type\":\"ImageObject\",\"inLanguage\":\"en-US\",\"@id\":\"https:\\\/\\\/www.fcbarcelonanoticias.com\\\/en\\\/players\\\/enigmatic-situation-of-andres-iniesta-in-the-fc-barcelona_198538_102.html#primaryimage\",\"url\":\"https:\\\/\\\/www.fcbarcelonanoticias.com\\\/en\\\/wp-content\\\/uploads\\\/sites\\\/2\\\/2017\\\/04\\\/andres-iniesta-214424.jpeg\",\"contentUrl\":\"https:\\\/\\\/www.fcbarcelonanoticias.com\\\/en\\\/wp-content\\\/uploads\\\/sites\\\/2\\\/2017\\\/04\\\/andres-iniesta-214424.jpeg\",\"width\":761,\"height\":428},{\"@type\":\"BreadcrumbList\",\"@id\":\"https:\\\/\\\/www.fcbarcelonanoticias.com\\\/en\\\/players\\\/enigmatic-situation-of-andres-iniesta-in-the-fc-barcelona_198538_102.html#breadcrumb\",\"itemListElement\":[{\"@type\":\"ListItem\",\"position\":1,\"name\":\"Portada\",\"item\":\"https:\\\/\\\/www.fcbarcelonanoticias.com\\\/en\\\/\"},{\"@type\":\"ListItem\",\"position\":2,\"name\":\"Enigmatic situation of Andr\u00e9s Iniesta in the FC Barcelona\"}]},{\"@type\":\"WebSite\",\"@id\":\"https:\\\/\\\/www.fcbarcelonanoticias.com\\\/en\\\/#website\",\"url\":\"https:\\\/\\\/www.fcbarcelonanoticias.com\\\/en\\\/\",\"name\":\"EN - FC Barcelona Noticias\",\"description\":\"\",\"potentialAction\":[{\"@type\":\"SearchAction\",\"target\":{\"@type\":\"EntryPoint\",\"urlTemplate\":\"https:\\\/\\\/www.fcbarcelonanoticias.com\\\/en\\\/?s={search_term_string}\"},\"query-input\":{\"@type\":\"PropertyValueSpecification\",\"valueRequired\":true,\"valueName\":\"search_term_string\"}}],\"inLanguage\":\"en-US\"},{\"@type\":\"Person\",\"@id\":\"https:\\\/\\\/www.fcbarcelonanoticias.com\\\/en\\\/#\\\/schema\\\/person\\\/888e29b17b79c70d1c617d8a7bc9b8c6\",\"name\":\"Carlos Dom\u00ednguez\",\"image\":{\"@type\":\"ImageObject\",\"inLanguage\":\"en-US\",\"@id\":\"https:\\\/\\\/secure.gravatar.com\\\/avatar\\\/?s=96&d=mm&r=g\",\"url\":\"https:\\\/\\\/secure.gravatar.com\\\/avatar\\\/?s=96&d=mm&r=g\",\"contentUrl\":\"https:\\\/\\\/secure.gravatar.com\\\/avatar\\\/?s=96&d=mm&r=g\",\"caption\":\"Carlos Dom\u00ednguez\"},\"url\":\"https:\\\/\\\/www.fcbarcelonanoticias.com\\\/en\\\/carlos-dominguez_2_115.html\"}]}<\/script>\n<!-- \/ Yoast SEO plugin. -->","yoast_head_json":{"title":"Enigmatic situation of Andr\u00e9s Iniesta in the FC Barcelona","description":"The captain of the FC Barcelona, Andr\u00e9s Iniesta, went back to be acting in front of the Granada CF in The C\u00e1rmenes and did not jump to the terrain of game until...","robots":{"index":"index","follow":"follow","max-snippet":"max-snippet:-1","max-image-preview":"max-image-preview:large","max-video-preview":"max-video-preview:-1"},"canonical":"https:\/\/www.fcbarcelonanoticias.com\/en\/players\/enigmatic-situation-of-andres-iniesta-in-the-fc-barcelona_198538_102.html","og_locale":"en_US","og_type":"article","og_title":"Enigmatic situation of Andr\u00e9s Iniesta in the FC Barcelona","og_description":"The captain of the FC Barcelona, Andr\u00e9s Iniesta, went back to be acting in front of the Granada CF in The C\u00e1rmenes and did not jump to the terrain of game until...","og_url":"https:\/\/www.fcbarcelonanoticias.com\/en\/players\/enigmatic-situation-of-andres-iniesta-in-the-fc-barcelona_198538_102.html","og_site_name":"EN - FC Barcelona Noticias","article_published_time":"2017-04-03T14:30:00+00:00","article_modified_time":"2026-04-16T07:33:24+00:00","og_image":[{"width":761,"height":428,"url":"https:\/\/www.fcbarcelonanoticias.com\/en\/wp-content\/uploads\/sites\/2\/2017\/04\/andres-iniesta-214424.jpeg","type":"image\/jpeg"}],"author":"Carlos Dom\u00ednguez","twitter_card":"summary_large_image","twitter_misc":{"Written by":"Carlos Dom\u00ednguez","Est. reading time":"2 minutes"},"schema":{"@context":"https:\/\/schema.org","@graph":[{"@type":"Article","@id":"https:\/\/www.fcbarcelonanoticias.com\/en\/players\/enigmatic-situation-of-andres-iniesta-in-the-fc-barcelona_198538_102.html#article","isPartOf":{"@id":"https:\/\/www.fcbarcelonanoticias.com\/en\/players\/enigmatic-situation-of-andres-iniesta-in-the-fc-barcelona_198538_102.html"},"author":{"name":"Carlos Dom\u00ednguez","@id":"https:\/\/www.fcbarcelonanoticias.com\/en\/#\/schema\/person\/888e29b17b79c70d1c617d8a7bc9b8c6"},"headline":"Enigmatic situation of Andr\u00e9s Iniesta in the FC Barcelona","datePublished":"2017-04-03T14:30:00+00:00","dateModified":"2026-04-16T07:33:24+00:00","mainEntityOfPage":{"@id":"https:\/\/www.fcbarcelonanoticias.com\/en\/players\/enigmatic-situation-of-andres-iniesta-in-the-fc-barcelona_198538_102.html"},"wordCount":493,"image":{"@id":"https:\/\/www.fcbarcelonanoticias.com\/en\/players\/enigmatic-situation-of-andres-iniesta-in-the-fc-barcelona_198538_102.html#primaryimage"},"thumbnailUrl":"https:\/\/www.fcbarcelonanoticias.com\/en\/wp-content\/uploads\/sites\/2\/2017\/04\/andres-iniesta-214424.jpeg","keywords":["Andr\u00e9s Iniesta","Luis Enrique"],"articleSection":["Players","Players"],"inLanguage":"en-US"},{"@type":"WebPage","@id":"https:\/\/www.fcbarcelonanoticias.com\/en\/players\/enigmatic-situation-of-andres-iniesta-in-the-fc-barcelona_198538_102.html","url":"https:\/\/www.fcbarcelonanoticias.com\/en\/players\/enigmatic-situation-of-andres-iniesta-in-the-fc-barcelona_198538_102.html","name":"Enigmatic situation of Andr\u00e9s Iniesta in the FC Barcelona","isPartOf":{"@id":"https:\/\/www.fcbarcelonanoticias.com\/en\/#website"},"primaryImageOfPage":{"@id":"https:\/\/www.fcbarcelonanoticias.com\/en\/players\/enigmatic-situation-of-andres-iniesta-in-the-fc-barcelona_198538_102.html#primaryimage"},"image":{"@id":"https:\/\/www.fcbarcelonanoticias.com\/en\/players\/enigmatic-situation-of-andres-iniesta-in-the-fc-barcelona_198538_102.html#primaryimage"},"thumbnailUrl":"https:\/\/www.fcbarcelonanoticias.com\/en\/wp-content\/uploads\/sites\/2\/2017\/04\/andres-iniesta-214424.jpeg","datePublished":"2017-04-03T14:30:00+00:00","dateModified":"2026-04-16T07:33:24+00:00","author":{"@id":"https:\/\/www.fcbarcelonanoticias.com\/en\/#\/schema\/person\/888e29b17b79c70d1c617d8a7bc9b8c6"},"description":"The captain of the FC Barcelona, Andr\u00e9s Iniesta, went back to be acting in front of the Granada CF in The C\u00e1rmenes and did not jump to the terrain of game until...","breadcrumb":{"@id":"https:\/\/www.fcbarcelonanoticias.com\/en\/players\/enigmatic-situation-of-andres-iniesta-in-the-fc-barcelona_198538_102.html#breadcrumb"},"inLanguage":"en-US","potentialAction":[{"@type":"ReadAction","target":["https:\/\/www.fcbarcelonanoticias.com\/en\/players\/enigmatic-situation-of-andres-iniesta-in-the-fc-barcelona_198538_102.html"]}]},{"@type":"ImageObject","inLanguage":"en-US","@id":"https:\/\/www.fcbarcelonanoticias.com\/en\/players\/enigmatic-situation-of-andres-iniesta-in-the-fc-barcelona_198538_102.html#primaryimage","url":"https:\/\/www.fcbarcelonanoticias.com\/en\/wp-content\/uploads\/sites\/2\/2017\/04\/andres-iniesta-214424.jpeg","contentUrl":"https:\/\/www.fcbarcelonanoticias.com\/en\/wp-content\/uploads\/sites\/2\/2017\/04\/andres-iniesta-214424.jpeg","width":761,"height":428},{"@type":"BreadcrumbList","@id":"https:\/\/www.fcbarcelonanoticias.com\/en\/players\/enigmatic-situation-of-andres-iniesta-in-the-fc-barcelona_198538_102.html#breadcrumb","itemListElement":[{"@type":"ListItem","position":1,"name":"Portada","item":"https:\/\/www.fcbarcelonanoticias.com\/en\/"},{"@type":"ListItem","position":2,"name":"Enigmatic situation of Andr\u00e9s Iniesta in the FC Barcelona"}]},{"@type":"WebSite","@id":"https:\/\/www.fcbarcelonanoticias.com\/en\/#website","url":"https:\/\/www.fcbarcelonanoticias.com\/en\/","name":"EN - FC Barcelona Noticias","description":"","potentialAction":[{"@type":"SearchAction","target":{"@type":"EntryPoint","urlTemplate":"https:\/\/www.fcbarcelonanoticias.com\/en\/?s={search_term_string}"},"query-input":{"@type":"PropertyValueSpecification","valueRequired":true,"valueName":"search_term_string"}}],"inLanguage":"en-US"},{"@type":"Person","@id":"https:\/\/www.fcbarcelonanoticias.com\/en\/#\/schema\/person\/888e29b17b79c70d1c617d8a7bc9b8c6","name":"Carlos Dom\u00ednguez","image":{"@type":"ImageObject","inLanguage":"en-US","@id":"https:\/\/secure.gravatar.com\/avatar\/?s=96&d=mm&r=g","url":"https:\/\/secure.gravatar.com\/avatar\/?s=96&d=mm&r=g","contentUrl":"https:\/\/secure.gravatar.com\/avatar\/?s=96&d=mm&r=g","caption":"Carlos Dom\u00ednguez"},"url":"https:\/\/www.fcbarcelonanoticias.com\/en\/carlos-dominguez_2_115.html"}]}},"_links":{"self":[{"href":"https:\/\/www.fcbarcelonanoticias.com\/en\/wp-json\/wp\/v2\/posts\/71689","targetHints":{"allow":["GET"]}}],"collection":[{"href":"https:\/\/www.fcbarcelonanoticias.com\/en\/wp-json\/wp\/v2\/posts"}],"about":[{"href":"https:\/\/www.fcbarcelonanoticias.com\/en\/wp-json\/wp\/v2\/types\/post"}],"author":[{"embeddable":true,"href":"https:\/\/www.fcbarcelonanoticias.com\/en\/wp-json\/wp\/v2\/users\/366"}],"replies":[{"embeddable":true,"href":"https:\/\/www.fcbarcelonanoticias.com\/en\/wp-json\/wp\/v2\/comments?post=71689"}],"version-history":[{"count":4,"href":"https:\/\/www.fcbarcelonanoticias.com\/en\/wp-json\/wp\/v2\/posts\/71689\/revisions"}],"predecessor-version":[{"id":176522,"href":"https:\/\/www.fcbarcelonanoticias.com\/en\/wp-json\/wp\/v2\/posts\/71689\/revisions\/176522"}],"wp:featuredmedia":[{"embeddable":true,"href":"https:\/\/www.fcbarcelonanoticias.com\/en\/wp-json\/wp\/v2\/media\/71693"}],"wp:attachment":[{"href":"https:\/\/www.fcbarcelonanoticias.com\/en\/wp-json\/wp\/v2\/media?parent=71689"}],"wp:term":[{"taxonomy":"category","embeddable":true,"href":"https:\/\/www.fcbarcelonanoticias.com\/en\/wp-json\/wp\/v2\/categories?post=71689"},{"taxonomy":"post_tag","embeddable":true,"href":"https:\/\/www.fcbarcelonanoticias.com\/en\/wp-json\/wp\/v2\/tags?post=71689"}],"curies":[{"name":"wp","href":"https:\/\/api.w.org\/{rel}","templated":true}]}}