{"id":71887,"date":"2021-11-03T09:29:00","date_gmt":"2021-11-03T08:29:00","guid":{"rendered":"https:\/\/weisetech.dev\/fc-barcelona-noticias\/en\/exciting-flashes-trident-ansu-memphis-dembele-premiere_274516_102\/"},"modified":"2021-11-03T11:35:00","modified_gmt":"2021-11-03T10:35:00","slug":"exciting-flashes-trident-ansu-memphis-dembele-premiere_274516_102","status":"publish","type":"post","link":"https:\/\/www.fcbarcelonanoticias.com\/en\/players\/exciting-flashes-trident-ansu-memphis-dembele-premiere_274516_102.html","title":{"rendered":"Exciting flashes of the Ansu\/Memphis \/Demb\u00e9l\u00e9 trident at their premiere"},"content":{"rendered":"<h2 class=\"wp-block-heading\">Ansu Fati, Memphis Depay and Ousmane Demb\u00e9l\u00e9 met for the first time on the pitch this season in Kiev. The trident on which Bar\u00e7a&#8217;s attack must be based this season left good feelings and excited Barcelona fans<\/h2>  \r\n<div class=\"article-addons\">\r\n    <a href=\"https:\/\/www.fcbarcelonanoticias.com\/en\/calendar-fc-barcelona.html\"\r\n       target=\"_self\"\r\n       title=\"Calendar of FC Barcelona\"\r\n       class=\"blue-gredient-btn\">\r\n       \r\n        Calendar of FC Barcelona    <\/a>\r\n<\/div>   <p>In spite of that it was not neither much less the best party of the FC Barcelona this campaign, <strong>in Kiev the cul\u00e9s showed green shoots in several moments of the duel<\/strong>. It played with more intensity and intention and several players took a step forward in search of the victory. But in addition to this, the one of this Tuesday was the crash in which it coincided for the first time the trident of attack that has to do go up to the Bar\u00e7a a pair of stairs.<\/p>  <p><strong><a data-external=\"0\" data-intl-links-en=\"https:\/\/www.fcbarcelonanoticias.com\/en\/tags\/ansu-fati\" data-intl-links-es=\"https:\/\/www.fcbarcelonanoticias.com\/tags\/ansu-fati\" href=\"https:\/\/www.fcbarcelonanoticias.com\/en\/tags\/ansu-fati.html\" rel=\"follow\" target=\"_self\" title=\"Ansu Fati\">Ansu Fati<\/a>, Memphis Depay and <a data-external=\"0\" data-intl-links-en=\"https:\/\/www.fcbarcelonanoticias.com\/en\/tags\/dembele\" data-intl-links-es=\"https:\/\/www.fcbarcelonanoticias.com\/tags\/dembele\" href=\"https:\/\/www.fcbarcelonanoticias.com\/en\/tags\/dembele.html\" rel=\"follow\" target=\"_self\" title=\"Demb\u00e9l\u00e9\">Ousmane Demb\u00e9l\u00e9<\/a>\u200b played for the first time together<\/strong> this season against the Dynamo. The French, that carried lesionado from the past summer, debuted this campaign in this duel of Champions League and jumped to the field in the minute 65. The idea of Sergi Barjuan was to put him only a chamber of hour, but the team was very dense and &#8216;threw&#8217; of the of Vernon to revolutionise the game of the blaugrana.<\/p>  <p>As it expected , the Frenchman planted in the right band after replacing to Gavi. The canterano, very out of place all the party, did not stand out like extreme and did not contribute him verticality neither depth to the attack of his. It is therefore by what the technician took out to the ex of the Borussia Dortmund in search of more speed and desborde. A perfect decision, since <strong>his presence changed the dynamics of the meeting and did of the Bar\u00e7a a more dangerous team<\/strong>.<\/p>  <p><strong>With Ousmane by the right, Memphis of &#8216;false 9&#8217; and Ansu in the left, the Barcelona balanced <\/strong> and like this was as it arrived the necessary 0-1 that annotated the &#8217;10&#8217;. Fati Took advantage of a pass backwards of \u00d3scar Mingueza, less presionado in attack after the entrance of the &#8216;7&#8217;, and annotated of volley the so much of the victory. A golazo of the forward, that when it goes in in the area is probably the most dangerous footballer of the picture barcelonista.<\/p>  <h3>Ilusionantes Feelings of the trident<\/h3>  <p>Although the alone trident coincided during 22 minutes, since in the 87 Sergi decided to substitute to a tired Ansu by Alejandro Balde, went sufficient time for ilusionar to the barcelonismo. To the Hispanic-guinean follows him being missing speed and confidence for encarar, something that will go recovering with the step of the time, but <strong>with his smell goleador, the magic of Depay and the dribbling, the verticality and the impudence of Demb\u00e9l\u00e9, this Bar\u00e7a goes to go very seriously<\/strong>.<\/p>  <p>The French goes up two or three courses to the attack cul\u00e9 and at last gives amplitude in the right, something that to the Catalans carried them being missing all the campaign. This will free to Memphis and to Ansu, that besides will have another partner of level to the hour to combine. The three left destellos in Kiev and showed why <strong>the &#8216;AMD&#8217; could turn into the new society limited of the Barcelona from now on<\/strong>.<\/p> ","protected":false},"excerpt":{"rendered":"<p>Ansu Fati, Memphis Depay and Ousmane Demb\u00e9l\u00e9 met for the first time on the pitch this season in Kiev. The trident on which Bar\u00e7a&#8217;s attack must be based this season left good feelings and excited Barcelona fans In spite of that it was not neither much less the best party of the FC Barcelona this [&hellip;]<\/p>\n","protected":false},"author":380,"featured_media":71889,"comment_status":"closed","ping_status":"open","sticky":false,"template":"","format":"standard","meta":{"_acf_changed":false,"inline_featured_image":false,"_nextfly_llmd_date_locked":false,"footnotes":""},"categories":[107,453],"tags":[146,142],"class_list":["post-71887","post","type-post","status-publish","format-standard","has-post-thumbnail","hentry","category-players","category-players-2","tag-dembele","tag-memphis-depay"],"acf":[],"yoast_head":"<!-- This site is optimized with the Yoast SEO plugin v27.3 - https:\/\/yoast.com\/product\/yoast-seo-wordpress\/ -->\n<title>Exciting flashes of the Ansu\/Memphis \/Demb\u00e9l\u00e9 trident at their premiere<\/title>\n<meta name=\"description\" content=\"Ansu Fati, Memphis Depay and Ousmane Demb\u00e9l\u00e9 coincided for the first time in the field this season in Kiev. The trident on which has to base the attack d...\" \/>\n<meta name=\"robots\" content=\"index, follow, max-snippet:-1, max-image-preview:large, max-video-preview:-1\" \/>\n<link rel=\"canonical\" href=\"https:\/\/www.fcbarcelonanoticias.com\/en\/players\/exciting-flashes-trident-ansu-memphis-dembele-premiere_274516_102.html\" \/>\n<meta property=\"og:locale\" content=\"en_US\" \/>\n<meta property=\"og:type\" content=\"article\" \/>\n<meta property=\"og:title\" content=\"Exciting flashes of the Ansu\/Memphis \/Demb\u00e9l\u00e9 trident at their premiere\" \/>\n<meta property=\"og:description\" content=\"Ansu Fati, Memphis Depay and Ousmane Demb\u00e9l\u00e9 coincided for the first time in the field this season in Kiev. The trident on which has to base the attack d...\" \/>\n<meta property=\"og:url\" content=\"https:\/\/www.fcbarcelonanoticias.com\/en\/players\/exciting-flashes-trident-ansu-memphis-dembele-premiere_274516_102.html\" \/>\n<meta property=\"og:site_name\" content=\"EN - FC Barcelona Noticias\" \/>\n<meta property=\"article:published_time\" content=\"2021-11-03T08:29:00+00:00\" \/>\n<meta property=\"article:modified_time\" content=\"2021-11-03T10:35:00+00:00\" \/>\n<meta property=\"og:image\" content=\"https:\/\/www.fcbarcelonanoticias.com\/en\/wp-content\/uploads\/sites\/2\/2021\/11\/ansu-depay-dembele.jpeg\" \/>\n\t<meta property=\"og:image:width\" content=\"1200\" \/>\n\t<meta property=\"og:image:height\" content=\"681\" \/>\n\t<meta property=\"og:image:type\" content=\"image\/jpeg\" \/>\n<meta name=\"author\" content=\"user_4036\" \/>\n<meta name=\"twitter:card\" content=\"summary_large_image\" \/>\n<meta name=\"twitter:label1\" content=\"Written by\" \/>\n\t<meta name=\"twitter:data1\" content=\"user_4036\" \/>\n\t<meta name=\"twitter:label2\" content=\"Est. reading time\" \/>\n\t<meta name=\"twitter:data2\" content=\"3 minutes\" \/>\n<script type=\"application\/ld+json\" class=\"yoast-schema-graph\">{\"@context\":\"https:\\\/\\\/schema.org\",\"@graph\":[{\"@type\":\"Article\",\"@id\":\"https:\\\/\\\/www.fcbarcelonanoticias.com\\\/en\\\/players\\\/exciting-flashes-trident-ansu-memphis-dembele-premiere_274516_102.html#article\",\"isPartOf\":{\"@id\":\"https:\\\/\\\/www.fcbarcelonanoticias.com\\\/en\\\/players\\\/exciting-flashes-trident-ansu-memphis-dembele-premiere_274516_102.html\"},\"author\":{\"name\":\"user_4036\",\"@id\":\"https:\\\/\\\/www.fcbarcelonanoticias.com\\\/en\\\/#\\\/schema\\\/person\\\/2c11766f24f3c56715694e077889a703\"},\"headline\":\"Exciting flashes of the Ansu\\\/Memphis \\\/Demb\u00e9l\u00e9 trident at their premiere\",\"datePublished\":\"2021-11-03T08:29:00+00:00\",\"dateModified\":\"2021-11-03T10:35:00+00:00\",\"mainEntityOfPage\":{\"@id\":\"https:\\\/\\\/www.fcbarcelonanoticias.com\\\/en\\\/players\\\/exciting-flashes-trident-ansu-memphis-dembele-premiere_274516_102.html\"},\"wordCount\":551,\"image\":{\"@id\":\"https:\\\/\\\/www.fcbarcelonanoticias.com\\\/en\\\/players\\\/exciting-flashes-trident-ansu-memphis-dembele-premiere_274516_102.html#primaryimage\"},\"thumbnailUrl\":\"https:\\\/\\\/www.fcbarcelonanoticias.com\\\/en\\\/wp-content\\\/uploads\\\/sites\\\/2\\\/2021\\\/11\\\/ansu-depay-dembele.jpeg\",\"keywords\":[\"Demb\u00e9l\u00e9\",\"Memphis Depay\"],\"articleSection\":[\"Players\",\"Players\"],\"inLanguage\":\"en-US\"},{\"@type\":\"WebPage\",\"@id\":\"https:\\\/\\\/www.fcbarcelonanoticias.com\\\/en\\\/players\\\/exciting-flashes-trident-ansu-memphis-dembele-premiere_274516_102.html\",\"url\":\"https:\\\/\\\/www.fcbarcelonanoticias.com\\\/en\\\/players\\\/exciting-flashes-trident-ansu-memphis-dembele-premiere_274516_102.html\",\"name\":\"Exciting flashes of the Ansu\\\/Memphis \\\/Demb\u00e9l\u00e9 trident at their premiere\",\"isPartOf\":{\"@id\":\"https:\\\/\\\/www.fcbarcelonanoticias.com\\\/en\\\/#website\"},\"primaryImageOfPage\":{\"@id\":\"https:\\\/\\\/www.fcbarcelonanoticias.com\\\/en\\\/players\\\/exciting-flashes-trident-ansu-memphis-dembele-premiere_274516_102.html#primaryimage\"},\"image\":{\"@id\":\"https:\\\/\\\/www.fcbarcelonanoticias.com\\\/en\\\/players\\\/exciting-flashes-trident-ansu-memphis-dembele-premiere_274516_102.html#primaryimage\"},\"thumbnailUrl\":\"https:\\\/\\\/www.fcbarcelonanoticias.com\\\/en\\\/wp-content\\\/uploads\\\/sites\\\/2\\\/2021\\\/11\\\/ansu-depay-dembele.jpeg\",\"datePublished\":\"2021-11-03T08:29:00+00:00\",\"dateModified\":\"2021-11-03T10:35:00+00:00\",\"author\":{\"@id\":\"https:\\\/\\\/www.fcbarcelonanoticias.com\\\/en\\\/#\\\/schema\\\/person\\\/2c11766f24f3c56715694e077889a703\"},\"description\":\"Ansu Fati, Memphis Depay and Ousmane Demb\u00e9l\u00e9 coincided for the first time in the field this season in Kiev. The trident on which has to base the attack d...\",\"breadcrumb\":{\"@id\":\"https:\\\/\\\/www.fcbarcelonanoticias.com\\\/en\\\/players\\\/exciting-flashes-trident-ansu-memphis-dembele-premiere_274516_102.html#breadcrumb\"},\"inLanguage\":\"en-US\",\"potentialAction\":[{\"@type\":\"ReadAction\",\"target\":[\"https:\\\/\\\/www.fcbarcelonanoticias.com\\\/en\\\/players\\\/exciting-flashes-trident-ansu-memphis-dembele-premiere_274516_102.html\"]}]},{\"@type\":\"ImageObject\",\"inLanguage\":\"en-US\",\"@id\":\"https:\\\/\\\/www.fcbarcelonanoticias.com\\\/en\\\/players\\\/exciting-flashes-trident-ansu-memphis-dembele-premiere_274516_102.html#primaryimage\",\"url\":\"https:\\\/\\\/www.fcbarcelonanoticias.com\\\/en\\\/wp-content\\\/uploads\\\/sites\\\/2\\\/2021\\\/11\\\/ansu-depay-dembele.jpeg\",\"contentUrl\":\"https:\\\/\\\/www.fcbarcelonanoticias.com\\\/en\\\/wp-content\\\/uploads\\\/sites\\\/2\\\/2021\\\/11\\\/ansu-depay-dembele.jpeg\",\"width\":1200,\"height\":681},{\"@type\":\"BreadcrumbList\",\"@id\":\"https:\\\/\\\/www.fcbarcelonanoticias.com\\\/en\\\/players\\\/exciting-flashes-trident-ansu-memphis-dembele-premiere_274516_102.html#breadcrumb\",\"itemListElement\":[{\"@type\":\"ListItem\",\"position\":1,\"name\":\"Portada\",\"item\":\"https:\\\/\\\/www.fcbarcelonanoticias.com\\\/en\\\/\"},{\"@type\":\"ListItem\",\"position\":2,\"name\":\"Exciting flashes of the Ansu\\\/Memphis \\\/Demb\u00e9l\u00e9 trident at their premiere\"}]},{\"@type\":\"WebSite\",\"@id\":\"https:\\\/\\\/www.fcbarcelonanoticias.com\\\/en\\\/#website\",\"url\":\"https:\\\/\\\/www.fcbarcelonanoticias.com\\\/en\\\/\",\"name\":\"EN - FC Barcelona Noticias\",\"description\":\"\",\"potentialAction\":[{\"@type\":\"SearchAction\",\"target\":{\"@type\":\"EntryPoint\",\"urlTemplate\":\"https:\\\/\\\/www.fcbarcelonanoticias.com\\\/en\\\/?s={search_term_string}\"},\"query-input\":{\"@type\":\"PropertyValueSpecification\",\"valueRequired\":true,\"valueName\":\"search_term_string\"}}],\"inLanguage\":\"en-US\"},{\"@type\":\"Person\",\"@id\":\"https:\\\/\\\/www.fcbarcelonanoticias.com\\\/en\\\/#\\\/schema\\\/person\\\/2c11766f24f3c56715694e077889a703\",\"name\":\"user_4036\",\"image\":{\"@type\":\"ImageObject\",\"inLanguage\":\"en-US\",\"@id\":\"https:\\\/\\\/secure.gravatar.com\\\/avatar\\\/?s=96&d=mm&r=g\",\"url\":\"https:\\\/\\\/secure.gravatar.com\\\/avatar\\\/?s=96&d=mm&r=g\",\"contentUrl\":\"https:\\\/\\\/secure.gravatar.com\\\/avatar\\\/?s=96&d=mm&r=g\",\"caption\":\"user_4036\"},\"url\":\"https:\\\/\\\/www.fcbarcelonanoticias.com\\\/en\\\/user_4036.html\"}]}<\/script>\n<!-- \/ Yoast SEO plugin. -->","yoast_head_json":{"title":"Exciting flashes of the Ansu\/Memphis \/Demb\u00e9l\u00e9 trident at their premiere","description":"Ansu Fati, Memphis Depay and Ousmane Demb\u00e9l\u00e9 coincided for the first time in the field this season in Kiev. The trident on which has to base the attack d...","robots":{"index":"index","follow":"follow","max-snippet":"max-snippet:-1","max-image-preview":"max-image-preview:large","max-video-preview":"max-video-preview:-1"},"canonical":"https:\/\/www.fcbarcelonanoticias.com\/en\/players\/exciting-flashes-trident-ansu-memphis-dembele-premiere_274516_102.html","og_locale":"en_US","og_type":"article","og_title":"Exciting flashes of the Ansu\/Memphis \/Demb\u00e9l\u00e9 trident at their premiere","og_description":"Ansu Fati, Memphis Depay and Ousmane Demb\u00e9l\u00e9 coincided for the first time in the field this season in Kiev. The trident on which has to base the attack d...","og_url":"https:\/\/www.fcbarcelonanoticias.com\/en\/players\/exciting-flashes-trident-ansu-memphis-dembele-premiere_274516_102.html","og_site_name":"EN - FC Barcelona Noticias","article_published_time":"2021-11-03T08:29:00+00:00","article_modified_time":"2021-11-03T10:35:00+00:00","og_image":[{"width":1200,"height":681,"url":"https:\/\/www.fcbarcelonanoticias.com\/en\/wp-content\/uploads\/sites\/2\/2021\/11\/ansu-depay-dembele.jpeg","type":"image\/jpeg"}],"author":"user_4036","twitter_card":"summary_large_image","twitter_misc":{"Written by":"user_4036","Est. reading time":"3 minutes"},"schema":{"@context":"https:\/\/schema.org","@graph":[{"@type":"Article","@id":"https:\/\/www.fcbarcelonanoticias.com\/en\/players\/exciting-flashes-trident-ansu-memphis-dembele-premiere_274516_102.html#article","isPartOf":{"@id":"https:\/\/www.fcbarcelonanoticias.com\/en\/players\/exciting-flashes-trident-ansu-memphis-dembele-premiere_274516_102.html"},"author":{"name":"user_4036","@id":"https:\/\/www.fcbarcelonanoticias.com\/en\/#\/schema\/person\/2c11766f24f3c56715694e077889a703"},"headline":"Exciting flashes of the Ansu\/Memphis \/Demb\u00e9l\u00e9 trident at their premiere","datePublished":"2021-11-03T08:29:00+00:00","dateModified":"2021-11-03T10:35:00+00:00","mainEntityOfPage":{"@id":"https:\/\/www.fcbarcelonanoticias.com\/en\/players\/exciting-flashes-trident-ansu-memphis-dembele-premiere_274516_102.html"},"wordCount":551,"image":{"@id":"https:\/\/www.fcbarcelonanoticias.com\/en\/players\/exciting-flashes-trident-ansu-memphis-dembele-premiere_274516_102.html#primaryimage"},"thumbnailUrl":"https:\/\/www.fcbarcelonanoticias.com\/en\/wp-content\/uploads\/sites\/2\/2021\/11\/ansu-depay-dembele.jpeg","keywords":["Demb\u00e9l\u00e9","Memphis Depay"],"articleSection":["Players","Players"],"inLanguage":"en-US"},{"@type":"WebPage","@id":"https:\/\/www.fcbarcelonanoticias.com\/en\/players\/exciting-flashes-trident-ansu-memphis-dembele-premiere_274516_102.html","url":"https:\/\/www.fcbarcelonanoticias.com\/en\/players\/exciting-flashes-trident-ansu-memphis-dembele-premiere_274516_102.html","name":"Exciting flashes of the Ansu\/Memphis \/Demb\u00e9l\u00e9 trident at their premiere","isPartOf":{"@id":"https:\/\/www.fcbarcelonanoticias.com\/en\/#website"},"primaryImageOfPage":{"@id":"https:\/\/www.fcbarcelonanoticias.com\/en\/players\/exciting-flashes-trident-ansu-memphis-dembele-premiere_274516_102.html#primaryimage"},"image":{"@id":"https:\/\/www.fcbarcelonanoticias.com\/en\/players\/exciting-flashes-trident-ansu-memphis-dembele-premiere_274516_102.html#primaryimage"},"thumbnailUrl":"https:\/\/www.fcbarcelonanoticias.com\/en\/wp-content\/uploads\/sites\/2\/2021\/11\/ansu-depay-dembele.jpeg","datePublished":"2021-11-03T08:29:00+00:00","dateModified":"2021-11-03T10:35:00+00:00","author":{"@id":"https:\/\/www.fcbarcelonanoticias.com\/en\/#\/schema\/person\/2c11766f24f3c56715694e077889a703"},"description":"Ansu Fati, Memphis Depay and Ousmane Demb\u00e9l\u00e9 coincided for the first time in the field this season in Kiev. The trident on which has to base the attack d...","breadcrumb":{"@id":"https:\/\/www.fcbarcelonanoticias.com\/en\/players\/exciting-flashes-trident-ansu-memphis-dembele-premiere_274516_102.html#breadcrumb"},"inLanguage":"en-US","potentialAction":[{"@type":"ReadAction","target":["https:\/\/www.fcbarcelonanoticias.com\/en\/players\/exciting-flashes-trident-ansu-memphis-dembele-premiere_274516_102.html"]}]},{"@type":"ImageObject","inLanguage":"en-US","@id":"https:\/\/www.fcbarcelonanoticias.com\/en\/players\/exciting-flashes-trident-ansu-memphis-dembele-premiere_274516_102.html#primaryimage","url":"https:\/\/www.fcbarcelonanoticias.com\/en\/wp-content\/uploads\/sites\/2\/2021\/11\/ansu-depay-dembele.jpeg","contentUrl":"https:\/\/www.fcbarcelonanoticias.com\/en\/wp-content\/uploads\/sites\/2\/2021\/11\/ansu-depay-dembele.jpeg","width":1200,"height":681},{"@type":"BreadcrumbList","@id":"https:\/\/www.fcbarcelonanoticias.com\/en\/players\/exciting-flashes-trident-ansu-memphis-dembele-premiere_274516_102.html#breadcrumb","itemListElement":[{"@type":"ListItem","position":1,"name":"Portada","item":"https:\/\/www.fcbarcelonanoticias.com\/en\/"},{"@type":"ListItem","position":2,"name":"Exciting flashes of the Ansu\/Memphis \/Demb\u00e9l\u00e9 trident at their premiere"}]},{"@type":"WebSite","@id":"https:\/\/www.fcbarcelonanoticias.com\/en\/#website","url":"https:\/\/www.fcbarcelonanoticias.com\/en\/","name":"EN - FC Barcelona Noticias","description":"","potentialAction":[{"@type":"SearchAction","target":{"@type":"EntryPoint","urlTemplate":"https:\/\/www.fcbarcelonanoticias.com\/en\/?s={search_term_string}"},"query-input":{"@type":"PropertyValueSpecification","valueRequired":true,"valueName":"search_term_string"}}],"inLanguage":"en-US"},{"@type":"Person","@id":"https:\/\/www.fcbarcelonanoticias.com\/en\/#\/schema\/person\/2c11766f24f3c56715694e077889a703","name":"user_4036","image":{"@type":"ImageObject","inLanguage":"en-US","@id":"https:\/\/secure.gravatar.com\/avatar\/?s=96&d=mm&r=g","url":"https:\/\/secure.gravatar.com\/avatar\/?s=96&d=mm&r=g","contentUrl":"https:\/\/secure.gravatar.com\/avatar\/?s=96&d=mm&r=g","caption":"user_4036"},"url":"https:\/\/www.fcbarcelonanoticias.com\/en\/user_4036.html"}]}},"_links":{"self":[{"href":"https:\/\/www.fcbarcelonanoticias.com\/en\/wp-json\/wp\/v2\/posts\/71887","targetHints":{"allow":["GET"]}}],"collection":[{"href":"https:\/\/www.fcbarcelonanoticias.com\/en\/wp-json\/wp\/v2\/posts"}],"about":[{"href":"https:\/\/www.fcbarcelonanoticias.com\/en\/wp-json\/wp\/v2\/types\/post"}],"author":[{"embeddable":true,"href":"https:\/\/www.fcbarcelonanoticias.com\/en\/wp-json\/wp\/v2\/users\/380"}],"replies":[{"embeddable":true,"href":"https:\/\/www.fcbarcelonanoticias.com\/en\/wp-json\/wp\/v2\/comments?post=71887"}],"version-history":[{"count":1,"href":"https:\/\/www.fcbarcelonanoticias.com\/en\/wp-json\/wp\/v2\/posts\/71887\/revisions"}],"predecessor-version":[{"id":121460,"href":"https:\/\/www.fcbarcelonanoticias.com\/en\/wp-json\/wp\/v2\/posts\/71887\/revisions\/121460"}],"wp:featuredmedia":[{"embeddable":true,"href":"https:\/\/www.fcbarcelonanoticias.com\/en\/wp-json\/wp\/v2\/media\/71889"}],"wp:attachment":[{"href":"https:\/\/www.fcbarcelonanoticias.com\/en\/wp-json\/wp\/v2\/media?parent=71887"}],"wp:term":[{"taxonomy":"category","embeddable":true,"href":"https:\/\/www.fcbarcelonanoticias.com\/en\/wp-json\/wp\/v2\/categories?post=71887"},{"taxonomy":"post_tag","embeddable":true,"href":"https:\/\/www.fcbarcelonanoticias.com\/en\/wp-json\/wp\/v2\/tags?post=71887"}],"curies":[{"name":"wp","href":"https:\/\/api.w.org\/{rel}","templated":true}]}}