{"id":72169,"date":"2021-11-06T16:57:00","date_gmt":"2021-11-06T15:57:00","guid":{"rendered":"https:\/\/weisetech.dev\/fc-barcelona-noticias\/en\/goal-of-memphis-and-festival-of-the-barca-to-sack-to-sergi_274635_102\/"},"modified":"2021-11-06T18:40:00","modified_gmt":"2021-11-06T17:40:00","slug":"goal-of-memphis-and-festival-of-the-barca-to-sack-to-sergi_274635_102","status":"publish","type":"post","link":"https:\/\/www.fcbarcelonanoticias.com\/en\/players\/goal-of-memphis-and-festival-of-the-barca-to-sack-to-sergi_274635_102.html","title":{"rendered":"Goal of Memphis and festival of the Bar\u00e7a to sack to Sergi"},"content":{"rendered":"<h2 class=\"wp-block-heading\">Three goals in 34 minutes: Memphis Depay marks the so much of the goleada of the FC Barcelona in front of the Celtic of Vigo in the farewell of Sergi Barjuan<\/h2>  \r\n<div class=\"article-addons\">\r\n    <a href=\"https:\/\/www.fcbarcelonanoticias.com\/en\/calendar-fc-barcelona.html\"\r\n       target=\"_self\"\r\n       title=\"Calendar of FC Barcelona\"\r\n       class=\"blue-gredient-btn\">\r\n       \r\n        Calendar of FC Barcelona    <\/a>\r\n<\/div>   <p>Feast of the <a data-external=\"0\" data-intl-links-en=\"https:\/\/www.fcbarcelonanoticias.com\/en\/fc-barcelona\" data-intl-links-es=\"https:\/\/www.fcbarcelonanoticias.com\/fc-barcelona\" href=\"https:\/\/www.fcbarcelonanoticias.com\/en\/football-soccer\/fc-barcelona.html\" rel=\"follow\" target=\"_self\" title=\"FC Barcelona\">FC Barcelona<\/a> in Vigo! The Barcelona group shows his motivation when marking the third so much of the commitment in front of the Celtic. <strong>Memphis Depay Was the attendant to annotate the target of the goleada with a testazo <\/strong>that col\u00f3 by the second stick of the arquer\u00eda rival, the door by which have gone in the three goals cul\u00e9s.<\/p>  <p>Thanks to a precise centre of Nico Gonz\u00e1lez to the heart of the area and with a Memphis Depay very positioned, <strong>arrived the third so much of the Barcelona in front of the Celtic of Vigo<\/strong>. The Dutch forward, with the testa, addressed the round so that it confined in the inferior corner of the second stick of the rival arch.<\/p>  <p>Thanks to a precise centre of Nico Gonz\u00e1lez to the heart of the area and with a Memphis Depay very positioned, <strong>arrived the third so much of the Barcelona in front of the Celtic of Vigo<\/strong>. The Dutch forward, with the testa, addressed the round so that it confined in the inferior corner of the second stick of the rival arch.<\/p>  <blockquote class=\"twitter-tweet\"> <p dir=\"ltr\" lang=\"es\">? Arrasa The Barcelona! Depay, to the 33&#8242; of the 1T, marked the 3-0 in front of Celtic of Vigo by <a href=\"https:\/\/twitter.com\/en\/hashtag\/LaLigaEnDIRECTV?src=hash&amp;ref_src=twsrc%5Etfw\">#LaLigaEnDIRECTV<\/a>.<a href=\"https:\/\/twitter.com\/en\/hashtag\/MasFutbolEnDIRECTV?src=hash&amp;ref_src=twsrc%5Etfw\">#MasFutbolEnDIRECTV<\/a> <a href=\"https:\/\/t.co\/en\/4UeZxJQjQG\">pic.twitter.com\/4uezxjqjqg<\/a><\/p> \u2014 DIRECTV Sports (@DIRECTVSports) <a href=\"https:\/\/twitter.com\/en\/DIRECTVSports\/status\/1457013031758667777?ref_src=twsrc%5Etfw\">November 6, 2021<\/a> <\/blockquote> <p>No only it was the Barcelona testing the honeys of the redemption, but also Memphis in front of so many criticisms generated in his against during the last commitments. Signalled by not answering of face to rival arch, <strong>Depay marked this Saturday the so much of the goleada partial of the team of Sergi Barjuan.<\/strong><\/p>  <h3>Tarnished happiness<\/h3>  <p>In spite of the ecstasy that enjoyed the barcelonismo after the so many marked by the Catalan picture in the first 35 minutes, the happiness <strong>saw blurred by the drop by injury of Ansu Fati<\/strong>, that sucedi\u00f3 shortly after the so much of Memphis, afterwards that it contested a hammer that it would leave it hand manually with the goalkeeper.<\/p>  <p>&#8220;<strong>Ansu Fati Suffers an injury in the isquiotibiales of the left thigh<\/strong>. Now, it remains slope of more proofs to know the exact scope of this injury&#8221;, contemplated the official communiqu\u00e9 published by the Barcelona club to the halftime of the commitment in front of the Celtic.<\/p> ","protected":false},"excerpt":{"rendered":"<p>Three goals in 34 minutes: Memphis Depay marks the so much of the goleada of the FC Barcelona in front of the Celtic of Vigo in the farewell of Sergi Barjuan Feast of the FC Barcelona in Vigo! The Barcelona group shows his motivation when marking the third so much of the commitment in front [&hellip;]<\/p>\n","protected":false},"author":389,"featured_media":17926,"comment_status":"closed","ping_status":"open","sticky":false,"template":"","format":"standard","meta":{"_acf_changed":false,"inline_featured_image":false,"_nextfly_llmd_date_locked":false,"footnotes":""},"categories":[453,107],"tags":[71,142],"class_list":["post-72169","post","type-post","status-publish","format-standard","has-post-thumbnail","hentry","category-players-2","category-players","tag-celtic-of-vigo","tag-memphis-depay"],"acf":[],"yoast_head":"<!-- This site is optimized with the Yoast SEO plugin v27.3 - https:\/\/yoast.com\/product\/yoast-seo-wordpress\/ -->\n<title>Goal of Memphis and festival of the Bar\u00e7a to sack to Sergi<\/title>\n<meta name=\"description\" content=\"Three goals in 34 minutes: Memphis Depay marks the so much of the goleada of the FC Barcelona in front of the Celtic of Vigo in the farewell of Sergi Barjuan\" \/>\n<meta name=\"robots\" content=\"index, follow, max-snippet:-1, max-image-preview:large, max-video-preview:-1\" \/>\n<link rel=\"canonical\" href=\"https:\/\/www.fcbarcelonanoticias.com\/en\/players\/goal-of-memphis-and-festival-of-the-barca-to-sack-to-sergi_274635_102.html\" \/>\n<meta property=\"og:locale\" content=\"en_US\" \/>\n<meta property=\"og:type\" content=\"article\" \/>\n<meta property=\"og:title\" content=\"Goal of Memphis and festival of the Bar\u00e7a to sack to Sergi\" \/>\n<meta property=\"og:description\" content=\"Three goals in 34 minutes: Memphis Depay marks the so much of the goleada of the FC Barcelona in front of the Celtic of Vigo in the farewell of Sergi Barjuan\" \/>\n<meta property=\"og:url\" content=\"https:\/\/www.fcbarcelonanoticias.com\/en\/players\/goal-of-memphis-and-festival-of-the-barca-to-sack-to-sergi_274635_102.html\" \/>\n<meta property=\"og:site_name\" content=\"EN - FC Barcelona Noticias\" \/>\n<meta property=\"article:published_time\" content=\"2021-11-06T15:57:00+00:00\" \/>\n<meta property=\"article:modified_time\" content=\"2021-11-06T17:40:00+00:00\" \/>\n<meta property=\"og:image\" content=\"https:\/\/www.fcbarcelonanoticias.com\/en\/wp-content\/uploads\/sites\/2\/2021\/10\/memphis-depay-gol.jpeg\" \/>\n\t<meta property=\"og:image:width\" content=\"1200\" \/>\n\t<meta property=\"og:image:height\" content=\"681\" \/>\n\t<meta property=\"og:image:type\" content=\"image\/jpeg\" \/>\n<meta name=\"author\" content=\"user_4045\" \/>\n<meta name=\"twitter:card\" content=\"summary_large_image\" \/>\n<meta name=\"twitter:label1\" content=\"Written by\" \/>\n\t<meta name=\"twitter:data1\" content=\"user_4045\" \/>\n\t<meta name=\"twitter:label2\" content=\"Est. reading time\" \/>\n\t<meta name=\"twitter:data2\" content=\"2 minutes\" \/>\n<script type=\"application\/ld+json\" class=\"yoast-schema-graph\">{\"@context\":\"https:\\\/\\\/schema.org\",\"@graph\":[{\"@type\":\"Article\",\"@id\":\"https:\\\/\\\/www.fcbarcelonanoticias.com\\\/en\\\/players\\\/goal-of-memphis-and-festival-of-the-barca-to-sack-to-sergi_274635_102.html#article\",\"isPartOf\":{\"@id\":\"https:\\\/\\\/www.fcbarcelonanoticias.com\\\/en\\\/players\\\/goal-of-memphis-and-festival-of-the-barca-to-sack-to-sergi_274635_102.html\"},\"author\":{\"name\":\"user_4045\",\"@id\":\"https:\\\/\\\/www.fcbarcelonanoticias.com\\\/en\\\/#\\\/schema\\\/person\\\/d92b4fd95c0767df6721e45b631e4be6\"},\"headline\":\"Goal of Memphis and festival of the Bar\u00e7a to sack to Sergi\",\"datePublished\":\"2021-11-06T15:57:00+00:00\",\"dateModified\":\"2021-11-06T17:40:00+00:00\",\"mainEntityOfPage\":{\"@id\":\"https:\\\/\\\/www.fcbarcelonanoticias.com\\\/en\\\/players\\\/goal-of-memphis-and-festival-of-the-barca-to-sack-to-sergi_274635_102.html\"},\"wordCount\":424,\"image\":{\"@id\":\"https:\\\/\\\/www.fcbarcelonanoticias.com\\\/en\\\/players\\\/goal-of-memphis-and-festival-of-the-barca-to-sack-to-sergi_274635_102.html#primaryimage\"},\"thumbnailUrl\":\"https:\\\/\\\/www.fcbarcelonanoticias.com\\\/en\\\/wp-content\\\/uploads\\\/sites\\\/2\\\/2021\\\/10\\\/memphis-depay-gol.jpeg\",\"keywords\":[\"Celtic of Vigo\",\"Memphis Depay\"],\"articleSection\":[\"Players\",\"Players\"],\"inLanguage\":\"en-US\"},{\"@type\":\"WebPage\",\"@id\":\"https:\\\/\\\/www.fcbarcelonanoticias.com\\\/en\\\/players\\\/goal-of-memphis-and-festival-of-the-barca-to-sack-to-sergi_274635_102.html\",\"url\":\"https:\\\/\\\/www.fcbarcelonanoticias.com\\\/en\\\/players\\\/goal-of-memphis-and-festival-of-the-barca-to-sack-to-sergi_274635_102.html\",\"name\":\"Goal of Memphis and festival of the Bar\u00e7a to sack to Sergi\",\"isPartOf\":{\"@id\":\"https:\\\/\\\/www.fcbarcelonanoticias.com\\\/en\\\/#website\"},\"primaryImageOfPage\":{\"@id\":\"https:\\\/\\\/www.fcbarcelonanoticias.com\\\/en\\\/players\\\/goal-of-memphis-and-festival-of-the-barca-to-sack-to-sergi_274635_102.html#primaryimage\"},\"image\":{\"@id\":\"https:\\\/\\\/www.fcbarcelonanoticias.com\\\/en\\\/players\\\/goal-of-memphis-and-festival-of-the-barca-to-sack-to-sergi_274635_102.html#primaryimage\"},\"thumbnailUrl\":\"https:\\\/\\\/www.fcbarcelonanoticias.com\\\/en\\\/wp-content\\\/uploads\\\/sites\\\/2\\\/2021\\\/10\\\/memphis-depay-gol.jpeg\",\"datePublished\":\"2021-11-06T15:57:00+00:00\",\"dateModified\":\"2021-11-06T17:40:00+00:00\",\"author\":{\"@id\":\"https:\\\/\\\/www.fcbarcelonanoticias.com\\\/en\\\/#\\\/schema\\\/person\\\/d92b4fd95c0767df6721e45b631e4be6\"},\"description\":\"Three goals in 34 minutes: Memphis Depay marks the so much of the goleada of the FC Barcelona in front of the Celtic of Vigo in the farewell of Sergi Barjuan\",\"breadcrumb\":{\"@id\":\"https:\\\/\\\/www.fcbarcelonanoticias.com\\\/en\\\/players\\\/goal-of-memphis-and-festival-of-the-barca-to-sack-to-sergi_274635_102.html#breadcrumb\"},\"inLanguage\":\"en-US\",\"potentialAction\":[{\"@type\":\"ReadAction\",\"target\":[\"https:\\\/\\\/www.fcbarcelonanoticias.com\\\/en\\\/players\\\/goal-of-memphis-and-festival-of-the-barca-to-sack-to-sergi_274635_102.html\"]}]},{\"@type\":\"ImageObject\",\"inLanguage\":\"en-US\",\"@id\":\"https:\\\/\\\/www.fcbarcelonanoticias.com\\\/en\\\/players\\\/goal-of-memphis-and-festival-of-the-barca-to-sack-to-sergi_274635_102.html#primaryimage\",\"url\":\"https:\\\/\\\/www.fcbarcelonanoticias.com\\\/en\\\/wp-content\\\/uploads\\\/sites\\\/2\\\/2021\\\/10\\\/memphis-depay-gol.jpeg\",\"contentUrl\":\"https:\\\/\\\/www.fcbarcelonanoticias.com\\\/en\\\/wp-content\\\/uploads\\\/sites\\\/2\\\/2021\\\/10\\\/memphis-depay-gol.jpeg\",\"width\":1200,\"height\":681},{\"@type\":\"BreadcrumbList\",\"@id\":\"https:\\\/\\\/www.fcbarcelonanoticias.com\\\/en\\\/players\\\/goal-of-memphis-and-festival-of-the-barca-to-sack-to-sergi_274635_102.html#breadcrumb\",\"itemListElement\":[{\"@type\":\"ListItem\",\"position\":1,\"name\":\"Portada\",\"item\":\"https:\\\/\\\/www.fcbarcelonanoticias.com\\\/en\\\/\"},{\"@type\":\"ListItem\",\"position\":2,\"name\":\"Goal of Memphis and festival of the Bar\u00e7a to sack to Sergi\"}]},{\"@type\":\"WebSite\",\"@id\":\"https:\\\/\\\/www.fcbarcelonanoticias.com\\\/en\\\/#website\",\"url\":\"https:\\\/\\\/www.fcbarcelonanoticias.com\\\/en\\\/\",\"name\":\"EN - FC Barcelona Noticias\",\"description\":\"\",\"potentialAction\":[{\"@type\":\"SearchAction\",\"target\":{\"@type\":\"EntryPoint\",\"urlTemplate\":\"https:\\\/\\\/www.fcbarcelonanoticias.com\\\/en\\\/?s={search_term_string}\"},\"query-input\":{\"@type\":\"PropertyValueSpecification\",\"valueRequired\":true,\"valueName\":\"search_term_string\"}}],\"inLanguage\":\"en-US\"},{\"@type\":\"Person\",\"@id\":\"https:\\\/\\\/www.fcbarcelonanoticias.com\\\/en\\\/#\\\/schema\\\/person\\\/d92b4fd95c0767df6721e45b631e4be6\",\"name\":\"user_4045\",\"image\":{\"@type\":\"ImageObject\",\"inLanguage\":\"en-US\",\"@id\":\"https:\\\/\\\/secure.gravatar.com\\\/avatar\\\/?s=96&d=mm&r=g\",\"url\":\"https:\\\/\\\/secure.gravatar.com\\\/avatar\\\/?s=96&d=mm&r=g\",\"contentUrl\":\"https:\\\/\\\/secure.gravatar.com\\\/avatar\\\/?s=96&d=mm&r=g\",\"caption\":\"user_4045\"},\"url\":\"https:\\\/\\\/www.fcbarcelonanoticias.com\\\/en\\\/user_4045.html\"}]}<\/script>\n<!-- \/ Yoast SEO plugin. -->","yoast_head_json":{"title":"Goal of Memphis and festival of the Bar\u00e7a to sack to Sergi","description":"Three goals in 34 minutes: Memphis Depay marks the so much of the goleada of the FC Barcelona in front of the Celtic of Vigo in the farewell of Sergi Barjuan","robots":{"index":"index","follow":"follow","max-snippet":"max-snippet:-1","max-image-preview":"max-image-preview:large","max-video-preview":"max-video-preview:-1"},"canonical":"https:\/\/www.fcbarcelonanoticias.com\/en\/players\/goal-of-memphis-and-festival-of-the-barca-to-sack-to-sergi_274635_102.html","og_locale":"en_US","og_type":"article","og_title":"Goal of Memphis and festival of the Bar\u00e7a to sack to Sergi","og_description":"Three goals in 34 minutes: Memphis Depay marks the so much of the goleada of the FC Barcelona in front of the Celtic of Vigo in the farewell of Sergi Barjuan","og_url":"https:\/\/www.fcbarcelonanoticias.com\/en\/players\/goal-of-memphis-and-festival-of-the-barca-to-sack-to-sergi_274635_102.html","og_site_name":"EN - FC Barcelona Noticias","article_published_time":"2021-11-06T15:57:00+00:00","article_modified_time":"2021-11-06T17:40:00+00:00","og_image":[{"width":1200,"height":681,"url":"https:\/\/www.fcbarcelonanoticias.com\/en\/wp-content\/uploads\/sites\/2\/2021\/10\/memphis-depay-gol.jpeg","type":"image\/jpeg"}],"author":"user_4045","twitter_card":"summary_large_image","twitter_misc":{"Written by":"user_4045","Est. reading time":"2 minutes"},"schema":{"@context":"https:\/\/schema.org","@graph":[{"@type":"Article","@id":"https:\/\/www.fcbarcelonanoticias.com\/en\/players\/goal-of-memphis-and-festival-of-the-barca-to-sack-to-sergi_274635_102.html#article","isPartOf":{"@id":"https:\/\/www.fcbarcelonanoticias.com\/en\/players\/goal-of-memphis-and-festival-of-the-barca-to-sack-to-sergi_274635_102.html"},"author":{"name":"user_4045","@id":"https:\/\/www.fcbarcelonanoticias.com\/en\/#\/schema\/person\/d92b4fd95c0767df6721e45b631e4be6"},"headline":"Goal of Memphis and festival of the Bar\u00e7a to sack to Sergi","datePublished":"2021-11-06T15:57:00+00:00","dateModified":"2021-11-06T17:40:00+00:00","mainEntityOfPage":{"@id":"https:\/\/www.fcbarcelonanoticias.com\/en\/players\/goal-of-memphis-and-festival-of-the-barca-to-sack-to-sergi_274635_102.html"},"wordCount":424,"image":{"@id":"https:\/\/www.fcbarcelonanoticias.com\/en\/players\/goal-of-memphis-and-festival-of-the-barca-to-sack-to-sergi_274635_102.html#primaryimage"},"thumbnailUrl":"https:\/\/www.fcbarcelonanoticias.com\/en\/wp-content\/uploads\/sites\/2\/2021\/10\/memphis-depay-gol.jpeg","keywords":["Celtic of Vigo","Memphis Depay"],"articleSection":["Players","Players"],"inLanguage":"en-US"},{"@type":"WebPage","@id":"https:\/\/www.fcbarcelonanoticias.com\/en\/players\/goal-of-memphis-and-festival-of-the-barca-to-sack-to-sergi_274635_102.html","url":"https:\/\/www.fcbarcelonanoticias.com\/en\/players\/goal-of-memphis-and-festival-of-the-barca-to-sack-to-sergi_274635_102.html","name":"Goal of Memphis and festival of the Bar\u00e7a to sack to Sergi","isPartOf":{"@id":"https:\/\/www.fcbarcelonanoticias.com\/en\/#website"},"primaryImageOfPage":{"@id":"https:\/\/www.fcbarcelonanoticias.com\/en\/players\/goal-of-memphis-and-festival-of-the-barca-to-sack-to-sergi_274635_102.html#primaryimage"},"image":{"@id":"https:\/\/www.fcbarcelonanoticias.com\/en\/players\/goal-of-memphis-and-festival-of-the-barca-to-sack-to-sergi_274635_102.html#primaryimage"},"thumbnailUrl":"https:\/\/www.fcbarcelonanoticias.com\/en\/wp-content\/uploads\/sites\/2\/2021\/10\/memphis-depay-gol.jpeg","datePublished":"2021-11-06T15:57:00+00:00","dateModified":"2021-11-06T17:40:00+00:00","author":{"@id":"https:\/\/www.fcbarcelonanoticias.com\/en\/#\/schema\/person\/d92b4fd95c0767df6721e45b631e4be6"},"description":"Three goals in 34 minutes: Memphis Depay marks the so much of the goleada of the FC Barcelona in front of the Celtic of Vigo in the farewell of Sergi Barjuan","breadcrumb":{"@id":"https:\/\/www.fcbarcelonanoticias.com\/en\/players\/goal-of-memphis-and-festival-of-the-barca-to-sack-to-sergi_274635_102.html#breadcrumb"},"inLanguage":"en-US","potentialAction":[{"@type":"ReadAction","target":["https:\/\/www.fcbarcelonanoticias.com\/en\/players\/goal-of-memphis-and-festival-of-the-barca-to-sack-to-sergi_274635_102.html"]}]},{"@type":"ImageObject","inLanguage":"en-US","@id":"https:\/\/www.fcbarcelonanoticias.com\/en\/players\/goal-of-memphis-and-festival-of-the-barca-to-sack-to-sergi_274635_102.html#primaryimage","url":"https:\/\/www.fcbarcelonanoticias.com\/en\/wp-content\/uploads\/sites\/2\/2021\/10\/memphis-depay-gol.jpeg","contentUrl":"https:\/\/www.fcbarcelonanoticias.com\/en\/wp-content\/uploads\/sites\/2\/2021\/10\/memphis-depay-gol.jpeg","width":1200,"height":681},{"@type":"BreadcrumbList","@id":"https:\/\/www.fcbarcelonanoticias.com\/en\/players\/goal-of-memphis-and-festival-of-the-barca-to-sack-to-sergi_274635_102.html#breadcrumb","itemListElement":[{"@type":"ListItem","position":1,"name":"Portada","item":"https:\/\/www.fcbarcelonanoticias.com\/en\/"},{"@type":"ListItem","position":2,"name":"Goal of Memphis and festival of the Bar\u00e7a to sack to Sergi"}]},{"@type":"WebSite","@id":"https:\/\/www.fcbarcelonanoticias.com\/en\/#website","url":"https:\/\/www.fcbarcelonanoticias.com\/en\/","name":"EN - FC Barcelona Noticias","description":"","potentialAction":[{"@type":"SearchAction","target":{"@type":"EntryPoint","urlTemplate":"https:\/\/www.fcbarcelonanoticias.com\/en\/?s={search_term_string}"},"query-input":{"@type":"PropertyValueSpecification","valueRequired":true,"valueName":"search_term_string"}}],"inLanguage":"en-US"},{"@type":"Person","@id":"https:\/\/www.fcbarcelonanoticias.com\/en\/#\/schema\/person\/d92b4fd95c0767df6721e45b631e4be6","name":"user_4045","image":{"@type":"ImageObject","inLanguage":"en-US","@id":"https:\/\/secure.gravatar.com\/avatar\/?s=96&d=mm&r=g","url":"https:\/\/secure.gravatar.com\/avatar\/?s=96&d=mm&r=g","contentUrl":"https:\/\/secure.gravatar.com\/avatar\/?s=96&d=mm&r=g","caption":"user_4045"},"url":"https:\/\/www.fcbarcelonanoticias.com\/en\/user_4045.html"}]}},"_links":{"self":[{"href":"https:\/\/www.fcbarcelonanoticias.com\/en\/wp-json\/wp\/v2\/posts\/72169","targetHints":{"allow":["GET"]}}],"collection":[{"href":"https:\/\/www.fcbarcelonanoticias.com\/en\/wp-json\/wp\/v2\/posts"}],"about":[{"href":"https:\/\/www.fcbarcelonanoticias.com\/en\/wp-json\/wp\/v2\/types\/post"}],"author":[{"embeddable":true,"href":"https:\/\/www.fcbarcelonanoticias.com\/en\/wp-json\/wp\/v2\/users\/389"}],"replies":[{"embeddable":true,"href":"https:\/\/www.fcbarcelonanoticias.com\/en\/wp-json\/wp\/v2\/comments?post=72169"}],"version-history":[{"count":1,"href":"https:\/\/www.fcbarcelonanoticias.com\/en\/wp-json\/wp\/v2\/posts\/72169\/revisions"}],"predecessor-version":[{"id":72173,"href":"https:\/\/www.fcbarcelonanoticias.com\/en\/wp-json\/wp\/v2\/posts\/72169\/revisions\/72173"}],"wp:featuredmedia":[{"embeddable":true,"href":"https:\/\/www.fcbarcelonanoticias.com\/en\/wp-json\/wp\/v2\/media\/17926"}],"wp:attachment":[{"href":"https:\/\/www.fcbarcelonanoticias.com\/en\/wp-json\/wp\/v2\/media?parent=72169"}],"wp:term":[{"taxonomy":"category","embeddable":true,"href":"https:\/\/www.fcbarcelonanoticias.com\/en\/wp-json\/wp\/v2\/categories?post=72169"},{"taxonomy":"post_tag","embeddable":true,"href":"https:\/\/www.fcbarcelonanoticias.com\/en\/wp-json\/wp\/v2\/tags?post=72169"}],"curies":[{"name":"wp","href":"https:\/\/api.w.org\/{rel}","templated":true}]}}