{"id":72334,"date":"2023-02-02T11:01:00","date_gmt":"2023-02-02T10:01:00","guid":{"rendered":"https:\/\/weisetech.dev\/fc-barcelona-noticias\/en\/goal-sound-x-ray-raphinha-in-first-duel-barca-sin-dembele_289224_102\/"},"modified":"2023-02-02T11:01:00","modified_gmt":"2023-02-02T10:01:00","slug":"goal-sound-x-ray-raphinha-in-first-duel-barca-sin-dembele_289224_102","status":"publish","type":"post","link":"https:\/\/www.fcbarcelonanoticias.com\/en\/players\/goal-sound-x-ray-raphinha-in-first-duel-barca-sin-dembele_289224_102.html","title":{"rendered":"A goal to dream of: X-ray of Raphinha in Bar\u00e7a&#8217;s first duel without Demb\u00e9l\u00e9"},"content":{"rendered":"<h2 class=\"wp-block-heading\">Raphinha is in charge of taking over the reins of Bar\u00e7a&#8217;s right wing after the unfortunate injury to Ousmane Demb\u00e9l\u00e9. Although he was not fine at the beginning, he managed to leave his mark on the scoreboard to secure the away victory<\/h2>  \r\n<div class=\"article-addons\">\r\n    <a href=\"https:\/\/www.fcbarcelonanoticias.com\/en\/calendar-fc-barcelona.html\"\r\n       target=\"_self\"\r\n       title=\"Calendar of FC Barcelona\"\r\n       class=\"blue-gredient-btn\">\r\n       \r\n        Calendar of FC Barcelona    <\/a>\r\n<\/div>   <p>The injury of<a data-external=\"0\" data-intl-links-en=\"https:\/\/www.fcbarcelonanoticias.com\/en\/tags\/dembele\" data-intl-links-es=\"https:\/\/www.fcbarcelonanoticias.com\/tags\/dembele\" href=\"https:\/\/www.fcbarcelonanoticias.com\/en\/tags\/dembele.html\" rel=\"follow\" target=\"_self\" title=\"Demb\u00e9l\u00e9\"> Ousmane Demb\u00e9l\u00e9<\/a> means a very sensitive drop for the offensive diagram of Xavi Hern\u00e1ndez in the FC Barcelona. <strong>The French is the player more desequilibrante of the team by the right side and a constant threat in the one against one,<\/strong> what leaves to the partially unprotected club in spite of having pieces that can occupy his position.<\/p>  <p>However, <strong>the technician has given him a vote of confidence to <a data-external=\"0\" data-intl-links-en=\"https:\/\/www.fcbarcelonanoticias.com\/en\/tags\/raphinha\" data-intl-links-es=\"https:\/\/www.fcbarcelonanoticias.com\/tags\/raphinha\" href=\"https:\/\/www.fcbarcelonanoticias.com\/en\/player\/raphinha.html\" rel=\"follow\" target=\"_self\" title=\"Raphinha\">Raphinha<\/a> during the commitment in front of the Betis and has answered to perfection.<\/strong> The Brazilian situated in the band in replacement of &#8216;Dembouz&#8217; and was one of the footballers that more initiative had during the 80&#8242; minutes that contested. In fact, <strong>it went the author of the first so much of the cul\u00e9s<\/strong> that opened the tin in Benito Villamar\u00edn.<\/p>  <p>The first part of the meeting was very worked but the Bar\u00e7a kept the control of the spherical at all times, desahog\u00e1ndose with the ex Leeds United by the right and with Gavi and Alejandro Balde by the left. Nevertheless, <strong>the first feelings of the complement were not of the all good for the &#8216;canarinho&#8217;,<\/strong> since it lost a lot of balloons and did not have the capacity of desbordar to his rivals with the same efficiency that Demb\u00e9l\u00e9.<\/p>  <p>In spite of this, <strong>Xavi kept firm his bet in him and surrendered fruits to the 65&#8242; minutes of the second half,<\/strong> when a centre raso of Balde would arrive to his feet for alone have to push it and annotate the first target of the party. Although Raphinha needs to win more duels and have greater clarity in the vision of game, <strong>the true is that it did not go down the arms in any moment and the reward was worthwhile,<\/strong> so much for the as for all the technical body.<\/p>  <h3>Proof in front of the Seville<\/h3>  <p>Like this the things, will go back to do act of presence the Sunday in front of the Seville on the lawn of the Spotify Camp Nou. <strong>So much this duel like the next against the Villarreal will be proofs of fire for the attacker of face to the eliminatory of dieciseisavos of final of Europe League in front of the Manchester United,<\/strong> where will be able to be leading inside an eleven that expects to have his best arms to exception of Demb\u00e9l\u00e9. The club trusts his capacities and is to the expectation that it follow showing that the investment in him will be remunerada with numbers and results.<\/p> ","protected":false},"excerpt":{"rendered":"<p>Raphinha is in charge of taking over the reins of Bar\u00e7a&#8217;s right wing after the unfortunate injury to Ousmane Demb\u00e9l\u00e9. Although he was not fine at the beginning, he managed to leave his mark on the scoreboard to secure the away victory The injury of Ousmane Demb\u00e9l\u00e9 means a very sensitive drop for the offensive [&hellip;]<\/p>\n","protected":false},"author":0,"featured_media":28965,"comment_status":"closed","ping_status":"open","sticky":false,"template":"","format":"standard","meta":{"_acf_changed":false,"inline_featured_image":false,"_nextfly_llmd_date_locked":false,"footnotes":""},"categories":[107,453],"tags":[146,63],"class_list":["post-72334","post","type-post","status-publish","format-standard","has-post-thumbnail","hentry","category-players","category-players-2","tag-dembele","tag-real-betis"],"acf":[],"yoast_head":"<!-- This site is optimized with the Yoast SEO plugin v27.3 - https:\/\/yoast.com\/product\/yoast-seo-wordpress\/ -->\n<title>A goal to dream of: X-ray of Raphinha in Bar\u00e7a&#039;s first duel without Demb\u00e9l\u00e9<\/title>\n<meta name=\"description\" content=\"Raphinha is in charge of taking over the reins of Bar\u00e7a&#039;s right wing after the unfortunate injury to Ousmane Demb\u00e9l\u00e9. Although he was not fine at the beginning, he managed to leave his mark on the scoreboard to secure the away victory\" \/>\n<meta name=\"robots\" content=\"index, follow, max-snippet:-1, max-image-preview:large, max-video-preview:-1\" \/>\n<link rel=\"canonical\" href=\"https:\/\/www.fcbarcelonanoticias.com\/en\/players\/goal-sound-x-ray-raphinha-in-first-duel-barca-sin-dembele_289224_102.html\" \/>\n<meta property=\"og:locale\" content=\"en_US\" \/>\n<meta property=\"og:type\" content=\"article\" \/>\n<meta property=\"og:title\" content=\"A goal to dream of: X-ray of Raphinha in Bar\u00e7a&#039;s first duel without Demb\u00e9l\u00e9\" \/>\n<meta property=\"og:description\" content=\"Raphinha is in charge of taking over the reins of Bar\u00e7a&#039;s right wing after the unfortunate injury to Ousmane Demb\u00e9l\u00e9. Although he was not fine at the beginning, he managed to leave his mark on the scoreboard to secure the away victory\" \/>\n<meta property=\"og:url\" content=\"https:\/\/www.fcbarcelonanoticias.com\/en\/players\/goal-sound-x-ray-raphinha-in-first-duel-barca-sin-dembele_289224_102.html\" \/>\n<meta property=\"og:site_name\" content=\"EN - FC Barcelona Noticias\" \/>\n<meta property=\"article:published_time\" content=\"2023-02-02T10:01:00+00:00\" \/>\n<meta property=\"og:image\" content=\"https:\/\/www.fcbarcelonanoticias.com\/en\/wp-content\/uploads\/sites\/2\/2022\/02\/fbl-esp-liga-valencia-barcelona-1.jpeg\" \/>\n\t<meta property=\"og:image:width\" content=\"1200\" \/>\n\t<meta property=\"og:image:height\" content=\"744\" \/>\n\t<meta property=\"og:image:type\" content=\"image\/jpeg\" \/>\n<meta name=\"twitter:card\" content=\"summary_large_image\" \/>\n<meta name=\"twitter:label1\" content=\"Est. reading time\" \/>\n\t<meta name=\"twitter:data1\" content=\"2 minutes\" \/>\n<script type=\"application\/ld+json\" class=\"yoast-schema-graph\">{\"@context\":\"https:\\\/\\\/schema.org\",\"@graph\":[{\"@type\":\"Article\",\"@id\":\"https:\\\/\\\/www.fcbarcelonanoticias.com\\\/en\\\/players\\\/goal-sound-x-ray-raphinha-in-first-duel-barca-sin-dembele_289224_102.html#article\",\"isPartOf\":{\"@id\":\"https:\\\/\\\/www.fcbarcelonanoticias.com\\\/en\\\/players\\\/goal-sound-x-ray-raphinha-in-first-duel-barca-sin-dembele_289224_102.html\"},\"author\":{\"name\":\"\",\"@id\":\"\"},\"headline\":\"A goal to dream of: X-ray of Raphinha in Bar\u00e7a&#8217;s first duel without Demb\u00e9l\u00e9\",\"datePublished\":\"2023-02-02T10:01:00+00:00\",\"mainEntityOfPage\":{\"@id\":\"https:\\\/\\\/www.fcbarcelonanoticias.com\\\/en\\\/players\\\/goal-sound-x-ray-raphinha-in-first-duel-barca-sin-dembele_289224_102.html\"},\"wordCount\":488,\"image\":{\"@id\":\"https:\\\/\\\/www.fcbarcelonanoticias.com\\\/en\\\/players\\\/goal-sound-x-ray-raphinha-in-first-duel-barca-sin-dembele_289224_102.html#primaryimage\"},\"thumbnailUrl\":\"https:\\\/\\\/www.fcbarcelonanoticias.com\\\/en\\\/wp-content\\\/uploads\\\/sites\\\/2\\\/2022\\\/02\\\/fbl-esp-liga-valencia-barcelona-1.jpeg\",\"keywords\":[\"Demb\u00e9l\u00e9\",\"Real Betis\"],\"articleSection\":[\"Players\",\"Players\"],\"inLanguage\":\"en-US\"},{\"@type\":\"WebPage\",\"@id\":\"https:\\\/\\\/www.fcbarcelonanoticias.com\\\/en\\\/players\\\/goal-sound-x-ray-raphinha-in-first-duel-barca-sin-dembele_289224_102.html\",\"url\":\"https:\\\/\\\/www.fcbarcelonanoticias.com\\\/en\\\/players\\\/goal-sound-x-ray-raphinha-in-first-duel-barca-sin-dembele_289224_102.html\",\"name\":\"A goal to dream of: X-ray of Raphinha in Bar\u00e7a's first duel without Demb\u00e9l\u00e9\",\"isPartOf\":{\"@id\":\"https:\\\/\\\/www.fcbarcelonanoticias.com\\\/en\\\/#website\"},\"primaryImageOfPage\":{\"@id\":\"https:\\\/\\\/www.fcbarcelonanoticias.com\\\/en\\\/players\\\/goal-sound-x-ray-raphinha-in-first-duel-barca-sin-dembele_289224_102.html#primaryimage\"},\"image\":{\"@id\":\"https:\\\/\\\/www.fcbarcelonanoticias.com\\\/en\\\/players\\\/goal-sound-x-ray-raphinha-in-first-duel-barca-sin-dembele_289224_102.html#primaryimage\"},\"thumbnailUrl\":\"https:\\\/\\\/www.fcbarcelonanoticias.com\\\/en\\\/wp-content\\\/uploads\\\/sites\\\/2\\\/2022\\\/02\\\/fbl-esp-liga-valencia-barcelona-1.jpeg\",\"datePublished\":\"2023-02-02T10:01:00+00:00\",\"author\":{\"@id\":\"\"},\"description\":\"Raphinha is in charge of taking over the reins of Bar\u00e7a's right wing after the unfortunate injury to Ousmane Demb\u00e9l\u00e9. Although he was not fine at the beginning, he managed to leave his mark on the scoreboard to secure the away victory\",\"breadcrumb\":{\"@id\":\"https:\\\/\\\/www.fcbarcelonanoticias.com\\\/en\\\/players\\\/goal-sound-x-ray-raphinha-in-first-duel-barca-sin-dembele_289224_102.html#breadcrumb\"},\"inLanguage\":\"en-US\",\"potentialAction\":[{\"@type\":\"ReadAction\",\"target\":[\"https:\\\/\\\/www.fcbarcelonanoticias.com\\\/en\\\/players\\\/goal-sound-x-ray-raphinha-in-first-duel-barca-sin-dembele_289224_102.html\"]}]},{\"@type\":\"ImageObject\",\"inLanguage\":\"en-US\",\"@id\":\"https:\\\/\\\/www.fcbarcelonanoticias.com\\\/en\\\/players\\\/goal-sound-x-ray-raphinha-in-first-duel-barca-sin-dembele_289224_102.html#primaryimage\",\"url\":\"https:\\\/\\\/www.fcbarcelonanoticias.com\\\/en\\\/wp-content\\\/uploads\\\/sites\\\/2\\\/2022\\\/02\\\/fbl-esp-liga-valencia-barcelona-1.jpeg\",\"contentUrl\":\"https:\\\/\\\/www.fcbarcelonanoticias.com\\\/en\\\/wp-content\\\/uploads\\\/sites\\\/2\\\/2022\\\/02\\\/fbl-esp-liga-valencia-barcelona-1.jpeg\",\"width\":1200,\"height\":744},{\"@type\":\"BreadcrumbList\",\"@id\":\"https:\\\/\\\/www.fcbarcelonanoticias.com\\\/en\\\/players\\\/goal-sound-x-ray-raphinha-in-first-duel-barca-sin-dembele_289224_102.html#breadcrumb\",\"itemListElement\":[{\"@type\":\"ListItem\",\"position\":1,\"name\":\"Portada\",\"item\":\"https:\\\/\\\/www.fcbarcelonanoticias.com\\\/en\\\/\"},{\"@type\":\"ListItem\",\"position\":2,\"name\":\"A goal to dream of: X-ray of Raphinha in Bar\u00e7a&#8217;s first duel without Demb\u00e9l\u00e9\"}]},{\"@type\":\"WebSite\",\"@id\":\"https:\\\/\\\/www.fcbarcelonanoticias.com\\\/en\\\/#website\",\"url\":\"https:\\\/\\\/www.fcbarcelonanoticias.com\\\/en\\\/\",\"name\":\"EN - FC Barcelona Noticias\",\"description\":\"\",\"potentialAction\":[{\"@type\":\"SearchAction\",\"target\":{\"@type\":\"EntryPoint\",\"urlTemplate\":\"https:\\\/\\\/www.fcbarcelonanoticias.com\\\/en\\\/?s={search_term_string}\"},\"query-input\":{\"@type\":\"PropertyValueSpecification\",\"valueRequired\":true,\"valueName\":\"search_term_string\"}}],\"inLanguage\":\"en-US\"}]}<\/script>\n<!-- \/ Yoast SEO plugin. -->","yoast_head_json":{"title":"A goal to dream of: X-ray of Raphinha in Bar\u00e7a's first duel without Demb\u00e9l\u00e9","description":"Raphinha is in charge of taking over the reins of Bar\u00e7a's right wing after the unfortunate injury to Ousmane Demb\u00e9l\u00e9. Although he was not fine at the beginning, he managed to leave his mark on the scoreboard to secure the away victory","robots":{"index":"index","follow":"follow","max-snippet":"max-snippet:-1","max-image-preview":"max-image-preview:large","max-video-preview":"max-video-preview:-1"},"canonical":"https:\/\/www.fcbarcelonanoticias.com\/en\/players\/goal-sound-x-ray-raphinha-in-first-duel-barca-sin-dembele_289224_102.html","og_locale":"en_US","og_type":"article","og_title":"A goal to dream of: X-ray of Raphinha in Bar\u00e7a's first duel without Demb\u00e9l\u00e9","og_description":"Raphinha is in charge of taking over the reins of Bar\u00e7a's right wing after the unfortunate injury to Ousmane Demb\u00e9l\u00e9. Although he was not fine at the beginning, he managed to leave his mark on the scoreboard to secure the away victory","og_url":"https:\/\/www.fcbarcelonanoticias.com\/en\/players\/goal-sound-x-ray-raphinha-in-first-duel-barca-sin-dembele_289224_102.html","og_site_name":"EN - FC Barcelona Noticias","article_published_time":"2023-02-02T10:01:00+00:00","og_image":[{"width":1200,"height":744,"url":"https:\/\/www.fcbarcelonanoticias.com\/en\/wp-content\/uploads\/sites\/2\/2022\/02\/fbl-esp-liga-valencia-barcelona-1.jpeg","type":"image\/jpeg"}],"twitter_card":"summary_large_image","twitter_misc":{"Est. reading time":"2 minutes"},"schema":{"@context":"https:\/\/schema.org","@graph":[{"@type":"Article","@id":"https:\/\/www.fcbarcelonanoticias.com\/en\/players\/goal-sound-x-ray-raphinha-in-first-duel-barca-sin-dembele_289224_102.html#article","isPartOf":{"@id":"https:\/\/www.fcbarcelonanoticias.com\/en\/players\/goal-sound-x-ray-raphinha-in-first-duel-barca-sin-dembele_289224_102.html"},"author":{"name":"","@id":""},"headline":"A goal to dream of: X-ray of Raphinha in Bar\u00e7a&#8217;s first duel without Demb\u00e9l\u00e9","datePublished":"2023-02-02T10:01:00+00:00","mainEntityOfPage":{"@id":"https:\/\/www.fcbarcelonanoticias.com\/en\/players\/goal-sound-x-ray-raphinha-in-first-duel-barca-sin-dembele_289224_102.html"},"wordCount":488,"image":{"@id":"https:\/\/www.fcbarcelonanoticias.com\/en\/players\/goal-sound-x-ray-raphinha-in-first-duel-barca-sin-dembele_289224_102.html#primaryimage"},"thumbnailUrl":"https:\/\/www.fcbarcelonanoticias.com\/en\/wp-content\/uploads\/sites\/2\/2022\/02\/fbl-esp-liga-valencia-barcelona-1.jpeg","keywords":["Demb\u00e9l\u00e9","Real Betis"],"articleSection":["Players","Players"],"inLanguage":"en-US"},{"@type":"WebPage","@id":"https:\/\/www.fcbarcelonanoticias.com\/en\/players\/goal-sound-x-ray-raphinha-in-first-duel-barca-sin-dembele_289224_102.html","url":"https:\/\/www.fcbarcelonanoticias.com\/en\/players\/goal-sound-x-ray-raphinha-in-first-duel-barca-sin-dembele_289224_102.html","name":"A goal to dream of: X-ray of Raphinha in Bar\u00e7a's first duel without Demb\u00e9l\u00e9","isPartOf":{"@id":"https:\/\/www.fcbarcelonanoticias.com\/en\/#website"},"primaryImageOfPage":{"@id":"https:\/\/www.fcbarcelonanoticias.com\/en\/players\/goal-sound-x-ray-raphinha-in-first-duel-barca-sin-dembele_289224_102.html#primaryimage"},"image":{"@id":"https:\/\/www.fcbarcelonanoticias.com\/en\/players\/goal-sound-x-ray-raphinha-in-first-duel-barca-sin-dembele_289224_102.html#primaryimage"},"thumbnailUrl":"https:\/\/www.fcbarcelonanoticias.com\/en\/wp-content\/uploads\/sites\/2\/2022\/02\/fbl-esp-liga-valencia-barcelona-1.jpeg","datePublished":"2023-02-02T10:01:00+00:00","author":{"@id":""},"description":"Raphinha is in charge of taking over the reins of Bar\u00e7a's right wing after the unfortunate injury to Ousmane Demb\u00e9l\u00e9. Although he was not fine at the beginning, he managed to leave his mark on the scoreboard to secure the away victory","breadcrumb":{"@id":"https:\/\/www.fcbarcelonanoticias.com\/en\/players\/goal-sound-x-ray-raphinha-in-first-duel-barca-sin-dembele_289224_102.html#breadcrumb"},"inLanguage":"en-US","potentialAction":[{"@type":"ReadAction","target":["https:\/\/www.fcbarcelonanoticias.com\/en\/players\/goal-sound-x-ray-raphinha-in-first-duel-barca-sin-dembele_289224_102.html"]}]},{"@type":"ImageObject","inLanguage":"en-US","@id":"https:\/\/www.fcbarcelonanoticias.com\/en\/players\/goal-sound-x-ray-raphinha-in-first-duel-barca-sin-dembele_289224_102.html#primaryimage","url":"https:\/\/www.fcbarcelonanoticias.com\/en\/wp-content\/uploads\/sites\/2\/2022\/02\/fbl-esp-liga-valencia-barcelona-1.jpeg","contentUrl":"https:\/\/www.fcbarcelonanoticias.com\/en\/wp-content\/uploads\/sites\/2\/2022\/02\/fbl-esp-liga-valencia-barcelona-1.jpeg","width":1200,"height":744},{"@type":"BreadcrumbList","@id":"https:\/\/www.fcbarcelonanoticias.com\/en\/players\/goal-sound-x-ray-raphinha-in-first-duel-barca-sin-dembele_289224_102.html#breadcrumb","itemListElement":[{"@type":"ListItem","position":1,"name":"Portada","item":"https:\/\/www.fcbarcelonanoticias.com\/en\/"},{"@type":"ListItem","position":2,"name":"A goal to dream of: X-ray of Raphinha in Bar\u00e7a&#8217;s first duel without Demb\u00e9l\u00e9"}]},{"@type":"WebSite","@id":"https:\/\/www.fcbarcelonanoticias.com\/en\/#website","url":"https:\/\/www.fcbarcelonanoticias.com\/en\/","name":"EN - FC Barcelona Noticias","description":"","potentialAction":[{"@type":"SearchAction","target":{"@type":"EntryPoint","urlTemplate":"https:\/\/www.fcbarcelonanoticias.com\/en\/?s={search_term_string}"},"query-input":{"@type":"PropertyValueSpecification","valueRequired":true,"valueName":"search_term_string"}}],"inLanguage":"en-US"}]}},"_links":{"self":[{"href":"https:\/\/www.fcbarcelonanoticias.com\/en\/wp-json\/wp\/v2\/posts\/72334","targetHints":{"allow":["GET"]}}],"collection":[{"href":"https:\/\/www.fcbarcelonanoticias.com\/en\/wp-json\/wp\/v2\/posts"}],"about":[{"href":"https:\/\/www.fcbarcelonanoticias.com\/en\/wp-json\/wp\/v2\/types\/post"}],"replies":[{"embeddable":true,"href":"https:\/\/www.fcbarcelonanoticias.com\/en\/wp-json\/wp\/v2\/comments?post=72334"}],"version-history":[{"count":1,"href":"https:\/\/www.fcbarcelonanoticias.com\/en\/wp-json\/wp\/v2\/posts\/72334\/revisions"}],"predecessor-version":[{"id":119502,"href":"https:\/\/www.fcbarcelonanoticias.com\/en\/wp-json\/wp\/v2\/posts\/72334\/revisions\/119502"}],"wp:featuredmedia":[{"embeddable":true,"href":"https:\/\/www.fcbarcelonanoticias.com\/en\/wp-json\/wp\/v2\/media\/28965"}],"wp:attachment":[{"href":"https:\/\/www.fcbarcelonanoticias.com\/en\/wp-json\/wp\/v2\/media?parent=72334"}],"wp:term":[{"taxonomy":"category","embeddable":true,"href":"https:\/\/www.fcbarcelonanoticias.com\/en\/wp-json\/wp\/v2\/categories?post=72334"},{"taxonomy":"post_tag","embeddable":true,"href":"https:\/\/www.fcbarcelonanoticias.com\/en\/wp-json\/wp\/v2\/tags?post=72334"}],"curies":[{"name":"wp","href":"https:\/\/api.w.org\/{rel}","templated":true}]}}